{"id":2880,"date":"2015-11-15T19:59:17","date_gmt":"2015-11-15T19:59:17","guid":{"rendered":"http:\/\/50.22.11.12\/~grietaor\/?p=2880"},"modified":"2019-01-19T12:04:35","modified_gmt":"2019-01-19T18:04:35","slug":"evaluacion-magisterial-y-protestas-en-zacatecas","status":"publish","type":"post","link":"http:\/\/www.grieta.org.mx\/index.php\/2015\/11\/15\/evaluacion-magisterial-y-protestas-en-zacatecas\/","title":{"rendered":"Evaluaci\u00f3n magisterial y protestas en Zacatecas"},"content":{"rendered":"<p>El Sol de Zacatecas<br \/>\n15 de noviembre de 2015<\/p>\n<p>Hayde\u00e9 Santill\u00e1n<\/p>\n<p>    Zacatecas, Zacatecas.- Pese a efectuarse movilizaciones por una parte del magisterio zacatecano en contra de la evaluaci\u00f3n de permanencia a los docentes que fueron convocados para presentar examen durante el fin de semana, no lograron impedir que \u00e9sta se llevara a cabo.<\/p>\n<p>    A primera hora del s\u00e1bado arribaron docentes a las cuatro sedes que fueron instaladas en la entidad, dos de ellas en Fresnillo, una m\u00e1s en Jerez y otra en Guadalupe.<\/p>\n<p>    El objetivo era evitar que los maestros convocados accedieran a las aulas para ser evaluados, como muestra de rechazo a la Reforma Educativa en donde se estipula que los docentes deben ser evaluados para su permanencia y nuevo ingreso.<\/p>\n<p>    En las sedes ubicadas en Fresnillo, en cuyos turnos de evaluaci\u00f3n fueron matutino y vespertino, s\u00f3lo pudieron ingresar a las aulas cerca de 50 docentes de los convocados en dichos espacios.<\/p>\n<p>    En el caso de Jerez, seg\u00fan declar\u00f3 Marcelino Rodarte, integrante del Movimiento Zacatecano Democr\u00e1tico Magisterial, ning\u00fan docente logr\u00f3 ingresar a las aulas para llevar a cabo la pol\u00e9mica evaluaci\u00f3n.<\/p>\n<p>    En el caso de la Universidad Tecnol\u00f3gica de Zacatecas, en ambos turnos solamente se tiene el registro de que 40 profesores pudieron presentar su evaluaci\u00f3n.<\/p>\n<p>    Explic\u00f3 Marcelino Rodarte que las movilizaciones continuar\u00e1n este domingo y tambi\u00e9n el fin de semana pr\u00f3ximo, fecha en que otro grupo m\u00e1s de docentes han sido convocados para ser evaluados.<\/p>\n<p>    Exhorta a los maestros para que se informen, pierdan el miedo y se unan a las movilizaciones que se realizar\u00e1n en defensa de la educaci\u00f3n p\u00fablica, seg\u00fan lo explic\u00f3.<\/p>\n<p>    EMPUJONES Y GRITOS<\/p>\n<p>    Entre empujones, gritos, impotencia y enfrentamiento que poco falt\u00f3 para que llegara a los golpes, por parte de un grupo de antimotines y docentes, dio inicio la evaluaci\u00f3n al desempe\u00f1o docente, programa para este fin de semana.<\/p>\n<p>    La sede, que fue en la Universidad Tecnol\u00f3gica del Estado de Zacatecas (Utzac), en donde a primera hora del s\u00e1bado maestros disidentes confirmaron un cerco humano para evitar el acceso de los 577 convocados, quienes ser\u00edan evaluados, pero a la par tambi\u00e9n hab\u00eda un grupo de antimotines quienes seg\u00fan, testimonio de los docentes, ten\u00edan como fin evitar cualquier tipo de manifestaci\u00f3n que pudiera evitar la evaluaci\u00f3n.<\/p>\n<p>    Explicaron que las medidas de presi\u00f3n, por parte de las autoridades, en contra de la defensa de los derechos de los docentes adquiridos a lo largo del tiempo se demostr\u00f3 una vez m\u00e1s durante este proceso, ya que un total de 300 docentes se manifestaron y poco falt\u00f3 que estuviera un polic\u00eda por cada uno de ellos ah\u00ed presentes.<\/p>\n<p>    Comentaron que tras ser empujados por los antimotines se dio la detenci\u00f3n de manera arbitraria de uno de los integrantes de la movilizaci\u00f3n, de nombre Luis Fernando R\u00edos Gonz\u00e1lez, lo que provoc\u00f3 la reacci\u00f3n de los docentes, por lo que minutos m\u00e1s tarde fue liberado.<\/p>\n<p>    Las movilizaciones por parte de los inconformes fueron en varias sedes en donde ser\u00eda realizada la evaluaci\u00f3n, c\u00f3mo el caso de Jerez, Fresnillo y Zacatecas.<\/p>\n<p>    Estimaron los docentes que las movilizaciones continuar\u00e1n a\u00fan y cuando las autoridades realicen operativos para amedrentarlos, seg\u00fan dijeron.<\/p>\n<p>    La evaluaci\u00f3n se llev\u00f3 a cabo pero sin que los docentes convocados accedieran a las aulas en su totalidad.<\/p>\n<p><a href=\"http:\/\/www.oem.com.mx\/elsoldezacatecas\/notas\/n4003403.htm\" target=\"_blank\">     www.oem.com.mx\/elsoldezacatecas\/notas\/n4003403.htm<\/a><\/p>\n","protected":false},"excerpt":{"rendered":"<p>El Sol de Zacatecas 15 de noviembre de 2015 Hayde\u00e9 Santill\u00e1n Zacatecas, Zacatecas.- Pese a efectuarse movilizaciones por una parte del magisterio zacatecano en contra de la evaluaci\u00f3n de permanencia &hellip; <a href=\"http:\/\/www.grieta.org.mx\/index.php\/2015\/11\/15\/evaluacion-magisterial-y-protestas-en-zacatecas\/\" class=\"more-link\">Leer m\u00e1s<\/a><\/p>\n","protected":false},"author":2,"featured_media":21928,"comment_status":"closed","ping_status":"open","sticky":false,"template":"","format":"standard","meta":{"ngg_post_thumbnail":0,"_jetpack_newsletter_access":"","_jetpack_dont_email_post_to_subs":false,"_jetpack_newsletter_tier_id":0,"_jetpack_memberships_contains_paywalled_content":false,"_jetpack_memberships_contains_paid_content":false,"footnotes":""},"categories":[80,910,1109,1969,2,83,76],"tags":[107,135],"class_list":["post-2880","post","type-post","status-publish","format-standard","has-post-thumbnail","hentry","category-cintillo","category-explotacion-y-precariedad-laboral","category-explotacion-y-precariedad-laboral-zacatecas","category-movilizaciones-contra-la-reforma-educativa-en-zacatecas","category-noticias-nacionales","category-temas-nacionales","category-zacatecas","tag-educacion","tag-reforma-educativa","entry"],"jetpack_featured_media_url":"http:\/\/www.grieta.org.mx\/wp-content\/uploads\/2018\/03\/14524434_1106112876131411_958039263622046936_o.jpg","jetpack_sharing_enabled":true,"jetpack_shortlink":"https:\/\/wp.me\/p7ZJR4-Ks","jetpack_likes_enabled":false,"jetpack-related-posts":[{"id":18837,"url":"http:\/\/www.grieta.org.mx\/index.php\/2016\/08\/02\/policia-de-zacatecas-repliega-marcha-de-la-cnte\/","url_meta":{"origin":2880,"position":0},"title":"Polic\u00eda de Zacatecas repliega marcha de la CNTE","author":"grieta","date":"2 agosto, 2016","format":false,"excerpt":"Alfredo Valadez Rodr\u00edguez, corresponsal | martes, 02 ago 2016 Zacatecas, Zac. Un peque\u00f1o grupo de maestros disidentes fueron replegados a golpes, toletazos y con aparatos de toques el\u00e9ctricos por decenas de agentes de la Polic\u00eda Estatal Preventiva, corporaci\u00f3n que resguard\u00f3 este martes el Palacio de Convenciones, en donde, ante m\u00e1s\u2026","rel":"","context":"En &quot;CINTILLO&quot;","block_context":{"text":"CINTILLO","link":"http:\/\/www.grieta.org.mx\/index.php\/category\/cintillo\/"},"img":{"alt_text":"","src":"https:\/\/i0.wp.com\/www.grieta.org.mx\/wp-content\/uploads\/2018\/03\/14524434_1106112876131411_958039263622046936_o.jpg?resize=350%2C200","width":350,"height":200,"srcset":"https:\/\/i0.wp.com\/www.grieta.org.mx\/wp-content\/uploads\/2018\/03\/14524434_1106112876131411_958039263622046936_o.jpg?resize=350%2C200 1x, https:\/\/i0.wp.com\/www.grieta.org.mx\/wp-content\/uploads\/2018\/03\/14524434_1106112876131411_958039263622046936_o.jpg?resize=525%2C300 1.5x, https:\/\/i0.wp.com\/www.grieta.org.mx\/wp-content\/uploads\/2018\/03\/14524434_1106112876131411_958039263622046936_o.jpg?resize=700%2C400 2x"},"classes":[]},{"id":13879,"url":"http:\/\/www.grieta.org.mx\/index.php\/2016\/06\/03\/maestros-queman-propaganda-electoral-del-pri-en-zacatecas\/","url_meta":{"origin":2880,"position":1},"title":"Maestros queman propaganda electoral del PRI en Zacatecas","author":"grieta","date":"3 junio, 2016","format":false,"excerpt":"Hayde\u00e9 Santill\u00e1n Zacatecas, Zac.- Integrantes del Movimiento Democr\u00e1tico Magisterial de Zacatecas (MDMZ), quemaron propaganda electoral del Partido Revolucionario Institucional (PRI), en se\u00f1al de rechazo al gobierno y a la Reforma Educativa, la cual han denominado \"punitiva\", estas acciones se realizaron en la explanada de la Secretar\u00eda de Educaci\u00f3n en el\u2026","rel":"","context":"En &quot;CINTILLO&quot;","block_context":{"text":"CINTILLO","link":"http:\/\/www.grieta.org.mx\/index.php\/category\/cintillo\/"},"img":{"alt_text":"","src":"https:\/\/i0.wp.com\/www.grieta.org.mx\/wp-content\/uploads\/2018\/03\/14524434_1106112876131411_958039263622046936_o.jpg?resize=350%2C200","width":350,"height":200,"srcset":"https:\/\/i0.wp.com\/www.grieta.org.mx\/wp-content\/uploads\/2018\/03\/14524434_1106112876131411_958039263622046936_o.jpg?resize=350%2C200 1x, https:\/\/i0.wp.com\/www.grieta.org.mx\/wp-content\/uploads\/2018\/03\/14524434_1106112876131411_958039263622046936_o.jpg?resize=525%2C300 1.5x, https:\/\/i0.wp.com\/www.grieta.org.mx\/wp-content\/uploads\/2018\/03\/14524434_1106112876131411_958039263622046936_o.jpg?resize=700%2C400 2x"},"classes":[]},{"id":15956,"url":"http:\/\/www.grieta.org.mx\/index.php\/2016\/07\/04\/reiteran-maestros-ojocalentenses-rechazo-a-reforma\/","url_meta":{"origin":2880,"position":2},"title":"Reiteran maestros ojocalentenses rechazo a reforma","author":"grieta","date":"4 julio, 2016","format":false,"excerpt":"Lunes, 4 de julio de 2016 STAFF | NTRZACATECAS.COM Ojocaliente. Un grupo de docentes de educaci\u00f3n media superior y superior marcharon este domingo al medio d\u00eda para reiterar su rechazo a la reforma educativa. El punto de reuni\u00f3n fue nuevamente las inmediaciones de la Casa Blanca y posteriormente caminaron por\u2026","rel":"","context":"En &quot;CINTILLO&quot;","block_context":{"text":"CINTILLO","link":"http:\/\/www.grieta.org.mx\/index.php\/category\/cintillo\/"},"img":{"alt_text":"","src":"https:\/\/i0.wp.com\/www.grieta.org.mx\/wp-content\/uploads\/2018\/03\/14524434_1106112876131411_958039263622046936_o.jpg?resize=350%2C200","width":350,"height":200,"srcset":"https:\/\/i0.wp.com\/www.grieta.org.mx\/wp-content\/uploads\/2018\/03\/14524434_1106112876131411_958039263622046936_o.jpg?resize=350%2C200 1x, https:\/\/i0.wp.com\/www.grieta.org.mx\/wp-content\/uploads\/2018\/03\/14524434_1106112876131411_958039263622046936_o.jpg?resize=525%2C300 1.5x, https:\/\/i0.wp.com\/www.grieta.org.mx\/wp-content\/uploads\/2018\/03\/14524434_1106112876131411_958039263622046936_o.jpg?resize=700%2C400 2x"},"classes":[]},{"id":15954,"url":"http:\/\/www.grieta.org.mx\/index.php\/2016\/07\/02\/marchan-sanmarquenos-contra-reforma-educativa\/","url_meta":{"origin":2880,"position":3},"title":"Marchan sanmarque\u00f1os contra reforma educativa","author":"grieta","date":"2 julio, 2016","format":false,"excerpt":"S\u00e1bado, 2 de julio de 2016 STAFF | NTRZACATECAS.COM Zacatecas.- Alrededor de 300 estudiantes de la Normal Rural Mat\u00edas Ramos Santos de San Marcos, Loreto se manifestaron, la tarde de este s\u00e1bado, con una marcha contra la Reforma Educativa y en apoyo a maestros de Oaxaca. Personal de Tr\u00e1nsito del\u2026","rel":"","context":"En &quot;CINTILLO&quot;","block_context":{"text":"CINTILLO","link":"http:\/\/www.grieta.org.mx\/index.php\/category\/cintillo\/"},"img":{"alt_text":"","src":"https:\/\/i0.wp.com\/www.grieta.org.mx\/wp-content\/uploads\/2018\/03\/14524434_1106112876131411_958039263622046936_o.jpg?resize=350%2C200","width":350,"height":200,"srcset":"https:\/\/i0.wp.com\/www.grieta.org.mx\/wp-content\/uploads\/2018\/03\/14524434_1106112876131411_958039263622046936_o.jpg?resize=350%2C200 1x, https:\/\/i0.wp.com\/www.grieta.org.mx\/wp-content\/uploads\/2018\/03\/14524434_1106112876131411_958039263622046936_o.jpg?resize=525%2C300 1.5x, https:\/\/i0.wp.com\/www.grieta.org.mx\/wp-content\/uploads\/2018\/03\/14524434_1106112876131411_958039263622046936_o.jpg?resize=700%2C400 2x"},"classes":[]},{"id":2883,"url":"http:\/\/www.grieta.org.mx\/index.php\/2015\/11\/15\/profesores-disidentes-impiden-evaluacion\/","url_meta":{"origin":2880,"position":4},"title":"Profesores disidentes impiden evaluaci\u00f3n","author":"grieta","date":"15 noviembre, 2015","format":false,"excerpt":"ABIGAIL SALINAS | NTRZACATECAS.COM Domingo, 15 de noviembre de 2015 Zacatecas.- Alrededor de 100 profesores del Movimiento Democr\u00e1tico Magisterial de Zacatecas (MDMZ)impidieron la evaluaci\u00f3n de permanencia en el Servicio Profesional Docente (SPD), que se program\u00f3 durante este s\u00e1bado en distintas sedes de los municipios de Guadalupe, Fresnillo y Jerez. En\u2026","rel":"","context":"En &quot;CINTILLO&quot;","block_context":{"text":"CINTILLO","link":"http:\/\/www.grieta.org.mx\/index.php\/category\/cintillo\/"},"img":{"alt_text":"","src":"https:\/\/i0.wp.com\/www.grieta.org.mx\/wp-content\/uploads\/2018\/03\/14524434_1106112876131411_958039263622046936_o.jpg?resize=350%2C200","width":350,"height":200,"srcset":"https:\/\/i0.wp.com\/www.grieta.org.mx\/wp-content\/uploads\/2018\/03\/14524434_1106112876131411_958039263622046936_o.jpg?resize=350%2C200 1x, https:\/\/i0.wp.com\/www.grieta.org.mx\/wp-content\/uploads\/2018\/03\/14524434_1106112876131411_958039263622046936_o.jpg?resize=525%2C300 1.5x, https:\/\/i0.wp.com\/www.grieta.org.mx\/wp-content\/uploads\/2018\/03\/14524434_1106112876131411_958039263622046936_o.jpg?resize=700%2C400 2x"},"classes":[]},{"id":15952,"url":"http:\/\/www.grieta.org.mx\/index.php\/2016\/07\/05\/se-manifiestan-maestros-en-region-educativa-de-pinos\/","url_meta":{"origin":2880,"position":5},"title":"Se manifiestan maestros en regi\u00f3n educativa de Pinos, Zacatecas","author":"grieta","date":"5 julio, 2016","format":false,"excerpt":"Martes, 5 de julio de 2016 TANYA ORTIZ | NTRZACATECAS.COM Pinos.- La ma\u00f1ana de este lunes, maestros de Pinos y Villa Hidalgo tomaron el Departamento Regional de Educaci\u00f3n 7, en repudio a la reforma educativa y en respaldo a la protesta que realiza el magisterio a nivel nacional. Mart\u00edn S\u00e1nchez\u2026","rel":"","context":"En &quot;CINTILLO&quot;","block_context":{"text":"CINTILLO","link":"http:\/\/www.grieta.org.mx\/index.php\/category\/cintillo\/"},"img":{"alt_text":"","src":"https:\/\/i0.wp.com\/www.grieta.org.mx\/wp-content\/uploads\/2018\/03\/14524434_1106112876131411_958039263622046936_o.jpg?resize=350%2C200","width":350,"height":200,"srcset":"https:\/\/i0.wp.com\/www.grieta.org.mx\/wp-content\/uploads\/2018\/03\/14524434_1106112876131411_958039263622046936_o.jpg?resize=350%2C200 1x, https:\/\/i0.wp.com\/www.grieta.org.mx\/wp-content\/uploads\/2018\/03\/14524434_1106112876131411_958039263622046936_o.jpg?resize=525%2C300 1.5x, https:\/\/i0.wp.com\/www.grieta.org.mx\/wp-content\/uploads\/2018\/03\/14524434_1106112876131411_958039263622046936_o.jpg?resize=700%2C400 2x"},"classes":[]}],"_links":{"self":[{"href":"http:\/\/www.grieta.org.mx\/index.php\/wp-json\/wp\/v2\/posts\/2880","targetHints":{"allow":["GET"]}}],"collection":[{"href":"http:\/\/www.grieta.org.mx\/index.php\/wp-json\/wp\/v2\/posts"}],"about":[{"href":"http:\/\/www.grieta.org.mx\/index.php\/wp-json\/wp\/v2\/types\/post"}],"author":[{"embeddable":true,"href":"http:\/\/www.grieta.org.mx\/index.php\/wp-json\/wp\/v2\/users\/2"}],"replies":[{"embeddable":true,"href":"http:\/\/www.grieta.org.mx\/index.php\/wp-json\/wp\/v2\/comments?post=2880"}],"version-history":[{"count":1,"href":"http:\/\/www.grieta.org.mx\/index.php\/wp-json\/wp\/v2\/posts\/2880\/revisions"}],"predecessor-version":[{"id":2881,"href":"http:\/\/www.grieta.org.mx\/index.php\/wp-json\/wp\/v2\/posts\/2880\/revisions\/2881"}],"wp:featuredmedia":[{"embeddable":true,"href":"http:\/\/www.grieta.org.mx\/index.php\/wp-json\/wp\/v2\/media\/21928"}],"wp:attachment":[{"href":"http:\/\/www.grieta.org.mx\/index.php\/wp-json\/wp\/v2\/media?parent=2880"}],"wp:term":[{"taxonomy":"category","embeddable":true,"href":"http:\/\/www.grieta.org.mx\/index.php\/wp-json\/wp\/v2\/categories?post=2880"},{"taxonomy":"post_tag","embeddable":true,"href":"http:\/\/www.grieta.org.mx\/index.php\/wp-json\/wp\/v2\/tags?post=2880"}],"curies":[{"name":"wp","href":"https:\/\/api.w.org\/{rel}","templated":true}]}}