{"id":28764,"date":"2019-01-25T17:04:51","date_gmt":"2019-01-25T23:04:51","guid":{"rendered":"http:\/\/www.grieta.org.mx\/?p=28764"},"modified":"2019-02-03T17:09:58","modified_gmt":"2019-02-03T23:09:58","slug":"salina-cruz-30-colonias-sobre-ductos-oaxaca","status":"publish","type":"post","link":"http:\/\/www.grieta.org.mx\/index.php\/2019\/01\/25\/salina-cruz-30-colonias-sobre-ductos-oaxaca\/","title":{"rendered":"Salina Cruz: 30 colonias sobre ductos (Oaxaca)"},"content":{"rendered":"<p>Noticias.<\/p>\n<p>Alfonso Tapia Barrita,<\/p>\n<p>Salina Cruz, Oaxaca.- Los ductos de Petr\u00f3leos Mexicanos (Pemex), empresa productiva del Estado atraviesan la zona urbana y conurbada de Salina Cruz, lo que pone en riesgo a 3 mil personas y unas 800 viviendas que se encuentran dentro de esta franja, que comprende diez metros de cada lado de las tuber\u00edas, afirm\u00f3 Carlos Benjam\u00edn Garc\u00eda Pacheco, excoordinador de Protecci\u00f3n Civil del puerto.<\/p>\n<p>El crecimiento de la mancha urbana de manera an\u00e1rquica invadi\u00f3 el derecho de v\u00eda de la empresa.<\/p>\n<p><img loading=\"lazy\" decoding=\"async\" data-attachment-id=\"28765\" data-permalink=\"http:\/\/www.grieta.org.mx\/index.php\/2019\/01\/25\/salina-cruz-30-colonias-sobre-ductos-oaxaca\/image_13_260\/\" data-orig-file=\"http:\/\/www.grieta.org.mx\/wp-content\/uploads\/2019\/02\/image_13_260.jpg\" data-orig-size=\"1144,645\" data-comments-opened=\"0\" data-image-meta=\"{&quot;aperture&quot;:&quot;0&quot;,&quot;credit&quot;:&quot;&quot;,&quot;camera&quot;:&quot;&quot;,&quot;caption&quot;:&quot;&quot;,&quot;created_timestamp&quot;:&quot;0&quot;,&quot;copyright&quot;:&quot;&quot;,&quot;focal_length&quot;:&quot;0&quot;,&quot;iso&quot;:&quot;0&quot;,&quot;shutter_speed&quot;:&quot;0&quot;,&quot;title&quot;:&quot;&quot;,&quot;orientation&quot;:&quot;0&quot;}\" data-image-title=\"image_13_260\" data-image-description=\"\" data-image-caption=\"\" data-medium-file=\"http:\/\/www.grieta.org.mx\/wp-content\/uploads\/2019\/02\/image_13_260-300x169.jpg\" data-large-file=\"http:\/\/www.grieta.org.mx\/wp-content\/uploads\/2019\/02\/image_13_260-1024x577.jpg\" src=\"http:\/\/www.grieta.org.mx\/wp-content\/uploads\/2019\/02\/image_13_260-300x169.jpg\" alt=\"\" width=\"300\" height=\"169\" class=\"aligncenter size-medium wp-image-28765\" srcset=\"http:\/\/www.grieta.org.mx\/wp-content\/uploads\/2019\/02\/image_13_260-300x169.jpg 300w, http:\/\/www.grieta.org.mx\/wp-content\/uploads\/2019\/02\/image_13_260-768x433.jpg 768w, http:\/\/www.grieta.org.mx\/wp-content\/uploads\/2019\/02\/image_13_260-1024x577.jpg 1024w, http:\/\/www.grieta.org.mx\/wp-content\/uploads\/2019\/02\/image_13_260-887x500.jpg 887w, http:\/\/www.grieta.org.mx\/wp-content\/uploads\/2019\/02\/image_13_260.jpg 1144w\" sizes=\"auto, (max-width: 300px) 100vw, 300px\" \/><\/p>\n<p>El ex funcionario indic\u00f3 que son alrededor de 11 kil\u00f3metros de poliductos los que cruzan Salina Cruz, entre la terminal mar\u00edtima y la refiner\u00eda &#8220;Ingeniero Antonio Doval\u00ed Jaime&#8221;, a trav\u00e9s de m\u00e1s de 30 colonias.<\/p>\n<p>Son al menos tres kil\u00f3metros de l\u00edneas, con direcci\u00f3n al norte de la ciudad y el resto hacia donde se ubican las monoboyas en el mar, de acuerdo con el \u00faltimo Atlas de Riesgos 2011, refiri\u00f3 Garc\u00eda Pacheco.<\/p>\n<p>Reubicaci\u00f3n de ductos<\/p>\n<p>Explic\u00f3 que el crecimiento desmedido de los asentamientos humanos en el puerto ha obligado a la empresa productiva del Estado a reconfigurar los ductos en al menos dos ocasiones.<\/p>\n<p>En consecuencia ahora pasan por las colonias San Pablo Norte, Vicente Guerrero, Hugo Mayoral, Deportiva y Aviaci\u00f3n, entre otras.<\/p>\n<p>El consultor y especialista en temas de seguridad y protecci\u00f3n civil se\u00f1al\u00f3 que estas tuber\u00edas generalmente son utilizadas para transportar di\u00e9sel, gasolina, amoniaco, combustible pesado y otros productos; como por ejemplo, a las refiner\u00edas del norte de la rep\u00fablica llega gas.<\/p>\n<p>Sobre bomba de tiempo<\/p>\n<p>Por lo anterior hay necesidad urgente de resolver esta problem\u00e1tica que ya tiene m\u00e1s de 40 a\u00f1os sin soluci\u00f3n.<\/p>\n<p>Asegur\u00f3 que a Pemex le corresponde administrador esa franja, as\u00ed como supervisar y vigilar el correcto funcionamiento de los ductos que cruzan por la ciudad. Pero no existe una vigilancia adecuada por parte de la empresa petrolera para resolver las invasiones.<\/p>\n<p>Indic\u00f3 que la demanda de vivienda debe ser resuelto y atendido por los gobiernos, pero no el que tiene que ver con la invasi\u00f3n del &#8220;derecho de v\u00eda&#8221; de Pemex.<\/p>\n<p>Se han registrado accidentes<\/p>\n<p>Rese\u00f1\u00f3 que con anterioridad han ocurrido diversos accidentes provocados por fugas en las citadas l\u00edneas de distribuci\u00f3n.<\/p>\n<p>Uno de los accidentes m\u00e1s a\u00f1ejos ocurri\u00f3 en la colonia Hugo Mayoral hace treinta a\u00f1os. Por fortuna, ocurri\u00f3 en la ma\u00f1ana cuando los vecinos no se encontraban en sus domicilios pues se hab\u00edan ido a trabajar y los estudiantes estaban en las escuelas.<\/p>\n<p>Insisti\u00f3 en que urge implementar un plan o acciones respecto a las invasiones provocadas por asentamientos irregulares.<\/p>\n<p>Se deben reunir las partes involucradas, como son Pemex, el Gobierno Federal a trav\u00e9s de Sedatu, el Gobierno Municipal y las Coordinaciones Estatal y Municipal de Protecci\u00f3n Civil, as\u00ed como los ciudadanos involucrados.<\/p>\n<p>Posteriormente a esta reuni\u00f3n, debe realizarse un censo que determine cu\u00e1ntas personas infringen de manera directa o indirecta el &#8220;derecho de v\u00eda de Pemex&#8221; y esta informaci\u00f3n incorporarla al Plan Municipal y Estatal de Desarrollo, as\u00ed como al Atlas de Riesgo de Salina Cruz, para que surta sus efectos.<\/p>\n<p>Reconoci\u00f3 que existe resistencia por parte de los vecinos, porque la empresa petrolera ha actuado de forma aislada en muchas de las ocasiones.<\/p>\n<p>Lleg\u00f3 la hora de actuar<\/p>\n<p>Indic\u00f3 que la ruta de Pemex deber ser primero dirigirse en este caso a la autoridad municipal para entablar mesas de trabajo que clarifiquen la forma c\u00f3mo se abordar\u00e1 el tema.<\/p>\n<p>La misma autoridad no debe permitir que se formen m\u00e1s asentamientos humanos irregulares para atender la problem\u00e1tica de los ya existentes. <\/p>\n<p>La poblaci\u00f3n sabe y conoce esta situaci\u00f3n, es por ello que se debe evitar crear asentamientos en las zonas aleda\u00f1as a los poliductos, subray\u00f3 el ex servidor p\u00fablico.<\/p>\n<p>Se debe tener el apoyo de otros organismos, como la Comisi\u00f3n Federal de Electricidad, la cual debe negarse a interconectar servicios donde la poblaci\u00f3n se encuentre en una zona de riesgo y carezca de un dictamen de vulnerabilidad.<\/p>\n<p>Garc\u00eda Pacheco dijo que actualmente no hay programas internos de protecci\u00f3n civil en las colonias involucradas, por ello es muy necesario que Pemex y los gobiernos municipal, estatal y federal, se coordinen para hacer llegar esta informaci\u00f3n a la poblaci\u00f3n susceptible de padecer una eventualidad.<\/p>\n<p><a href=\"https:\/\/www.nvinoticias.com\/nota\/109459\/salina-cruz-30-colonias-sobre-ductos\" rel=\"noopener\" target=\"_blank\">https:\/\/www.nvinoticias.com\/nota\/109459\/salina-cruz-30-colonias-sobre-ductos<\/a><\/p>\n","protected":false},"excerpt":{"rendered":"<p>Noticias. Alfonso Tapia Barrita, Salina Cruz, Oaxaca.- Los ductos de Petr\u00f3leos Mexicanos (Pemex), empresa productiva del Estado atraviesan la zona urbana y conurbada de Salina Cruz, lo que pone en &hellip; <a href=\"http:\/\/www.grieta.org.mx\/index.php\/2019\/01\/25\/salina-cruz-30-colonias-sobre-ductos-oaxaca\/\" class=\"more-link\">Leer m\u00e1s<\/a><\/p>\n","protected":false},"author":2,"featured_media":28765,"comment_status":"closed","ping_status":"closed","sticky":false,"template":"","format":"standard","meta":{"ngg_post_thumbnail":0,"_jetpack_newsletter_access":"","_jetpack_dont_email_post_to_subs":false,"_jetpack_newsletter_tier_id":0,"_jetpack_memberships_contains_paywalled_content":false,"_jetpack_memberships_contains_paid_content":false,"footnotes":""},"categories":[80,1708,2,25],"tags":[],"class_list":["post-28764","post","type-post","status-publish","format-standard","has-post-thumbnail","hentry","category-cintillo","category-corredor-del-istmo-de-tehuantepec","category-noticias-nacionales","category-oaxaca","entry"],"jetpack_featured_media_url":"http:\/\/www.grieta.org.mx\/wp-content\/uploads\/2019\/02\/image_13_260.jpg","jetpack_sharing_enabled":true,"jetpack_shortlink":"https:\/\/wp.me\/p7ZJR4-7tW","jetpack_likes_enabled":false,"jetpack-related-posts":[{"id":59534,"url":"http:\/\/www.grieta.org.mx\/index.php\/2021\/04\/26\/modernizacion-del-puerto-de-salina-cruz-ha-modificado-linea-costera-y-disminuido-la-pesca-oaxaca\/","url_meta":{"origin":28764,"position":0},"title":"Modernizaci\u00f3n del Puerto de Salina Cruz ha modificado l\u00ednea costera y disminuido la pesca (Oaxaca)","author":"grieta","date":"26 abril, 2021","format":false,"excerpt":"La coperacha \/ Redacci\u00f3n. Foto: Rafael Mayoral. Denuncian ciudadanos afectaciones del megaproyecto ante funcionarios de Semarnat Representantes de buzos, pescadores, prestadores de servicios gastron\u00f3micos en playa y organizaciones de ciudadanos denunciaron ante funcionarios de la Secretar\u00eda del Medio Ambiente (Semarnat) las afectaciones del megaproyecto de Modernizaci\u00f3n del Puerto de Salina\u2026","rel":"","context":"En &quot;CINTILLO&quot;","block_context":{"text":"CINTILLO","link":"http:\/\/www.grieta.org.mx\/index.php\/category\/cintillo\/"},"img":{"alt_text":"","src":"https:\/\/i0.wp.com\/www.grieta.org.mx\/wp-content\/uploads\/2021\/05\/X-2.jpg?resize=350%2C200","width":350,"height":200,"srcset":"https:\/\/i0.wp.com\/www.grieta.org.mx\/wp-content\/uploads\/2021\/05\/X-2.jpg?resize=350%2C200 1x, https:\/\/i0.wp.com\/www.grieta.org.mx\/wp-content\/uploads\/2021\/05\/X-2.jpg?resize=525%2C300 1.5x, https:\/\/i0.wp.com\/www.grieta.org.mx\/wp-content\/uploads\/2021\/05\/X-2.jpg?resize=700%2C400 2x"},"classes":[]},{"id":12896,"url":"http:\/\/www.grieta.org.mx\/index.php\/2016\/05\/23\/marchan-padres-de-familia-a-favor-del-magisterio-en-salina-cruz\/","url_meta":{"origin":28764,"position":1},"title":"Marchan padres de familia a favor del magisterio en Salina Cruz","author":"grieta","date":"23 mayo, 2016","format":false,"excerpt":"P\u00e1gina 3. Diana Manzo, Salina Cruz, Oaxaca.- Unos mil padres de familia que integran el sector Salina Cruz marcharon en defensa y solidaridad del magisterio oaxaque\u00f1o. Con pancartas y lonas as\u00ed como altavoces los padres de familia e integrantes de organizaciones civiles partieron del crucero principal de esta ciudad y\u2026","rel":"","context":"En &quot;CINTILLO&quot;","block_context":{"text":"CINTILLO","link":"http:\/\/www.grieta.org.mx\/index.php\/category\/cintillo\/"},"img":{"alt_text":"","src":"https:\/\/i0.wp.com\/www.grieta.org.mx\/wp-content\/uploads\/2018\/03\/14524434_1106112876131411_958039263622046936_o.jpg?resize=350%2C200","width":350,"height":200,"srcset":"https:\/\/i0.wp.com\/www.grieta.org.mx\/wp-content\/uploads\/2018\/03\/14524434_1106112876131411_958039263622046936_o.jpg?resize=350%2C200 1x, https:\/\/i0.wp.com\/www.grieta.org.mx\/wp-content\/uploads\/2018\/03\/14524434_1106112876131411_958039263622046936_o.jpg?resize=525%2C300 1.5x, https:\/\/i0.wp.com\/www.grieta.org.mx\/wp-content\/uploads\/2018\/03\/14524434_1106112876131411_958039263622046936_o.jpg?resize=700%2C400 2x"},"classes":[]},{"id":70613,"url":"http:\/\/www.grieta.org.mx\/index.php\/2024\/11\/22\/por-enesima-ocasion-pemex-contamina-con-aguas-negras-la-playa-la-ventosa-en-salina-cruz-oaxaca-denuncian-pescadores\/","url_meta":{"origin":28764,"position":2},"title":"Por en\u00e9sima ocasi\u00f3n Pemex contamina con aguas negras la playa \u201cLa Ventosa\u201d en Salina Cruz, Oaxaca denuncian pescadores","author":"grieta","date":"22 noviembre, 2024","format":false,"excerpt":"Imagen: Itsmo Press #Oaxaca 23 Nov (#Istmopress) \u2013 Pescadores y pobladores de la Agencia Municipal de La Ventosa, en Salina Cruz, Oaxaca denunciaron que por en\u00e9sima ocasi\u00f3n, la refiner\u00eda Antonio Doval\u00ed Jaime que pertenece a Petr\u00f3leos Mexicanos contamin\u00f3 su playa al derramar sus aguas negras en la bah\u00eda de la\u2026","rel":"","context":"En &quot;CINTILLO&quot;","block_context":{"text":"CINTILLO","link":"http:\/\/www.grieta.org.mx\/index.php\/category\/cintillo\/"},"img":{"alt_text":"","src":"https:\/\/i0.wp.com\/www.grieta.org.mx\/wp-content\/uploads\/2024\/12\/1732651749313-800x445-1.jpg?resize=350%2C200","width":350,"height":200,"srcset":"https:\/\/i0.wp.com\/www.grieta.org.mx\/wp-content\/uploads\/2024\/12\/1732651749313-800x445-1.jpg?resize=350%2C200 1x, https:\/\/i0.wp.com\/www.grieta.org.mx\/wp-content\/uploads\/2024\/12\/1732651749313-800x445-1.jpg?resize=525%2C300 1.5x, https:\/\/i0.wp.com\/www.grieta.org.mx\/wp-content\/uploads\/2024\/12\/1732651749313-800x445-1.jpg?resize=700%2C400 2x"},"classes":[]},{"id":14568,"url":"http:\/\/www.grieta.org.mx\/index.php\/2016\/06\/18\/pobladores-enfrentan-a-granaderos-en-ciudad-ixtepec-oax\/","url_meta":{"origin":28764,"position":3},"title":"Pobladores enfrentan a granaderos en Ciudad Ixtepec (Oaxaca)","author":"grieta","date":"18 junio, 2016","format":false,"excerpt":"Istmopress. Mart\u00edn Vargas, Ixtepec, Oaxaca.- Pobladores de Ciudad Ixtepec encapsularon a elementos de la Polic\u00eda Estatal que se dirig\u00edan a desactivar el bloqueo en la supercarretera que conecta este municipio con Salina Cruz. Los pobladores llegaron en apoyo de maestros y padres de familia que quedaron en medio de fuerzas\u2026","rel":"","context":"En &quot;CINTILLO&quot;","block_context":{"text":"CINTILLO","link":"http:\/\/www.grieta.org.mx\/index.php\/category\/cintillo\/"},"img":{"alt_text":"","src":"https:\/\/i0.wp.com\/www.grieta.org.mx\/wp-content\/uploads\/2018\/03\/14524434_1106112876131411_958039263622046936_o.jpg?resize=350%2C200","width":350,"height":200,"srcset":"https:\/\/i0.wp.com\/www.grieta.org.mx\/wp-content\/uploads\/2018\/03\/14524434_1106112876131411_958039263622046936_o.jpg?resize=350%2C200 1x, https:\/\/i0.wp.com\/www.grieta.org.mx\/wp-content\/uploads\/2018\/03\/14524434_1106112876131411_958039263622046936_o.jpg?resize=525%2C300 1.5x, https:\/\/i0.wp.com\/www.grieta.org.mx\/wp-content\/uploads\/2018\/03\/14524434_1106112876131411_958039263622046936_o.jpg?resize=700%2C400 2x"},"classes":[]},{"id":68531,"url":"http:\/\/www.grieta.org.mx\/index.php\/2024\/02\/18\/colonos-denuncian-represion-de-edil-de-salina-cruz-por-oponerse-a-obra-que-afecta-agua-potable-oaxaca\/","url_meta":{"origin":28764,"position":4},"title":"Colonos denuncian represi\u00f3n de edil de Salina Cruz por oponerse a obra que afecta agua potable (Oaxaca)","author":"grieta","date":"18 febrero, 2024","format":false,"excerpt":"Imagen: Pagina 3 Diana Manzo \/ P\u00e1gina 3 Salina Cruz, Oaxaca.- Polic\u00edas municipales de este puerto oaxaque\u00f1o y elementos de la Marina reprimieron una protesta que encabezaban vecinos de la colonia \u201cBenito Ju\u00e1rez\u201d al exigir una mesa de di\u00e1logo con el presidente municipal, Daniel M\u00e9ndez. Los colonos denunciaron que la\u2026","rel":"","context":"En &quot;Brutalidad polic\u00edaca en Oaxaca&quot;","block_context":{"text":"Brutalidad polic\u00edaca en Oaxaca","link":"http:\/\/www.grieta.org.mx\/index.php\/category\/noticias-nacionales\/oaxaca\/brutalidad-policiaca-en-oaxaca\/"},"img":{"alt_text":"","src":"https:\/\/i0.wp.com\/www.grieta.org.mx\/wp-content\/uploads\/2024\/02\/3ff939b7-7749-4115-8603-5767a11dd32d.webp?resize=350%2C200","width":350,"height":200,"srcset":"https:\/\/i0.wp.com\/www.grieta.org.mx\/wp-content\/uploads\/2024\/02\/3ff939b7-7749-4115-8603-5767a11dd32d.webp?resize=350%2C200 1x, https:\/\/i0.wp.com\/www.grieta.org.mx\/wp-content\/uploads\/2024\/02\/3ff939b7-7749-4115-8603-5767a11dd32d.webp?resize=525%2C300 1.5x"},"classes":[]},{"id":24687,"url":"http:\/\/www.grieta.org.mx\/index.php\/2018\/05\/23\/istmo-segundo-por-desaparicion-de-mujeres-en-oaxaca\/","url_meta":{"origin":28764,"position":5},"title":"Istmo, segundo por desaparici\u00f3n de mujeres en Oaxaca","author":"grieta","date":"23 mayo, 2018","format":false,"excerpt":"Noticias. Mariana Saynes B\u00f3squez y Francisco Mendoza, Salina Cruz, Oaxaca.- La regi\u00f3n del Istmo de Tehuantepec ocupa el segundo lugar estatal por el n\u00famero de mujeres desaparecidas, as\u00ed lo confirma un estudio presentado recientemente por Consorcio para el Di\u00e1logo Parlamentario y la Equidad Oaxaca. El an\u00e1lisis de la organizaci\u00f3n parte\u2026","rel":"","context":"En &quot;CINTILLO&quot;","block_context":{"text":"CINTILLO","link":"http:\/\/www.grieta.org.mx\/index.php\/category\/cintillo\/"},"img":{"alt_text":"","src":"https:\/\/i0.wp.com\/www.grieta.org.mx\/wp-content\/uploads\/2018\/07\/image_16_236.jpg?resize=350%2C200","width":350,"height":200,"srcset":"https:\/\/i0.wp.com\/www.grieta.org.mx\/wp-content\/uploads\/2018\/07\/image_16_236.jpg?resize=350%2C200 1x, https:\/\/i0.wp.com\/www.grieta.org.mx\/wp-content\/uploads\/2018\/07\/image_16_236.jpg?resize=525%2C300 1.5x, https:\/\/i0.wp.com\/www.grieta.org.mx\/wp-content\/uploads\/2018\/07\/image_16_236.jpg?resize=700%2C400 2x, https:\/\/i0.wp.com\/www.grieta.org.mx\/wp-content\/uploads\/2018\/07\/image_16_236.jpg?resize=1050%2C600 3x"},"classes":[]}],"_links":{"self":[{"href":"http:\/\/www.grieta.org.mx\/index.php\/wp-json\/wp\/v2\/posts\/28764","targetHints":{"allow":["GET"]}}],"collection":[{"href":"http:\/\/www.grieta.org.mx\/index.php\/wp-json\/wp\/v2\/posts"}],"about":[{"href":"http:\/\/www.grieta.org.mx\/index.php\/wp-json\/wp\/v2\/types\/post"}],"author":[{"embeddable":true,"href":"http:\/\/www.grieta.org.mx\/index.php\/wp-json\/wp\/v2\/users\/2"}],"replies":[{"embeddable":true,"href":"http:\/\/www.grieta.org.mx\/index.php\/wp-json\/wp\/v2\/comments?post=28764"}],"version-history":[{"count":1,"href":"http:\/\/www.grieta.org.mx\/index.php\/wp-json\/wp\/v2\/posts\/28764\/revisions"}],"predecessor-version":[{"id":28766,"href":"http:\/\/www.grieta.org.mx\/index.php\/wp-json\/wp\/v2\/posts\/28764\/revisions\/28766"}],"wp:featuredmedia":[{"embeddable":true,"href":"http:\/\/www.grieta.org.mx\/index.php\/wp-json\/wp\/v2\/media\/28765"}],"wp:attachment":[{"href":"http:\/\/www.grieta.org.mx\/index.php\/wp-json\/wp\/v2\/media?parent=28764"}],"wp:term":[{"taxonomy":"category","embeddable":true,"href":"http:\/\/www.grieta.org.mx\/index.php\/wp-json\/wp\/v2\/categories?post=28764"},{"taxonomy":"post_tag","embeddable":true,"href":"http:\/\/www.grieta.org.mx\/index.php\/wp-json\/wp\/v2\/tags?post=28764"}],"curies":[{"name":"wp","href":"https:\/\/api.w.org\/{rel}","templated":true}]}}