{"id":2876,"date":"2015-11-15T19:57:51","date_gmt":"2015-11-15T19:57:51","guid":{"rendered":"http:\/\/50.22.11.12\/~grietaor\/?p=2876"},"modified":"2019-01-19T12:04:06","modified_gmt":"2019-01-19T18:04:06","slug":"evaluacion-magisterial-ante-impresionante-operativo-policial","status":"publish","type":"post","link":"http:\/\/www.grieta.org.mx\/index.php\/2015\/11\/15\/evaluacion-magisterial-ante-impresionante-operativo-policial\/","title":{"rendered":"Evaluaci\u00f3n magisterial ante impresionante operativo policial"},"content":{"rendered":"<p>15 noviembre, 2015<\/p>\n<p>Fresnillo, Zac.-En medio de un impresionante operativo policiaco conformado por agentes de Tr\u00e1nsito, Preventivos y Polic\u00eda Estatal quienes utilizaron un helic\u00f3ptero de la Direcci\u00f3n de Seguridad P\u00fablica, se realiz\u00f3 \u00e9sta ma\u00f1ana de s\u00e1bado la evaluaci\u00f3n magisterial con una raqu\u00edtica participaci\u00f3n y con dos conatos de confrontaci\u00f3n entre mentores y Estatales.<\/p>\n<p>Desde la noche del viernes, Jes\u00fas Pinto Ortiz, implement\u00f3 un operativo en las inmediaciones de la Universidad Aut\u00f3noma de Zacatecas UPZ y el Instituto Tecnol\u00f3gico Superior de Fresnillo ITSF, lugares asignados para la evaluaci\u00f3n magisterial yen donde hab\u00eda la amenaza de no permitir la entrada a los docentes que pretend\u00eda realizar el examen nacional.<\/p>\n<p>Hoy por la ma\u00f1ana se conform\u00f3 una enorme valla a la entrada de la UPZ al igual que del ITSF conformada por Polic\u00edas del grupo antimotines los que permitir\u00edan el acceso a los maestros que determinaran por su voluntad entrar a dicha evaluaci\u00f3n.<\/p>\n<p>Fue poco despu\u00e9s de las  07:30 de la ma\u00f1ana cuando comenzaron a llegar los maestros que se encuentran en contra de la evaluaci\u00f3n y mismos que de manera pac\u00edfica con sus pancartas se colocaron al frente de las vallas policiales, su consiga era no confrontarse y concientizar a los docentes para que no entraran al examen, mismos que consideran perjudica su carrera magisterial porque les abre la puerta a un sistema diferente en el que no gozaran de ninguna garant\u00eda en su labor profesional.<\/p>\n<p>El operativo estuvo conformado por el director de la Secretar\u00eda de Seguridad P\u00fablica, Pinto Ortiz, a quien se le atribuye que hiso gala de ostentosidad polic\u00edas al bajar en un helic\u00f3ptero y luego acordonar el \u00e1rea con patrullas blindas, mismas que utilizaba por medio del alta voz para llamar a los maestros para que entraran a realizar el examen.<\/p>\n<p>Tanto en la UPZ como en el ITSF se registraron conatos de bronca entre los maestros y los Polic\u00edas, pero todo quedo en empujones, gritos y consignas, ya que los maestros les indicaban a los uniformados que muchos eran los que ense\u00f1aban a sus hijos y que fueran consientes del da\u00f1o que el sistema de gobierno le \u00e9sta realizando a la naci\u00f3n.<\/p>\n<p>Cabe destacar que a las instalaciones de la UPZ entraron a la evaluaci\u00f3n un promedio de 9 maestros, mientras que al ITSF tal vez unos 25, cuando el universo de evaluados era de m\u00e1s de 300 al menos en el turno matutino.<\/p>\n<p>El operativo policial permanece al igual que el grupo de maestros, ya que por la tarde y ma\u00f1ana domingo se tendr\u00e1 la realizaci\u00f3n del mencionado examen que tiene como finalidad reorientar las condiciones educativas en el Pa\u00eds, seg\u00fan versiones oficiales.<\/p>\n<p>Con informaci\u00f3n de www.testigominero.com.mx<\/p>\n<p><a href=\"http:\/\/www.periodicomirador.com\/2015\/11\/15\/evaluacion-magisterial-ante-impresionante-operativo-policial\/\" target=\"_blank\"> www.periodicomirador.com\/2015\/11\/15\/evaluacion-magisterial-ante-impresionante-operativo-policial\/<\/a><\/p>\n","protected":false},"excerpt":{"rendered":"<p>15 noviembre, 2015 Fresnillo, Zac.-En medio de un impresionante operativo policiaco conformado por agentes de Tr\u00e1nsito, Preventivos y Polic\u00eda Estatal quienes utilizaron un helic\u00f3ptero de la Direcci\u00f3n de Seguridad P\u00fablica, &hellip; <a href=\"http:\/\/www.grieta.org.mx\/index.php\/2015\/11\/15\/evaluacion-magisterial-ante-impresionante-operativo-policial\/\" class=\"more-link\">Leer m\u00e1s<\/a><\/p>\n","protected":false},"author":2,"featured_media":21928,"comment_status":"closed","ping_status":"open","sticky":false,"template":"","format":"standard","meta":{"ngg_post_thumbnail":0,"_jetpack_newsletter_access":"","_jetpack_dont_email_post_to_subs":false,"_jetpack_newsletter_tier_id":0,"_jetpack_memberships_contains_paywalled_content":false,"_jetpack_memberships_contains_paid_content":false,"footnotes":""},"categories":[80,910,1109,1969,2,83,76],"tags":[107,135],"class_list":["post-2876","post","type-post","status-publish","format-standard","has-post-thumbnail","hentry","category-cintillo","category-explotacion-y-precariedad-laboral","category-explotacion-y-precariedad-laboral-zacatecas","category-movilizaciones-contra-la-reforma-educativa-en-zacatecas","category-noticias-nacionales","category-temas-nacionales","category-zacatecas","tag-educacion","tag-reforma-educativa","entry"],"jetpack_featured_media_url":"http:\/\/www.grieta.org.mx\/wp-content\/uploads\/2018\/03\/14524434_1106112876131411_958039263622046936_o.jpg","jetpack_sharing_enabled":true,"jetpack_shortlink":"https:\/\/wp.me\/p7ZJR4-Ko","jetpack_likes_enabled":false,"jetpack-related-posts":[{"id":2880,"url":"http:\/\/www.grieta.org.mx\/index.php\/2015\/11\/15\/evaluacion-magisterial-y-protestas-en-zacatecas\/","url_meta":{"origin":2876,"position":0},"title":"Evaluaci\u00f3n magisterial y protestas en Zacatecas","author":"grieta","date":"15 noviembre, 2015","format":false,"excerpt":"El Sol de Zacatecas 15 de noviembre de 2015 Hayde\u00e9 Santill\u00e1n Zacatecas, Zacatecas.- Pese a efectuarse movilizaciones por una parte del magisterio zacatecano en contra de la evaluaci\u00f3n de permanencia a los docentes que fueron convocados para presentar examen durante el fin de semana, no lograron impedir que \u00e9sta se\u2026","rel":"","context":"En &quot;CINTILLO&quot;","block_context":{"text":"CINTILLO","link":"http:\/\/www.grieta.org.mx\/index.php\/category\/cintillo\/"},"img":{"alt_text":"","src":"https:\/\/i0.wp.com\/www.grieta.org.mx\/wp-content\/uploads\/2018\/03\/14524434_1106112876131411_958039263622046936_o.jpg?resize=350%2C200","width":350,"height":200,"srcset":"https:\/\/i0.wp.com\/www.grieta.org.mx\/wp-content\/uploads\/2018\/03\/14524434_1106112876131411_958039263622046936_o.jpg?resize=350%2C200 1x, https:\/\/i0.wp.com\/www.grieta.org.mx\/wp-content\/uploads\/2018\/03\/14524434_1106112876131411_958039263622046936_o.jpg?resize=525%2C300 1.5x, https:\/\/i0.wp.com\/www.grieta.org.mx\/wp-content\/uploads\/2018\/03\/14524434_1106112876131411_958039263622046936_o.jpg?resize=700%2C400 2x"},"classes":[]},{"id":13879,"url":"http:\/\/www.grieta.org.mx\/index.php\/2016\/06\/03\/maestros-queman-propaganda-electoral-del-pri-en-zacatecas\/","url_meta":{"origin":2876,"position":1},"title":"Maestros queman propaganda electoral del PRI en Zacatecas","author":"grieta","date":"3 junio, 2016","format":false,"excerpt":"Hayde\u00e9 Santill\u00e1n Zacatecas, Zac.- Integrantes del Movimiento Democr\u00e1tico Magisterial de Zacatecas (MDMZ), quemaron propaganda electoral del Partido Revolucionario Institucional (PRI), en se\u00f1al de rechazo al gobierno y a la Reforma Educativa, la cual han denominado \"punitiva\", estas acciones se realizaron en la explanada de la Secretar\u00eda de Educaci\u00f3n en el\u2026","rel":"","context":"En &quot;CINTILLO&quot;","block_context":{"text":"CINTILLO","link":"http:\/\/www.grieta.org.mx\/index.php\/category\/cintillo\/"},"img":{"alt_text":"","src":"https:\/\/i0.wp.com\/www.grieta.org.mx\/wp-content\/uploads\/2018\/03\/14524434_1106112876131411_958039263622046936_o.jpg?resize=350%2C200","width":350,"height":200,"srcset":"https:\/\/i0.wp.com\/www.grieta.org.mx\/wp-content\/uploads\/2018\/03\/14524434_1106112876131411_958039263622046936_o.jpg?resize=350%2C200 1x, https:\/\/i0.wp.com\/www.grieta.org.mx\/wp-content\/uploads\/2018\/03\/14524434_1106112876131411_958039263622046936_o.jpg?resize=525%2C300 1.5x, https:\/\/i0.wp.com\/www.grieta.org.mx\/wp-content\/uploads\/2018\/03\/14524434_1106112876131411_958039263622046936_o.jpg?resize=700%2C400 2x"},"classes":[]},{"id":2883,"url":"http:\/\/www.grieta.org.mx\/index.php\/2015\/11\/15\/profesores-disidentes-impiden-evaluacion\/","url_meta":{"origin":2876,"position":2},"title":"Profesores disidentes impiden evaluaci\u00f3n","author":"grieta","date":"15 noviembre, 2015","format":false,"excerpt":"ABIGAIL SALINAS | NTRZACATECAS.COM Domingo, 15 de noviembre de 2015 Zacatecas.- Alrededor de 100 profesores del Movimiento Democr\u00e1tico Magisterial de Zacatecas (MDMZ)impidieron la evaluaci\u00f3n de permanencia en el Servicio Profesional Docente (SPD), que se program\u00f3 durante este s\u00e1bado en distintas sedes de los municipios de Guadalupe, Fresnillo y Jerez. En\u2026","rel":"","context":"En &quot;CINTILLO&quot;","block_context":{"text":"CINTILLO","link":"http:\/\/www.grieta.org.mx\/index.php\/category\/cintillo\/"},"img":{"alt_text":"","src":"https:\/\/i0.wp.com\/www.grieta.org.mx\/wp-content\/uploads\/2018\/03\/14524434_1106112876131411_958039263622046936_o.jpg?resize=350%2C200","width":350,"height":200,"srcset":"https:\/\/i0.wp.com\/www.grieta.org.mx\/wp-content\/uploads\/2018\/03\/14524434_1106112876131411_958039263622046936_o.jpg?resize=350%2C200 1x, https:\/\/i0.wp.com\/www.grieta.org.mx\/wp-content\/uploads\/2018\/03\/14524434_1106112876131411_958039263622046936_o.jpg?resize=525%2C300 1.5x, https:\/\/i0.wp.com\/www.grieta.org.mx\/wp-content\/uploads\/2018\/03\/14524434_1106112876131411_958039263622046936_o.jpg?resize=700%2C400 2x"},"classes":[]},{"id":18837,"url":"http:\/\/www.grieta.org.mx\/index.php\/2016\/08\/02\/policia-de-zacatecas-repliega-marcha-de-la-cnte\/","url_meta":{"origin":2876,"position":3},"title":"Polic\u00eda de Zacatecas repliega marcha de la CNTE","author":"grieta","date":"2 agosto, 2016","format":false,"excerpt":"Alfredo Valadez Rodr\u00edguez, corresponsal | martes, 02 ago 2016 Zacatecas, Zac. Un peque\u00f1o grupo de maestros disidentes fueron replegados a golpes, toletazos y con aparatos de toques el\u00e9ctricos por decenas de agentes de la Polic\u00eda Estatal Preventiva, corporaci\u00f3n que resguard\u00f3 este martes el Palacio de Convenciones, en donde, ante m\u00e1s\u2026","rel":"","context":"En &quot;CINTILLO&quot;","block_context":{"text":"CINTILLO","link":"http:\/\/www.grieta.org.mx\/index.php\/category\/cintillo\/"},"img":{"alt_text":"","src":"https:\/\/i0.wp.com\/www.grieta.org.mx\/wp-content\/uploads\/2018\/03\/14524434_1106112876131411_958039263622046936_o.jpg?resize=350%2C200","width":350,"height":200,"srcset":"https:\/\/i0.wp.com\/www.grieta.org.mx\/wp-content\/uploads\/2018\/03\/14524434_1106112876131411_958039263622046936_o.jpg?resize=350%2C200 1x, https:\/\/i0.wp.com\/www.grieta.org.mx\/wp-content\/uploads\/2018\/03\/14524434_1106112876131411_958039263622046936_o.jpg?resize=525%2C300 1.5x, https:\/\/i0.wp.com\/www.grieta.org.mx\/wp-content\/uploads\/2018\/03\/14524434_1106112876131411_958039263622046936_o.jpg?resize=700%2C400 2x"},"classes":[]},{"id":3549,"url":"http:\/\/www.grieta.org.mx\/index.php\/2016\/03\/11\/notifican-de-cese-a-24-de-26-maestros-que-no-aplicaron-la-evaluacion-docente\/","url_meta":{"origin":2876,"position":4},"title":"Notifican de cese a 24 de 26 maestros que no aplicaron la evaluaci\u00f3n docente","author":"grieta","date":"11 marzo, 2016","format":false,"excerpt":"Por: MART\u00cdN CATAL\u00c1N LERMA marzo 11, 2016 Otros 70 profesores no realizaron la prueba y no fueron separados del cargo: Montoya ? Continuar\u00e1n con toma de la Seduzac hasta que haya una mesa de di\u00e1logo con el gobernador La Secretar\u00eda de Educaci\u00f3n de Zacatecas (Seduzac) entreg\u00f3 notificaciones de cese a\u2026","rel":"","context":"En &quot;CINTILLO&quot;","block_context":{"text":"CINTILLO","link":"http:\/\/www.grieta.org.mx\/index.php\/category\/cintillo\/"},"img":{"alt_text":"","src":"https:\/\/i0.wp.com\/www.grieta.org.mx\/wp-content\/uploads\/2018\/03\/14524434_1106112876131411_958039263622046936_o.jpg?resize=350%2C200","width":350,"height":200,"srcset":"https:\/\/i0.wp.com\/www.grieta.org.mx\/wp-content\/uploads\/2018\/03\/14524434_1106112876131411_958039263622046936_o.jpg?resize=350%2C200 1x, https:\/\/i0.wp.com\/www.grieta.org.mx\/wp-content\/uploads\/2018\/03\/14524434_1106112876131411_958039263622046936_o.jpg?resize=525%2C300 1.5x, https:\/\/i0.wp.com\/www.grieta.org.mx\/wp-content\/uploads\/2018\/03\/14524434_1106112876131411_958039263622046936_o.jpg?resize=700%2C400 2x"},"classes":[]},{"id":15952,"url":"http:\/\/www.grieta.org.mx\/index.php\/2016\/07\/05\/se-manifiestan-maestros-en-region-educativa-de-pinos\/","url_meta":{"origin":2876,"position":5},"title":"Se manifiestan maestros en regi\u00f3n educativa de Pinos, Zacatecas","author":"grieta","date":"5 julio, 2016","format":false,"excerpt":"Martes, 5 de julio de 2016 TANYA ORTIZ | NTRZACATECAS.COM Pinos.- La ma\u00f1ana de este lunes, maestros de Pinos y Villa Hidalgo tomaron el Departamento Regional de Educaci\u00f3n 7, en repudio a la reforma educativa y en respaldo a la protesta que realiza el magisterio a nivel nacional. Mart\u00edn S\u00e1nchez\u2026","rel":"","context":"En &quot;CINTILLO&quot;","block_context":{"text":"CINTILLO","link":"http:\/\/www.grieta.org.mx\/index.php\/category\/cintillo\/"},"img":{"alt_text":"","src":"https:\/\/i0.wp.com\/www.grieta.org.mx\/wp-content\/uploads\/2018\/03\/14524434_1106112876131411_958039263622046936_o.jpg?resize=350%2C200","width":350,"height":200,"srcset":"https:\/\/i0.wp.com\/www.grieta.org.mx\/wp-content\/uploads\/2018\/03\/14524434_1106112876131411_958039263622046936_o.jpg?resize=350%2C200 1x, https:\/\/i0.wp.com\/www.grieta.org.mx\/wp-content\/uploads\/2018\/03\/14524434_1106112876131411_958039263622046936_o.jpg?resize=525%2C300 1.5x, https:\/\/i0.wp.com\/www.grieta.org.mx\/wp-content\/uploads\/2018\/03\/14524434_1106112876131411_958039263622046936_o.jpg?resize=700%2C400 2x"},"classes":[]}],"_links":{"self":[{"href":"http:\/\/www.grieta.org.mx\/index.php\/wp-json\/wp\/v2\/posts\/2876","targetHints":{"allow":["GET"]}}],"collection":[{"href":"http:\/\/www.grieta.org.mx\/index.php\/wp-json\/wp\/v2\/posts"}],"about":[{"href":"http:\/\/www.grieta.org.mx\/index.php\/wp-json\/wp\/v2\/types\/post"}],"author":[{"embeddable":true,"href":"http:\/\/www.grieta.org.mx\/index.php\/wp-json\/wp\/v2\/users\/2"}],"replies":[{"embeddable":true,"href":"http:\/\/www.grieta.org.mx\/index.php\/wp-json\/wp\/v2\/comments?post=2876"}],"version-history":[{"count":1,"href":"http:\/\/www.grieta.org.mx\/index.php\/wp-json\/wp\/v2\/posts\/2876\/revisions"}],"predecessor-version":[{"id":2879,"href":"http:\/\/www.grieta.org.mx\/index.php\/wp-json\/wp\/v2\/posts\/2876\/revisions\/2879"}],"wp:featuredmedia":[{"embeddable":true,"href":"http:\/\/www.grieta.org.mx\/index.php\/wp-json\/wp\/v2\/media\/21928"}],"wp:attachment":[{"href":"http:\/\/www.grieta.org.mx\/index.php\/wp-json\/wp\/v2\/media?parent=2876"}],"wp:term":[{"taxonomy":"category","embeddable":true,"href":"http:\/\/www.grieta.org.mx\/index.php\/wp-json\/wp\/v2\/categories?post=2876"},{"taxonomy":"post_tag","embeddable":true,"href":"http:\/\/www.grieta.org.mx\/index.php\/wp-json\/wp\/v2\/tags?post=2876"}],"curies":[{"name":"wp","href":"https:\/\/api.w.org\/{rel}","templated":true}]}}