{"id":28758,"date":"2019-01-25T16:45:52","date_gmt":"2019-01-25T22:45:52","guid":{"rendered":"http:\/\/www.grieta.org.mx\/?p=28758"},"modified":"2019-02-03T16:54:25","modified_gmt":"2019-02-03T22:54:25","slug":"mas-de-2-mil-migrantes-se-dirigen-a-veracruz-oaxaca","status":"publish","type":"post","link":"http:\/\/www.grieta.org.mx\/index.php\/2019\/01\/25\/mas-de-2-mil-migrantes-se-dirigen-a-veracruz-oaxaca\/","title":{"rendered":"M\u00e1s de 2 mil migrantes se dirigen a Veracruz (Oaxaca)"},"content":{"rendered":"<p>P\u00e1gina 3.<\/p>\n<p>Diana Manzo (Corresponsal),<\/p>\n<p>Mat\u00edas Romero, Oax.- La madrugada de ayer jueves luego de permanecer cuatro d\u00edas en territorio oaxaque\u00f1o, los m\u00e1s de 2 mil migrantes de origen centroamericano partieron con destino a Sayula Veracruz, aseguran que a pesar de estar de forma irregular nada les detendr\u00e1 su conquista por llegar al pa\u00eds norteamericano de los Estados Unidos.<\/p>\n<p><img loading=\"lazy\" decoding=\"async\" data-attachment-id=\"28759\" data-permalink=\"http:\/\/www.grieta.org.mx\/index.php\/2019\/01\/25\/mas-de-2-mil-migrantes-se-dirigen-a-veracruz-oaxaca\/migrantes-6\/\" data-orig-file=\"http:\/\/www.grieta.org.mx\/wp-content\/uploads\/2019\/02\/migrantes.jpg\" data-orig-size=\"854,480\" data-comments-opened=\"0\" data-image-meta=\"{&quot;aperture&quot;:&quot;0&quot;,&quot;credit&quot;:&quot;&quot;,&quot;camera&quot;:&quot;&quot;,&quot;caption&quot;:&quot;&quot;,&quot;created_timestamp&quot;:&quot;0&quot;,&quot;copyright&quot;:&quot;&quot;,&quot;focal_length&quot;:&quot;0&quot;,&quot;iso&quot;:&quot;0&quot;,&quot;shutter_speed&quot;:&quot;0&quot;,&quot;title&quot;:&quot;&quot;,&quot;orientation&quot;:&quot;0&quot;}\" data-image-title=\"migrantes\" data-image-description=\"\" data-image-caption=\"\" data-medium-file=\"http:\/\/www.grieta.org.mx\/wp-content\/uploads\/2019\/02\/migrantes-300x169.jpg\" data-large-file=\"http:\/\/www.grieta.org.mx\/wp-content\/uploads\/2019\/02\/migrantes.jpg\" src=\"http:\/\/www.grieta.org.mx\/wp-content\/uploads\/2019\/02\/migrantes-300x169.jpg\" alt=\"\" width=\"300\" height=\"169\" class=\"aligncenter size-medium wp-image-28759\" srcset=\"http:\/\/www.grieta.org.mx\/wp-content\/uploads\/2019\/02\/migrantes-300x169.jpg 300w, http:\/\/www.grieta.org.mx\/wp-content\/uploads\/2019\/02\/migrantes-768x432.jpg 768w, http:\/\/www.grieta.org.mx\/wp-content\/uploads\/2019\/02\/migrantes.jpg 854w\" sizes=\"auto, (max-width: 300px) 100vw, 300px\" \/><\/p>\n<p>En su gran mayor\u00eda abordaron camionetas a modo de \u201caventones\u201d que los condujeron con destino a Palomares Oaxaca y otros directamente al municipio de Sayula, en donde pernotaran este jueves.<\/p>\n<p>El pasado domingo la caravana de migrantes lleg\u00f3 a Oaxaca por la frontera sur y permaneci\u00f3 dos d\u00edas en el municipio de Tapanatepec, posteriormente se dirigi\u00f3 a Santo Domingo Ingenio y despu\u00e9s en Mat\u00edas Romero que fue el \u00faltimo destino en el estado de Oaxaca.<\/p>\n<p>Seg\u00fan datos del delegado del grupo Beta en la regi\u00f3n del Istmo de Tehuantepec, Mart\u00edn Rojas, 18 migrantes solicitaron su regularizaci\u00f3n y 35 migrantes su repatriaci\u00f3n durante su estancia en el territorio oaxaque\u00f1o.<\/p>\n<p>En el contingente de migrantes van nueve mujeres embarazadas, entre ellas Karina Chavez de 27 a\u00f1os de edad , originaria de hondure\u00f1a que tiene 7 meses de gestaci\u00f3n, abandon\u00f3 su pa\u00eds por falta de empleo, quiere llegar a Tijuana y trabajar, va acompa\u00f1ada de tres hermanas.<\/p>\n<p>\u201cSalimos de Honduras porque all\u00e1 no hay empleo, queremos una mejor vida, yo para mi hijo y ellas para su vida, es algo muy duro porque hemos caminado muchos kil\u00f3metros, no queremos volver ni mirar atr\u00e1s, queremos avanzar\u201d.<\/p>\n<p>Hace 15 d\u00edas abandon\u00f3 su pa\u00eds, y dej\u00f3 a su hijo de 7 a\u00f1os al cuidado de sus padres, porque all\u00e1 en Honduras reflexiona que la \u201ccorrupci\u00f3n y el desempleo es lo que abunda\u201d.<\/p>\n<p>Esperando un \u201cavent\u00f3n\u201d que la conducir\u00eda al poblado de Sayula en Veracruz, Karina explica que ha sido muy \u201cduro y triste\u201d el trayecto, y a pesar de que \u201cgente buena\u201d se ha solidarizado en la traves\u00eda, son largas horas las que ha caminado.<\/p>\n<p>Ser mujer, migrante y embarazada es triple riesgo para Karina sin embargo aun as\u00ed sigue su traves\u00eda que asegura no dejar\u00e1 porque necesita trabajar para mandarle dinero a su peque\u00f1o hijo que se qued\u00f3 en su pa\u00eds.<br \/>\n\u201cEn dos meses nacer\u00e1 mi hijo y seguro lo registrar\u00e9 como mexicano, es una naci\u00f3n que en estos 15 d\u00edas de estancia me ha demostrado su amor, nos dan comida y agua donde hemos caminado, a m\u00ed me dan aventones cuando me ven ya muy cansada en la carretera\u201d, agreg\u00f3.<\/p>\n<p>Una vez que cruzaron el territorio oaxaque\u00f1o vigilados por personal de protecci\u00f3n civil, polic\u00eda federal, grupo Beta del INM y tambi\u00e9n personal de la Cruz Roja, en Sayula Veracruz, los migrantes en su mayor\u00eda fueron vacunados contra la influenza con la finalidad de evitar contagiarse de ese mal en su trayecto por el resto de los estados de la rep\u00fablica mexicana que cruzaran en los pr\u00f3ximos d\u00edas hasta llegar a Tijuana, Baja California.<\/p>\n<p><a href=\"https:\/\/pagina3.mx\/2019\/01\/mas-de-2-mil-migrantes-se-dirigen-a-veracruz\/\" rel=\"noopener\" target=\"_blank\">https:\/\/pagina3.mx\/2019\/01\/mas-de-2-mil-migrantes-se-dirigen-a-veracruz\/<\/a><\/p>\n","protected":false},"excerpt":{"rendered":"<p>P\u00e1gina 3. Diana Manzo (Corresponsal), Mat\u00edas Romero, Oax.- La madrugada de ayer jueves luego de permanecer cuatro d\u00edas en territorio oaxaque\u00f1o, los m\u00e1s de 2 mil migrantes de origen centroamericano &hellip; <a href=\"http:\/\/www.grieta.org.mx\/index.php\/2019\/01\/25\/mas-de-2-mil-migrantes-se-dirigen-a-veracruz-oaxaca\/\" class=\"more-link\">Leer m\u00e1s<\/a><\/p>\n","protected":false},"author":2,"featured_media":28759,"comment_status":"closed","ping_status":"closed","sticky":false,"template":"","format":"standard","meta":{"ngg_post_thumbnail":0,"_jetpack_newsletter_access":"","_jetpack_dont_email_post_to_subs":false,"_jetpack_newsletter_tier_id":0,"_jetpack_memberships_contains_paywalled_content":false,"_jetpack_memberships_contains_paid_content":false,"footnotes":""},"categories":[1857,80,2,25],"tags":[],"class_list":["post-28758","post","type-post","status-publish","format-standard","has-post-thumbnail","hentry","category-caravanas-de-poblaciones-migrantes-en-oaxaca","category-cintillo","category-noticias-nacionales","category-oaxaca","entry"],"jetpack_featured_media_url":"http:\/\/www.grieta.org.mx\/wp-content\/uploads\/2019\/02\/migrantes.jpg","jetpack_sharing_enabled":true,"jetpack_shortlink":"https:\/\/wp.me\/p7ZJR4-7tQ","jetpack_likes_enabled":false,"jetpack-related-posts":[{"id":27558,"url":"http:\/\/www.grieta.org.mx\/index.php\/2018\/11\/08\/segunda-caravana-migrante-tomara-via-a-veracruz-oaxaca\/","url_meta":{"origin":28758,"position":0},"title":"Segunda caravana migrante tomar\u00e1 v\u00eda a Veracruz (Oaxaca)","author":"grieta","date":"8 noviembre, 2018","format":false,"excerpt":"Noticias. Gerardo Valdivieso Parada, Juchit\u00e1n, Oaxaca.- La segunda caravana migrante cruz\u00f3 sin que nadie los detuviera la garita del Instituto Nacional de Migraci\u00f3n (INM) ubicada a la altura de San Pedro Tapanatepec; a pie o en unidades de motor pasaron esta parte , s\u00edmbolo de los excesos del INM, que\u2026","rel":"","context":"En &quot;Caravanas de poblaciones migrantes en Oaxaca&quot;","block_context":{"text":"Caravanas de poblaciones migrantes en Oaxaca","link":"http:\/\/www.grieta.org.mx\/index.php\/category\/noticias-nacionales\/oaxaca\/caravanas-de-poblaciones-migrantes-en-oaxaca\/"},"img":{"alt_text":"","src":"https:\/\/i0.wp.com\/www.grieta.org.mx\/wp-content\/uploads\/2018\/11\/image_27_229.jpg?resize=350%2C200","width":350,"height":200,"srcset":"https:\/\/i0.wp.com\/www.grieta.org.mx\/wp-content\/uploads\/2018\/11\/image_27_229.jpg?resize=350%2C200 1x, https:\/\/i0.wp.com\/www.grieta.org.mx\/wp-content\/uploads\/2018\/11\/image_27_229.jpg?resize=525%2C300 1.5x, https:\/\/i0.wp.com\/www.grieta.org.mx\/wp-content\/uploads\/2018\/11\/image_27_229.jpg?resize=700%2C400 2x, https:\/\/i0.wp.com\/www.grieta.org.mx\/wp-content\/uploads\/2018\/11\/image_27_229.jpg?resize=1050%2C600 3x"},"classes":[]},{"id":27552,"url":"http:\/\/www.grieta.org.mx\/index.php\/2018\/11\/06\/pisa-oaxaca-segunda-caravana-de-migrantes\/","url_meta":{"origin":28758,"position":1},"title":"Pisa Oaxaca segunda caravana de migrantes","author":"grieta","date":"6 noviembre, 2018","format":false,"excerpt":"Noticias. Miguel Angel, Un grupo de mil 500 migrantes centroamericanos ingres\u00f3 ayer a territorio oaxaque\u00f1o, pasando la noche en San Pedro Tapanatepec, de acuerdo a Francisco Garc\u00eda L\u00f3pez, representante de la Secretar\u00eda General de Gobierno (Segego) en el Istmo de Tehuantepec. Se espera que hoy se trasladen rumbo a la\u2026","rel":"","context":"En &quot;Caravanas de poblaciones migrantes en Oaxaca&quot;","block_context":{"text":"Caravanas de poblaciones migrantes en Oaxaca","link":"http:\/\/www.grieta.org.mx\/index.php\/category\/noticias-nacionales\/oaxaca\/caravanas-de-poblaciones-migrantes-en-oaxaca\/"},"img":{"alt_text":"","src":"https:\/\/i0.wp.com\/www.grieta.org.mx\/wp-content\/uploads\/2018\/11\/image_24_246.jpg?resize=350%2C200","width":350,"height":200,"srcset":"https:\/\/i0.wp.com\/www.grieta.org.mx\/wp-content\/uploads\/2018\/11\/image_24_246.jpg?resize=350%2C200 1x, https:\/\/i0.wp.com\/www.grieta.org.mx\/wp-content\/uploads\/2018\/11\/image_24_246.jpg?resize=525%2C300 1.5x, https:\/\/i0.wp.com\/www.grieta.org.mx\/wp-content\/uploads\/2018\/11\/image_24_246.jpg?resize=700%2C400 2x, https:\/\/i0.wp.com\/www.grieta.org.mx\/wp-content\/uploads\/2018\/11\/image_24_246.jpg?resize=1050%2C600 3x"},"classes":[]},{"id":32769,"url":"http:\/\/www.grieta.org.mx\/index.php\/2019\/04\/30\/unos-mil-migrantes-avanzan-su-camino-por-tren-a-veracruz-oaxaca\/","url_meta":{"origin":28758,"position":2},"title":"Unos mil migrantes avanzan su camino por tren a Veracruz (Oaxaca)","author":"grieta","date":"30 abril, 2019","format":false,"excerpt":"P\u00e1gina 3. Diana Manzo (Corresponsal), Ixtepec, Oaxaca.- Unas mil personas de origen centroamericano montados al lomo de \u201cla bestia\u201d como se le conoce al tren carguero, partieron la tarde de este martes a Medias Aguas Veracruz despu\u00e9s de permanecer durante dos d\u00edas en Ciudad Ixtepec. Yadira viaja con su bebe\u2026","rel":"","context":"En &quot;CINTILLO&quot;","block_context":{"text":"CINTILLO","link":"http:\/\/www.grieta.org.mx\/index.php\/category\/cintillo\/"},"img":{"alt_text":"","src":"https:\/\/i0.wp.com\/www.grieta.org.mx\/wp-content\/uploads\/2019\/04\/migrantes-la-bestia.jpg?resize=350%2C200","width":350,"height":200,"srcset":"https:\/\/i0.wp.com\/www.grieta.org.mx\/wp-content\/uploads\/2019\/04\/migrantes-la-bestia.jpg?resize=350%2C200 1x, https:\/\/i0.wp.com\/www.grieta.org.mx\/wp-content\/uploads\/2019\/04\/migrantes-la-bestia.jpg?resize=525%2C300 1.5x, https:\/\/i0.wp.com\/www.grieta.org.mx\/wp-content\/uploads\/2019\/04\/migrantes-la-bestia.jpg?resize=700%2C400 2x"},"classes":[]},{"id":67926,"url":"http:\/\/www.grieta.org.mx\/index.php\/2023\/10\/06\/crece-la-crisis-migratoria-y-de-personas-refugiadas-en-oaxaca\/","url_meta":{"origin":28758,"position":3},"title":"Crece la crisis migratoria y de personas refugiadas en Oaxaca","author":"grieta","date":"6 octubre, 2023","format":false,"excerpt":"Imagen: Archivo Pagina3 Diana Manzo \/ Pagina3 OAXACA.- En los \u00faltimos dos meses, la llegada de personas migrantes de al menos diez nacionalidades se increment\u00f3 en Oaxaca por la frontera sur. Especialmente de nacionalidad venezolana, haitiana, nicarag\u00fcense y cubana. Tambi\u00e9n han arribado de Indonesia, pa\u00edses africanos, de China, Jap\u00f3n, Australia,\u2026","rel":"","context":"En &quot;Caravanas de poblaciones migrantes en Oaxaca&quot;","block_context":{"text":"Caravanas de poblaciones migrantes en Oaxaca","link":"http:\/\/www.grieta.org.mx\/index.php\/category\/noticias-nacionales\/oaxaca\/caravanas-de-poblaciones-migrantes-en-oaxaca\/"},"img":{"alt_text":"","src":"https:\/\/i0.wp.com\/www.grieta.org.mx\/wp-content\/uploads\/2023\/10\/migrantes-de-America-del-Sur-en-Oaxaca.webp?resize=350%2C200","width":350,"height":200,"srcset":"https:\/\/i0.wp.com\/www.grieta.org.mx\/wp-content\/uploads\/2023\/10\/migrantes-de-America-del-Sur-en-Oaxaca.webp?resize=350%2C200 1x, https:\/\/i0.wp.com\/www.grieta.org.mx\/wp-content\/uploads\/2023\/10\/migrantes-de-America-del-Sur-en-Oaxaca.webp?resize=525%2C300 1.5x"},"classes":[]},{"id":20250,"url":"http:\/\/www.grieta.org.mx\/index.php\/2016\/08\/17\/oaxaca-primer-lugar-en-repatriacion-de-migrantes\/","url_meta":{"origin":28758,"position":4},"title":"Oaxaca, primer lugar en repatriaci\u00f3n de migrantes","author":"grieta","date":"17 agosto, 2016","format":false,"excerpt":"Jaime Guerrero, Oaxaca. OAXACA, (#p\u00e1gina3.mx).- Pese al endurecimiento de las pol\u00edticas migratorias del Gobierno de Estados Unidos, la crisis en el pa\u00eds y la entidad ha orillado a que las y los oaxaque\u00f1os de comunidades marginadas siga migrando al pa\u00eds vecino del Norte. A la par, las repatriaciones tambi\u00e9n van\u2026","rel":"","context":"En &quot;CINTILLO&quot;","block_context":{"text":"CINTILLO","link":"http:\/\/www.grieta.org.mx\/index.php\/category\/cintillo\/"},"img":{"alt_text":"","src":"https:\/\/i0.wp.com\/www.grieta.org.mx\/wp-content\/uploads\/2018\/03\/14524434_1106112876131411_958039263622046936_o.jpg?resize=350%2C200","width":350,"height":200,"srcset":"https:\/\/i0.wp.com\/www.grieta.org.mx\/wp-content\/uploads\/2018\/03\/14524434_1106112876131411_958039263622046936_o.jpg?resize=350%2C200 1x, https:\/\/i0.wp.com\/www.grieta.org.mx\/wp-content\/uploads\/2018\/03\/14524434_1106112876131411_958039263622046936_o.jpg?resize=525%2C300 1.5x, https:\/\/i0.wp.com\/www.grieta.org.mx\/wp-content\/uploads\/2018\/03\/14524434_1106112876131411_958039263622046936_o.jpg?resize=700%2C400 2x"},"classes":[]},{"id":62556,"url":"http:\/\/www.grieta.org.mx\/index.php\/2021\/10\/16\/el-inm-intercepta-a-casi-2-mil-migrantes-en-un-solo-dia-532-de-ellos-en-oaxaca-despliegue-militar\/","url_meta":{"origin":28758,"position":5},"title":"El INM intercepta a casi 2 mil migrantes en un solo d\u00eda, 532 de ellos en Oaxaca (Despliegue militar)","author":"grieta","date":"16 octubre, 2021","format":false,"excerpt":"El Gobierno de M\u00e9xico ha recibido cr\u00edticas por el despliegue de la Guardia Nacional y el Ej\u00e9rcito en la frontera sur, de donde han surgido im\u00e1genes que muestran a los elementos mientras golpean a caravanas con migrantes de Hait\u00ed y Centroam\u00e9rica. Sinembargo.org \/ Por EFE. El INM destac\u00f3 la identificaci\u00f3n\u2026","rel":"","context":"En &quot;Brutalidad polic\u00edaca en Oaxaca&quot;","block_context":{"text":"Brutalidad polic\u00edaca en Oaxaca","link":"http:\/\/www.grieta.org.mx\/index.php\/category\/noticias-nacionales\/oaxaca\/brutalidad-policiaca-en-oaxaca\/"},"img":{"alt_text":"","src":"https:\/\/i0.wp.com\/www.grieta.org.mx\/wp-content\/uploads\/2018\/03\/14524434_1106112876131411_958039263622046936_o.jpg?resize=350%2C200","width":350,"height":200,"srcset":"https:\/\/i0.wp.com\/www.grieta.org.mx\/wp-content\/uploads\/2018\/03\/14524434_1106112876131411_958039263622046936_o.jpg?resize=350%2C200 1x, https:\/\/i0.wp.com\/www.grieta.org.mx\/wp-content\/uploads\/2018\/03\/14524434_1106112876131411_958039263622046936_o.jpg?resize=525%2C300 1.5x, https:\/\/i0.wp.com\/www.grieta.org.mx\/wp-content\/uploads\/2018\/03\/14524434_1106112876131411_958039263622046936_o.jpg?resize=700%2C400 2x"},"classes":[]}],"_links":{"self":[{"href":"http:\/\/www.grieta.org.mx\/index.php\/wp-json\/wp\/v2\/posts\/28758","targetHints":{"allow":["GET"]}}],"collection":[{"href":"http:\/\/www.grieta.org.mx\/index.php\/wp-json\/wp\/v2\/posts"}],"about":[{"href":"http:\/\/www.grieta.org.mx\/index.php\/wp-json\/wp\/v2\/types\/post"}],"author":[{"embeddable":true,"href":"http:\/\/www.grieta.org.mx\/index.php\/wp-json\/wp\/v2\/users\/2"}],"replies":[{"embeddable":true,"href":"http:\/\/www.grieta.org.mx\/index.php\/wp-json\/wp\/v2\/comments?post=28758"}],"version-history":[{"count":1,"href":"http:\/\/www.grieta.org.mx\/index.php\/wp-json\/wp\/v2\/posts\/28758\/revisions"}],"predecessor-version":[{"id":28760,"href":"http:\/\/www.grieta.org.mx\/index.php\/wp-json\/wp\/v2\/posts\/28758\/revisions\/28760"}],"wp:featuredmedia":[{"embeddable":true,"href":"http:\/\/www.grieta.org.mx\/index.php\/wp-json\/wp\/v2\/media\/28759"}],"wp:attachment":[{"href":"http:\/\/www.grieta.org.mx\/index.php\/wp-json\/wp\/v2\/media?parent=28758"}],"wp:term":[{"taxonomy":"category","embeddable":true,"href":"http:\/\/www.grieta.org.mx\/index.php\/wp-json\/wp\/v2\/categories?post=28758"},{"taxonomy":"post_tag","embeddable":true,"href":"http:\/\/www.grieta.org.mx\/index.php\/wp-json\/wp\/v2\/tags?post=28758"}],"curies":[{"name":"wp","href":"https:\/\/api.w.org\/{rel}","templated":true}]}}