{"id":28754,"date":"2019-02-01T11:45:05","date_gmt":"2019-02-01T17:45:05","guid":{"rendered":"http:\/\/www.grieta.org.mx\/?p=28754"},"modified":"2019-02-03T11:49:49","modified_gmt":"2019-02-03T17:49:49","slug":"sangriento-inicio-de-ano-por-feminicidios-en-oaxaca","status":"publish","type":"post","link":"http:\/\/www.grieta.org.mx\/index.php\/2019\/02\/01\/sangriento-inicio-de-ano-por-feminicidios-en-oaxaca\/","title":{"rendered":"Sangriento inicio de a\u00f1o por feminicidios en Oaxaca"},"content":{"rendered":"<p>Noticias.<\/p>\n<p>Citlalli Luciana,<\/p>\n<p>El primer mes del 2019 fue uno de los m\u00e1s funestos por violencia extrema contra las mujeres. En total 15 fueron asesinadas, cifra deshonrosamente r\u00e9cord para la entidad ya que duplica el n\u00famero de asesinatos ocurridos en a\u00f1os pasados durante el mismo periodo.<\/p>\n<p>Constituido en un escenario alarmante, Ang\u00e9lica Ayala Ortiz, integrante del Grupo de Estudios Sobre la Mujer Rosario Castellanos, advirti\u00f3 que habr\u00e1 especial seguimiento a la comparecencia ante el Congreso del Estado en la que habr\u00e1 de presentarse el Fiscal General. Rub\u00e9n Vasconcelos, para conocer el estado que guardan las investigaciones de feminicidios ocurridos en el estado, ya que la impunidad se ha convertido en aliento para que se contin\u00fae asesinado a mujeres.<\/p>\n<p><img loading=\"lazy\" decoding=\"async\" data-attachment-id=\"28755\" data-permalink=\"http:\/\/www.grieta.org.mx\/index.php\/2019\/02\/01\/sangriento-inicio-de-ano-por-feminicidios-en-oaxaca\/feminicidios-oaxaca\/\" data-orig-file=\"http:\/\/www.grieta.org.mx\/wp-content\/uploads\/2019\/02\/Feminicidios-Oaxaca.jpg\" data-orig-size=\"1144,645\" data-comments-opened=\"0\" data-image-meta=\"{&quot;aperture&quot;:&quot;0&quot;,&quot;credit&quot;:&quot;&quot;,&quot;camera&quot;:&quot;&quot;,&quot;caption&quot;:&quot;&quot;,&quot;created_timestamp&quot;:&quot;0&quot;,&quot;copyright&quot;:&quot;&quot;,&quot;focal_length&quot;:&quot;0&quot;,&quot;iso&quot;:&quot;0&quot;,&quot;shutter_speed&quot;:&quot;0&quot;,&quot;title&quot;:&quot;&quot;,&quot;orientation&quot;:&quot;0&quot;}\" data-image-title=\"Feminicidios Oaxaca\" data-image-description=\"\" data-image-caption=\"\" data-medium-file=\"http:\/\/www.grieta.org.mx\/wp-content\/uploads\/2019\/02\/Feminicidios-Oaxaca-300x169.jpg\" data-large-file=\"http:\/\/www.grieta.org.mx\/wp-content\/uploads\/2019\/02\/Feminicidios-Oaxaca-1024x577.jpg\" src=\"http:\/\/www.grieta.org.mx\/wp-content\/uploads\/2019\/02\/Feminicidios-Oaxaca-300x169.jpg\" alt=\"\" width=\"300\" height=\"169\" class=\"aligncenter size-medium wp-image-28755\" srcset=\"http:\/\/www.grieta.org.mx\/wp-content\/uploads\/2019\/02\/Feminicidios-Oaxaca-300x169.jpg 300w, http:\/\/www.grieta.org.mx\/wp-content\/uploads\/2019\/02\/Feminicidios-Oaxaca-768x433.jpg 768w, http:\/\/www.grieta.org.mx\/wp-content\/uploads\/2019\/02\/Feminicidios-Oaxaca-1024x577.jpg 1024w, http:\/\/www.grieta.org.mx\/wp-content\/uploads\/2019\/02\/Feminicidios-Oaxaca-887x500.jpg 887w, http:\/\/www.grieta.org.mx\/wp-content\/uploads\/2019\/02\/Feminicidios-Oaxaca.jpg 1144w\" sizes=\"auto, (max-width: 300px) 100vw, 300px\" \/><\/p>\n<p>El fiscal, bajo la lupa<\/p>\n<p>\u201cLas mujeres tenemos el derecho a vivir libres de todas las formas de violencia y las autoridades deben demostrar, con hechos, que tienen la capacidad de ejercer las atribuciones que les han sido conferidas\u201d, dijo.<\/p>\n<p>El informe Muertes Violentas en Oaxaca que realiza el Centro de Documentaci\u00f3n del Ges Mujer, indica que en enero 15 mujeres fueron asesinadas, cifra que, si se compara con los \u00faltimos dos a\u00f1os, muestra un preocupante crecimiento, pues en 2017 fueron 7 y en 2018 cuatro.<\/p>\n<p>Ayala Ortiz se\u00f1al\u00f3 que desde la sociedad civil han demandado a lo largo de los a\u00f1os que la problem\u00e1tica de la violencia hacia las mujeres se atienda considerando las recomendaciones nacionales e internacionales, desde un enfoque de g\u00e9nero.<\/p>\n<p>\u201cAdministraci\u00f3n, tras administraci\u00f3n reporta en sus informes anuales las capacitaciones para servidoras y servidores p\u00fablicos en la comprensi\u00f3n e implementaci\u00f3n de las acciones gubernamentales desde este enfoque, sin embargo, los resultados, como se puede constatar, no son contundentes\u201d, sostuvo.<\/p>\n<p>Negligencia oficial<\/p>\n<p>La voluntad pol\u00edtica -agreg\u00f3- debe traducirse tambi\u00e9n en capacidad t\u00e9cnica-operativa, pues cada feminicidio es el resultado tangible de una cadena que por acciones negligentes o de graves omisiones, colocan a las mujeres en riesgo inminente de perder la vida.<\/p>\n<p>\u201c\u00bfCu\u00e1ntos feminicidios se pudieron haber evitado si cada instancia encargada de prevenir, de atender y procurar justicia, hubiera atendido las necesidades y las demandas de las mujeres como corresponde? \u00bfCu\u00e1ntas hijas e hijos, padres y madres, familias enteras, actualmente enfrentan, adem\u00e1s del dolor de su p\u00e9rdida, las consecuencias de la impunidad por la falta de un sistema eficiente de justicia?\u201d, cuestion\u00f3.<\/p>\n<p>Sin nexos familiares<\/p>\n<p>En los 15 casos documentados hemerogr\u00e1ficamente por el GES Mujer, los asesinos eran personas que no ten\u00edan ninguna relaci\u00f3n familia con la v\u00edctima, en tanto que en la mayor\u00eda de los casos fueron utilizadas armas de fuego, pero tambi\u00e9n hubo utilizaci\u00f3n de armas blanca y en un caso gasolina para quemar a la v\u00edctima.<\/p>\n<p>La inseguridad en las calles es un problema grave y las acciones a tomar para generar entornos seguros es urgente, pero lamentablemente basta mirar las estad\u00edsticas para comprobar que las mujeres enfrentan riesgos de vivir violencia a\u00fan dentro de sus propias casas, por lo que la mirada no debe restringirse a un problema de inseguridad p\u00fablica, sino de falta de condiciones sociales para que las mujeres ejerzan plenamente todos sus derechos, dentro y fuera del hogar , puntualiz\u00f3 Ayala Ortiz.<\/p>\n<p><a href=\"https:\/\/www.nvinoticias.com\/nota\/109905\/sangriento-inicio-de-ano-por-feminicidios-en-oaxaca\" rel=\"noopener\" target=\"_blank\">https:\/\/www.nvinoticias.com\/nota\/109905\/sangriento-inicio-de-ano-por-feminicidios-en-oaxaca<\/a><\/p>\n","protected":false},"excerpt":{"rendered":"<p>Noticias. Citlalli Luciana, El primer mes del 2019 fue uno de los m\u00e1s funestos por violencia extrema contra las mujeres. En total 15 fueron asesinadas, cifra deshonrosamente r\u00e9cord para la &hellip; <a href=\"http:\/\/www.grieta.org.mx\/index.php\/2019\/02\/01\/sangriento-inicio-de-ano-por-feminicidios-en-oaxaca\/\" class=\"more-link\">Leer m\u00e1s<\/a><\/p>\n","protected":false},"author":2,"featured_media":28755,"comment_status":"closed","ping_status":"closed","sticky":false,"template":"","format":"standard","meta":{"ngg_post_thumbnail":0,"_jetpack_newsletter_access":"","_jetpack_dont_email_post_to_subs":false,"_jetpack_newsletter_tier_id":0,"_jetpack_memberships_contains_paywalled_content":false,"_jetpack_memberships_contains_paid_content":false,"footnotes":""},"categories":[80,1325,2,25],"tags":[],"class_list":["post-28754","post","type-post","status-publish","format-standard","has-post-thumbnail","hentry","category-cintillo","category-feminicidios-en-oaxaca-oaxaca","category-noticias-nacionales","category-oaxaca","entry"],"jetpack_featured_media_url":"http:\/\/www.grieta.org.mx\/wp-content\/uploads\/2019\/02\/Feminicidios-Oaxaca.jpg","jetpack_sharing_enabled":true,"jetpack_shortlink":"https:\/\/wp.me\/p7ZJR4-7tM","jetpack_likes_enabled":false,"jetpack-related-posts":[{"id":92,"url":"http:\/\/www.grieta.org.mx\/index.php\/2016\/02\/05\/continuan-al-alza-los-feminicidios-consorcio\/","url_meta":{"origin":28754,"position":0},"title":"Contin\u00faan al alza los feminicidios: Consorcio","author":"grieta","date":"5 febrero, 2016","format":false,"excerpt":"Noticias Net. Lizette Mendoza Alavez, Oaxaca Para la organizaci\u00f3n civil esta cifra representa un incremento grave en la violencia contra las mujeres, pues se traduce en las agresiones m\u00e1s crudas que se presenten en la sociedad. \u201cHablar de un feminicido significa proyectos truncados; no solamente de las mujeres, sino de\u2026","rel":"","context":"En &quot;CINTILLO&quot;","block_context":{"text":"CINTILLO","link":"http:\/\/www.grieta.org.mx\/index.php\/category\/cintillo\/"},"img":{"alt_text":"","src":"https:\/\/i0.wp.com\/www.grieta.org.mx\/wp-content\/uploads\/2018\/03\/14524434_1106112876131411_958039263622046936_o.jpg?resize=350%2C200","width":350,"height":200,"srcset":"https:\/\/i0.wp.com\/www.grieta.org.mx\/wp-content\/uploads\/2018\/03\/14524434_1106112876131411_958039263622046936_o.jpg?resize=350%2C200 1x, https:\/\/i0.wp.com\/www.grieta.org.mx\/wp-content\/uploads\/2018\/03\/14524434_1106112876131411_958039263622046936_o.jpg?resize=525%2C300 1.5x, https:\/\/i0.wp.com\/www.grieta.org.mx\/wp-content\/uploads\/2018\/03\/14524434_1106112876131411_958039263622046936_o.jpg?resize=700%2C400 2x"},"classes":[]},{"id":65682,"url":"http:\/\/www.grieta.org.mx\/index.php\/2022\/11\/03\/urge-nombrarlas-y-exigir-justicia-asegura-maria-elena-rios-ante-los-mas-de-700-feminicidios-ocurridos-en-oaxaca\/","url_meta":{"origin":28754,"position":1},"title":"\u201cUrge nombrarlas y exigir justicia\u201d asegura Mar\u00eda Elena R\u00edos ante los m\u00e1s de 700 feminicidios ocurridos en Oaxaca","author":"grieta","date":"3 noviembre, 2022","format":false,"excerpt":"Imagen: El Itsmo Express Diana Manzo \/ Agencia de Noticias IstmoPress #Oaxaca 03 Nov (#Istmopress) \u2013 \u201cLos feminicidios en Oaxaca no se detienen, pero urge nombrarlas y exigir justicia\u201d, dijo Mar\u00eda Elena R\u00edos, qui\u00e9n encabeza una campa\u00f1a en redes sociales para denunciar los m\u00e1s de 700 feminicidios que han ocurrido\u2026","rel":"","context":"En &quot;CINTILLO&quot;","block_context":{"text":"CINTILLO","link":"http:\/\/www.grieta.org.mx\/index.php\/category\/cintillo\/"},"img":{"alt_text":"","src":"https:\/\/i0.wp.com\/www.grieta.org.mx\/wp-content\/uploads\/2022\/11\/1667561348707-800x445-1.jpg?resize=350%2C200","width":350,"height":200,"srcset":"https:\/\/i0.wp.com\/www.grieta.org.mx\/wp-content\/uploads\/2022\/11\/1667561348707-800x445-1.jpg?resize=350%2C200 1x, https:\/\/i0.wp.com\/www.grieta.org.mx\/wp-content\/uploads\/2022\/11\/1667561348707-800x445-1.jpg?resize=525%2C300 1.5x, https:\/\/i0.wp.com\/www.grieta.org.mx\/wp-content\/uploads\/2022\/11\/1667561348707-800x445-1.jpg?resize=700%2C400 2x"},"classes":[]},{"id":27092,"url":"http:\/\/www.grieta.org.mx\/index.php\/2017\/02\/06\/mas-de-500-huerfanos-por-feminicidios-en-oaxaca\/","url_meta":{"origin":28754,"position":2},"title":"M\u00e1s de 500 hu\u00e9rfanos por feminicidios en Oaxaca","author":"grieta","date":"6 febrero, 2017","format":false,"excerpt":"Noticias. Deimos Jes\u00fas, Valles Centrales siguen ocupando el primer lugar por asesinatos que tienen a mujeres como v\u00edctimas. Escuchar su voz, jugar con ella y tomarla de la mano, fue uno de los derechos que le arrebataron a 35 ni\u00f1os, victimas de los 57 feminicidios registrados en el estado, de\u2026","rel":"","context":"En &quot;CINTILLO&quot;","block_context":{"text":"CINTILLO","link":"http:\/\/www.grieta.org.mx\/index.php\/category\/cintillo\/"},"img":{"alt_text":"","src":"https:\/\/i0.wp.com\/www.grieta.org.mx\/wp-content\/uploads\/2018\/10\/image.jpg?resize=350%2C200","width":350,"height":200,"srcset":"https:\/\/i0.wp.com\/www.grieta.org.mx\/wp-content\/uploads\/2018\/10\/image.jpg?resize=350%2C200 1x, https:\/\/i0.wp.com\/www.grieta.org.mx\/wp-content\/uploads\/2018\/10\/image.jpg?resize=525%2C300 1.5x, https:\/\/i0.wp.com\/www.grieta.org.mx\/wp-content\/uploads\/2018\/10\/image.jpg?resize=700%2C400 2x, https:\/\/i0.wp.com\/www.grieta.org.mx\/wp-content\/uploads\/2018\/10\/image.jpg?resize=1050%2C600 3x"},"classes":[]},{"id":30113,"url":"http:\/\/www.grieta.org.mx\/index.php\/2019\/02\/27\/desdenan-municipios-de-oaxaca-la-alerta-de-genero\/","url_meta":{"origin":28754,"position":3},"title":"Desde\u00f1an municipios de Oaxaca la alerta de g\u00e9nero","author":"grieta","date":"27 febrero, 2019","format":false,"excerpt":"Noticias. Citlalli Luciana, A medio a\u00f1o de haberse establecido en Oaxaca la Alerta de Violencia de G\u00e9nero contra las Mujeres (AVGM), 12 municipios contin\u00faan en el desacato. A la par de la desatenci\u00f3n, durante el primer mes del a\u00f1o, las cifras de incidencia delictiva ubicaron a la entidad entre los\u2026","rel":"","context":"En &quot;CINTILLO&quot;","block_context":{"text":"CINTILLO","link":"http:\/\/www.grieta.org.mx\/index.php\/category\/cintillo\/"},"img":{"alt_text":"","src":"https:\/\/i0.wp.com\/www.grieta.org.mx\/wp-content\/uploads\/2019\/03\/image_17.jpg?resize=350%2C200","width":350,"height":200,"srcset":"https:\/\/i0.wp.com\/www.grieta.org.mx\/wp-content\/uploads\/2019\/03\/image_17.jpg?resize=350%2C200 1x, https:\/\/i0.wp.com\/www.grieta.org.mx\/wp-content\/uploads\/2019\/03\/image_17.jpg?resize=525%2C300 1.5x, https:\/\/i0.wp.com\/www.grieta.org.mx\/wp-content\/uploads\/2019\/03\/image_17.jpg?resize=700%2C400 2x, https:\/\/i0.wp.com\/www.grieta.org.mx\/wp-content\/uploads\/2019\/03\/image_17.jpg?resize=1050%2C600 3x"},"classes":[]},{"id":65823,"url":"http:\/\/www.grieta.org.mx\/index.php\/2022\/11\/26\/piden-justicia-por-cuatro-feminicidios-y-tres-desapariciones-en-oaxaca\/","url_meta":{"origin":28754,"position":4},"title":"Piden justicia por cuatro feminicidios y tres desapariciones en Oaxaca","author":"grieta","date":"26 noviembre, 2022","format":false,"excerpt":"Imagen: NVI Noticas Lesle Aguilar \/NVI Noticias HUAJUAPAN DE LE\u00d3N, Oaxaca. - Colectivos feministas pidieron a la Fiscal\u00eda de Oaxaca que se aclaren cuatro casos de feminicidios y tres desapariciones ocurridas en la Mixteca. La colectiva feminista Marea Verde Mixteca dio a conocer en el marco del D\u00eda Internacional para\u2026","rel":"","context":"En &quot;CINTILLO&quot;","block_context":{"text":"CINTILLO","link":"http:\/\/www.grieta.org.mx\/index.php\/category\/cintillo\/"},"img":{"alt_text":"","src":"https:\/\/i0.wp.com\/www.grieta.org.mx\/wp-content\/uploads\/2022\/11\/protesta-dia-naranja.webp?resize=350%2C200","width":350,"height":200,"srcset":"https:\/\/i0.wp.com\/www.grieta.org.mx\/wp-content\/uploads\/2022\/11\/protesta-dia-naranja.webp?resize=350%2C200 1x, https:\/\/i0.wp.com\/www.grieta.org.mx\/wp-content\/uploads\/2022\/11\/protesta-dia-naranja.webp?resize=525%2C300 1.5x, https:\/\/i0.wp.com\/www.grieta.org.mx\/wp-content\/uploads\/2022\/11\/protesta-dia-naranja.webp?resize=700%2C400 2x"},"classes":[]},{"id":51944,"url":"http:\/\/www.grieta.org.mx\/index.php\/2020\/07\/17\/consorcio-oaxaca-documenta-23-feminicidios-en-el-primer-trimestre-de-confinamiento\/","url_meta":{"origin":28754,"position":5},"title":"Consorcio Oaxaca documenta 23 feminicidios en el primer trimestre de confinamiento","author":"grieta","date":"17 julio, 2020","format":false,"excerpt":"Proceso \/ Pedro Mat\u00edas. Grupos feministas colocaron cruces frente a la Fiscal\u00eda de Oaxaca. Foto: @consorciooaxaca OAXACA, Oax. (apro).- Consorcio para el Di\u00e1logo Parlamentario y la Equidad Oaxaca inform\u00f3 que en el primer trimestre de confinamiento por la pandemia de covid-19 documentaron 23 feminicidios y 79 desapariciones de mujeres. De\u2026","rel":"","context":"En &quot;CINTILLO&quot;","block_context":{"text":"CINTILLO","link":"http:\/\/www.grieta.org.mx\/index.php\/category\/cintillo\/"},"img":{"alt_text":"","src":"https:\/\/i0.wp.com\/www.grieta.org.mx\/wp-content\/uploads\/2020\/07\/Fiscalia-Oaxaca-870x522.jpg?resize=350%2C200","width":350,"height":200,"srcset":"https:\/\/i0.wp.com\/www.grieta.org.mx\/wp-content\/uploads\/2020\/07\/Fiscalia-Oaxaca-870x522.jpg?resize=350%2C200 1x, https:\/\/i0.wp.com\/www.grieta.org.mx\/wp-content\/uploads\/2020\/07\/Fiscalia-Oaxaca-870x522.jpg?resize=525%2C300 1.5x, https:\/\/i0.wp.com\/www.grieta.org.mx\/wp-content\/uploads\/2020\/07\/Fiscalia-Oaxaca-870x522.jpg?resize=700%2C400 2x"},"classes":[]}],"_links":{"self":[{"href":"http:\/\/www.grieta.org.mx\/index.php\/wp-json\/wp\/v2\/posts\/28754","targetHints":{"allow":["GET"]}}],"collection":[{"href":"http:\/\/www.grieta.org.mx\/index.php\/wp-json\/wp\/v2\/posts"}],"about":[{"href":"http:\/\/www.grieta.org.mx\/index.php\/wp-json\/wp\/v2\/types\/post"}],"author":[{"embeddable":true,"href":"http:\/\/www.grieta.org.mx\/index.php\/wp-json\/wp\/v2\/users\/2"}],"replies":[{"embeddable":true,"href":"http:\/\/www.grieta.org.mx\/index.php\/wp-json\/wp\/v2\/comments?post=28754"}],"version-history":[{"count":1,"href":"http:\/\/www.grieta.org.mx\/index.php\/wp-json\/wp\/v2\/posts\/28754\/revisions"}],"predecessor-version":[{"id":28756,"href":"http:\/\/www.grieta.org.mx\/index.php\/wp-json\/wp\/v2\/posts\/28754\/revisions\/28756"}],"wp:featuredmedia":[{"embeddable":true,"href":"http:\/\/www.grieta.org.mx\/index.php\/wp-json\/wp\/v2\/media\/28755"}],"wp:attachment":[{"href":"http:\/\/www.grieta.org.mx\/index.php\/wp-json\/wp\/v2\/media?parent=28754"}],"wp:term":[{"taxonomy":"category","embeddable":true,"href":"http:\/\/www.grieta.org.mx\/index.php\/wp-json\/wp\/v2\/categories?post=28754"},{"taxonomy":"post_tag","embeddable":true,"href":"http:\/\/www.grieta.org.mx\/index.php\/wp-json\/wp\/v2\/tags?post=28754"}],"curies":[{"name":"wp","href":"https:\/\/api.w.org\/{rel}","templated":true}]}}