{"id":28751,"date":"2019-02-01T11:39:41","date_gmt":"2019-02-01T17:39:41","guid":{"rendered":"http:\/\/www.grieta.org.mx\/?p=28751"},"modified":"2019-02-03T11:43:35","modified_gmt":"2019-02-03T17:43:35","slug":"estalla-la-huelga-en-la-uabjo-oaxaca","status":"publish","type":"post","link":"http:\/\/www.grieta.org.mx\/index.php\/2019\/02\/01\/estalla-la-huelga-en-la-uabjo-oaxaca\/","title":{"rendered":"Estalla la huelga en la UABJO (Oaxaca)"},"content":{"rendered":"<p>Noticias.<\/p>\n<p>Octavio V\u00e9lez,<\/p>\n<p>Por acuerdo de su asamblea general, el Sindicato de Trabajadores y Empleados de la Universidad Aut\u00f3noma Benito Ju\u00e1rez de Oaxaca (STEUABJO) no acept\u00f3 los ofrecimientos de la m\u00e1xima casa de estudios y estall\u00f3 la huelga en el primer minuto del d\u00eda de hoy,<\/p>\n<p>La suspensi\u00f3n de actividades acad\u00e9micas y administrativas \u2013despu\u00e9s de tres d\u00edas de paro de 12 horas durante las \u00faltimas dos semanas\u2013, afectar\u00e1 a 26 mil 815 alumnos de escuelas, facultades e instituciones del nivel medio superior y superior.<\/p>\n<p><img loading=\"lazy\" decoding=\"async\" data-attachment-id=\"28752\" data-permalink=\"http:\/\/www.grieta.org.mx\/index.php\/2019\/02\/01\/estalla-la-huelga-en-la-uabjo-oaxaca\/image_14\/\" data-orig-file=\"http:\/\/www.grieta.org.mx\/wp-content\/uploads\/2019\/02\/image_14.jpg\" data-orig-size=\"1144,645\" data-comments-opened=\"0\" data-image-meta=\"{&quot;aperture&quot;:&quot;0&quot;,&quot;credit&quot;:&quot;&quot;,&quot;camera&quot;:&quot;&quot;,&quot;caption&quot;:&quot;&quot;,&quot;created_timestamp&quot;:&quot;0&quot;,&quot;copyright&quot;:&quot;&quot;,&quot;focal_length&quot;:&quot;0&quot;,&quot;iso&quot;:&quot;0&quot;,&quot;shutter_speed&quot;:&quot;0&quot;,&quot;title&quot;:&quot;&quot;,&quot;orientation&quot;:&quot;0&quot;}\" data-image-title=\"image_14\" data-image-description=\"\" data-image-caption=\"\" data-medium-file=\"http:\/\/www.grieta.org.mx\/wp-content\/uploads\/2019\/02\/image_14-300x169.jpg\" data-large-file=\"http:\/\/www.grieta.org.mx\/wp-content\/uploads\/2019\/02\/image_14-1024x577.jpg\" src=\"http:\/\/www.grieta.org.mx\/wp-content\/uploads\/2019\/02\/image_14-300x169.jpg\" alt=\"\" width=\"300\" height=\"169\" class=\"aligncenter size-medium wp-image-28752\" srcset=\"http:\/\/www.grieta.org.mx\/wp-content\/uploads\/2019\/02\/image_14-300x169.jpg 300w, http:\/\/www.grieta.org.mx\/wp-content\/uploads\/2019\/02\/image_14-768x433.jpg 768w, http:\/\/www.grieta.org.mx\/wp-content\/uploads\/2019\/02\/image_14-1024x577.jpg 1024w, http:\/\/www.grieta.org.mx\/wp-content\/uploads\/2019\/02\/image_14-887x500.jpg 887w, http:\/\/www.grieta.org.mx\/wp-content\/uploads\/2019\/02\/image_14.jpg 1144w\" sizes=\"auto, (max-width: 300px) 100vw, 300px\" \/><br \/>\nMiembros del STUABJO colocaron las banderas rojinegras en las instalaciones universitarias.<\/p>\n<p>\u201cDe los 71 puntos presentados en nuestro pliego petitorio, solamente 15 fueron atendidos\u201d, afirm\u00f3 el secretario general de la gremial, Fernando L\u00f3pez Cruz.<\/p>\n<p>El dirigente dijo que la asamblea general no admiti\u00f3 el incremento salarial del 3.35 por ciento, conforme al est\u00e1ndar establecido por la UNAM, porque el tope se rompi\u00f3 o fue superado en otras universidades.<\/p>\n<p>\u201cEn otras universidades fue mayor y aqu\u00ed, no hubo ning\u00fan ofrecimiento en prestaciones\u201d, a\u00f1adi\u00f3.<\/p>\n<p>Sin embargo, observ\u00f3 que el estallamiento de la huelga no obedece solamente al aumento en las remuneraciones, sino tambi\u00e9n al incumplimiento del pago de la bonificaci\u00f3n salarial del dos por ciento, convenida el 11 de octubre de 2018.<\/p>\n<p>\u201cEn esa ocasi\u00f3n se firm\u00f3 una minuta, donde la UABJO se comprometi\u00f3 a hacer el pago el 31 de enero de este a\u00f1o, pero no cumpli\u00f3\u201d, se\u00f1al\u00f3.<\/p>\n<p>Adem\u00e1s, subray\u00f3 que la m\u00e1xima casa de estudios no hizo alg\u00fan ofrecimiento para responder al reclamo de basificaci\u00f3n de 37 trabajadores eventuales, ni de la jubilaci\u00f3n de otros 32 trabajadores, ni tampoco de la entrega de dict\u00e1menes a 200 trabajadores con movimientos escalafonarios.<\/p>\n<p>\u201cNo hubo ninguna propuesta de la universidad de \u00faltimo minuto, para evitar la huelga\u201d, se\u00f1al\u00f3.<\/p>\n<p>Aparte de esto, observ\u00f3 que la m\u00e1xima casa de estudios no hizo alg\u00fan planteamiento para el retiro de 200 trabajadores de confianza contratados en las diferentes facultades y escuelas.<\/p>\n<p>\u201cEn vez de solicitar al sindicato proporcionar el personal necesario, como dispone el contrato colectivo de trabajo, otorgan una plaza vacante a personal ajeno\u201d, apunt\u00f3.<\/p>\n<p>De esta manera, destac\u00f3 que la asamblea general del STEUABJO determin\u00f3 estallar la huelga para presionar a la m\u00e1xima casa de estudios a mejorar sus ofrecimientos.<\/p>\n<p>\u201cNo solamente es por el incremento salarial, es porque no respondi\u00f3 la mayor\u00eda del pliego petitorio\u201d, agreg\u00f3.<\/p>\n<p>Ante esto, L\u00f3pez Cruz dijo que la gremial buscar\u00e1 romper el tope salarial del 3.35 por ciento y obtener otras respuestas en los m\u00e1s reclamos.<\/p>\n<p>\u201cQueremos un incremento de por lo menos del seis u ocho por ciento, as\u00ed como respuestas satisfactorias en las dem\u00e1s peticiones\u201d, termin\u00f3.<\/p>\n<p><a href=\"https:\/\/www.nvinoticias.com\/nota\/109896\/estalla-la-huelga-en-la-uabjo\" rel=\"noopener\" target=\"_blank\">https:\/\/www.nvinoticias.com\/nota\/109896\/estalla-la-huelga-en-la-uabjo<\/a><\/p>\n","protected":false},"excerpt":{"rendered":"<p>Noticias. Octavio V\u00e9lez, Por acuerdo de su asamblea general, el Sindicato de Trabajadores y Empleados de la Universidad Aut\u00f3noma Benito Ju\u00e1rez de Oaxaca (STEUABJO) no acept\u00f3 los ofrecimientos de la &hellip; <a href=\"http:\/\/www.grieta.org.mx\/index.php\/2019\/02\/01\/estalla-la-huelga-en-la-uabjo-oaxaca\/\" class=\"more-link\">Leer m\u00e1s<\/a><\/p>\n","protected":false},"author":2,"featured_media":28752,"comment_status":"closed","ping_status":"closed","sticky":false,"template":"","format":"standard","meta":{"ngg_post_thumbnail":0,"_jetpack_newsletter_access":"","_jetpack_dont_email_post_to_subs":false,"_jetpack_newsletter_tier_id":0,"_jetpack_memberships_contains_paywalled_content":false,"_jetpack_memberships_contains_paid_content":false,"footnotes":""},"categories":[80,1355,2,25],"tags":[],"class_list":["post-28751","post","type-post","status-publish","format-standard","has-post-thumbnail","hentry","category-cintillo","category-conflictos-laborales-en-oaxaca","category-noticias-nacionales","category-oaxaca","entry"],"jetpack_featured_media_url":"http:\/\/www.grieta.org.mx\/wp-content\/uploads\/2019\/02\/image_14.jpg","jetpack_sharing_enabled":true,"jetpack_shortlink":"https:\/\/wp.me\/p7ZJR4-7tJ","jetpack_likes_enabled":false,"jetpack-related-posts":[{"id":54307,"url":"http:\/\/www.grieta.org.mx\/index.php\/2020\/10\/07\/estalla-la-huelga-en-48-bachilleratos-interculturales-acusan-a-la-priista-emilia-garcia-de-desviar-33-5-mdp-oaxaca\/","url_meta":{"origin":28751,"position":0},"title":"Estalla la huelga en 48 Bachilleratos Interculturales; acusan a la priista Emilia Garc\u00eda de desviar 33.5 mdp (Oaxaca)","author":"grieta","date":"7 octubre, 2020","format":false,"excerpt":"P\u00e1gina 3 \/ Pedro Mat\u00edas. *Convirti\u00f3 al Colegio Intercultural en su caja chica. | *Exigen a Murat la destituci\u00f3n de la priista que vive de las y los ind\u00edgenas. OAXACA, Oax.- La pr\u00f3rroga termin\u00f3. La huelga estall\u00f3 en los 48 Bachilleratos Interculturales de la entidad. La base trabajadora del Colegio\u2026","rel":"","context":"En &quot;CINTILLO&quot;","block_context":{"text":"CINTILLO","link":"http:\/\/www.grieta.org.mx\/index.php\/category\/cintillo\/"},"img":{"alt_text":"","src":"https:\/\/i0.wp.com\/www.grieta.org.mx\/wp-content\/uploads\/2020\/10\/BIC.jpeg?resize=350%2C200","width":350,"height":200,"srcset":"https:\/\/i0.wp.com\/www.grieta.org.mx\/wp-content\/uploads\/2020\/10\/BIC.jpeg?resize=350%2C200 1x, https:\/\/i0.wp.com\/www.grieta.org.mx\/wp-content\/uploads\/2020\/10\/BIC.jpeg?resize=525%2C300 1.5x, https:\/\/i0.wp.com\/www.grieta.org.mx\/wp-content\/uploads\/2020\/10\/BIC.jpeg?resize=700%2C400 2x"},"classes":[]},{"id":40037,"url":"http:\/\/www.grieta.org.mx\/index.php\/2019\/09\/20\/el-periodista-hiram-moreno-inicia-huelga-de-hambre-por-falta-de-resultados-de-la-fiscalia-oaxaca\/","url_meta":{"origin":28751,"position":1},"title":"El periodista Hiram Moreno inicia huelga de hambre por falta de resultados de la Fiscal\u00eda (Oaxaca)","author":"grieta","date":"20 septiembre, 2019","format":false,"excerpt":"Pedro Mat\u00edas \/ P\u00e1gina 3. Oaxaca, Oax.- El periodista Jes\u00fas Hiram Moreno, director del portal informativo Evidencias -en el Istmo de Tehuantepec-, inici\u00f3 hoy una huelga de hambre frente al palacio municipal de Salina Cruz porque la Fiscal\u00eda General de Oaxaca no tiene ning\u00fan avance en las investigaciones ni detenidos\u2026","rel":"","context":"En &quot;CINTILLO&quot;","block_context":{"text":"CINTILLO","link":"http:\/\/www.grieta.org.mx\/index.php\/category\/cintillo\/"},"img":{"alt_text":"","src":"https:\/\/i0.wp.com\/www.grieta.org.mx\/wp-content\/uploads\/2018\/03\/14524434_1106112876131411_958039263622046936_o.jpg?resize=350%2C200","width":350,"height":200,"srcset":"https:\/\/i0.wp.com\/www.grieta.org.mx\/wp-content\/uploads\/2018\/03\/14524434_1106112876131411_958039263622046936_o.jpg?resize=350%2C200 1x, https:\/\/i0.wp.com\/www.grieta.org.mx\/wp-content\/uploads\/2018\/03\/14524434_1106112876131411_958039263622046936_o.jpg?resize=525%2C300 1.5x, https:\/\/i0.wp.com\/www.grieta.org.mx\/wp-content\/uploads\/2018\/03\/14524434_1106112876131411_958039263622046936_o.jpg?resize=700%2C400 2x"},"classes":[]},{"id":29432,"url":"http:\/\/www.grieta.org.mx\/index.php\/2019\/02\/21\/cuatro-universidades-publicas-en-huelga\/","url_meta":{"origin":28751,"position":2},"title":"Cuatro universidades p\u00fablicas en huelga","author":"grieta","date":"21 febrero, 2019","format":false,"excerpt":"Diario de M\u00e9xico M\u00e9xico.-Con la huelga instalada este jueves en la Universidad Aut\u00f3noma de Chapingo en el Estado de M\u00e9xico suman cuatro instituciones p\u00fablicas de educaci\u00f3n superior en todo el pa\u00eds, que detienen labores por negociaci\u00f3n salarial. La Universidad Aut\u00f3noma Benito Ju\u00e1rez de Oaxaca (UABJO), la Universidad Aut\u00f3noma Metropolitana (UAM)\u2026","rel":"","context":"En &quot;CINTILLO&quot;","block_context":{"text":"CINTILLO","link":"http:\/\/www.grieta.org.mx\/index.php\/category\/cintillo\/"},"img":{"alt_text":"","src":"https:\/\/i0.wp.com\/www.grieta.org.mx\/wp-content\/uploads\/2019\/02\/paro.jpg?resize=350%2C200","width":350,"height":200,"srcset":"https:\/\/i0.wp.com\/www.grieta.org.mx\/wp-content\/uploads\/2019\/02\/paro.jpg?resize=350%2C200 1x, https:\/\/i0.wp.com\/www.grieta.org.mx\/wp-content\/uploads\/2019\/02\/paro.jpg?resize=525%2C300 1.5x, https:\/\/i0.wp.com\/www.grieta.org.mx\/wp-content\/uploads\/2019\/02\/paro.jpg?resize=700%2C400 2x, https:\/\/i0.wp.com\/www.grieta.org.mx\/wp-content\/uploads\/2019\/02\/paro.jpg?resize=1050%2C600 3x"},"classes":[]},{"id":32361,"url":"http:\/\/www.grieta.org.mx\/index.php\/2019\/04\/19\/el-periodista-hiram-moreno-se-declara-en-huelga-de-hambre-ante-retiro-de-escoltas-y-nulos-avances-en-la-investigacion-oaxaca\/","url_meta":{"origin":28751,"position":3},"title":"El periodista Hiram Moreno se declara en huelga de hambre ante retiro de escoltas y nulos avances en la investigaci\u00f3n (Oaxaca)","author":"grieta","date":"19 abril, 2019","format":false,"excerpt":"P\u00e1gina 3. Pedro Mat\u00edas, Oaxaca, Oax.- El periodista Jes\u00fas Hiram Moreno, director del portal informativo Evidencias en el Istmo de Tehuantepec, inici\u00f3 hoy una huelga de hambre en el Puerto de Salina Cruz al ser notificado que la Polic\u00eda Estatal de Oaxaca le retir\u00f3 la escolta y el nulo avance\u2026","rel":"","context":"En &quot;CINTILLO&quot;","block_context":{"text":"CINTILLO","link":"http:\/\/www.grieta.org.mx\/index.php\/category\/cintillo\/"},"img":{"alt_text":"","src":"https:\/\/i0.wp.com\/www.grieta.org.mx\/wp-content\/uploads\/2019\/04\/Hiram-Moreno-periodista.jpg?resize=350%2C200","width":350,"height":200,"srcset":"https:\/\/i0.wp.com\/www.grieta.org.mx\/wp-content\/uploads\/2019\/04\/Hiram-Moreno-periodista.jpg?resize=350%2C200 1x, https:\/\/i0.wp.com\/www.grieta.org.mx\/wp-content\/uploads\/2019\/04\/Hiram-Moreno-periodista.jpg?resize=525%2C300 1.5x, https:\/\/i0.wp.com\/www.grieta.org.mx\/wp-content\/uploads\/2019\/04\/Hiram-Moreno-periodista.jpg?resize=700%2C400 2x"},"classes":[]},{"id":33380,"url":"http:\/\/www.grieta.org.mx\/index.php\/2019\/05\/11\/exigen-investigacion-por-bruno-avendano-oaxaca\/","url_meta":{"origin":28751,"position":4},"title":"Exigen investigaci\u00f3n por Bruno Avenda\u00f1o (Oaxaca)","author":"grieta","date":"11 mayo, 2019","format":false,"excerpt":"Noticias. Por Agencia Reforma, Un grupo de manifestantes exigen a las autoridades investigaci\u00f3n de Bruno Avenda\u00f1o. CIUDAD DE M\u00c9XICO.- Familiares y amigos del marino Bruno Avenda\u00f1o Mart\u00ednez realizaron una protesta frente a la sede de la Fiscal\u00eda General de la Rep\u00fablica (FGR) para exigir una investigaci\u00f3n que permita der con\u2026","rel":"","context":"En &quot;CINTILLO&quot;","block_context":{"text":"CINTILLO","link":"http:\/\/www.grieta.org.mx\/index.php\/category\/cintillo\/"},"img":{"alt_text":"","src":"https:\/\/i0.wp.com\/www.grieta.org.mx\/wp-content\/uploads\/2019\/05\/image_7.jpg?resize=350%2C200","width":350,"height":200,"srcset":"https:\/\/i0.wp.com\/www.grieta.org.mx\/wp-content\/uploads\/2019\/05\/image_7.jpg?resize=350%2C200 1x, https:\/\/i0.wp.com\/www.grieta.org.mx\/wp-content\/uploads\/2019\/05\/image_7.jpg?resize=525%2C300 1.5x, https:\/\/i0.wp.com\/www.grieta.org.mx\/wp-content\/uploads\/2019\/05\/image_7.jpg?resize=700%2C400 2x, https:\/\/i0.wp.com\/www.grieta.org.mx\/wp-content\/uploads\/2019\/05\/image_7.jpg?resize=1050%2C600 3x"},"classes":[]},{"id":45626,"url":"http:\/\/www.grieta.org.mx\/index.php\/2020\/03\/02\/dos-mujeres-asesinadas-asi-inicia-la-semana-en-oaxaca\/","url_meta":{"origin":28751,"position":5},"title":"Dos mujeres asesinadas, as\u00ed inicia la semana en Oaxaca","author":"grieta","date":"2 marzo, 2020","format":false,"excerpt":"Noticias \/ Por Milenio. La Fiscal\u00eda General del Estado (FGE) de Oaxaca report\u00f3 que dos mujeres fueron asesinadas en diferentes puntos de la entidad. Explic\u00f3 que alrededor de las 9:00 horas un grupo de hombres armados, que viajaba a bordo de una camioneta, dispar\u00f3 a una mujer que sal\u00eda de\u2026","rel":"","context":"En &quot;CINTILLO&quot;","block_context":{"text":"CINTILLO","link":"http:\/\/www.grieta.org.mx\/index.php\/category\/cintillo\/"},"img":{"alt_text":"","src":"https:\/\/i0.wp.com\/www.grieta.org.mx\/wp-content\/uploads\/2020\/03\/2.jpg?resize=350%2C200","width":350,"height":200,"srcset":"https:\/\/i0.wp.com\/www.grieta.org.mx\/wp-content\/uploads\/2020\/03\/2.jpg?resize=350%2C200 1x, https:\/\/i0.wp.com\/www.grieta.org.mx\/wp-content\/uploads\/2020\/03\/2.jpg?resize=525%2C300 1.5x, https:\/\/i0.wp.com\/www.grieta.org.mx\/wp-content\/uploads\/2020\/03\/2.jpg?resize=700%2C400 2x, https:\/\/i0.wp.com\/www.grieta.org.mx\/wp-content\/uploads\/2020\/03\/2.jpg?resize=1050%2C600 3x"},"classes":[]}],"_links":{"self":[{"href":"http:\/\/www.grieta.org.mx\/index.php\/wp-json\/wp\/v2\/posts\/28751","targetHints":{"allow":["GET"]}}],"collection":[{"href":"http:\/\/www.grieta.org.mx\/index.php\/wp-json\/wp\/v2\/posts"}],"about":[{"href":"http:\/\/www.grieta.org.mx\/index.php\/wp-json\/wp\/v2\/types\/post"}],"author":[{"embeddable":true,"href":"http:\/\/www.grieta.org.mx\/index.php\/wp-json\/wp\/v2\/users\/2"}],"replies":[{"embeddable":true,"href":"http:\/\/www.grieta.org.mx\/index.php\/wp-json\/wp\/v2\/comments?post=28751"}],"version-history":[{"count":1,"href":"http:\/\/www.grieta.org.mx\/index.php\/wp-json\/wp\/v2\/posts\/28751\/revisions"}],"predecessor-version":[{"id":28753,"href":"http:\/\/www.grieta.org.mx\/index.php\/wp-json\/wp\/v2\/posts\/28751\/revisions\/28753"}],"wp:featuredmedia":[{"embeddable":true,"href":"http:\/\/www.grieta.org.mx\/index.php\/wp-json\/wp\/v2\/media\/28752"}],"wp:attachment":[{"href":"http:\/\/www.grieta.org.mx\/index.php\/wp-json\/wp\/v2\/media?parent=28751"}],"wp:term":[{"taxonomy":"category","embeddable":true,"href":"http:\/\/www.grieta.org.mx\/index.php\/wp-json\/wp\/v2\/categories?post=28751"},{"taxonomy":"post_tag","embeddable":true,"href":"http:\/\/www.grieta.org.mx\/index.php\/wp-json\/wp\/v2\/tags?post=28751"}],"curies":[{"name":"wp","href":"https:\/\/api.w.org\/{rel}","templated":true}]}}