{"id":28653,"date":"2019-01-22T18:57:00","date_gmt":"2019-01-23T00:57:00","guid":{"rendered":"http:\/\/www.grieta.org.mx\/?p=28653"},"modified":"2019-01-29T19:12:46","modified_gmt":"2019-01-30T01:12:46","slug":"demandan-maestros-de-ingles-regularizar-su-situacion-laboral-durango","status":"publish","type":"post","link":"http:\/\/www.grieta.org.mx\/index.php\/2019\/01\/22\/demandan-maestros-de-ingles-regularizar-su-situacion-laboral-durango\/","title":{"rendered":"Demandan maestros de Ingl\u00e9s regularizar su situaci\u00f3n laboral (Durango)"},"content":{"rendered":"<p><img loading=\"lazy\" decoding=\"async\" data-attachment-id=\"28654\" data-permalink=\"http:\/\/www.grieta.org.mx\/index.php\/2019\/01\/22\/demandan-maestros-de-ingles-regularizar-su-situacion-laboral-durango\/attachment\/773757\/\" data-orig-file=\"http:\/\/www.grieta.org.mx\/wp-content\/uploads\/2019\/01\/773757.jpeg\" data-orig-size=\"720,540\" data-comments-opened=\"0\" data-image-meta=\"{&quot;aperture&quot;:&quot;0&quot;,&quot;credit&quot;:&quot;&quot;,&quot;camera&quot;:&quot;&quot;,&quot;caption&quot;:&quot;&quot;,&quot;created_timestamp&quot;:&quot;0&quot;,&quot;copyright&quot;:&quot;&quot;,&quot;focal_length&quot;:&quot;0&quot;,&quot;iso&quot;:&quot;0&quot;,&quot;shutter_speed&quot;:&quot;0&quot;,&quot;title&quot;:&quot;&quot;,&quot;orientation&quot;:&quot;0&quot;}\" data-image-title=\"773757\" data-image-description=\"\" data-image-caption=\"\" data-medium-file=\"http:\/\/www.grieta.org.mx\/wp-content\/uploads\/2019\/01\/773757-300x225.jpeg\" data-large-file=\"http:\/\/www.grieta.org.mx\/wp-content\/uploads\/2019\/01\/773757.jpeg\" src=\"http:\/\/www.grieta.org.mx\/wp-content\/uploads\/2019\/01\/773757-300x225.jpeg\" alt=\"\" width=\"300\" height=\"225\" class=\"aligncenter size-medium wp-image-28654\" srcset=\"http:\/\/www.grieta.org.mx\/wp-content\/uploads\/2019\/01\/773757-300x225.jpeg 300w, http:\/\/www.grieta.org.mx\/wp-content\/uploads\/2019\/01\/773757-667x500.jpeg 667w, http:\/\/www.grieta.org.mx\/wp-content\/uploads\/2019\/01\/773757.jpeg 720w\" sizes=\"auto, (max-width: 300px) 100vw, 300px\" \/><br \/>\nClaudia Landeros\/El Siglo de Durango<\/p>\n<blockquote><p>Docentes del Programa Nacional de Ingl\u00e9s (Proni) se manifestaron en la Plaza de Armas de G\u00f3mez Palacio para pedir apoyo a las autoridades que corresponda, a fin de regularizar su situaci\u00f3n laboral ya que de momento est\u00e1n sin empleo.<\/p><\/blockquote>\n<p><strong>SIN TRABAJO<\/strong><br \/>\n&#8220;Somos maestros que trabajamos para el sistema educativo y que lo hemos hecho desde hace a\u00f1os sin ning\u00fan tipo de prestaci\u00f3n, aumentos de sueldo, no hay ninguna certeza y por el momento estamos pr\u00e1cticamente desempleados&#8221;, coment\u00f3 la profesora.<\/p>\n<p>Explic\u00f3 que por lo general firman contrato en el mes de septiembre y en ocasiones para enero o febrero, pero por el momento no saben si se va a firmar y no son constantes dichos contratos, por lo que hay mucha incertidumbre entre los docentes de Ingl\u00e9s.<\/p>\n<p>En Durango son alrededor de 550 maestros afectados, sin pago de vacaciones, servicios m\u00e9dicos, ni aguinaldos, bonos, ni incapacidades, seg\u00fan comentaron.<\/p>\n<p>Alicia Machado, maestra integrante del movimiento Fuerza Proni en La Laguna de Durango, dijo que el programa tiene alrededor de 15 a\u00f1os en la regi\u00f3n y desde entonces siguen sin ser contratados y no cuentan con prestaciones de ley, por lo tanto sin ser contratados ni contar con una base en la Secretar\u00eda de Educaci\u00f3n.<\/p>\n<p><a href=\"https:\/\/www.elsiglodedurango.com.mx\/noticia\/1022989.demandan-maestros-de-ingles-regularizar-su-situacion-laboral.html\" rel=\"noopener\" target=\"_blank\">https:\/\/www.elsiglodedurango.com.mx\/noticia\/1022989.demandan-maestros-de-ingles-regularizar-su-situacion-laboral.html<\/a><\/p>\n","protected":false},"excerpt":{"rendered":"<p>Claudia Landeros\/El Siglo de Durango Docentes del Programa Nacional de Ingl\u00e9s (Proni) se manifestaron en la Plaza de Armas de G\u00f3mez Palacio para pedir apoyo a las autoridades que corresponda, &hellip; <a href=\"http:\/\/www.grieta.org.mx\/index.php\/2019\/01\/22\/demandan-maestros-de-ingles-regularizar-su-situacion-laboral-durango\/\" class=\"more-link\">Leer m\u00e1s<\/a><\/p>\n","protected":false},"author":2,"featured_media":28654,"comment_status":"closed","ping_status":"closed","sticky":false,"template":"","format":"standard","meta":{"ngg_post_thumbnail":0,"_jetpack_newsletter_access":"","_jetpack_dont_email_post_to_subs":false,"_jetpack_newsletter_tier_id":0,"_jetpack_memberships_contains_paywalled_content":false,"_jetpack_memberships_contains_paid_content":false,"footnotes":""},"categories":[80,15,910,1101,2022,2,83],"tags":[105,1683],"class_list":["post-28653","post","type-post","status-publish","format-standard","has-post-thumbnail","hentry","category-cintillo","category-durango","category-explotacion-y-precariedad-laboral","category-conflictos-laborales-en-durango","category-lucha-de-los-maestros-del-programa-nacional-de-ingles-en-durango","category-noticias-nacionales","category-temas-nacionales","tag-derechos-laborales","tag-maestros-de-ingles","entry"],"jetpack_featured_media_url":"http:\/\/www.grieta.org.mx\/wp-content\/uploads\/2019\/01\/773757.jpeg","jetpack_sharing_enabled":true,"jetpack_shortlink":"https:\/\/wp.me\/p7ZJR4-7s9","jetpack_likes_enabled":false,"jetpack-related-posts":[{"id":11753,"url":"http:\/\/www.grieta.org.mx\/index.php\/2016\/05\/04\/exigen-maestros-pagos-de-jubilaciones-y-medicamentos-en-la-laguna-de-durango\/","url_meta":{"origin":28653,"position":0},"title":"Exigen maestros pagos de jubilaciones y medicamentos en La Laguna de Durango","author":"grieta","date":"4 mayo, 2016","format":false,"excerpt":"Mayela Avila G\u00f3mez Palacio, Durango (04\/05\/2016).- Este mi\u00e9rcoles, maestros de la secci\u00f3n 44 del Sindicato Nacional de Trabajadores de la Educaci\u00f3n se manifestaron en las instalaciones de la subsecretar\u00eda de Educaci\u00f3n en la regi\u00f3n Laguna con sede en G\u00f3mez Palacio, en protesta por irregularidades para el pago de finiquitos y\u2026","rel":"","context":"En &quot;CINTILLO&quot;","block_context":{"text":"CINTILLO","link":"http:\/\/www.grieta.org.mx\/index.php\/category\/cintillo\/"},"img":{"alt_text":"","src":"https:\/\/i0.wp.com\/www.grieta.org.mx\/wp-content\/uploads\/2018\/03\/14524434_1106112876131411_958039263622046936_o.jpg?resize=350%2C200","width":350,"height":200,"srcset":"https:\/\/i0.wp.com\/www.grieta.org.mx\/wp-content\/uploads\/2018\/03\/14524434_1106112876131411_958039263622046936_o.jpg?resize=350%2C200 1x, https:\/\/i0.wp.com\/www.grieta.org.mx\/wp-content\/uploads\/2018\/03\/14524434_1106112876131411_958039263622046936_o.jpg?resize=525%2C300 1.5x, https:\/\/i0.wp.com\/www.grieta.org.mx\/wp-content\/uploads\/2018\/03\/14524434_1106112876131411_958039263622046936_o.jpg?resize=700%2C400 2x"},"classes":[]},{"id":32953,"url":"http:\/\/www.grieta.org.mx\/index.php\/2019\/05\/03\/exigen-cadis-pago-de-quincenas-durango\/","url_meta":{"origin":28653,"position":1},"title":"Exigen CADI\u00b4s pago de quincenas (Durango)","author":"grieta","date":"3 mayo, 2019","format":false,"excerpt":"Jos\u00e9lo Fuentes Delgado \/ La Voz de Durango Maestros, personal de apoyo, padres de familia y alumnos se manifestaron marchando de la Plaza de Armas hasta las instalaciones del Centro Cultural y de Convenciones Bicentenario (CCCB), para exigir el pago de ocho quincenas que les deben, situaci\u00f3n que ya es\u2026","rel":"","context":"En &quot;CINTILLO&quot;","block_context":{"text":"CINTILLO","link":"http:\/\/www.grieta.org.mx\/index.php\/category\/cintillo\/"},"img":{"alt_text":"","src":"https:\/\/i0.wp.com\/www.grieta.org.mx\/wp-content\/uploads\/2019\/05\/cadis.jpg?resize=350%2C200","width":350,"height":200,"srcset":"https:\/\/i0.wp.com\/www.grieta.org.mx\/wp-content\/uploads\/2019\/05\/cadis.jpg?resize=350%2C200 1x, https:\/\/i0.wp.com\/www.grieta.org.mx\/wp-content\/uploads\/2019\/05\/cadis.jpg?resize=525%2C300 1.5x"},"classes":[]},{"id":32963,"url":"http:\/\/www.grieta.org.mx\/index.php\/2019\/05\/01\/maestros-en-durango-sin-itp-quedan-en-pobreza\/","url_meta":{"origin":28653,"position":2},"title":"Maestros en Durango sin ITP quedan en pobreza","author":"grieta","date":"1 mayo, 2019","format":false,"excerpt":"Nallely Urbina\/El Sol de Durango Maestros que enferman o sufren un accidente que les impide trabajar, no tienen acceso a la Incapacidad Total y Permanente (ITP), denunci\u00f3 Rafael Montes representante de la Secci\u00f3n 44 de la Coordinadora de trabajadores de la Educaci\u00f3n (CNTE). Refiri\u00f3 que el cambio se dio cuando\u2026","rel":"","context":"En &quot;Durango&quot;","block_context":{"text":"Durango","link":"http:\/\/www.grieta.org.mx\/index.php\/category\/noticias-nacionales\/durango\/"},"img":{"alt_text":"","src":"https:\/\/i0.wp.com\/www.grieta.org.mx\/wp-content\/uploads\/2019\/05\/802651.jpeg?resize=350%2C200","width":350,"height":200,"srcset":"https:\/\/i0.wp.com\/www.grieta.org.mx\/wp-content\/uploads\/2019\/05\/802651.jpeg?resize=350%2C200 1x, https:\/\/i0.wp.com\/www.grieta.org.mx\/wp-content\/uploads\/2019\/05\/802651.jpeg?resize=525%2C300 1.5x, https:\/\/i0.wp.com\/www.grieta.org.mx\/wp-content\/uploads\/2019\/05\/802651.jpeg?resize=700%2C400 2x"},"classes":[]},{"id":2174,"url":"http:\/\/www.grieta.org.mx\/index.php\/2016\/02\/12\/maestros-toman-escuela-de-educacion-fisica\/","url_meta":{"origin":28653,"position":3},"title":"Maestros toman escuela de Educaci\u00f3n F\u00edsica","author":"grieta","date":"12 febrero, 2016","format":false,"excerpt":"Maestros de la Escuela de Educaci\u00f3n F\u00edsica de la UJED, tomaron el plantel para exigir el respeto a sus plazas, pues la Administraci\u00f3n Central ha contratado hasta a 20 personas para atender materias que pueden ser cubiertas por el propio personal en funciones. As\u00ed lo se\u00f1al\u00f3 Jes\u00fas Abraham Soto Rivera,\u2026","rel":"","context":"En &quot;CINTILLO&quot;","block_context":{"text":"CINTILLO","link":"http:\/\/www.grieta.org.mx\/index.php\/category\/cintillo\/"},"img":{"alt_text":"","src":"https:\/\/i0.wp.com\/www.grieta.org.mx\/wp-content\/uploads\/2018\/03\/14524434_1106112876131411_958039263622046936_o.jpg?resize=350%2C200","width":350,"height":200,"srcset":"https:\/\/i0.wp.com\/www.grieta.org.mx\/wp-content\/uploads\/2018\/03\/14524434_1106112876131411_958039263622046936_o.jpg?resize=350%2C200 1x, https:\/\/i0.wp.com\/www.grieta.org.mx\/wp-content\/uploads\/2018\/03\/14524434_1106112876131411_958039263622046936_o.jpg?resize=525%2C300 1.5x, https:\/\/i0.wp.com\/www.grieta.org.mx\/wp-content\/uploads\/2018\/03\/14524434_1106112876131411_958039263622046936_o.jpg?resize=700%2C400 2x"},"classes":[]},{"id":15141,"url":"http:\/\/www.grieta.org.mx\/index.php\/2016\/06\/23\/medicos-alzan-la-voz\/","url_meta":{"origin":28653,"position":4},"title":"M\u00e9dicos alzan la voz","author":"grieta","date":"23 junio, 2016","format":false,"excerpt":"Al igual que en otras partes del pa\u00eds, m\u00e9dicos duranguenses se unieron a la manifestaci\u00f3n en contra de las agresiones que sufren y en repudio a la universalidad del sistema nacional de salud. El contingente avanz\u00f3 por la calle 5 de Febrero, partiendo del Jard\u00edn de San Antonio, hasta llegar\u2026","rel":"","context":"En &quot;CINTILLO&quot;","block_context":{"text":"CINTILLO","link":"http:\/\/www.grieta.org.mx\/index.php\/category\/cintillo\/"},"img":{"alt_text":"","src":"https:\/\/i0.wp.com\/www.grieta.org.mx\/wp-content\/uploads\/2016\/06\/marchan-contra-reforma-salud-durango-1.jpeg?resize=350%2C200","width":350,"height":200,"srcset":"https:\/\/i0.wp.com\/www.grieta.org.mx\/wp-content\/uploads\/2016\/06\/marchan-contra-reforma-salud-durango-1.jpeg?resize=350%2C200 1x, https:\/\/i0.wp.com\/www.grieta.org.mx\/wp-content\/uploads\/2016\/06\/marchan-contra-reforma-salud-durango-1.jpeg?resize=525%2C300 1.5x, https:\/\/i0.wp.com\/www.grieta.org.mx\/wp-content\/uploads\/2016\/06\/marchan-contra-reforma-salud-durango-1.jpeg?resize=700%2C400 2x"},"classes":[]},{"id":33262,"url":"http:\/\/www.grieta.org.mx\/index.php\/2019\/05\/07\/maestros-del-cadi-toman-la-seed-durango\/","url_meta":{"origin":28653,"position":5},"title":"Maestros del CADI toman la SEED (Durango)","author":"grieta","date":"7 mayo, 2019","format":false,"excerpt":"Redacci\u00f3n\/El Sol de Durango Docentes del Sistema de Centros de Atenci\u00f3n y Desarrollo Infantil (CADI) tomaron las instalaciones de la Secretar\u00eda de Educaci\u00f3n del Estado de Durango (SEED) para manifestarse por las quincenas que a\u00fan no les han pagado. La Directora General del Sistema CADI, Mar\u00eda P\u00e1ez G\u00fcereca en entrevista\u2026","rel":"","context":"En &quot;CINTILLO&quot;","block_context":{"text":"CINTILLO","link":"http:\/\/www.grieta.org.mx\/index.php\/category\/cintillo\/"},"img":{"alt_text":"","src":"https:\/\/i0.wp.com\/www.grieta.org.mx\/wp-content\/uploads\/2019\/05\/ag3.jpg?resize=350%2C200","width":350,"height":200,"srcset":"https:\/\/i0.wp.com\/www.grieta.org.mx\/wp-content\/uploads\/2019\/05\/ag3.jpg?resize=350%2C200 1x, https:\/\/i0.wp.com\/www.grieta.org.mx\/wp-content\/uploads\/2019\/05\/ag3.jpg?resize=525%2C300 1.5x, https:\/\/i0.wp.com\/www.grieta.org.mx\/wp-content\/uploads\/2019\/05\/ag3.jpg?resize=700%2C400 2x"},"classes":[]}],"_links":{"self":[{"href":"http:\/\/www.grieta.org.mx\/index.php\/wp-json\/wp\/v2\/posts\/28653","targetHints":{"allow":["GET"]}}],"collection":[{"href":"http:\/\/www.grieta.org.mx\/index.php\/wp-json\/wp\/v2\/posts"}],"about":[{"href":"http:\/\/www.grieta.org.mx\/index.php\/wp-json\/wp\/v2\/types\/post"}],"author":[{"embeddable":true,"href":"http:\/\/www.grieta.org.mx\/index.php\/wp-json\/wp\/v2\/users\/2"}],"replies":[{"embeddable":true,"href":"http:\/\/www.grieta.org.mx\/index.php\/wp-json\/wp\/v2\/comments?post=28653"}],"version-history":[{"count":1,"href":"http:\/\/www.grieta.org.mx\/index.php\/wp-json\/wp\/v2\/posts\/28653\/revisions"}],"predecessor-version":[{"id":28655,"href":"http:\/\/www.grieta.org.mx\/index.php\/wp-json\/wp\/v2\/posts\/28653\/revisions\/28655"}],"wp:featuredmedia":[{"embeddable":true,"href":"http:\/\/www.grieta.org.mx\/index.php\/wp-json\/wp\/v2\/media\/28654"}],"wp:attachment":[{"href":"http:\/\/www.grieta.org.mx\/index.php\/wp-json\/wp\/v2\/media?parent=28653"}],"wp:term":[{"taxonomy":"category","embeddable":true,"href":"http:\/\/www.grieta.org.mx\/index.php\/wp-json\/wp\/v2\/categories?post=28653"},{"taxonomy":"post_tag","embeddable":true,"href":"http:\/\/www.grieta.org.mx\/index.php\/wp-json\/wp\/v2\/tags?post=28653"}],"curies":[{"name":"wp","href":"https:\/\/api.w.org\/{rel}","templated":true}]}}