{"id":28575,"date":"2019-01-04T11:07:19","date_gmt":"2019-01-04T17:07:19","guid":{"rendered":"http:\/\/www.grieta.org.mx\/?p=28575"},"modified":"2019-01-24T11:14:36","modified_gmt":"2019-01-24T17:14:36","slug":"siguen-los-acosos-y-despidos-laborales-en-oceanografia-campeche","status":"publish","type":"post","link":"http:\/\/www.grieta.org.mx\/index.php\/2019\/01\/04\/siguen-los-acosos-y-despidos-laborales-en-oceanografia-campeche\/","title":{"rendered":"Siguen los acosos y despidos laborales en Oceanograf\u00eda (Campeche)"},"content":{"rendered":"<p><img loading=\"lazy\" decoding=\"async\" data-attachment-id=\"28576\" data-permalink=\"http:\/\/www.grieta.org.mx\/index.php\/2019\/01\/04\/siguen-los-acosos-y-despidos-laborales-en-oceanografia-campeche\/foto-1-6-640x427\/\" data-orig-file=\"http:\/\/www.grieta.org.mx\/wp-content\/uploads\/2019\/01\/FOTO-1-6-640x427.jpg\" data-orig-size=\"640,427\" data-comments-opened=\"0\" data-image-meta=\"{&quot;aperture&quot;:&quot;0&quot;,&quot;credit&quot;:&quot;&quot;,&quot;camera&quot;:&quot;&quot;,&quot;caption&quot;:&quot;&quot;,&quot;created_timestamp&quot;:&quot;0&quot;,&quot;copyright&quot;:&quot;&quot;,&quot;focal_length&quot;:&quot;0&quot;,&quot;iso&quot;:&quot;0&quot;,&quot;shutter_speed&quot;:&quot;0&quot;,&quot;title&quot;:&quot;&quot;,&quot;orientation&quot;:&quot;0&quot;}\" data-image-title=\"FOTO-1-6-640&amp;#215;427\" data-image-description=\"\" data-image-caption=\"\" data-medium-file=\"http:\/\/www.grieta.org.mx\/wp-content\/uploads\/2019\/01\/FOTO-1-6-640x427-300x200.jpg\" data-large-file=\"http:\/\/www.grieta.org.mx\/wp-content\/uploads\/2019\/01\/FOTO-1-6-640x427.jpg\" src=\"http:\/\/www.grieta.org.mx\/wp-content\/uploads\/2019\/01\/FOTO-1-6-640x427.jpg\" alt=\"\" width=\"640\" height=\"427\" class=\"aligncenter size-full wp-image-28576\" srcset=\"http:\/\/www.grieta.org.mx\/wp-content\/uploads\/2019\/01\/FOTO-1-6-640x427.jpg 640w, http:\/\/www.grieta.org.mx\/wp-content\/uploads\/2019\/01\/FOTO-1-6-640x427-300x200.jpg 300w\" sizes=\"auto, (max-width: 640px) 100vw, 640px\" \/><\/p>\n<p>Redacci\u00f3n\/Campeche Hoy<br \/>\nCD DEL CARMEN. Contin\u00faan las denuncias en contra de la empresa petrolera Oceanograf\u00eda por abusos laborales, ahora 21 trabajadores activos fueron dados de baja como derechohabientes del Instituto Mexicano del Seguro Social (IMSS) sin previo aviso y a\u00fan les debe ocho meses de salario, pero Jorge Betancourt M\u00e9ndez no les da explicaci\u00f3n alguna sobre este atropello.<\/p>\n<p>El obrero activo Joaqu\u00edn Garc\u00eda Mendoza, se\u00f1al\u00f3 que adem\u00e1s de la falta de liquidez econ\u00f3mica para el pago de sus salarios y prestaciones laborales, los empleados de la naviera enfrentan acoso y amenazas de parte de Betancourt M\u00e9ndez, b\u00e1sicamente se resume en \u201cs\u00ed se quejan o denuncian, ser\u00e1n despedidos\u201d, oblig\u00e1ndolos a firmar todos los d\u00edas la bit\u00e1cora de asistencia y ordenarles realizar labores dentro y fuera de los patios de la compa\u00f1\u00eda.<\/p>\n<p>TRABAJOS DE RIESGO SIN SEGURO SOCIAL<\/p>\n<p>Dentro de las categor\u00edas de los obreros afectados hay desde un buzo y tubero especialista, hasta superintendente de patios, que deben realizar trabajos de riesgo sin tener Seguro Social, si alg\u00fan accidente laboral les ocurriera no podr\u00edan ser atendidos en el IMSS, pues Oceanograf\u00eda ya no paga las cuotas obrero-patronal de sus empleados.<\/p>\n<p>Esto tambi\u00e9n afecta a sus familias, esposas e hijos que ya no podr\u00e1n ser atendidos por la instituci\u00f3n de salud, as\u00ed como tambi\u00e9n sus padres con enfermedades cr\u00f3nicas como hipertensi\u00f3n o diabetes, que ya no recibir\u00e1n de forma gratuita los medicamentos que les ayuden a controlar sus padecimientos<\/p>\n<p>NO HAY PROTECCI\u00d3N A TRABAJADORES<\/p>\n<p>La situaci\u00f3n que se vive es incierta desde la detenci\u00f3n de Amado Ya\u00f1ez, due\u00f1o de la empresa, por el proceso que se le lleva por fraude de 500 millones de d\u00f3lares a Banamex, Oceanograf\u00eda no se ha recuperado siendo perjudicados por m\u00e1s de 4 a\u00f1os los trabajadores, a pesar que con el proceso de concurso a la que se llev\u00f3 acabo la deudora se llevar\u00eda a cabo el pago de proveedores y la protecci\u00f3n laboral de m\u00e1s de 12 mil trabajadores, lo que no se ha cumplido y hoy se acusa de casos de explotaci\u00f3n laboral, sin pago de salarios y ninguna protecci\u00f3n de empleados.<\/p>\n<p><a href=\"http:\/\/campechehoy.mx\/2019\/01\/04\/siguen-los-acosos-y-despidos-laborales-en-oceanografia\/\" rel=\"noopener\" target=\"_blank\">http:\/\/campechehoy.mx\/2019\/01\/04\/siguen-los-acosos-y-despidos-laborales-en-oceanografia\/<\/a><\/p>\n","protected":false},"excerpt":{"rendered":"<p>Redacci\u00f3n\/Campeche Hoy CD DEL CARMEN. Contin\u00faan las denuncias en contra de la empresa petrolera Oceanograf\u00eda por abusos laborales, ahora 21 trabajadores activos fueron dados de baja como derechohabientes del Instituto &hellip; <a href=\"http:\/\/www.grieta.org.mx\/index.php\/2019\/01\/04\/siguen-los-acosos-y-despidos-laborales-en-oceanografia-campeche\/\" class=\"more-link\">Leer m\u00e1s<\/a><\/p>\n","protected":false},"author":2,"featured_media":28576,"comment_status":"closed","ping_status":"closed","sticky":false,"template":"","format":"standard","meta":{"ngg_post_thumbnail":0,"_jetpack_newsletter_access":"","_jetpack_dont_email_post_to_subs":false,"_jetpack_newsletter_tier_id":0,"_jetpack_memberships_contains_paywalled_content":false,"_jetpack_memberships_contains_paid_content":false,"footnotes":""},"categories":[11,80,1040,2,1312],"tags":[113,105,1235],"class_list":["post-28575","post","type-post","status-publish","format-standard","has-post-thumbnail","hentry","category-campeche","category-cintillo","category-conflictos-laborales-en-campeche","category-noticias-nacionales","category-oceanografia","tag-conflictos-laborales","tag-derechos-laborales","tag-oceanografia","entry"],"jetpack_featured_media_url":"http:\/\/www.grieta.org.mx\/wp-content\/uploads\/2019\/01\/FOTO-1-6-640x427.jpg","jetpack_sharing_enabled":true,"jetpack_shortlink":"https:\/\/wp.me\/p7ZJR4-7qT","jetpack_likes_enabled":false,"jetpack-related-posts":[{"id":23155,"url":"http:\/\/www.grieta.org.mx\/index.php\/2018\/05\/15\/protestan-extrabajadores-en-contra-de-yanez-osuna-campeche\/","url_meta":{"origin":28575,"position":0},"title":"Protestan extrabajadores en contra de Y\u00e1\u00f1ez Osuna (Campeche)","author":"grieta","date":"15 mayo, 2018","format":false,"excerpt":"Alrededor de 50 extrabajadores de Oceanograf\u00eda se manifestaron con mantas en plena calle 24 de la colonia Centro, para protestar en contra del empresario Amado Y\u00e1\u00f1ez Osuna, quien les niega el pago de sus liquidaciones y de Julio C\u00e9sar \u00c1valos, representante del Sindicato Secci\u00f3n 15 Pit\u00e1goras, quien pretende afiliarlos como\u2026","rel":"","context":"En &quot;Campeche&quot;","block_context":{"text":"Campeche","link":"http:\/\/www.grieta.org.mx\/index.php\/category\/noticias-nacionales\/campeche\/"},"img":{"alt_text":"","src":"https:\/\/i0.wp.com\/www.grieta.org.mx\/wp-content\/uploads\/2018\/05\/Oceanografiamayo18.png?resize=350%2C200","width":350,"height":200,"srcset":"https:\/\/i0.wp.com\/www.grieta.org.mx\/wp-content\/uploads\/2018\/05\/Oceanografiamayo18.png?resize=350%2C200 1x, https:\/\/i0.wp.com\/www.grieta.org.mx\/wp-content\/uploads\/2018\/05\/Oceanografiamayo18.png?resize=525%2C300 1.5x"},"classes":[]},{"id":2919,"url":"http:\/\/www.grieta.org.mx\/index.php\/2015\/05\/18\/ex-empleados-de-oceanografia-exigen-el-pago-de-sus-salarios-en-yucatan\/","url_meta":{"origin":28575,"position":1},"title":"Ex empleados de Oceanograf\u00eda exigen el pago de sus salarios en Yucat\u00e1n","author":"grieta","date":"18 mayo, 2015","format":false,"excerpt":"De nueva cuenta ex obreros de la empresa Oceanograf\u00eda realizaron un plant\u00f3n frente a las oficinas de la empresa para exigir el pago de sus salarios y su liquidaci\u00f3n. Los ex empleados aseguran que el Servicio de Administraci\u00f3n y Enajenaci\u00f3n de Bienes (SAE) no est\u00e1 realizando los dep\u00f3sitos correspondientes alegando\u2026","rel":"","context":"En &quot;Campeche&quot;","block_context":{"text":"Campeche","link":"http:\/\/www.grieta.org.mx\/index.php\/category\/noticias-nacionales\/campeche\/"},"img":{"alt_text":"","src":"https:\/\/i0.wp.com\/www.grieta.org.mx\/wp-content\/uploads\/2018\/03\/14524434_1106112876131411_958039263622046936_o.jpg?resize=350%2C200","width":350,"height":200,"srcset":"https:\/\/i0.wp.com\/www.grieta.org.mx\/wp-content\/uploads\/2018\/03\/14524434_1106112876131411_958039263622046936_o.jpg?resize=350%2C200 1x, https:\/\/i0.wp.com\/www.grieta.org.mx\/wp-content\/uploads\/2018\/03\/14524434_1106112876131411_958039263622046936_o.jpg?resize=525%2C300 1.5x, https:\/\/i0.wp.com\/www.grieta.org.mx\/wp-content\/uploads\/2018\/03\/14524434_1106112876131411_958039263622046936_o.jpg?resize=700%2C400 2x"},"classes":[]},{"id":23158,"url":"http:\/\/www.grieta.org.mx\/index.php\/2018\/05\/15\/en-huelga-de-hambre-obreros-de-barcaza-sin-pagos-desde-2017-campeche\/","url_meta":{"origin":28575,"position":2},"title":"En huelga de hambre obreros de barcaza; sin pagos desde 2017 (Campeche)","author":"grieta","date":"15 mayo, 2018","format":false,"excerpt":"Ante el riesgo de corren sus vidas por la falta de alimentos y agua y el ingreso de agua por el mal estado del casco de la barcaza DLB-801, propiedad de Oceanograf\u00eda, y para exigir el pago de salarios que no perciben desde abril de 2017, cuatro de los nueve\u2026","rel":"","context":"En &quot;Campeche&quot;","block_context":{"text":"Campeche","link":"http:\/\/www.grieta.org.mx\/index.php\/category\/noticias-nacionales\/campeche\/"},"img":{"alt_text":"","src":"https:\/\/i0.wp.com\/www.grieta.org.mx\/wp-content\/uploads\/2018\/05\/HuelgaHambre.png?resize=350%2C200","width":350,"height":200,"srcset":"https:\/\/i0.wp.com\/www.grieta.org.mx\/wp-content\/uploads\/2018\/05\/HuelgaHambre.png?resize=350%2C200 1x, https:\/\/i0.wp.com\/www.grieta.org.mx\/wp-content\/uploads\/2018\/05\/HuelgaHambre.png?resize=525%2C300 1.5x"},"classes":[]},{"id":63058,"url":"http:\/\/www.grieta.org.mx\/index.php\/2021\/05\/21\/acribillan-a-lider-de-extrabajadores-que-mantienen-un-pleito-laboral-con-oceanografia-campeche\/","url_meta":{"origin":28575,"position":3},"title":"Acribillan a l\u00edder de extrabajadores que mantienen un pleito laboral con Oceanograf\u00eda (Campeche)","author":"grieta","date":"21 mayo, 2021","format":false,"excerpt":"Rosa Santana \/ Proceso CD. DEL CARMEN, Cam. (apro).- Homero Ter\u00e1n Vanoye, uno de los l\u00edderes de extrabajadores de Oceanograf\u00eda (OSA), que desde hace m\u00e1s de siete a\u00f1os libran un juicio laboral contra la naviera y su propietario Amado Y\u00e1\u00f1ez Osuna, fue acribillado en la colonia Bur\u00f3cratas de esta ciudad.\u2026","rel":"","context":"En &quot;Campeche&quot;","block_context":{"text":"Campeche","link":"http:\/\/www.grieta.org.mx\/index.php\/category\/noticias-nacionales\/campeche\/"},"img":{"alt_text":"","src":"https:\/\/i0.wp.com\/www.grieta.org.mx\/wp-content\/uploads\/2018\/03\/14524434_1106112876131411_958039263622046936_o.jpg?resize=350%2C200","width":350,"height":200,"srcset":"https:\/\/i0.wp.com\/www.grieta.org.mx\/wp-content\/uploads\/2018\/03\/14524434_1106112876131411_958039263622046936_o.jpg?resize=350%2C200 1x, https:\/\/i0.wp.com\/www.grieta.org.mx\/wp-content\/uploads\/2018\/03\/14524434_1106112876131411_958039263622046936_o.jpg?resize=525%2C300 1.5x, https:\/\/i0.wp.com\/www.grieta.org.mx\/wp-content\/uploads\/2018\/03\/14524434_1106112876131411_958039263622046936_o.jpg?resize=700%2C400 2x"},"classes":[]},{"id":25572,"url":"http:\/\/www.grieta.org.mx\/index.php\/2018\/08\/06\/extrabajadores-de-oceanografia-denuncian-ante-la-oit-a-pena-naviera-y-sindicatos-charros\/","url_meta":{"origin":28575,"position":4},"title":"Extrabajadores de Oceanograf\u00eda denuncian ante la OIT a Pe\u00f1a, naviera y sindicatos \u201ccharros\u201d","author":"grieta","date":"6 agosto, 2018","format":false,"excerpt":"Rosa Santana\/Proceso CIUDAD DEL CARMEN, Cam. (apro).- Extrabajadores de Oceanograf\u00eda, despedidos arbitrariamente en 2014, denunciaron ante la Organizaci\u00f3n Internacional del Trabajo (OIT) a la naviera, a los sindicatos \u201ccharros\u201d y al gobierno mexicano por violaciones a sus derechos laborales. La denuncia es por la violaci\u00f3n al Convenio Internacional sobre la\u2026","rel":"","context":"En &quot;Campeche&quot;","block_context":{"text":"Campeche","link":"http:\/\/www.grieta.org.mx\/index.php\/category\/noticias-nacionales\/campeche\/"},"img":{"alt_text":"","src":"https:\/\/i0.wp.com\/www.grieta.org.mx\/wp-content\/uploads\/2018\/08\/e1d9403e6fed1db51f-150821_oceonagrafia_yc4-f.jpg?resize=350%2C200","width":350,"height":200,"srcset":"https:\/\/i0.wp.com\/www.grieta.org.mx\/wp-content\/uploads\/2018\/08\/e1d9403e6fed1db51f-150821_oceonagrafia_yc4-f.jpg?resize=350%2C200 1x, https:\/\/i0.wp.com\/www.grieta.org.mx\/wp-content\/uploads\/2018\/08\/e1d9403e6fed1db51f-150821_oceonagrafia_yc4-f.jpg?resize=525%2C300 1.5x, https:\/\/i0.wp.com\/www.grieta.org.mx\/wp-content\/uploads\/2018\/08\/e1d9403e6fed1db51f-150821_oceonagrafia_yc4-f.jpg?resize=700%2C400 2x, https:\/\/i0.wp.com\/www.grieta.org.mx\/wp-content\/uploads\/2018\/08\/e1d9403e6fed1db51f-150821_oceonagrafia_yc4-f.jpg?resize=1050%2C600 3x"},"classes":[]},{"id":2909,"url":"http:\/\/www.grieta.org.mx\/index.php\/2016\/08\/16\/trabajadores-de-la-empresa-oceanografia-exigen-su-liquidacion-en-yucatan\/","url_meta":{"origin":28575,"position":5},"title":"Trabajadores de la empresa \u201cOceanograf\u00eda\u201d exigen su liquidaci\u00f3n.","author":"grieta","date":"16 agosto, 2016","format":false,"excerpt":"16\/08\/16. Exobreros de naviera exigen cese de P\u00e9rez (Campeche)Tribuna 11\/08\/16. Afectados 4,500; no los liquid\u00f3 Oceanograf\u00eda (Campeche)Tribuna 25\/09\/15. Campeche: exigen trabajadores de Oceanograf\u00eda pago quincenal.La Jornada 18\/05\/15. Ex empleados de Oceanograf\u00eda exigen el pago de sus salarios en Yucat\u00e1n.El diario de Yucat\u00e1n 29\/01\/15. 32 detenidos en desalojo de ex empleados\u2026","rel":"","context":"En &quot;Campeche&quot;","block_context":{"text":"Campeche","link":"http:\/\/www.grieta.org.mx\/index.php\/category\/noticias-nacionales\/campeche\/"},"img":{"alt_text":"","src":"https:\/\/i0.wp.com\/www.grieta.org.mx\/wp-content\/uploads\/2018\/03\/14524434_1106112876131411_958039263622046936_o.jpg?resize=350%2C200","width":350,"height":200,"srcset":"https:\/\/i0.wp.com\/www.grieta.org.mx\/wp-content\/uploads\/2018\/03\/14524434_1106112876131411_958039263622046936_o.jpg?resize=350%2C200 1x, https:\/\/i0.wp.com\/www.grieta.org.mx\/wp-content\/uploads\/2018\/03\/14524434_1106112876131411_958039263622046936_o.jpg?resize=525%2C300 1.5x, https:\/\/i0.wp.com\/www.grieta.org.mx\/wp-content\/uploads\/2018\/03\/14524434_1106112876131411_958039263622046936_o.jpg?resize=700%2C400 2x"},"classes":[]}],"_links":{"self":[{"href":"http:\/\/www.grieta.org.mx\/index.php\/wp-json\/wp\/v2\/posts\/28575","targetHints":{"allow":["GET"]}}],"collection":[{"href":"http:\/\/www.grieta.org.mx\/index.php\/wp-json\/wp\/v2\/posts"}],"about":[{"href":"http:\/\/www.grieta.org.mx\/index.php\/wp-json\/wp\/v2\/types\/post"}],"author":[{"embeddable":true,"href":"http:\/\/www.grieta.org.mx\/index.php\/wp-json\/wp\/v2\/users\/2"}],"replies":[{"embeddable":true,"href":"http:\/\/www.grieta.org.mx\/index.php\/wp-json\/wp\/v2\/comments?post=28575"}],"version-history":[{"count":1,"href":"http:\/\/www.grieta.org.mx\/index.php\/wp-json\/wp\/v2\/posts\/28575\/revisions"}],"predecessor-version":[{"id":28577,"href":"http:\/\/www.grieta.org.mx\/index.php\/wp-json\/wp\/v2\/posts\/28575\/revisions\/28577"}],"wp:featuredmedia":[{"embeddable":true,"href":"http:\/\/www.grieta.org.mx\/index.php\/wp-json\/wp\/v2\/media\/28576"}],"wp:attachment":[{"href":"http:\/\/www.grieta.org.mx\/index.php\/wp-json\/wp\/v2\/media?parent=28575"}],"wp:term":[{"taxonomy":"category","embeddable":true,"href":"http:\/\/www.grieta.org.mx\/index.php\/wp-json\/wp\/v2\/categories?post=28575"},{"taxonomy":"post_tag","embeddable":true,"href":"http:\/\/www.grieta.org.mx\/index.php\/wp-json\/wp\/v2\/tags?post=28575"}],"curies":[{"name":"wp","href":"https:\/\/api.w.org\/{rel}","templated":true}]}}