{"id":28571,"date":"2019-01-24T00:43:58","date_gmt":"2019-01-24T06:43:58","guid":{"rendered":"http:\/\/www.grieta.org.mx\/?p=28571"},"modified":"2019-01-24T00:43:58","modified_gmt":"2019-01-24T06:43:58","slug":"el-laberinto-de-exigir-justicia-para-un-periodista-asesinado-en-mexico-tamaulipas","status":"publish","type":"post","link":"http:\/\/www.grieta.org.mx\/index.php\/2019\/01\/24\/el-laberinto-de-exigir-justicia-para-un-periodista-asesinado-en-mexico-tamaulipas\/","title":{"rendered":"El laberinto de exigir justicia para un periodista asesinado en M\u00e9xico (Tamaulipas)"},"content":{"rendered":"<p><img loading=\"lazy\" decoding=\"async\" data-attachment-id=\"28572\" data-permalink=\"http:\/\/www.grieta.org.mx\/index.php\/2019\/01\/24\/el-laberinto-de-exigir-justicia-para-un-periodista-asesinado-en-mexico-tamaulipas\/el-laberinto-de-exigir-justicia-para-un-periodista-asesinado-en-mexico-tamaulipas\/\" data-orig-file=\"http:\/\/www.grieta.org.mx\/wp-content\/uploads\/2019\/01\/El-laberinto-de-exigir-justicia-para-un-periodista-asesinado-en-M\u00e9xico-tamaulipas.jpg\" data-orig-size=\"1960,1096\" data-comments-opened=\"0\" data-image-meta=\"{&quot;aperture&quot;:&quot;0&quot;,&quot;credit&quot;:&quot;&quot;,&quot;camera&quot;:&quot;&quot;,&quot;caption&quot;:&quot;&quot;,&quot;created_timestamp&quot;:&quot;0&quot;,&quot;copyright&quot;:&quot;&quot;,&quot;focal_length&quot;:&quot;0&quot;,&quot;iso&quot;:&quot;0&quot;,&quot;shutter_speed&quot;:&quot;0&quot;,&quot;title&quot;:&quot;&quot;,&quot;orientation&quot;:&quot;0&quot;}\" data-image-title=\"El laberinto de exigir justicia para un periodista asesinado en M\u00e9xico tamaulipas\" data-image-description=\"\" data-image-caption=\"\" data-medium-file=\"http:\/\/www.grieta.org.mx\/wp-content\/uploads\/2019\/01\/El-laberinto-de-exigir-justicia-para-un-periodista-asesinado-en-M\u00e9xico-tamaulipas-300x168.jpg\" data-large-file=\"http:\/\/www.grieta.org.mx\/wp-content\/uploads\/2019\/01\/El-laberinto-de-exigir-justicia-para-un-periodista-asesinado-en-M\u00e9xico-tamaulipas-1024x573.jpg\" class=\"aligncenter  wp-image-28572\" src=\"http:\/\/www.grieta.org.mx\/wp-content\/uploads\/2019\/01\/El-laberinto-de-exigir-justicia-para-un-periodista-asesinado-en-M\u00e9xico-tamaulipas-1024x573.jpg\" alt=\"\" width=\"707\" height=\"396\" srcset=\"http:\/\/www.grieta.org.mx\/wp-content\/uploads\/2019\/01\/El-laberinto-de-exigir-justicia-para-un-periodista-asesinado-en-M\u00e9xico-tamaulipas-1024x573.jpg 1024w, http:\/\/www.grieta.org.mx\/wp-content\/uploads\/2019\/01\/El-laberinto-de-exigir-justicia-para-un-periodista-asesinado-en-M\u00e9xico-tamaulipas-300x168.jpg 300w, http:\/\/www.grieta.org.mx\/wp-content\/uploads\/2019\/01\/El-laberinto-de-exigir-justicia-para-un-periodista-asesinado-en-M\u00e9xico-tamaulipas-768x429.jpg 768w, http:\/\/www.grieta.org.mx\/wp-content\/uploads\/2019\/01\/El-laberinto-de-exigir-justicia-para-un-periodista-asesinado-en-M\u00e9xico-tamaulipas-894x500.jpg 894w, http:\/\/www.grieta.org.mx\/wp-content\/uploads\/2019\/01\/El-laberinto-de-exigir-justicia-para-un-periodista-asesinado-en-M\u00e9xico-tamaulipas.jpg 1960w\" sizes=\"auto, (max-width: 707px) 100vw, 707px\" \/><\/p>\n<p>El\u00edas Camhaji \/ El Pa\u00eds<\/p>\n<blockquote><p>El columnista Carlos Dom\u00ednguez fue apu\u00f1alado 24 veces en Tamaulipas. A un a\u00f1o de su asesinato, su familia a\u00fan busca que el peso de la ley caiga sobre todos los responsables<\/p><\/blockquote>\n<p>A plena luz del d\u00eda. Frente a su familia. A unas calles del palacio de Gobierno de la ciudad fronteriza de Nuevo Laredo. El periodista Carlos Dom\u00ednguez fue apu\u00f1alado 24 veces despu\u00e9s de llevar a sus nietos al zool\u00f3gico el 13 de enero de 2018. Las autoridades reconocieron que fue un ataque directo y en directa relaci\u00f3n con su labor period\u00edstica. El columnista hab\u00eda incomodado a alguien y lo pag\u00f3 con su vida. A un a\u00f1o del asesinato, su familia clama justicia en un pa\u00eds donde se mat\u00f3 a otros ocho periodistas en los siguientes 12 meses, de acuerdo con Reporteros sin Fronteras (RSF), y donde la impunidad en los cr\u00edmenes contra los miembros de la prensa supera el 99% de los casos, de acuerdo con la organizaci\u00f3n Art\u00edculo 19.<\/p>\n<p>&#8220;Horrible&#8221;. As\u00ed resume Carlos Dom\u00ednguez, hom\u00f3nimo y uno de los 11 hijos del periodista asesinado, c\u00f3mo han sido los \u00faltimos meses. &#8220;Nos hace falta el viejo&#8221;, dice con resignaci\u00f3n. La muerte de su padre entra\u00f1a un dolor personal, familiar, \u00edntimo. Es tambi\u00e9n un reflejo de la violencia que ha azotado al norte\u00f1o Estado de Tamaulipas en los \u00faltimos 15 a\u00f1os, atrapado en la l\u00f3gica de la guerra contra el narcotr\u00e1fico, gobernado por exmandatarios que enfrentan procesos legales en Estados Unidos y asediado constantemente por el embate del c\u00e1rtel de Los Zetas.<\/p>\n<p>&#8220;Tamaulipas es una zona silenciada&#8221;, afirma Balbina Flores, representante en M\u00e9xico de RSF. No muchos medios informaron de la muerte de Dom\u00ednguez, la frontera est\u00e1 muy lejos de Ciudad de M\u00e9xico y muy lejos de los mecanismos de protecci\u00f3n a periodistas, explica Flores. Desde 2000, 14 periodistas tamaulipecos han sido asesinados, seg\u00fan datos oficiales. Dos comunicadores est\u00e1n desparecidos, de acuerdo con RSF. Amenazados y tiroteados como Sa\u00fal Antonio Mart\u00ednez, con se\u00f1as de tortura como Francisco Arratia, abatidos a golpes como H\u00e9ctor Gonz\u00e1lez.<\/p>\n<p>&#8220;En Tamaulipas estamos atravesando una crisis que no es humanitaria, sino a causa del Estado&#8221;, advierte Gildo Garza, director de la asociaci\u00f3n de Periodistas Desplazados en M\u00e9xico. En los seis meses que siguieron del asesinato de Dom\u00ednguez, en plena campa\u00f1a electoral, dos de cada tres ataques contra la prensa mexicana fueron perpetrados por funcionarios del Gobierno o miembros de los partidos pol\u00edticos, de acuerdo con la red de organizaciones Rompe el miedo.<\/p>\n<p>Dom\u00ednguez asegura que su padre fue asesinado despu\u00e9s de indagar en las cuentas p\u00fablicas del exalcalde de Nuevo Laredo, Carlos Canturosas, y encontrar desv\u00edos por 600 millones de pesos. La investigaci\u00f3n iba a ver la luz el 17 de enero, cuatro d\u00edas despu\u00e9s de que lo mataron. Canturosas, que se perfilaba como candidato de Morena en las elecciones de julio pasado, dijo que era v\u00edctima de una persecuci\u00f3n pol\u00edtica para sacarlo de la campa\u00f1a. &#8220;Eso es una mentira, una calumnia, una difamaci\u00f3n&#8221;, ha dicho a mediados de mes el pol\u00edtico en una entrevista al periodista Luis C\u00e1rdenas. No se han presentado cargos formales contra el exalcalde, aunque meses despu\u00e9s la Auditor\u00eda Superior del Estado dio a conocer que investigaba supuestos desv\u00edos durante su Administraci\u00f3n. Son acusaciones que \u00e9l niega categ\u00f3ricamente.<\/p>\n<p>El hijo del periodista public\u00f3 la investigaci\u00f3n en abril pasado y solicit\u00f3 asilo en Estados Unidos despu\u00e9s de recibir amenazas de muerte. &#8220;Me fui porque si ya hab\u00edan matado a mi padre, \u00bfpor qu\u00e9 no me iban a matar a m\u00ed?&#8221;, cuenta. Del otro lado de la frontera, se sent\u00eda como en una c\u00e1rcel, huyendo de los asesinos de su padre, recuerda. En Estados Unidos acudi\u00f3 a las oficinas de pol\u00edticos como el congresista dem\u00f3crata Adam Schiff y el senador republicano Marco Rubio para pedir ayuda. &#8220;Nuestro deber es sacar a la luz estos ataques y exigir al Gobierno mexicano que protega a los periodistas&#8221;, dijo Schiff tras el encuentro en mayo.<\/p>\n<p>Dos meses antes de la reuni\u00f3n y tras analizar 120 notas publicadas por Dom\u00ednguez, la Procuradur\u00eda (ahora Fiscal\u00eda) General de la Rep\u00fablica anunci\u00f3 la detenci\u00f3n de seis probables responsables, entre ellos tres periodistas y el t\u00edo del exalcalde Canturosas. No se ha avanzado, sin embargo, en llevar frente a la justicia a los autores intelectuales. Y el caso se ha empantanado desde entonces. Sin mecanismos de protecci\u00f3n a v\u00edctimas, sin acceso al expediente de su padre, sin castigo para los perpetradores. &#8220;Toda la familia est\u00e1 muy da\u00f1ada emocionalmente, no nos sentimos seguros porque no hemos recibido protecci\u00f3n ni ning\u00fan apoyo de las autoridades&#8221;, acusa Dom\u00ednguez: &#8220;Estamos completamente expuestos&#8221;.<\/p>\n<p>Tres meses despu\u00e9s de regresar a M\u00e9xico, frente a un grupo de periodistas reunidos en la Biblioteca Javier Valdez, en honor a otro periodista en M\u00e9xico, Dom\u00ednguez exhorta al nuevo Gobierno a hacer una reivindicaci\u00f3n pol\u00edtica sobre la memoria de su padre y a hacer justicia. En uno de los pa\u00edses m\u00e1s peligrosos para hacer periodismo y con \u00edndices de impunidad que superan el 90% en la mayor\u00eda de los Estados, la familia de Carlos Dom\u00ednguez espera no ser otro caso m\u00e1s de un periodista asesinado en M\u00e9xico. Una semana despu\u00e9s del primer aniversario luctuoso del primero que mataron en 2018, la violencia se ha cebado con la vida de otro periodista: Rafael Mur\u00faa fue hallado muerto en Baja California Sur, el pasado 20 de enero de 2019.<\/p>\n<p><a href=\"https:\/\/elpais.com\/internacional\/2019\/01\/23\/mexico\/1548214302_209302.html\" target=\"_blank\" rel=\"noopener\">https:\/\/elpais.com\/internacional\/2019\/01\/23\/mexico\/1548214302_209302.html<\/a><\/p>\n","protected":false},"excerpt":{"rendered":"<p>El\u00edas Camhaji \/ El Pa\u00eds El columnista Carlos Dom\u00ednguez fue apu\u00f1alado 24 veces en Tamaulipas. A un a\u00f1o de su asesinato, su familia a\u00fan busca que el peso de la &hellip; <a href=\"http:\/\/www.grieta.org.mx\/index.php\/2019\/01\/24\/el-laberinto-de-exigir-justicia-para-un-periodista-asesinado-en-mexico-tamaulipas\/\" class=\"more-link\">Leer m\u00e1s<\/a><\/p>\n","protected":false},"author":2,"featured_media":28572,"comment_status":"closed","ping_status":"closed","sticky":false,"template":"","format":"standard","meta":{"ngg_post_thumbnail":0,"_jetpack_newsletter_access":"","_jetpack_dont_email_post_to_subs":false,"_jetpack_newsletter_tier_id":0,"_jetpack_memberships_contains_paywalled_content":false,"_jetpack_memberships_contains_paid_content":false,"footnotes":""},"categories":[80,1501,2,33,259,83,88,1136],"tags":[1180,120],"class_list":{"0":"post-28571","1":"post","2":"type-post","3":"status-publish","4":"format-standard","5":"has-post-thumbnail","6":"hentry","7":"category-cintillo","8":"category-incremento-de-la-violencia-en-tamaulipas","9":"category-noticias-nacionales","10":"category-tamaulipas","12":"category-temas-nacionales","13":"category-violencia-contra-periodistas","14":"category-violencia-contra-periodistas-en-tamaulipas","15":"tag-asesinato-de-periodistas","16":"tag-violencia-contra-periodistas","17":"entry"},"jetpack_featured_media_url":"http:\/\/www.grieta.org.mx\/wp-content\/uploads\/2019\/01\/El-laberinto-de-exigir-justicia-para-un-periodista-asesinado-en-M\u00e9xico-tamaulipas.jpg","jetpack_sharing_enabled":true,"jetpack_shortlink":"https:\/\/wp.me\/p7ZJR4-7qP","jetpack_likes_enabled":false,"jetpack-related-posts":[{"id":32912,"url":"http:\/\/www.grieta.org.mx\/index.php\/2019\/05\/02\/hijo-de-periodista-asesinado-en-tamaulipas-pide-justicia-a-lopez-obrador-tamaulipas\/","url_meta":{"origin":28571,"position":0},"title":"Hijo de periodista asesinado en Tamaulipas pide justicia a L\u00f3pez Obrador (Tamaulipas)","author":"grieta","date":"2 mayo, 2019","format":false,"excerpt":"El Diario de Coahuila CIUDAD DE M\u00c9XICO (apro).\u2013 Carlos Dom\u00ednguez, hijo del periodista Carlos Dom\u00ednguez Rodr\u00edguez, asesinado en Nuevo Laredo, Tamaulipas, en enero de 2018, pidi\u00f3 al presidente Andr\u00e9s Manuel L\u00f3pez Obrador ayuda para hacer justicia en el caso y no permitir que la familia del presunto asesino obtenga una\u2026","rel":"","context":"En &quot;CINTILLO&quot;","block_context":{"text":"CINTILLO","link":"http:\/\/www.grieta.org.mx\/index.php\/category\/cintillo\/"},"img":{"alt_text":"","src":"https:\/\/i0.wp.com\/www.grieta.org.mx\/wp-content\/uploads\/2019\/05\/Hijo-de-periodista-asesinado-en-Tamaulipas-pide-justicia-a-L%C3%B3pez-Obrador-tama-may.jpg?resize=350%2C200","width":350,"height":200,"srcset":"https:\/\/i0.wp.com\/www.grieta.org.mx\/wp-content\/uploads\/2019\/05\/Hijo-de-periodista-asesinado-en-Tamaulipas-pide-justicia-a-L%C3%B3pez-Obrador-tama-may.jpg?resize=350%2C200 1x, https:\/\/i0.wp.com\/www.grieta.org.mx\/wp-content\/uploads\/2019\/05\/Hijo-de-periodista-asesinado-en-Tamaulipas-pide-justicia-a-L%C3%B3pez-Obrador-tama-may.jpg?resize=525%2C300 1.5x"},"classes":[]},{"id":35904,"url":"http:\/\/www.grieta.org.mx\/index.php\/2019\/06\/23\/muere-periodista-por-un-ataque-a-balazos-en-tamaulipas\/","url_meta":{"origin":28571,"position":1},"title":"Muere periodista por un ataque a balazos en Tamaulipas","author":"grieta","date":"23 junio, 2019","format":false,"excerpt":"Muere periodista por un ataque a balazos en Tamaulipas | Pixabay El Debate El hombre, que trabajaba como jefe de talleres del peri\u00f3dico \u201cEl Expreso en Ciudad Victoria\u201d fue v\u00edctima de un ataque a balazos Tamaulipas.- En ciudad Victoria Tamaulipas fue asesinado uno de los miembros del peri\u00f3dico \u201cEl Expreso\u2026","rel":"","context":"En &quot;CINTILLO&quot;","block_context":{"text":"CINTILLO","link":"http:\/\/www.grieta.org.mx\/index.php\/category\/cintillo\/"},"img":{"alt_text":"","src":"https:\/\/i0.wp.com\/www.grieta.org.mx\/wp-content\/uploads\/2019\/07\/Muere-periodista-por-un-ataque-a-balazos-en-Tamaulipas-jul.jpg?resize=350%2C200","width":350,"height":200,"srcset":"https:\/\/i0.wp.com\/www.grieta.org.mx\/wp-content\/uploads\/2019\/07\/Muere-periodista-por-un-ataque-a-balazos-en-Tamaulipas-jul.jpg?resize=350%2C200 1x, https:\/\/i0.wp.com\/www.grieta.org.mx\/wp-content\/uploads\/2019\/07\/Muere-periodista-por-un-ataque-a-balazos-en-Tamaulipas-jul.jpg?resize=525%2C300 1.5x, https:\/\/i0.wp.com\/www.grieta.org.mx\/wp-content\/uploads\/2019\/07\/Muere-periodista-por-un-ataque-a-balazos-en-Tamaulipas-jul.jpg?resize=700%2C400 2x"},"classes":[]},{"id":23917,"url":"http:\/\/www.grieta.org.mx\/index.php\/2018\/05\/29\/asesinan-a-golpes-a-hector-gonzalez-antonio-corresponsal-de-excelsior-en-tamaulipas\/","url_meta":{"origin":28571,"position":2},"title":"Asesinan a golpes a H\u00e9ctor Gonz\u00e1lez Antonio, corresponsal de Exc\u00e9lsior en Tamaulipas","author":"grieta","date":"29 mayo, 2018","format":false,"excerpt":"Redacci\u00f3n\/Proceso CIUDAD DE M\u00c9XICO (apro).- La ma\u00f1ana de este martes fue localizado en Ciudad Victoria, Tamaulipas el cad\u00e1ver del periodista H\u00e9ctor Gonz\u00e1lez Antonio, corresponsal del diario Exc\u00e9lsior y Grupo Imagen, adem\u00e1s de medios locales, quien presuntamente fue asesinado a golpes. De acuerdo con el conteo en medios de comunicaci\u00f3n, Gonz\u00e1lez\u2026","rel":"","context":"En &quot;CINTILLO&quot;","block_context":{"text":"CINTILLO","link":"http:\/\/www.grieta.org.mx\/index.php\/category\/cintillo\/"},"img":{"alt_text":"","src":"https:\/\/i0.wp.com\/www.grieta.org.mx\/wp-content\/uploads\/2018\/06\/Hector-Gonzalez-Antonio-1078x804.jpg?resize=350%2C200","width":350,"height":200,"srcset":"https:\/\/i0.wp.com\/www.grieta.org.mx\/wp-content\/uploads\/2018\/06\/Hector-Gonzalez-Antonio-1078x804.jpg?resize=350%2C200 1x, https:\/\/i0.wp.com\/www.grieta.org.mx\/wp-content\/uploads\/2018\/06\/Hector-Gonzalez-Antonio-1078x804.jpg?resize=525%2C300 1.5x, https:\/\/i0.wp.com\/www.grieta.org.mx\/wp-content\/uploads\/2018\/06\/Hector-Gonzalez-Antonio-1078x804.jpg?resize=700%2C400 2x, https:\/\/i0.wp.com\/www.grieta.org.mx\/wp-content\/uploads\/2018\/06\/Hector-Gonzalez-Antonio-1078x804.jpg?resize=1050%2C600 3x"},"classes":[]},{"id":14621,"url":"http:\/\/www.grieta.org.mx\/index.php\/2016\/01\/03\/tamaulipas-con-elevado-indice-de-homicidios-y-desapariciones-de-periodistas\/","url_meta":{"origin":28571,"position":3},"title":"Tamaulipas con elevado \u00edndice de homicidios y desapariciones de periodistas","author":"grieta","date":"3 enero, 2016","format":false,"excerpt":"Redacci\u00f3n\/Todo Noticias Desde el a\u00f1o 2000 a 2015 ocurrieron 20 homicidios y desapariciones de periodistas en Tamaulipas. Ciudad Victoria.- Tamaulipas, despu\u00e9s de Veracruz es la entidad con los m\u00e1s altos \u00edndices de homicidios contra periodistas en el pa\u00eds, seg\u00fan el informe de la Comisi\u00f3n Nacional de Derechos Humano dado a\u2026","rel":"","context":"En &quot;CINTILLO&quot;","block_context":{"text":"CINTILLO","link":"http:\/\/www.grieta.org.mx\/index.php\/category\/cintillo\/"},"img":{"alt_text":"","src":"https:\/\/i0.wp.com\/www.grieta.org.mx\/wp-content\/uploads\/2018\/03\/14524434_1106112876131411_958039263622046936_o.jpg?resize=350%2C200","width":350,"height":200,"srcset":"https:\/\/i0.wp.com\/www.grieta.org.mx\/wp-content\/uploads\/2018\/03\/14524434_1106112876131411_958039263622046936_o.jpg?resize=350%2C200 1x, https:\/\/i0.wp.com\/www.grieta.org.mx\/wp-content\/uploads\/2018\/03\/14524434_1106112876131411_958039263622046936_o.jpg?resize=525%2C300 1.5x, https:\/\/i0.wp.com\/www.grieta.org.mx\/wp-content\/uploads\/2018\/03\/14524434_1106112876131411_958039263622046936_o.jpg?resize=700%2C400 2x"},"classes":[]},{"id":32475,"url":"http:\/\/www.grieta.org.mx\/index.php\/2019\/04\/10\/militares-en-matamoros-privan-de-su-libertad-a-periodista-y-ademas-lo-agreden-tamaulipas\/","url_meta":{"origin":28571,"position":4},"title":"Militares en Matamoros privan de su libertad a periodista y adem\u00e1s lo agreden (Tamaulipas)","author":"grieta","date":"10 abril, 2019","format":false,"excerpt":"Marco Rodr\u00edguez \/ Hoy Tamaulipas Por ello, el comunicador Juan Manuel Mart\u00ednez Ferretiz, present\u00f3 una denuncia ante la Fiscal\u00eda General de la Rep\u00fablica contra los elementos de la Sedena Matamoros, Tamaulipas.- Un periodista de Matamoros denunci\u00f3 ante las autoridades federales la supuesta agresi\u00f3n y privaci\u00f3n ilegal de la libertad de\u2026","rel":"","context":"En &quot;Abuso policiaco y tortura en Tamaulipas&quot;","block_context":{"text":"Abuso policiaco y tortura en Tamaulipas","link":"http:\/\/www.grieta.org.mx\/index.php\/category\/noticias-nacionales\/tamaulipas\/abuso-policiaco-y-tortura-en-tamaulipas\/"},"img":{"alt_text":"","src":"https:\/\/i0.wp.com\/www.grieta.org.mx\/wp-content\/uploads\/2019\/04\/Militares-en-Matamoros-privan-de-su-libertad-a-periodista-y-ademas-lo-agreden-tama-abr.jpg?resize=350%2C200","width":350,"height":200,"srcset":"https:\/\/i0.wp.com\/www.grieta.org.mx\/wp-content\/uploads\/2019\/04\/Militares-en-Matamoros-privan-de-su-libertad-a-periodista-y-ademas-lo-agreden-tama-abr.jpg?resize=350%2C200 1x, https:\/\/i0.wp.com\/www.grieta.org.mx\/wp-content\/uploads\/2019\/04\/Militares-en-Matamoros-privan-de-su-libertad-a-periodista-y-ademas-lo-agreden-tama-abr.jpg?resize=525%2C300 1.5x, https:\/\/i0.wp.com\/www.grieta.org.mx\/wp-content\/uploads\/2019\/04\/Militares-en-Matamoros-privan-de-su-libertad-a-periodista-y-ademas-lo-agreden-tama-abr.jpg?resize=700%2C400 2x"},"classes":[]},{"id":23598,"url":"http:\/\/www.grieta.org.mx\/index.php\/2018\/06\/07\/protestan-periodistas-en-tamaulipas\/","url_meta":{"origin":28571,"position":5},"title":"Protestan periodistas en Tamaulipas","author":"grieta","date":"7 junio, 2018","format":false,"excerpt":"Agencia Reforma. TAMPICO, Tamaulipas.-En este D\u00eda de la Libertad de Expresi\u00f3n, unos 40 periodistas del sur de Tamaulipas exigieron un freno a la violencia contra los reporteros y el esclarecimiento del homicidio del corresponsal H\u00e9ctor Gonz\u00e1lez. Reporteros, camar\u00f3grafos, fotoperiodistas y columnistas se dieron cita en el kiosco de la Plaza\u2026","rel":"","context":"En &quot;CINTILLO&quot;","block_context":{"text":"CINTILLO","link":"http:\/\/www.grieta.org.mx\/index.php\/category\/cintillo\/"},"img":{"alt_text":"","src":"https:\/\/i0.wp.com\/www.grieta.org.mx\/wp-content\/uploads\/2018\/06\/whatsapp_image_2018-06-07_at_12_09_42_pm.jpeg_539665225.jpeg?resize=350%2C200","width":350,"height":200,"srcset":"https:\/\/i0.wp.com\/www.grieta.org.mx\/wp-content\/uploads\/2018\/06\/whatsapp_image_2018-06-07_at_12_09_42_pm.jpeg_539665225.jpeg?resize=350%2C200 1x, https:\/\/i0.wp.com\/www.grieta.org.mx\/wp-content\/uploads\/2018\/06\/whatsapp_image_2018-06-07_at_12_09_42_pm.jpeg_539665225.jpeg?resize=525%2C300 1.5x"},"classes":[]}],"_links":{"self":[{"href":"http:\/\/www.grieta.org.mx\/index.php\/wp-json\/wp\/v2\/posts\/28571","targetHints":{"allow":["GET"]}}],"collection":[{"href":"http:\/\/www.grieta.org.mx\/index.php\/wp-json\/wp\/v2\/posts"}],"about":[{"href":"http:\/\/www.grieta.org.mx\/index.php\/wp-json\/wp\/v2\/types\/post"}],"author":[{"embeddable":true,"href":"http:\/\/www.grieta.org.mx\/index.php\/wp-json\/wp\/v2\/users\/2"}],"replies":[{"embeddable":true,"href":"http:\/\/www.grieta.org.mx\/index.php\/wp-json\/wp\/v2\/comments?post=28571"}],"version-history":[{"count":1,"href":"http:\/\/www.grieta.org.mx\/index.php\/wp-json\/wp\/v2\/posts\/28571\/revisions"}],"predecessor-version":[{"id":28573,"href":"http:\/\/www.grieta.org.mx\/index.php\/wp-json\/wp\/v2\/posts\/28571\/revisions\/28573"}],"wp:featuredmedia":[{"embeddable":true,"href":"http:\/\/www.grieta.org.mx\/index.php\/wp-json\/wp\/v2\/media\/28572"}],"wp:attachment":[{"href":"http:\/\/www.grieta.org.mx\/index.php\/wp-json\/wp\/v2\/media?parent=28571"}],"wp:term":[{"taxonomy":"category","embeddable":true,"href":"http:\/\/www.grieta.org.mx\/index.php\/wp-json\/wp\/v2\/categories?post=28571"},{"taxonomy":"post_tag","embeddable":true,"href":"http:\/\/www.grieta.org.mx\/index.php\/wp-json\/wp\/v2\/tags?post=28571"}],"curies":[{"name":"wp","href":"https:\/\/api.w.org\/{rel}","templated":true}]}}