{"id":28550,"date":"2019-01-22T02:12:22","date_gmt":"2019-01-22T08:12:22","guid":{"rendered":"http:\/\/www.grieta.org.mx\/?p=28550"},"modified":"2019-05-01T22:52:45","modified_gmt":"2019-05-02T03:52:45","slug":"acusan-a-el-bronco-de-violar-derechos-nuevo-leon","status":"publish","type":"post","link":"http:\/\/www.grieta.org.mx\/index.php\/2019\/01\/22\/acusan-a-el-bronco-de-violar-derechos-nuevo-leon\/","title":{"rendered":"Acusan a &#8216;El Bronco&#8217; de violar derechos (Nuevo Le\u00f3n)"},"content":{"rendered":"<p><img loading=\"lazy\" decoding=\"async\" data-attachment-id=\"28551\" data-permalink=\"http:\/\/www.grieta.org.mx\/index.php\/2019\/01\/22\/acusan-a-el-bronco-de-violar-derechos-nuevo-leon\/acusan-a-el-bronco-de-violar-derechos\/\" data-orig-file=\"http:\/\/www.grieta.org.mx\/wp-content\/uploads\/2019\/01\/Acusan-a-El-Bronco-de-violar-derechos.jpg\" data-orig-size=\"271,186\" data-comments-opened=\"0\" data-image-meta=\"{&quot;aperture&quot;:&quot;0&quot;,&quot;credit&quot;:&quot;&quot;,&quot;camera&quot;:&quot;&quot;,&quot;caption&quot;:&quot;&quot;,&quot;created_timestamp&quot;:&quot;0&quot;,&quot;copyright&quot;:&quot;&quot;,&quot;focal_length&quot;:&quot;0&quot;,&quot;iso&quot;:&quot;0&quot;,&quot;shutter_speed&quot;:&quot;0&quot;,&quot;title&quot;:&quot;&quot;,&quot;orientation&quot;:&quot;0&quot;}\" data-image-title=\"Acusan a &amp;#8216;El Bronco&amp;#8217; de violar derechos\" data-image-description=\"\" data-image-caption=\"\" data-medium-file=\"http:\/\/www.grieta.org.mx\/wp-content\/uploads\/2019\/01\/Acusan-a-El-Bronco-de-violar-derechos.jpg\" data-large-file=\"http:\/\/www.grieta.org.mx\/wp-content\/uploads\/2019\/01\/Acusan-a-El-Bronco-de-violar-derechos.jpg\" class=\"aligncenter size-full wp-image-28551\" src=\"http:\/\/www.grieta.org.mx\/wp-content\/uploads\/2019\/01\/Acusan-a-El-Bronco-de-violar-derechos.jpg\" alt=\"\" width=\"271\" height=\"186\" \/><br \/>\nPosta<\/p>\n<p>NUEVO LE\u00d3N.- Despu\u00e9s del arresto que se realiz\u00f3 a los integrantes de \u00danete Pueblo, su dirigente Roc\u00edo Montalvo manifest\u00f3 que fue una violaci\u00f3n a los derechos de quienes se encontraban en plant\u00f3n en el interior del Palacio de Gobierno.<\/p>\n<p>Ante las declaraciones del Secretario de Seguridad, Aldo Fasci, respecto a que fueron detenidos por usar objetos peligrosos, Montalvo asegur\u00f3 que todo lo que ingresaban era revisado por el personal de vigilancia.<\/p>\n<p>La l\u00edder del colectivo se\u00f1al\u00f3 que la multa era de mil 600 pesos por cada uno de ellos, sin embargo, debido a la presi\u00f3n de algunos ciudadanos la sanci\u00f3n disminuy\u00f3 a mil pesos. A\u00f1adi\u00f3 que, posiblemente este martes se definir\u00e1 el aumento al transporte p\u00fablico.<\/p>\n<p><a href=\"https:\/\/www.posta.com.mx\/nuevo-leon\/acusan-el-bronco-de-violar-derechos\" target=\"_blank\" rel=\"noopener noreferrer\">https:\/\/www.posta.com.mx\/nuevo-leon\/acusan-el-bronco-de-violar-derechos<\/a><\/p>\n","protected":false},"excerpt":{"rendered":"<p>Posta NUEVO LE\u00d3N.- Despu\u00e9s del arresto que se realiz\u00f3 a los integrantes de \u00danete Pueblo, su dirigente Roc\u00edo Montalvo manifest\u00f3 que fue una violaci\u00f3n a los derechos de quienes se &hellip; <a href=\"http:\/\/www.grieta.org.mx\/index.php\/2019\/01\/22\/acusan-a-el-bronco-de-violar-derechos-nuevo-leon\/\" class=\"more-link\">Leer m\u00e1s<\/a><\/p>\n","protected":false},"author":2,"featured_media":28551,"comment_status":"closed","ping_status":"closed","sticky":false,"template":"","format":"standard","meta":{"ngg_post_thumbnail":0,"_jetpack_newsletter_access":"","_jetpack_dont_email_post_to_subs":false,"_jetpack_newsletter_tier_id":0,"_jetpack_memberships_contains_paywalled_content":false,"_jetpack_memberships_contains_paid_content":false,"footnotes":""},"categories":[80,2521,2,202,24,1993],"tags":[1995,616,130,1994,1996],"class_list":{"0":"post-28550","1":"post","2":"type-post","3":"status-publish","4":"format-standard","5":"has-post-thumbnail","6":"hentry","7":"category-cintillo","8":"category-movilizaciones-y-protestas-por-el-alza-al-transporte-publico-en-nuevo-leon","9":"category-noticias-nacionales","10":"category-nuevo-leon","12":"category-represion-contra-movilizaciones-en-nuevo-leon","13":"tag-aumento","14":"tag-planton","15":"tag-represion","16":"tag-tarifazo","17":"tag-transporte-publico","18":"entry"},"jetpack_featured_media_url":"http:\/\/www.grieta.org.mx\/wp-content\/uploads\/2019\/01\/Acusan-a-El-Bronco-de-violar-derechos.jpg","jetpack_sharing_enabled":true,"jetpack_shortlink":"https:\/\/wp.me\/p7ZJR4-7qu","jetpack_likes_enabled":false,"jetpack-related-posts":[{"id":29721,"url":"http:\/\/www.grieta.org.mx\/index.php\/2019\/02\/27\/amenaza-estado-a-activistas-de-abrirles-proceso-penal-si-vuelven-a-plantarse-nuevo-leon\/","url_meta":{"origin":28550,"position":0},"title":"Amenaza Estado a activistas de abrirles proceso penal si vuelven a plantarse (Nuevo Le\u00f3n)","author":"grieta","date":"27 febrero, 2019","format":false,"excerpt":"David Torres \/ Info 7 Tras desalojo de domingo por la madrugada, integrantes de \u00danete Pueblo acuden a Derechos Humanos a denunciar abusos como amenazarlos con armas por parte del Estado Al desalojarlos por segunda ocasi\u00f3n, el gobierno del Estado desacat\u00f3 una recomendaci\u00f3n de la Comisi\u00f3n Estatal de Derechos Humanos\u2026","rel":"","context":"En &quot;CINTILLO&quot;","block_context":{"text":"CINTILLO","link":"http:\/\/www.grieta.org.mx\/index.php\/category\/cintillo\/"},"img":{"alt_text":"","src":"https:\/\/i0.wp.com\/www.grieta.org.mx\/wp-content\/uploads\/2019\/02\/Amenaza-Estado-a-activistas-de-abrirles-proceso-penal-si-vuelven-a-plantarse-nl-feb-300x168.jpg?resize=350%2C200","width":350,"height":200},"classes":[]},{"id":28547,"url":"http:\/\/www.grieta.org.mx\/index.php\/2019\/01\/22\/detienen-a-9-activistas-de-planton-contra-aumento-de-transporte-en-nl-nuevo-leon\/","url_meta":{"origin":28550,"position":1},"title":"Detienen a 9 activistas de plant\u00f3n contra aumento de transporte en NL (Nuevo Le\u00f3n)","author":"grieta","date":"22 enero, 2019","format":false,"excerpt":"David Carrizales \/ El Universal Los integrantes de varias agrupaciones estimaron que el desalojo y la detenci\u00f3n es una estrategia para tratar de amedrentarlos ante una inminente decisi\u00f3n de incrementar las tarifas del transporte urbano Monterrey.- En un operativo en el que participaron entre 40 y 50 elementos de Fuerza\u2026","rel":"","context":"En &quot;CINTILLO&quot;","block_context":{"text":"CINTILLO","link":"http:\/\/www.grieta.org.mx\/index.php\/category\/cintillo\/"},"img":{"alt_text":"","src":"https:\/\/i0.wp.com\/www.grieta.org.mx\/wp-content\/uploads\/2019\/01\/detienen-a-9-activistas-en-nl.jpg?resize=350%2C200","width":350,"height":200},"classes":[]},{"id":33266,"url":"http:\/\/www.grieta.org.mx\/index.php\/2019\/05\/08\/suman-7-denuncias-por-agresiones-a-integrantes-de-unete-pueblo-nuevo-leon\/","url_meta":{"origin":28550,"position":2},"title":"Suman 7 denuncias por agresiones a integrantes de \u00danete Pueblo (Nuevo Le\u00f3n)","author":"grieta","date":"8 mayo, 2019","format":false,"excerpt":"Victoria F\u00e9lix \/ Milenio Activistas del colectivo han sufrido golpes, robo de veh\u00edculo, da\u00f1os a propiedad, detenciones y abuso de autoridad, en lo que va del actual gobierno independiente. En lo que va de la administraci\u00f3n de Jaime Rodr\u00edguez Calder\u00f3n, el colectivo \u00danete Pueblo ha interpuesto siete denuncias por robo\u2026","rel":"","context":"En &quot;CINTILLO&quot;","block_context":{"text":"CINTILLO","link":"http:\/\/www.grieta.org.mx\/index.php\/category\/cintillo\/"},"img":{"alt_text":"","src":"https:\/\/i0.wp.com\/www.grieta.org.mx\/wp-content\/uploads\/2019\/05\/Suman-7-denuncias-por-agresiones-a-integrantes-de-%C3%9Anete-Pueblo-nl-may.jpeg?resize=350%2C200","width":350,"height":200,"srcset":"https:\/\/i0.wp.com\/www.grieta.org.mx\/wp-content\/uploads\/2019\/05\/Suman-7-denuncias-por-agresiones-a-integrantes-de-%C3%9Anete-Pueblo-nl-may.jpeg?resize=350%2C200 1x, https:\/\/i0.wp.com\/www.grieta.org.mx\/wp-content\/uploads\/2019\/05\/Suman-7-denuncias-por-agresiones-a-integrantes-de-%C3%9Anete-Pueblo-nl-may.jpeg?resize=525%2C300 1.5x, https:\/\/i0.wp.com\/www.grieta.org.mx\/wp-content\/uploads\/2019\/05\/Suman-7-denuncias-por-agresiones-a-integrantes-de-%C3%9Anete-Pueblo-nl-may.jpeg?resize=700%2C400 2x"},"classes":[]},{"id":32859,"url":"http:\/\/www.grieta.org.mx\/index.php\/2019\/04\/29\/no-al-tarifazo-convoca-sociedad-civil-de-nl-a-paros-intermitentes-nuevo-leon\/","url_meta":{"origin":28550,"position":3},"title":"\u00a1No al tarifazo! Convoca sociedad civil de NL a paros intermitentes (Nuevo Le\u00f3n)","author":"grieta","date":"29 abril, 2019","format":false,"excerpt":"Posta Grupos de ciudadanos invitan a trav\u00e9s de redes sociales a manifestarse en contra del alza al transporte p\u00fablico NUEVO LE\u00d3N.- Con la finalidad de manifestarse en contra del denominado 'tarifazo' miembros de la sociedad civil est\u00e1n convocando a paros intermitentes en las principales vialidades de Monterrey. Se tiene previsto\u2026","rel":"","context":"En &quot;CINTILLO&quot;","block_context":{"text":"CINTILLO","link":"http:\/\/www.grieta.org.mx\/index.php\/category\/cintillo\/"},"img":{"alt_text":"","src":"https:\/\/i0.wp.com\/www.grieta.org.mx\/wp-content\/uploads\/2019\/05\/%C2%A1No-al-tarifazo-Convoca-sociedad-civil-de-NL-a-paros-intermitentes-nl-may.jpg?resize=350%2C200","width":350,"height":200,"srcset":"https:\/\/i0.wp.com\/www.grieta.org.mx\/wp-content\/uploads\/2019\/05\/%C2%A1No-al-tarifazo-Convoca-sociedad-civil-de-NL-a-paros-intermitentes-nl-may.jpg?resize=350%2C200 1x, https:\/\/i0.wp.com\/www.grieta.org.mx\/wp-content\/uploads\/2019\/05\/%C2%A1No-al-tarifazo-Convoca-sociedad-civil-de-NL-a-paros-intermitentes-nl-may.jpg?resize=525%2C300 1.5x"},"classes":[]},{"id":14808,"url":"http:\/\/www.grieta.org.mx\/index.php\/2016\/09\/11\/movilizaciones-contra-la-reforma-educativa-y-evaluacion-magisterial-2\/","url_meta":{"origin":28550,"position":4},"title":"Movilizaciones contra la Reforma Educativa en Nuevo Le\u00f3n","author":"grieta","date":"11 septiembre, 2016","format":false,"excerpt":"10\/09\/16. Marchan maestros al aeropuerto de Nuevo Le\u00f3nVanguardia Mx 18\/08\/16. Vuelven marchas de maestros; analizan paro de labores (NL) Milenio Monterrey 10\/08\/16. Maestros de Nuevo Le\u00f3n realizan 'funeral de pol\u00edticos' El Horizonte 22\/07\/16. Nuevo Le\u00f3n tambi\u00e9n es M\u00e9xico: \u00a1Chiapas, Aguanta, Nuevo Le\u00f3n se levanta! Centro de Medios Libres 19\/07\/16. Hacen\u2026","rel":"","context":"En &quot;NOTICIAS NACIONALES&quot;","block_context":{"text":"NOTICIAS NACIONALES","link":"http:\/\/www.grieta.org.mx\/index.php\/category\/noticias-nacionales\/"},"img":{"alt_text":"","src":"https:\/\/i0.wp.com\/www.grieta.org.mx\/wp-content\/uploads\/2018\/03\/14524434_1106112876131411_958039263622046936_o.jpg?resize=350%2C200","width":350,"height":200,"srcset":"https:\/\/i0.wp.com\/www.grieta.org.mx\/wp-content\/uploads\/2018\/03\/14524434_1106112876131411_958039263622046936_o.jpg?resize=350%2C200 1x, https:\/\/i0.wp.com\/www.grieta.org.mx\/wp-content\/uploads\/2018\/03\/14524434_1106112876131411_958039263622046936_o.jpg?resize=525%2C300 1.5x, https:\/\/i0.wp.com\/www.grieta.org.mx\/wp-content\/uploads\/2018\/03\/14524434_1106112876131411_958039263622046936_o.jpg?resize=700%2C400 2x"},"classes":[]},{"id":14981,"url":"http:\/\/www.grieta.org.mx\/index.php\/2016\/05\/10\/movilizaciones-contra-violencia-hacia-medicos-en-nuevo-leon\/","url_meta":{"origin":28550,"position":5},"title":"Movilizaciones contra violencia hacia m\u00e9dicos en Nuevo Le\u00f3n","author":"grieta","date":"10 mayo, 2016","format":false,"excerpt":"01\/05\/16. Demandan m\u00e9dicos seguridad en el estado (NL)Milenio Monterrey","rel":"","context":"En &quot;NOTICIAS NACIONALES&quot;","block_context":{"text":"NOTICIAS NACIONALES","link":"http:\/\/www.grieta.org.mx\/index.php\/category\/noticias-nacionales\/"},"img":{"alt_text":"","src":"https:\/\/i0.wp.com\/www.grieta.org.mx\/wp-content\/uploads\/2018\/03\/14524434_1106112876131411_958039263622046936_o.jpg?resize=350%2C200","width":350,"height":200,"srcset":"https:\/\/i0.wp.com\/www.grieta.org.mx\/wp-content\/uploads\/2018\/03\/14524434_1106112876131411_958039263622046936_o.jpg?resize=350%2C200 1x, https:\/\/i0.wp.com\/www.grieta.org.mx\/wp-content\/uploads\/2018\/03\/14524434_1106112876131411_958039263622046936_o.jpg?resize=525%2C300 1.5x, https:\/\/i0.wp.com\/www.grieta.org.mx\/wp-content\/uploads\/2018\/03\/14524434_1106112876131411_958039263622046936_o.jpg?resize=700%2C400 2x"},"classes":[]}],"_links":{"self":[{"href":"http:\/\/www.grieta.org.mx\/index.php\/wp-json\/wp\/v2\/posts\/28550","targetHints":{"allow":["GET"]}}],"collection":[{"href":"http:\/\/www.grieta.org.mx\/index.php\/wp-json\/wp\/v2\/posts"}],"about":[{"href":"http:\/\/www.grieta.org.mx\/index.php\/wp-json\/wp\/v2\/types\/post"}],"author":[{"embeddable":true,"href":"http:\/\/www.grieta.org.mx\/index.php\/wp-json\/wp\/v2\/users\/2"}],"replies":[{"embeddable":true,"href":"http:\/\/www.grieta.org.mx\/index.php\/wp-json\/wp\/v2\/comments?post=28550"}],"version-history":[{"count":1,"href":"http:\/\/www.grieta.org.mx\/index.php\/wp-json\/wp\/v2\/posts\/28550\/revisions"}],"predecessor-version":[{"id":32863,"href":"http:\/\/www.grieta.org.mx\/index.php\/wp-json\/wp\/v2\/posts\/28550\/revisions\/32863"}],"wp:featuredmedia":[{"embeddable":true,"href":"http:\/\/www.grieta.org.mx\/index.php\/wp-json\/wp\/v2\/media\/28551"}],"wp:attachment":[{"href":"http:\/\/www.grieta.org.mx\/index.php\/wp-json\/wp\/v2\/media?parent=28550"}],"wp:term":[{"taxonomy":"category","embeddable":true,"href":"http:\/\/www.grieta.org.mx\/index.php\/wp-json\/wp\/v2\/categories?post=28550"},{"taxonomy":"post_tag","embeddable":true,"href":"http:\/\/www.grieta.org.mx\/index.php\/wp-json\/wp\/v2\/tags?post=28550"}],"curies":[{"name":"wp","href":"https:\/\/api.w.org\/{rel}","templated":true}]}}