{"id":28515,"date":"2019-01-08T12:05:49","date_gmt":"2019-01-08T18:05:49","guid":{"rendered":"http:\/\/www.grieta.org.mx\/?p=28515"},"modified":"2019-01-21T12:09:57","modified_gmt":"2019-01-21T18:09:57","slug":"policias-de-transito-tambien-van-a-guardia-nacional-en-morelos","status":"publish","type":"post","link":"http:\/\/www.grieta.org.mx\/index.php\/2019\/01\/08\/policias-de-transito-tambien-van-a-guardia-nacional-en-morelos\/","title":{"rendered":"Polic\u00edas de Tr\u00e1nsito tambi\u00e9n van a Guardia Nacional en Morelos"},"content":{"rendered":"<p>H\u00e9ctor Gonz\u00e1lez \/ La silla rota<\/p>\n<p><img loading=\"lazy\" decoding=\"async\" data-attachment-id=\"28516\" data-permalink=\"http:\/\/www.grieta.org.mx\/index.php\/2019\/01\/08\/policias-de-transito-tambien-van-a-guardia-nacional-en-morelos\/mandounicomorelos-focus-0-0-480-345\/\" data-orig-file=\"http:\/\/www.grieta.org.mx\/wp-content\/uploads\/2019\/01\/mandounicomorelos-focus-0-0-480-345.jpg\" data-orig-size=\"480,340\" data-comments-opened=\"0\" data-image-meta=\"{&quot;aperture&quot;:&quot;0&quot;,&quot;credit&quot;:&quot;&quot;,&quot;camera&quot;:&quot;&quot;,&quot;caption&quot;:&quot;&quot;,&quot;created_timestamp&quot;:&quot;0&quot;,&quot;copyright&quot;:&quot;&quot;,&quot;focal_length&quot;:&quot;0&quot;,&quot;iso&quot;:&quot;0&quot;,&quot;shutter_speed&quot;:&quot;0&quot;,&quot;title&quot;:&quot;&quot;,&quot;orientation&quot;:&quot;0&quot;}\" data-image-title=\"mandounicomorelos-focus-0-0-480-345\" data-image-description=\"\" data-image-caption=\"\" data-medium-file=\"http:\/\/www.grieta.org.mx\/wp-content\/uploads\/2019\/01\/mandounicomorelos-focus-0-0-480-345-300x213.jpg\" data-large-file=\"http:\/\/www.grieta.org.mx\/wp-content\/uploads\/2019\/01\/mandounicomorelos-focus-0-0-480-345.jpg\" src=\"http:\/\/www.grieta.org.mx\/wp-content\/uploads\/2019\/01\/mandounicomorelos-focus-0-0-480-345.jpg\" alt=\"\" width=\"480\" height=\"340\" class=\"aligncenter size-full wp-image-28516\" srcset=\"http:\/\/www.grieta.org.mx\/wp-content\/uploads\/2019\/01\/mandounicomorelos-focus-0-0-480-345.jpg 480w, http:\/\/www.grieta.org.mx\/wp-content\/uploads\/2019\/01\/mandounicomorelos-focus-0-0-480-345-300x213.jpg 300w\" sizes=\"auto, (max-width: 480px) 100vw, 480px\" \/><\/p>\n<p>CUERNAVACA, MORELOS.- La estrategia de seguridad aplicada en Morelos seguir\u00e1 la l\u00ednea establecida por el gobierno de Andr\u00e9s Manuel L\u00f3pez Obrador: Guardia Nacional y Polic\u00eda de Mando \u00danico, a la que adem\u00e1s se sumar\u00e1n los agentes de Tr\u00e1nsito y Vialidad, dijo Jos\u00e9 Manuel Sanz, Jefe de la Oficina de la Gubernatura de la entidad.<\/p>\n<p>Cuestionado sobre las intenciones del edil de Cuernavaca, Antonio Villalobos, de recuperar el control operativo de la polic\u00eda municipal, Sanz Rivera dijo que el modelo policiaco de Mando \u00danico permanecer\u00e1 en Morelos, es decir, el control operativo de las 33 corporaciones locales estar\u00e1 en manos de la Comisi\u00f3n Estatal de Seguridad.<\/p>\n<p>&#8220;Est\u00e1 bien claro y en d\u00edas pasados, semanas pasadas, lo que dijo el presidente de la Rep\u00fablica respecto al Mando \u00danico, creo que ha sido muy claro con respecto a la Guardia Nacional y al Mando \u00danico.<\/p>\n<p>&#8220;Lo que estamos haciendo en el estado de Morelos, independientemente de la estrategia de seguridad que nosotros mismos trazamos, es tomar como eje lo que quiere el presidente de la Rep\u00fablica y lo consideramos adecuado, para eso tuvimos una reuni\u00f3n en la ciudad de M\u00e9xico y nosotros consideramos que lo mejor para el estado en materia de seguridad es tener una polic\u00eda \u00fanica, en este caso la Polic\u00eda Estatal de Morelos, y tener una polic\u00eda estatal \u00fanica, la polic\u00eda de tr\u00e1nsito en Morelos, lo consideramos as\u00ed y esto est\u00e1 avalado por el gobierno federal&#8221;, dijo Jos\u00e9 Manuel Sanz.<\/p>\n<p>La estrategia aplicada en Morelos, agreg\u00f3, no va en contra de lo establecido desde el gobierno federal.<\/p>\n<p>&#8220;Va dentro de la pol\u00edtica del presidente Andr\u00e9s Manuel L\u00f3pez Obrador, es decir, no estamos haciendo algo en contra o algo que no le guste.<\/p>\n<p>&#8220;Esa opini\u00f3n por parte de un presidente municipal (de Cuernavaca) va en contra de la opini\u00f3n del presidente de la Rep\u00fablica&#8221;, expres\u00f3.<\/p>\n<p><a href=\"https:\/\/lasillarota.com\/estados\/policias-de-transito-tambien-van-a-guardia-nacional-en-morelos-morelos-mando-unlico\/265270\">https:\/\/lasillarota.com\/estados\/policias-de-transito-tambien-van-a-guardia-nacional-en-morelos-morelos-mando-unlico\/265270<\/a><\/p>\n","protected":false},"excerpt":{"rendered":"<p>H\u00e9ctor Gonz\u00e1lez \/ La silla rota CUERNAVACA, MORELOS.- La estrategia de seguridad aplicada en Morelos seguir\u00e1 la l\u00ednea establecida por el gobierno de Andr\u00e9s Manuel L\u00f3pez Obrador: Guardia Nacional y &hellip; <a href=\"http:\/\/www.grieta.org.mx\/index.php\/2019\/01\/08\/policias-de-transito-tambien-van-a-guardia-nacional-en-morelos\/\" class=\"more-link\">Leer m\u00e1s<\/a><\/p>\n","protected":false},"author":2,"featured_media":28516,"comment_status":"closed","ping_status":"closed","sticky":false,"template":"","format":"standard","meta":{"ngg_post_thumbnail":0,"_jetpack_newsletter_access":"","_jetpack_dont_email_post_to_subs":false,"_jetpack_newsletter_tier_id":0,"_jetpack_memberships_contains_paywalled_content":false,"_jetpack_memberships_contains_paid_content":false,"footnotes":""},"categories":[80,912,1901,22,2,1772,83],"tags":[477,614],"class_list":["post-28515","post","type-post","status-publish","format-standard","has-post-thumbnail","hentry","category-cintillo","category-militarizacion","category-militarizacion-en-morelos","category-morelos","category-noticias-nacionales","category-protestas-y-denuncias-contra-el-mando-unico-en-morelos","category-temas-nacionales","tag-mando-unico","tag-militarizacion","entry"],"jetpack_featured_media_url":"http:\/\/www.grieta.org.mx\/wp-content\/uploads\/2019\/01\/mandounicomorelos-focus-0-0-480-345.jpg","jetpack_sharing_enabled":true,"jetpack_shortlink":"https:\/\/wp.me\/p7ZJR4-7pV","jetpack_likes_enabled":false,"jetpack-related-posts":[{"id":31684,"url":"http:\/\/www.grieta.org.mx\/index.php\/2019\/03\/26\/establecera-guardia-nacional-27-bases-en-morelos\/","url_meta":{"origin":28515,"position":0},"title":"Establecer\u00e1 Guardia Nacional 27 bases en Morelos","author":"grieta","date":"26 marzo, 2019","format":false,"excerpt":"Guillermo Tapia \/ Diario de Morelos Cuautla, Morelos.- Se coordinar\u00e1 la Guardia Nacional con el Mando Coordinado en Morelos, ya que se establecer\u00e1n 27 bases de operaci\u00f3n en la entidad, se\u00f1al\u00f3 el secretario de Gobierno, Pablo Ojeda C\u00e1rdenas. La organizaci\u00f3n se dar\u00e1 luego de que entre en vigor la reforma\u2026","rel":"","context":"En &quot;CINTILLO&quot;","block_context":{"text":"CINTILLO","link":"http:\/\/www.grieta.org.mx\/index.php\/category\/cintillo\/"},"img":{"alt_text":"","src":"https:\/\/i0.wp.com\/www.grieta.org.mx\/wp-content\/uploads\/2019\/04\/27-bases-guardia-nacional-Morelos-260319.jpg?resize=350%2C200","width":350,"height":200,"srcset":"https:\/\/i0.wp.com\/www.grieta.org.mx\/wp-content\/uploads\/2019\/04\/27-bases-guardia-nacional-Morelos-260319.jpg?resize=350%2C200 1x, https:\/\/i0.wp.com\/www.grieta.org.mx\/wp-content\/uploads\/2019\/04\/27-bases-guardia-nacional-Morelos-260319.jpg?resize=525%2C300 1.5x, https:\/\/i0.wp.com\/www.grieta.org.mx\/wp-content\/uploads\/2019\/04\/27-bases-guardia-nacional-Morelos-260319.jpg?resize=700%2C400 2x"},"classes":[]},{"id":27900,"url":"http:\/\/www.grieta.org.mx\/index.php\/2018\/12\/03\/patrulla-ejercito-las-calles-de-cuernavaca-refuerzan-seguridad\/","url_meta":{"origin":28515,"position":1},"title":"Patrulla Ej\u00e9rcito las calles de Cuernavaca; refuerzan seguridad","author":"grieta","date":"3 diciembre, 2018","format":false,"excerpt":"Marcela Garc\u00eda \/ Diario de Morelos Cuernavaca, MORELOS.- Ayer se instal\u00f3 en Morelos la Coordinaci\u00f3n para la Seguridad y la Paz, para establecer acciones concretas en el combate a la inseguridad, entre ellas la llegada de 200 polic\u00edas federales, 14 patrullas y m\u00e1s operativos, mientras entra en operaci\u00f3n la Guardia\u2026","rel":"","context":"En &quot;Militarizaci\u00f3n&quot;","block_context":{"text":"Militarizaci\u00f3n","link":"http:\/\/www.grieta.org.mx\/index.php\/category\/temas-nacionales\/militarizacion\/"},"img":{"alt_text":"","src":"https:\/\/i0.wp.com\/www.grieta.org.mx\/wp-content\/uploads\/2018\/12\/reunion-seguridad-Morelos-031218.jpg?resize=350%2C200","width":350,"height":200,"srcset":"https:\/\/i0.wp.com\/www.grieta.org.mx\/wp-content\/uploads\/2018\/12\/reunion-seguridad-Morelos-031218.jpg?resize=350%2C200 1x, https:\/\/i0.wp.com\/www.grieta.org.mx\/wp-content\/uploads\/2018\/12\/reunion-seguridad-Morelos-031218.jpg?resize=525%2C300 1.5x, https:\/\/i0.wp.com\/www.grieta.org.mx\/wp-content\/uploads\/2018\/12\/reunion-seguridad-Morelos-031218.jpg?resize=700%2C400 2x, https:\/\/i0.wp.com\/www.grieta.org.mx\/wp-content\/uploads\/2018\/12\/reunion-seguridad-Morelos-031218.jpg?resize=1050%2C600 3x"},"classes":[]},{"id":27892,"url":"http:\/\/www.grieta.org.mx\/index.php\/2018\/12\/08\/implementaran-de-nuevo-el-mando-unico\/","url_meta":{"origin":28515,"position":2},"title":"Implementar\u00e1n de nuevo el Mando \u00danico","author":"grieta","date":"8 diciembre, 2018","format":false,"excerpt":"Omar Romero \/ Diario de Morelos Cuernavaca, Morelos.- El Mando \u00danico se implementar\u00e1 de nueva cuenta en la entidad, adelant\u00f3 el comisionado estatal de Seguridad P\u00fablica, el Vicealmirante Jos\u00e9 Antonio Ortiz Guarneros, quien dijo que ahora s\u00ed ya no habr\u00e1 polic\u00edas municipales y todos ser\u00e1n elementos estatales. Explic\u00f3 que ayer\u2026","rel":"","context":"En &quot;Militarizaci\u00f3n&quot;","block_context":{"text":"Militarizaci\u00f3n","link":"http:\/\/www.grieta.org.mx\/index.php\/category\/temas-nacionales\/militarizacion\/"},"img":{"alt_text":"","src":"https:\/\/i0.wp.com\/www.grieta.org.mx\/wp-content\/uploads\/2018\/12\/Vicealmirante-Ortiz-Guarneros-2_result.jpg?resize=350%2C200","width":350,"height":200,"srcset":"https:\/\/i0.wp.com\/www.grieta.org.mx\/wp-content\/uploads\/2018\/12\/Vicealmirante-Ortiz-Guarneros-2_result.jpg?resize=350%2C200 1x, https:\/\/i0.wp.com\/www.grieta.org.mx\/wp-content\/uploads\/2018\/12\/Vicealmirante-Ortiz-Guarneros-2_result.jpg?resize=525%2C300 1.5x, https:\/\/i0.wp.com\/www.grieta.org.mx\/wp-content\/uploads\/2018\/12\/Vicealmirante-Ortiz-Guarneros-2_result.jpg?resize=700%2C400 2x, https:\/\/i0.wp.com\/www.grieta.org.mx\/wp-content\/uploads\/2018\/12\/Vicealmirante-Ortiz-Guarneros-2_result.jpg?resize=1050%2C600 3x"},"classes":[]},{"id":27903,"url":"http:\/\/www.grieta.org.mx\/index.php\/2018\/12\/04\/blindan-morelos-con-900-soldados-y-30-policias-federales\/","url_meta":{"origin":28515,"position":3},"title":"Blindan Morelos con 900 soldados y 30 polic\u00edas federales","author":"grieta","date":"4 diciembre, 2018","format":false,"excerpt":"Redacci\u00f3n \/ Diario de Coahuila CUERNAVACA, Mor., diciembre 4 (EL UNIVERSAL).- Desde este fin de semana, 900 elementos del Ej\u00e9rcito y 30 de la Polic\u00eda Federal recorren la entidad en labores de seguridad y vigilancia en coordinaci\u00f3n con la Polic\u00eda de Mando \u00danico de Morelos. Los elementos de respaldo tienen\u2026","rel":"","context":"En &quot;Militarizaci\u00f3n&quot;","block_context":{"text":"Militarizaci\u00f3n","link":"http:\/\/www.grieta.org.mx\/index.php\/category\/temas-nacionales\/militarizacion\/"},"img":{"alt_text":"","src":"https:\/\/i0.wp.com\/www.grieta.org.mx\/wp-content\/uploads\/2018\/12\/f620x350-712051_743069_0.jpg?resize=350%2C200","width":350,"height":200,"srcset":"https:\/\/i0.wp.com\/www.grieta.org.mx\/wp-content\/uploads\/2018\/12\/f620x350-712051_743069_0.jpg?resize=350%2C200 1x, https:\/\/i0.wp.com\/www.grieta.org.mx\/wp-content\/uploads\/2018\/12\/f620x350-712051_743069_0.jpg?resize=525%2C300 1.5x"},"classes":[]},{"id":32513,"url":"http:\/\/www.grieta.org.mx\/index.php\/2019\/04\/25\/marinos-regresan-a-morelos-10-anos-despues-del-operativo-donde-murio-arturo-beltran-leyva\/","url_meta":{"origin":28515,"position":4},"title":"Marinos regresan a Morelos 10 a\u00f1os despu\u00e9s del operativo donde muri\u00f3 Arturo Beltr\u00e1n Leyva","author":"grieta","date":"25 abril, 2019","format":false,"excerpt":"Ver\u00f3nica Bcaz \/ El Financiero El Gobierno de Morelos confirm\u00f3, sin especificar el n\u00famero, la llegada de elementos de la Marina tras hechos violentos en el estado. El Gobierno de Morelos confirm\u00f3 este jueves el arribo de elementos de la Secretar\u00eda de Marina (Semar) al estado, tras los hechos violentos\u2026","rel":"","context":"En &quot;CINTILLO&quot;","block_context":{"text":"CINTILLO","link":"http:\/\/www.grieta.org.mx\/index.php\/category\/cintillo\/"},"img":{"alt_text":"","src":"https:\/\/i0.wp.com\/www.grieta.org.mx\/wp-content\/uploads\/2019\/04\/116ce3668c1556216983_standard_desktop_medium_retina.jpeg?resize=350%2C200","width":350,"height":200,"srcset":"https:\/\/i0.wp.com\/www.grieta.org.mx\/wp-content\/uploads\/2019\/04\/116ce3668c1556216983_standard_desktop_medium_retina.jpeg?resize=350%2C200 1x, https:\/\/i0.wp.com\/www.grieta.org.mx\/wp-content\/uploads\/2019\/04\/116ce3668c1556216983_standard_desktop_medium_retina.jpeg?resize=525%2C300 1.5x, https:\/\/i0.wp.com\/www.grieta.org.mx\/wp-content\/uploads\/2019\/04\/116ce3668c1556216983_standard_desktop_medium_retina.jpeg?resize=700%2C400 2x, https:\/\/i0.wp.com\/www.grieta.org.mx\/wp-content\/uploads\/2019\/04\/116ce3668c1556216983_standard_desktop_medium_retina.jpeg?resize=1050%2C600 3x"},"classes":[]},{"id":27896,"url":"http:\/\/www.grieta.org.mx\/index.php\/2018\/12\/05\/refuerzan-operativos-en-focos-rojos-de-temixco\/","url_meta":{"origin":28515,"position":5},"title":"Refuerzan operativos en focos rojos de Temixco, Morelos","author":"grieta","date":"5 diciembre, 2018","format":false,"excerpt":"CARLOS SOBERANES \/ Diario de Morelos TEMIXCO, MORELOS.- La alcaldesa de Temixco, Juana Ocampo Dom\u00ednguez, confirm\u00f3 que implementan operativos y recorridos con personal de la Sedena y elementos del Mando \u00danico, como parte de la estrategia de seguridad del Gobierno estatal. Aunado a ello, dijo que como parte del plan\u2026","rel":"","context":"En &quot;Militarizaci\u00f3n&quot;","block_context":{"text":"Militarizaci\u00f3n","link":"http:\/\/www.grieta.org.mx\/index.php\/category\/temas-nacionales\/militarizacion\/"},"img":{"alt_text":"","src":"https:\/\/i0.wp.com\/www.grieta.org.mx\/wp-content\/uploads\/2018\/03\/14524434_1106112876131411_958039263622046936_o.jpg?resize=350%2C200","width":350,"height":200,"srcset":"https:\/\/i0.wp.com\/www.grieta.org.mx\/wp-content\/uploads\/2018\/03\/14524434_1106112876131411_958039263622046936_o.jpg?resize=350%2C200 1x, https:\/\/i0.wp.com\/www.grieta.org.mx\/wp-content\/uploads\/2018\/03\/14524434_1106112876131411_958039263622046936_o.jpg?resize=525%2C300 1.5x, https:\/\/i0.wp.com\/www.grieta.org.mx\/wp-content\/uploads\/2018\/03\/14524434_1106112876131411_958039263622046936_o.jpg?resize=700%2C400 2x"},"classes":[]}],"_links":{"self":[{"href":"http:\/\/www.grieta.org.mx\/index.php\/wp-json\/wp\/v2\/posts\/28515","targetHints":{"allow":["GET"]}}],"collection":[{"href":"http:\/\/www.grieta.org.mx\/index.php\/wp-json\/wp\/v2\/posts"}],"about":[{"href":"http:\/\/www.grieta.org.mx\/index.php\/wp-json\/wp\/v2\/types\/post"}],"author":[{"embeddable":true,"href":"http:\/\/www.grieta.org.mx\/index.php\/wp-json\/wp\/v2\/users\/2"}],"replies":[{"embeddable":true,"href":"http:\/\/www.grieta.org.mx\/index.php\/wp-json\/wp\/v2\/comments?post=28515"}],"version-history":[{"count":1,"href":"http:\/\/www.grieta.org.mx\/index.php\/wp-json\/wp\/v2\/posts\/28515\/revisions"}],"predecessor-version":[{"id":28518,"href":"http:\/\/www.grieta.org.mx\/index.php\/wp-json\/wp\/v2\/posts\/28515\/revisions\/28518"}],"wp:featuredmedia":[{"embeddable":true,"href":"http:\/\/www.grieta.org.mx\/index.php\/wp-json\/wp\/v2\/media\/28516"}],"wp:attachment":[{"href":"http:\/\/www.grieta.org.mx\/index.php\/wp-json\/wp\/v2\/media?parent=28515"}],"wp:term":[{"taxonomy":"category","embeddable":true,"href":"http:\/\/www.grieta.org.mx\/index.php\/wp-json\/wp\/v2\/categories?post=28515"},{"taxonomy":"post_tag","embeddable":true,"href":"http:\/\/www.grieta.org.mx\/index.php\/wp-json\/wp\/v2\/tags?post=28515"}],"curies":[{"name":"wp","href":"https:\/\/api.w.org\/{rel}","templated":true}]}}