{"id":28300,"date":"2019-01-07T22:43:02","date_gmt":"2019-01-08T04:43:02","guid":{"rendered":"http:\/\/www.grieta.org.mx\/?p=28300"},"modified":"2019-01-09T22:56:02","modified_gmt":"2019-01-10T04:56:02","slug":"lomas-del-rubi-en-el-abandono-de-las-autoridades-baja-california","status":"publish","type":"post","link":"http:\/\/www.grieta.org.mx\/index.php\/2019\/01\/07\/lomas-del-rubi-en-el-abandono-de-las-autoridades-baja-california\/","title":{"rendered":"Lomas del Rub\u00ed, en el abandono de las autoridades (Baja California)"},"content":{"rendered":"<p><img decoding=\"async\" data-attachment-id=\"28299\" data-permalink=\"http:\/\/www.grieta.org.mx\/?attachment_id=28299\" data-orig-file=\"http:\/\/www.grieta.org.mx\/wp-content\/uploads\/2019\/01\/lomasdelrubidesalojo157b.jpg\" data-orig-size=\"620,342\" data-comments-opened=\"0\" data-image-meta=\"{&quot;aperture&quot;:&quot;0&quot;,&quot;credit&quot;:&quot;&quot;,&quot;camera&quot;:&quot;&quot;,&quot;caption&quot;:&quot;&quot;,&quot;created_timestamp&quot;:&quot;0&quot;,&quot;copyright&quot;:&quot;&quot;,&quot;focal_length&quot;:&quot;0&quot;,&quot;iso&quot;:&quot;0&quot;,&quot;shutter_speed&quot;:&quot;0&quot;,&quot;title&quot;:&quot;&quot;,&quot;orientation&quot;:&quot;0&quot;}\" data-image-title=\"lomasdelrubidesalojo157b\" data-image-description=\"\" data-image-caption=\"\" data-medium-file=\"http:\/\/www.grieta.org.mx\/wp-content\/uploads\/2019\/01\/lomasdelrubidesalojo157b-300x165.jpg\" data-large-file=\"http:\/\/www.grieta.org.mx\/wp-content\/uploads\/2019\/01\/lomasdelrubidesalojo157b.jpg\" class=\"aligncenter size-full wp-image-28299\" src=\"http:\/\/www.grieta.org.mx\/wp-content\/uploads\/2019\/01\/lomasdelrubidesalojo157b.jpg\" alt=\"\" width=\"100%\" srcset=\"http:\/\/www.grieta.org.mx\/wp-content\/uploads\/2019\/01\/lomasdelrubidesalojo157b.jpg 620w, http:\/\/www.grieta.org.mx\/wp-content\/uploads\/2019\/01\/lomasdelrubidesalojo157b-300x165.jpg 300w\" sizes=\"(max-width: 620px) 100vw, 620px\" \/><br \/>\nFotos: Manuel Ayala<\/p>\n<p>Manuel Ayala<\/p>\n<p>A casi un a\u00f1o del derrumbe provocado por la empresa constructora Grupo Melo, que dej\u00f3 sin patrimonio a m\u00e1s de 160 familias en la colonia Lomas del Rub\u00ed, vecinos se dicen abandonados por autoridades municipales y estancados en los procesos legales que hab\u00edan iniciado. El peritaje de la PGJE a\u00fan no concluye, aunque debi\u00f3 haber estado listo hace tres meses. En los terrenos donados no pueden edificar sin aceptar el plan de construcci\u00f3n de vivienda que ofrece Promun. Melo sigue sin ser sancionada<\/p>\n<p>La calle Liberal Patria en la colonia Lomas del Rub\u00ed est\u00e1 totalmente colapsada. El acceso que anteriormente ten\u00edan los vecinos ha desaparecido y en su lugar hay un mont\u00f3n de escombros que se mezclan con los de las m\u00e1s de 160 casas que se derrumbaron el 2 de febrero de 2018, debido a un deslizamiento provocado por maniobras de la empresa constructora Grupo Melo.<\/p>\n<p>Han pasado m\u00e1s de once meses desde aquel suceso que cambi\u00f3 por completo las vidas de las personas que se vieron afectadas y a\u00fan no tienen certeza sobre su situaci\u00f3n y lo que suceder\u00e1 al respecto.<\/p>\n<p>Si bien, autoridades municipales y del Estado les entregaron en un inicio apoyos econ\u00f3micos por 15 mil pesos, no fue suficiente. Las personas se endeudar\u00e1n pagando rentas, dinero que se sali\u00f3 de sus presupuestos al ser un gasto no contemplado.<\/p>\n<p>De igual manera se present\u00f3 un dictamen por parte del Municipio en el que se se\u00f1ala a Grupo Melo como responsable de dicho derrumbe, sin embargo, la demanda penal que interpusieron los vecinos no ha fructificado porque la autoridad municipal no ha aportado a la causa, y el peritaje de la Procuradur\u00eda a\u00fan no se ha concluido, pese a que debi\u00f3 estar listo hace tres meses.<\/p>\n<p>Otra situaci\u00f3n que lamentan los afectados, es el proceso de donaci\u00f3n de predios que realizaron el Municipio y el Estado, donde solamente se han acreditado 66 de 165 vecinos perjudicados, debido a lagunas en el papeleo y la acreditaci\u00f3n de las personas.<\/p>\n<p><img decoding=\"async\" data-attachment-id=\"28301\" data-permalink=\"http:\/\/www.grieta.org.mx\/index.php\/2019\/01\/07\/lomas-del-rubi-en-el-abandono-de-las-autoridades-baja-california\/lomasdelrubidesalojo145b-600x380\/\" data-orig-file=\"http:\/\/www.grieta.org.mx\/wp-content\/uploads\/2019\/01\/lomasdelrubidesalojo145b-600x380.jpg\" data-orig-size=\"600,380\" data-comments-opened=\"0\" data-image-meta=\"{&quot;aperture&quot;:&quot;0&quot;,&quot;credit&quot;:&quot;&quot;,&quot;camera&quot;:&quot;&quot;,&quot;caption&quot;:&quot;&quot;,&quot;created_timestamp&quot;:&quot;0&quot;,&quot;copyright&quot;:&quot;&quot;,&quot;focal_length&quot;:&quot;0&quot;,&quot;iso&quot;:&quot;0&quot;,&quot;shutter_speed&quot;:&quot;0&quot;,&quot;title&quot;:&quot;&quot;,&quot;orientation&quot;:&quot;0&quot;}\" data-image-title=\"lomasdelrubidesalojo145b-600&amp;#215;380\" data-image-description=\"\" data-image-caption=\"\" data-medium-file=\"http:\/\/www.grieta.org.mx\/wp-content\/uploads\/2019\/01\/lomasdelrubidesalojo145b-600x380-300x190.jpg\" data-large-file=\"http:\/\/www.grieta.org.mx\/wp-content\/uploads\/2019\/01\/lomasdelrubidesalojo145b-600x380.jpg\" class=\"aligncenter size-full wp-image-28301\" src=\"http:\/\/www.grieta.org.mx\/wp-content\/uploads\/2019\/01\/lomasdelrubidesalojo145b-600x380.jpg\" alt=\"\" width=\"100%\" srcset=\"http:\/\/www.grieta.org.mx\/wp-content\/uploads\/2019\/01\/lomasdelrubidesalojo145b-600x380.jpg 600w, http:\/\/www.grieta.org.mx\/wp-content\/uploads\/2019\/01\/lomasdelrubidesalojo145b-600x380-300x190.jpg 300w\" sizes=\"(max-width: 600px) 100vw, 600px\" \/><\/p>\n<p>Problema que se hace m\u00e1s grande en el entendido que ning\u00fan vecino puede construir a su gusto y a sus tiempos en dichos terrenos, debido a que pertenecen a un programa de fraccionamiento y deben adecuarse a \u00e9ste; es decir, para construir tienen que pagar para que les construyan, de otra manera no puede ser posible.<\/p>\n<p>En tanto esto sucede y el tiempo pasa, el deslizamiento en la colonia sigue avanzando poco a poco, provocando severos da\u00f1os como el de la calle Liberal Patria y de casas que si bien estaban etiquetadas en riesgo, segu\u00edan firmes.<\/p>\n<p>ESTANCAMIENTO EN LA DEMANDA PENAL<\/p>\n<p>Mariana Morales, integrante del comit\u00e9 de vecinos de Lomas del Rub\u00ed, comparti\u00f3 que lamentablemente con este suceso se perdi\u00f3 el patrimonio de muchas familias que siguen en la calle y sin ning\u00fan tipo de apoyo de Grupo Melo, ni del Ayuntamiento.<\/p>\n<p>Sin embargo, se han estado basando en las formas legales para llevar a buen t\u00e9rmino el proceso, pero en el camino se han encontrado con un \u201cestancamiento\u201d en todos los sentidos, desde las lagunas en los procesos legales, as\u00ed como en los procedimientos de papeleo y acreditaci\u00f3n formal de las casas da\u00f1adas.<\/p>\n<p>Es el caso de la demanda penal que meses atr\u00e1s interpusieron contra Grupo Melo ante el Ministerio P\u00fablico, en la que se le acusa de ser causante del derrumbe que da\u00f1\u00f3 las casas, la cual se sustenta con el peritaje que realiz\u00f3 el Ayuntamiento de Tijuana, pero al que le hace falta el peritaje de la Procuradur\u00eda: dictamen que debi\u00f3 haber concluido hace tres meses, pero que el perito no ha realizado porque solicita d\u00edas de extensi\u00f3n para ello, ya que est\u00e1 incompleto.<\/p>\n<p>Morales refiri\u00f3 que en el \u00faltimo apercibimiento que tuvieron con el perito, el 24 de noviembre de 2018, pidi\u00f3 20 d\u00edas m\u00e1s para concluirlo, fecha que lleg\u00f3 en diciembre pasado y al momento no se ha realizado.<\/p>\n<p>TERRENOS DONADOS, SUJETOS A PROGRAMA DE CONSTRUCCI\u00d3N DE VIVIENDA<\/p>\n<p>Pese a que el ayuntamiento encabezado por Juan Manuel Gast\u00e9lum Buenrostro y autoridades del Estado anunciaron en su momento que a los vecinos afectados de Lomas del Rub\u00ed se les donar\u00eda un terreno para rehacer sus vidas, la realidad es que solamente se los dieron a 66 personas que acreditaron ser due\u00f1os de los predios destruidos, cuando el total de afectados son 165.<\/p>\n<p>Situaci\u00f3n que tambi\u00e9n ha causado la molestia e incertidumbre entre los vecinos, debido a que consideran que se han estado minimizando las formas para ayudar con este tipo de apoyos, porque si bien muchos perdieron los documentos en el derrumbe, a otros les hace falta alguno o no est\u00e1n a nombre del propietario, poni\u00e9ndoles trabas para acreditar los predios y otorgarles un terreno como se hab\u00eda acordado con anterioridad.<\/p>\n<p>Para Mariana Morales es \u201cuna irresponsabilidad\u201d de las autoridades pretender apoyar porque les est\u00e1n exigiendo \u201calgo que no vas a tener en el momento porque no est\u00e1s en el lugar, sobre todo porque ellos tienen una identificaci\u00f3n de que las personas viv\u00edan ah\u00ed, en su momento se les dio un apoyo, estuvieron habitando y hac\u00edan sus pagos correspondientes\u201d.<\/p>\n<p>Vecinos consultados creen que \u201cla situaci\u00f3n est\u00e1 complicada\u201d porque, aunque se les don\u00f3 un predio en un fraccionamiento, en estos casos se maneja un prototipo de casa y no permiten que se construya otro tipo de modelo de vivienda que no sea igual porque pierden plusval\u00eda.<\/p>\n<p>Por lo tanto, mediante el Fideicomiso Promotora Municipal de Tijuana (Promun), est\u00e1n instrumentando un proyecto para los vecinos que ya se les acredit\u00f3 y se les dio un lote para la construcci\u00f3n de una vivienda, pero \u00e9sta tiene un costo no especificado; se trata de otro proceso en el que pr\u00e1cticamente van a pagar por la construcci\u00f3n de sus casas.<\/p>\n<p>\u201cSe nos don\u00f3 el lote, pero ahora hay que pagar para que ellos construyan tu casa a su forma y no a como t\u00fa lo ten\u00edas pensado\u201d, se\u00f1al\u00f3 Mariana.<\/p>\n<p>Es, pues, un gasto extra que sale de toda proporci\u00f3n, ya que, acorde con los afectados, al seguirse endeudando, ya no pueden construir poco a poco y conforme a sus posibilidades, sino que ahora deben entrar a ese programa de pago continuo durante diez a\u00f1os y adaptarse al proyecto que les est\u00e1n ofreciendo.<\/p>\n<p>APOYOS INSUFICIENTES; AFECTACI\u00d3N TAMBI\u00c9N EMOCIONAL Y PSICOL\u00d3GICA<\/p>\n<p>Una de las vecinas afectadas, quien omiti\u00f3 su nombre, comparti\u00f3 que en su momento agradecieron el apoyo de 15 mil pesos de las autoridades, sin embargo, reconoce fue algo meramente proporcional que obviamente no les dudar\u00eda toda la vida.<\/p>\n<p>Raz\u00f3n por la cual muchos como ella siguen endeudados por estar pagando renta, porque se quedaron sin trabajo durante muchos meses y no han podido encontrar una estabilidad, \u201cmucho menos hemos podido encontrar la tranquilidad\u201d, resalt\u00f3.<\/p>\n<p>A varios se les apoy\u00f3 con un lote, pero \u201clo que nosotros perdimos fue una casa con todas las condiciones y las comodidades\u201d, lo cual no ha sido suficiente para remediar sus \u201cmales\u201d y, contrario a todo, no s\u00f3lo caus\u00f3 da\u00f1os materiales, sino en la salud y psicol\u00f3gicos, pues muchas personas han enfermado por ello.<\/p>\n<p>\u201cEsto ha provocado un desequilibrio emocional y econ\u00f3mico para todas las familias, lo cual se ha reflejado tanto en los adultos mayores, ni\u00f1os, hombres y mujeres, quienes ten\u00edan la seguridad de un patrimonio y de repente lo perdieron todo\u201d, manifest\u00f3 la entrevistada.<\/p>\n<p>\u201cDe la noche a la ma\u00f1ana pas\u00f3 por una irresponsabilidad, por una mala supervisi\u00f3n de obra y sobre todo por no venir y prevenir en su momento\u201d, lo que consideraron incluso como un atentado contra la vida de estas personas, algunas hab\u00edan salido a trabajar y, a su regreso, descubrieron ya no ten\u00edan casa.<\/p>\n<p><img decoding=\"async\" data-attachment-id=\"28302\" data-permalink=\"http:\/\/www.grieta.org.mx\/index.php\/2019\/01\/07\/lomas-del-rubi-en-el-abandono-de-las-autoridades-baja-california\/lomasdelrubidesalojo156b\/\" data-orig-file=\"http:\/\/www.grieta.org.mx\/wp-content\/uploads\/2019\/01\/lomasdelrubidesalojo156b.jpg\" data-orig-size=\"620,364\" data-comments-opened=\"0\" data-image-meta=\"{&quot;aperture&quot;:&quot;0&quot;,&quot;credit&quot;:&quot;&quot;,&quot;camera&quot;:&quot;&quot;,&quot;caption&quot;:&quot;&quot;,&quot;created_timestamp&quot;:&quot;0&quot;,&quot;copyright&quot;:&quot;&quot;,&quot;focal_length&quot;:&quot;0&quot;,&quot;iso&quot;:&quot;0&quot;,&quot;shutter_speed&quot;:&quot;0&quot;,&quot;title&quot;:&quot;&quot;,&quot;orientation&quot;:&quot;0&quot;}\" data-image-title=\"lomasdelrubidesalojo156b\" data-image-description=\"\" data-image-caption=\"\" data-medium-file=\"http:\/\/www.grieta.org.mx\/wp-content\/uploads\/2019\/01\/lomasdelrubidesalojo156b-300x176.jpg\" data-large-file=\"http:\/\/www.grieta.org.mx\/wp-content\/uploads\/2019\/01\/lomasdelrubidesalojo156b.jpg\" class=\"aligncenter size-full wp-image-28302\" src=\"http:\/\/www.grieta.org.mx\/wp-content\/uploads\/2019\/01\/lomasdelrubidesalojo156b.jpg\" alt=\"\" width=\"100%\" srcset=\"http:\/\/www.grieta.org.mx\/wp-content\/uploads\/2019\/01\/lomasdelrubidesalojo156b.jpg 620w, http:\/\/www.grieta.org.mx\/wp-content\/uploads\/2019\/01\/lomasdelrubidesalojo156b-300x176.jpg 300w\" sizes=\"(max-width: 620px) 100vw, 620px\" \/><\/p>\n<p>\u201cSEGUIREMOS EXIGIENDO\u201d<\/p>\n<p>Seg\u00fan Mariana Morales, del comit\u00e9 de vecinos de Lomas del Rub\u00ed, a la fecha nadie de Grupo Melo ha tenido acercamiento \u201cni solidario, ni humanitario\u201d con los vecinos afectados, pues siguen en su postura de desconocer lo que pas\u00f3.<\/p>\n<p>Por lo tanto, seguir\u00e1n exigiendo hasta las \u00faltimas instancias bajo los procesos legales, con la intenci\u00f3n de obtener \u201cuna soluci\u00f3n, dar seguimiento y evitar que sigan pasando estas cosas en otras colonias\u201d.<\/p>\n<p>A su decir, \u201cdesafortunadamente\u201d M\u00e9xico tiene su base \u201cen un sistema con muchas lagunas\u201d, lo cual ha propiciado que el problema de Lomas del Rub\u00ed no haya terminado a\u00fan, y como saben que va a continuar, seguir\u00e1n luchando, \u201cexigiendo a las autoridades y por las v\u00edas jur\u00eddicas, queremos que (las autoridades) den una explicaci\u00f3n de qu\u00e9 va a pasar con Lomas del Rub\u00ed, qu\u00e9 se va a hacer para evitarlo en un futuro y c\u00f3mo van a apoyar (a los vecinos) para ya cerrar este cap\u00edtulo\u201d, remat\u00f3.<\/p>\n<p><a href=\"http:\/\/zetatijuana.com\/2019\/01\/lomas-del-rubi-en-el-abandono-de-las-autoridades\/\" rel=\"noopener\" target=\"_blank\">http:\/\/zetatijuana.com\/2019\/01\/lomas-del-rubi-en-el-abandono-de-las-autoridades\/<\/a><\/p>\n","protected":false},"excerpt":{"rendered":"<p>Fotos: Manuel Ayala Manuel Ayala A casi un a\u00f1o del derrumbe provocado por la empresa constructora Grupo Melo, que dej\u00f3 sin patrimonio a m\u00e1s de 160 familias en la colonia &hellip; <a href=\"http:\/\/www.grieta.org.mx\/index.php\/2019\/01\/07\/lomas-del-rubi-en-el-abandono-de-las-autoridades-baja-california\/\" class=\"more-link\">Leer m\u00e1s<\/a><\/p>\n","protected":false},"author":2,"featured_media":28299,"comment_status":"closed","ping_status":"closed","sticky":false,"template":"","format":"standard","meta":{"ngg_post_thumbnail":0,"_jetpack_newsletter_access":"","_jetpack_dont_email_post_to_subs":false,"_jetpack_newsletter_tier_id":0,"_jetpack_memberships_contains_paywalled_content":false,"_jetpack_memberships_contains_paid_content":false,"footnotes":""},"categories":[5,80,1010,2],"tags":[1940,1011,1941],"class_list":["post-28300","post","type-post","status-publish","format-standard","has-post-thumbnail","hentry","category-baja-california","category-cintillo","category-conflictos-por-desarrollos-inmobiliarios-en-baja-california","category-noticias-nacionales","tag-familias-sin-casa","tag-lomas-de-rubi","tag-pulpo-inmobiliario","entry"],"jetpack_featured_media_url":"http:\/\/www.grieta.org.mx\/wp-content\/uploads\/2019\/01\/lomasdelrubidesalojo157b.jpg","jetpack_sharing_enabled":true,"jetpack_shortlink":"https:\/\/wp.me\/p7ZJR4-7ms","jetpack_likes_enabled":false,"jetpack-related-posts":[{"id":23033,"url":"http:\/\/www.grieta.org.mx\/index.php\/2018\/05\/07\/afectados-de-lomas-del-rubi-amenazaron-con-invadir-grupo-melo-para-asi-ser-atendidos-por-el-patas-tres-meses-despues-de-colapso-baja-california\/","url_meta":{"origin":28300,"position":0},"title":"Afectados de Lomas del Rub\u00ed amenazaron con invadir Grupo Melo para as\u00ed ser atendidos por \u201cEl Patas\u201d, tres meses despu\u00e9s de colapso (Baja California)","author":"grieta","date":"7 mayo, 2018","format":false,"excerpt":"","rel":"","context":"En &quot;Baja California&quot;","block_context":{"text":"Baja California","link":"http:\/\/www.grieta.org.mx\/index.php\/category\/noticias-nacionales\/baja-california\/"},"img":{"alt_text":"","src":"https:\/\/i0.wp.com\/www.grieta.org.mx\/wp-content\/uploads\/2018\/05\/lomasdelrubidesalojo101b.jpg?resize=350%2C200","width":350,"height":200,"srcset":"https:\/\/i0.wp.com\/www.grieta.org.mx\/wp-content\/uploads\/2018\/05\/lomasdelrubidesalojo101b.jpg?resize=350%2C200 1x, https:\/\/i0.wp.com\/www.grieta.org.mx\/wp-content\/uploads\/2018\/05\/lomasdelrubidesalojo101b.jpg?resize=525%2C300 1.5x"},"classes":[]},{"id":21827,"url":"http:\/\/www.grieta.org.mx\/index.php\/2018\/02\/06\/cortes-indebidos-de-tierra-en-lomas-del-rubi-debieron-ser-detectados-en-inspecciones-baja-california\/","url_meta":{"origin":28300,"position":1},"title":"Cortes indebidos de tierra en Lomas del Rub\u00ed debieron ser detectados en inspecciones (Baja California)","author":"grieta","date":"6 febrero, 2018","format":false,"excerpt":"Tijuana, 6 de febrero.- El deslizamiento de tierra en la colonia Lomas del Rub\u00ed fue provocado por la Constructora Melo al realizar sobre la ladera un corte de mayor altura a lo recomendado -por el estudio de geotecnia- se\u00f1al\u00f3 el ex secretario de Desarrollo Urbano, Roberto S\u00e1nchez. El ex funcionario,\u2026","rel":"","context":"En &quot;Baja California&quot;","block_context":{"text":"Baja California","link":"http:\/\/www.grieta.org.mx\/index.php\/category\/noticias-nacionales\/baja-california\/"},"img":{"alt_text":"","src":"https:\/\/i0.wp.com\/www.grieta.org.mx\/wp-content\/uploads\/2018\/02\/27836538_1584094525011450_1547467792_o.jpg?resize=350%2C200","width":350,"height":200,"srcset":"https:\/\/i0.wp.com\/www.grieta.org.mx\/wp-content\/uploads\/2018\/02\/27836538_1584094525011450_1547467792_o.jpg?resize=350%2C200 1x, https:\/\/i0.wp.com\/www.grieta.org.mx\/wp-content\/uploads\/2018\/02\/27836538_1584094525011450_1547467792_o.jpg?resize=525%2C300 1.5x"},"classes":[]},{"id":23398,"url":"http:\/\/www.grieta.org.mx\/index.php\/2018\/06\/04\/comienza-demanda-contra-grupo-melo-baja-california\/","url_meta":{"origin":28300,"position":2},"title":"Comienza demanda contra Grupo Melo (Baja California)","author":"grieta","date":"4 junio, 2018","format":false,"excerpt":"Juan Miguel Hern\u00e1ndez Tijuana.- 163 familias de Lomas del Rub\u00ed ya iniciaron los tr\u00e1mites para demandar a Grupo Melo, inform\u00f3 el representante legal de los colonos, Jos\u00e9 \u00c1ngel Pe\u00f1aflor Barr\u00f3n. Se\u00f1al\u00f3 que arranc\u00f3 el proceso para las demandas civiles, penales y administrativas ante el Tribunal Contencioso. \u201cLas acciones son una\u2026","rel":"","context":"En &quot;Baja California&quot;","block_context":{"text":"Baja California","link":"http:\/\/www.grieta.org.mx\/index.php\/category\/noticias-nacionales\/baja-california\/"},"img":{"alt_text":"","src":"https:\/\/i0.wp.com\/www.grieta.org.mx\/wp-content\/uploads\/2018\/06\/Portada73-copia.jpg?resize=350%2C200","width":350,"height":200,"srcset":"https:\/\/i0.wp.com\/www.grieta.org.mx\/wp-content\/uploads\/2018\/06\/Portada73-copia.jpg?resize=350%2C200 1x, https:\/\/i0.wp.com\/www.grieta.org.mx\/wp-content\/uploads\/2018\/06\/Portada73-copia.jpg?resize=525%2C300 1.5x, https:\/\/i0.wp.com\/www.grieta.org.mx\/wp-content\/uploads\/2018\/06\/Portada73-copia.jpg?resize=700%2C400 2x"},"classes":[]},{"id":28376,"url":"http:\/\/www.grieta.org.mx\/index.php\/2019\/01\/13\/lluvia-de-reclamos-contra-gobernador-kiko-vega-baja-california\/","url_meta":{"origin":28300,"position":3},"title":"\u201cLluvia\u201d de reclamos contra gobernador Kiko Vega (Baja California)","author":"grieta","date":"13 enero, 2019","format":false,"excerpt":"Reclamaron al gobernador la falta de pago puntual a maestros activos y jubilados, incluyendo un contingente de profesores del Centro de Estudios Cient\u00edficos y Tecnol\u00f3gicos de Baja California (Cecyte). Foto Luis Arellano Sarmiento POR LUIS ARELLANO SARMIENTO Mexicali, 13 de enero. \u2013 Al cumplirse dos a\u00f1os de las manifestaciones multitudinarias\u2026","rel":"","context":"En &quot;Baja California&quot;","block_context":{"text":"Baja California","link":"http:\/\/www.grieta.org.mx\/index.php\/category\/noticias-nacionales\/baja-california\/"},"img":{"alt_text":"","src":"https:\/\/i0.wp.com\/www.grieta.org.mx\/wp-content\/uploads\/2019\/01\/img_1797.jpg?resize=350%2C200","width":350,"height":200,"srcset":"https:\/\/i0.wp.com\/www.grieta.org.mx\/wp-content\/uploads\/2019\/01\/img_1797.jpg?resize=350%2C200 1x, https:\/\/i0.wp.com\/www.grieta.org.mx\/wp-content\/uploads\/2019\/01\/img_1797.jpg?resize=525%2C300 1.5x"},"classes":[]},{"id":50800,"url":"http:\/\/www.grieta.org.mx\/index.php\/2020\/06\/08\/vecinos-de-lomas-del-centinela-cierran-periferico-por-falta-de-agua-jalisco\/","url_meta":{"origin":28300,"position":4},"title":"Vecinos de Lomas del Centinela cierran perif\u00e9rico por falta de agua (Jalisco)","author":"grieta","date":"8 junio, 2020","format":false,"excerpt":"Foto: Julio R\u00edos Julio R\u00edos \/ UDGTV Guadalajara, Jalisco.\u00a0En pleno tiempo de calor y confinamiento,\u00a0en Lomas del Centinela ya no soportan m\u00e1s la falta de agua.\u00a0Por eso cerraron el Perif\u00e9rico en su cruce de Tabachines para exigir que les restablezcan el servicio. Juan Manuel Contreras, consejero del COPLADEMUN en esta\u2026","rel":"","context":"En &quot;CINTILLO&quot;","block_context":{"text":"CINTILLO","link":"http:\/\/www.grieta.org.mx\/index.php\/category\/cintillo\/"},"img":{"alt_text":"","src":"https:\/\/i0.wp.com\/www.grieta.org.mx\/wp-content\/uploads\/2020\/06\/Lomas-del-Centinela-Julio-R%C3%ADos-696x392.jpeg?resize=350%2C200","width":350,"height":200,"srcset":"https:\/\/i0.wp.com\/www.grieta.org.mx\/wp-content\/uploads\/2020\/06\/Lomas-del-Centinela-Julio-R%C3%ADos-696x392.jpeg?resize=350%2C200 1x, https:\/\/i0.wp.com\/www.grieta.org.mx\/wp-content\/uploads\/2020\/06\/Lomas-del-Centinela-Julio-R%C3%ADos-696x392.jpeg?resize=525%2C300 1.5x"},"classes":[]},{"id":27880,"url":"http:\/\/www.grieta.org.mx\/index.php\/2018\/12\/17\/bloquean-vecinos-la-carretera-acapulco-pinotepa-por-falta-de-agua-guerrero\/","url_meta":{"origin":28300,"position":5},"title":"Bloquean vecinos la carretera Acapulco-Pinotepa por falta de agua (Guerrero)","author":"grieta","date":"17 diciembre, 2018","format":false,"excerpt":"ACAPULCO, Gro., 17 de diciembre de 2018.- Vecinos del poblado Lomas de Chapultepec bloquean de manera intermitente la carretera federal Acapulco-Pinotepa Nacional, para exigir ser conectados al acueducto Lomas de Chapultepec y para tener agua potable. Desde las nueve de la ma\u00f1ana, unos 20 inconformes cierran la circulaci\u00f3n en la\u2026","rel":"","context":"En &quot;CINTILLO&quot;","block_context":{"text":"CINTILLO","link":"http:\/\/www.grieta.org.mx\/index.php\/category\/cintillo\/"},"img":{"alt_text":"","src":"https:\/\/i0.wp.com\/www.grieta.org.mx\/wp-content\/uploads\/2018\/12\/direct-1.jpg?resize=350%2C200","width":350,"height":200,"srcset":"https:\/\/i0.wp.com\/www.grieta.org.mx\/wp-content\/uploads\/2018\/12\/direct-1.jpg?resize=350%2C200 1x, https:\/\/i0.wp.com\/www.grieta.org.mx\/wp-content\/uploads\/2018\/12\/direct-1.jpg?resize=525%2C300 1.5x, https:\/\/i0.wp.com\/www.grieta.org.mx\/wp-content\/uploads\/2018\/12\/direct-1.jpg?resize=700%2C400 2x"},"classes":[]}],"_links":{"self":[{"href":"http:\/\/www.grieta.org.mx\/index.php\/wp-json\/wp\/v2\/posts\/28300","targetHints":{"allow":["GET"]}}],"collection":[{"href":"http:\/\/www.grieta.org.mx\/index.php\/wp-json\/wp\/v2\/posts"}],"about":[{"href":"http:\/\/www.grieta.org.mx\/index.php\/wp-json\/wp\/v2\/types\/post"}],"author":[{"embeddable":true,"href":"http:\/\/www.grieta.org.mx\/index.php\/wp-json\/wp\/v2\/users\/2"}],"replies":[{"embeddable":true,"href":"http:\/\/www.grieta.org.mx\/index.php\/wp-json\/wp\/v2\/comments?post=28300"}],"version-history":[{"count":1,"href":"http:\/\/www.grieta.org.mx\/index.php\/wp-json\/wp\/v2\/posts\/28300\/revisions"}],"predecessor-version":[{"id":28303,"href":"http:\/\/www.grieta.org.mx\/index.php\/wp-json\/wp\/v2\/posts\/28300\/revisions\/28303"}],"wp:featuredmedia":[{"embeddable":true,"href":"http:\/\/www.grieta.org.mx\/index.php\/wp-json\/wp\/v2\/media\/28299"}],"wp:attachment":[{"href":"http:\/\/www.grieta.org.mx\/index.php\/wp-json\/wp\/v2\/media?parent=28300"}],"wp:term":[{"taxonomy":"category","embeddable":true,"href":"http:\/\/www.grieta.org.mx\/index.php\/wp-json\/wp\/v2\/categories?post=28300"},{"taxonomy":"post_tag","embeddable":true,"href":"http:\/\/www.grieta.org.mx\/index.php\/wp-json\/wp\/v2\/tags?post=28300"}],"curies":[{"name":"wp","href":"https:\/\/api.w.org\/{rel}","templated":true}]}}