{"id":28272,"date":"2018-11-12T13:26:51","date_gmt":"2018-11-12T19:26:51","guid":{"rendered":"http:\/\/www.grieta.org.mx\/?p=28272"},"modified":"2019-01-09T13:32:11","modified_gmt":"2019-01-09T19:32:11","slug":"reclama-colectivo-a-yunes-por-asesinato-de-hijo-de-periodista-veracruzano","status":"publish","type":"post","link":"http:\/\/www.grieta.org.mx\/index.php\/2018\/11\/12\/reclama-colectivo-a-yunes-por-asesinato-de-hijo-de-periodista-veracruzano\/","title":{"rendered":"Reclama Colectivo a Yunes por asesinato de hijo de periodista veracruzano"},"content":{"rendered":"<p>Eduardo Andrade \/ El Dictamen<\/p>\n<p><img loading=\"lazy\" decoding=\"async\" data-attachment-id=\"28273\" data-permalink=\"http:\/\/www.grieta.org.mx\/index.php\/2018\/11\/12\/reclama-colectivo-a-yunes-por-asesinato-de-hijo-de-periodista-veracruzano\/muerto-2-1\/\" data-orig-file=\"http:\/\/www.grieta.org.mx\/wp-content\/uploads\/2019\/01\/muerto-2-1.jpg\" data-orig-size=\"875,619\" data-comments-opened=\"0\" data-image-meta=\"{&quot;aperture&quot;:&quot;0&quot;,&quot;credit&quot;:&quot;&quot;,&quot;camera&quot;:&quot;&quot;,&quot;caption&quot;:&quot;&quot;,&quot;created_timestamp&quot;:&quot;0&quot;,&quot;copyright&quot;:&quot;&quot;,&quot;focal_length&quot;:&quot;0&quot;,&quot;iso&quot;:&quot;0&quot;,&quot;shutter_speed&quot;:&quot;0&quot;,&quot;title&quot;:&quot;&quot;,&quot;orientation&quot;:&quot;0&quot;}\" data-image-title=\"muerto-2-1\" data-image-description=\"\" data-image-caption=\"\" data-medium-file=\"http:\/\/www.grieta.org.mx\/wp-content\/uploads\/2019\/01\/muerto-2-1-300x212.jpg\" data-large-file=\"http:\/\/www.grieta.org.mx\/wp-content\/uploads\/2019\/01\/muerto-2-1.jpg\" src=\"http:\/\/www.grieta.org.mx\/wp-content\/uploads\/2019\/01\/muerto-2-1.jpg\" alt=\"\" width=\"875\" height=\"619\" class=\"aligncenter size-full wp-image-28273\" srcset=\"http:\/\/www.grieta.org.mx\/wp-content\/uploads\/2019\/01\/muerto-2-1.jpg 875w, http:\/\/www.grieta.org.mx\/wp-content\/uploads\/2019\/01\/muerto-2-1-300x212.jpg 300w, http:\/\/www.grieta.org.mx\/wp-content\/uploads\/2019\/01\/muerto-2-1-768x543.jpg 768w, http:\/\/www.grieta.org.mx\/wp-content\/uploads\/2019\/01\/muerto-2-1-707x500.jpg 707w\" sizes=\"auto, (max-width: 875px) 100vw, 875px\" \/><\/p>\n<blockquote><p>Integrantes del Colectivo Nacional Alerta Temprana de Periodistas &#038; Activistas, expresaron su repudio al actuar del gobernador ante el crimen del hijo de Cecilio Baltazar <\/p><\/blockquote>\n<p>Integrantes del Colectivo Nacional Alerta Temprana de Periodistas &#038; Activistas, expresaron su repudio al actuar del gobernador de Veracruz, Miguel \u00c1ngel Yunes Linares, ante el asesinato de Eduardo Baltazar, hijo del periodista Cecilio Baltazar, ocurrido el pasado 7 de noviembre a manos de polic\u00edas.<\/p>\n<p>A trav\u00e9s de un comunicado, se\u00f1alaron que Yunes no se aprendi\u00f3 el nombre de la v\u00edctima, sus declaraciones fueron confusas y se\u00f1al\u00f3 que el caso no lo llevar\u00eda la Fiscal\u00eda de Periodistas, porque el asesinado no se dedicaba al periodismo.<br \/>\nPeriodista denuncia alteraci\u00f3n de escena del crimen de su hijo por parte de param\u00e9dicos<br \/>\nDos a\u00f1os de prisi\u00f3n a seis polic\u00edas implicados en la muerte del hijo de periodista<\/p>\n<p>\u201cMatar al hijo de un periodista en un estado violento contra el periodismo, es a\u00fan m\u00e1s grave; se atenta en contra del libre ejercicio period\u00edstico e inhibe el desempe\u00f1o colectivo de los periodistas; en consecuencia se atenta en contra de la democracia de este pa\u00eds\u201d, expres\u00f3 el colectivo en un comunicado.<\/p>\n<p>\u201cEn rueda de prensa, el Gobernador del estado hizo evidente su animadversi\u00f3n por el gremio period\u00edstico veracruzano, tan es as\u00ed que no fue capaz de memorizar el nombre del hijo del compa\u00f1ero periodista\u201d, advirtieron.<\/p>\n<p>El Colectivo Nacional Alerta Temprana de Periodistas y Activistas dej\u00f3 en claro su postura respecto a este violento hecho, exigiendo al gobierno mexicano proteger de manera urgente y garantizar la seguridad de los defensores de los derechos humanos y periodistas, as\u00ed como que la Fiscal\u00eda Especial para la Atenci\u00f3n de Delitos cometidos contra la Libertad de Expresi\u00f3n (FEADLE) de la PGR y el Mecanismo Federal de Protecci\u00f3n a Personas Defensoras de Derechos Humanos y Periodistas de la Secretar\u00eda de Gobernaci\u00f3n, inicien una investigaci\u00f3n formal para esclarecer el asesinato de Eduardo Baltazar y que se haga justicia.<\/p>\n<p>\u201cUrge que el Estado mexicano intervenga en estos casos, y que deje de utilizar el nombre y caso de un solo periodista asesinado para tratar de distraer a la opini\u00f3n p\u00fablica, a fin de que no atienda otros casos igual de graves que ocurren en todo el pa\u00eds, en donde la letalidad en la defensa de los Derechos Humanos y el ejercicio del periodismo colocan a M\u00e9xico como una de las regiones m\u00e1s peligrosas del mundo\u201d, concluy\u00f3 el comunicado.<\/p>\n<p><a href=\"https:\/\/www.eldictamen.mx\/2018\/11\/boca-ver\/reclama-colectivo-a-yunes-por-asesinato-de-hijo-de-periodista-veracruzano\/\">https:\/\/www.eldictamen.mx\/2018\/11\/boca-ver\/reclama-colectivo-a-yunes-por-asesinato-de-hijo-de-periodista-veracruzano\/<\/a><\/p>\n","protected":false},"excerpt":{"rendered":"<p>Eduardo Andrade \/ El Dictamen Integrantes del Colectivo Nacional Alerta Temprana de Periodistas &#038; Activistas, expresaron su repudio al actuar del gobernador ante el crimen del hijo de Cecilio Baltazar &hellip; <a href=\"http:\/\/www.grieta.org.mx\/index.php\/2018\/11\/12\/reclama-colectivo-a-yunes-por-asesinato-de-hijo-de-periodista-veracruzano\/\" class=\"more-link\">Leer m\u00e1s<\/a><\/p>\n","protected":false},"author":2,"featured_media":28273,"comment_status":"closed","ping_status":"closed","sticky":false,"template":"","format":"standard","meta":{"ngg_post_thumbnail":0,"_jetpack_newsletter_access":"","_jetpack_dont_email_post_to_subs":false,"_jetpack_newsletter_tier_id":0,"_jetpack_memberships_contains_paywalled_content":false,"_jetpack_memberships_contains_paid_content":false,"footnotes":""},"categories":[2,1936,83,35,88],"tags":[1310,120],"class_list":["post-28272","post","type-post","status-publish","format-standard","has-post-thumbnail","hentry","category-noticias-nacionales","category-protestas-por-violencia-en-contra-de-periodistas-en-veracruz","category-temas-nacionales","category-veracruz","category-violencia-contra-periodistas","tag-protestas-contra-el-asesinato-de-periodistas","tag-violencia-contra-periodistas","entry"],"jetpack_featured_media_url":"http:\/\/www.grieta.org.mx\/wp-content\/uploads\/2019\/01\/muerto-2-1.jpg","jetpack_sharing_enabled":true,"jetpack_shortlink":"https:\/\/wp.me\/p7ZJR4-7m0","jetpack_likes_enabled":false,"jetpack-related-posts":[{"id":47373,"url":"http:\/\/www.grieta.org.mx\/index.php\/2020\/03\/31\/exigen-un-alto-a-violencia-contra-periodistas-tras-asesinato-en-veracruz-video\/","url_meta":{"origin":28272,"position":0},"title":"Exigen un alto a violencia contra periodistas tras asesinato en Veracruz | Video","author":"Admin","date":"31 marzo, 2020","format":false,"excerpt":"Redacci\u00f3n \/ Aristegui Noticias El periodista \u00c9dgar Escamilla informa que Mar\u00eda Elena Ferral ten\u00eda 30 a\u00f1os informando en los municipios de la zona totonaca, donde se dedic\u00f3 a la cobertura de las manifestaciones y exigencias que se registraban en la zona. Informa desde la protesta por el asesinato de la\u2026","rel":"","context":"En &quot;CINTILLO&quot;","block_context":{"text":"CINTILLO","link":"http:\/\/www.grieta.org.mx\/index.php\/category\/cintillo\/"},"img":{"alt_text":"","src":"https:\/\/i0.wp.com\/www.grieta.org.mx\/wp-content\/uploads\/2020\/04\/Screenshot_2020-04-07-Exigen-un-alto-a-violencia-contra-periodistas-tras-asesinato-en-Veracruz-Video.png?resize=350%2C200","width":350,"height":200,"srcset":"https:\/\/i0.wp.com\/www.grieta.org.mx\/wp-content\/uploads\/2020\/04\/Screenshot_2020-04-07-Exigen-un-alto-a-violencia-contra-periodistas-tras-asesinato-en-Veracruz-Video.png?resize=350%2C200 1x, https:\/\/i0.wp.com\/www.grieta.org.mx\/wp-content\/uploads\/2020\/04\/Screenshot_2020-04-07-Exigen-un-alto-a-violencia-contra-periodistas-tras-asesinato-en-Veracruz-Video.png?resize=525%2C300 1.5x"},"classes":[]},{"id":30856,"url":"http:\/\/www.grieta.org.mx\/index.php\/2019\/03\/17\/exigen-respuestas-prontas-sobre-asesinato-de-santiago-barroso-sonora\/","url_meta":{"origin":28272,"position":1},"title":"Exigen respuestas prontas sobre asesinato de Santiago Barroso (Sonora)","author":"grieta","date":"17 marzo, 2019","format":false,"excerpt":"OPINI\u00d3N SONORA.COM San Luis R\u00edo Colorado, Sonora.- \u201cLos periodistas de San Luis R\u00edo Colorado exigimos a las autoridades federales, estatales y municipales, una respuesta pronta por este hecho cobarde y reprobable a todas luces, un atentado a la libertad de expresi\u00f3n\u201d, expresaron ante el f\u00e9retro de su compa\u00f1ero Santiago Barroso\u2026","rel":"","context":"En &quot;NOTICIAS NACIONALES&quot;","block_context":{"text":"NOTICIAS NACIONALES","link":"http:\/\/www.grieta.org.mx\/index.php\/category\/noticias-nacionales\/"},"img":{"alt_text":"","src":"https:\/\/i0.wp.com\/www.grieta.org.mx\/wp-content\/uploads\/2019\/03\/Periodista-Barroso-asesinado.jpg?resize=350%2C200","width":350,"height":200,"srcset":"https:\/\/i0.wp.com\/www.grieta.org.mx\/wp-content\/uploads\/2019\/03\/Periodista-Barroso-asesinado.jpg?resize=350%2C200 1x, https:\/\/i0.wp.com\/www.grieta.org.mx\/wp-content\/uploads\/2019\/03\/Periodista-Barroso-asesinado.jpg?resize=525%2C300 1.5x, https:\/\/i0.wp.com\/www.grieta.org.mx\/wp-content\/uploads\/2019\/03\/Periodista-Barroso-asesinado.jpg?resize=700%2C400 2x"},"classes":[]},{"id":69047,"url":"http:\/\/www.grieta.org.mx\/index.php\/2024\/05\/23\/familiares-de-periodistas-asesinados-denunciaron-a-funcionario-estatal-veracruz\/","url_meta":{"origin":28272,"position":2},"title":"Familiares de periodistas asesinados denunciaron a funcionario estatal (Veracruz)","author":"grieta","date":"23 mayo, 2024","format":false,"excerpt":"Miguel Salazar \/ Diario de Xalapa De acuerdo con Jorge S\u00e1nchez, hijo de Mois\u00e9s S\u00e1nchez Cerezo, periodista asesinado el 2 de enero de 2015 en el municipio de Medell\u00edn, \"la denuncia se present\u00f3 hace unos d\u00edas ante la Feadle Xalapa, Ver.-Integrantes de la Red en Memoria y Lucha de Periodistas\u2026","rel":"","context":"En &quot;CINTILLO&quot;","block_context":{"text":"CINTILLO","link":"http:\/\/www.grieta.org.mx\/index.php\/category\/cintillo\/"},"img":{"alt_text":"","src":"https:\/\/i0.wp.com\/www.grieta.org.mx\/wp-content\/uploads\/2024\/05\/Screenshot-2024-05-30-at-20-12-01-Familiares-de-periodistas-asesinados-denunciaron-a-funcionario-estatal-1.png?resize=350%2C200","width":350,"height":200,"srcset":"https:\/\/i0.wp.com\/www.grieta.org.mx\/wp-content\/uploads\/2024\/05\/Screenshot-2024-05-30-at-20-12-01-Familiares-de-periodistas-asesinados-denunciaron-a-funcionario-estatal-1.png?resize=350%2C200 1x, https:\/\/i0.wp.com\/www.grieta.org.mx\/wp-content\/uploads\/2024\/05\/Screenshot-2024-05-30-at-20-12-01-Familiares-de-periodistas-asesinados-denunciaron-a-funcionario-estatal-1.png?resize=525%2C300 1.5x, https:\/\/i0.wp.com\/www.grieta.org.mx\/wp-content\/uploads\/2024\/05\/Screenshot-2024-05-30-at-20-12-01-Familiares-de-periodistas-asesinados-denunciaron-a-funcionario-estatal-1.png?resize=700%2C400 2x"},"classes":[]},{"id":27973,"url":"http:\/\/www.grieta.org.mx\/index.php\/2019\/01\/02\/exigen-justicia-para-el-periodista-moises-sanchez-asesinado-hace-cuatro-anos-veracruz\/","url_meta":{"origin":28272,"position":3},"title":"Exigen justicia para el periodista Mois\u00e9s S\u00e1nchez asesinado hace cuatro a\u00f1os (Veracruz)","author":"grieta","date":"2 enero, 2019","format":false,"excerpt":"Jos\u00e9 Morales | Diario de Xalapa Jorge S\u00e1nchez asegur\u00f3 que hay irregularidades en la investigaci\u00f3n Xalapa.- Jorge S\u00e1nchez, hijo del periodista Mois\u00e9s S\u00e1nchez acompa\u00f1ado de otras personas realizaron a primeras horas de este mi\u00e9rcoles una pinta sobre la plaza Lerdo donde se puede leer la palabra impunidad. Aunque no hubo\u2026","rel":"","context":"En &quot;CINTILLO&quot;","block_context":{"text":"CINTILLO","link":"http:\/\/www.grieta.org.mx\/index.php\/category\/cintillo\/"},"img":{"alt_text":"","src":"https:\/\/i0.wp.com\/www.grieta.org.mx\/wp-content\/uploads\/2019\/01\/protesta-DIARIO-DE-XALAPA.2.jpg?resize=350%2C200","width":350,"height":200,"srcset":"https:\/\/i0.wp.com\/www.grieta.org.mx\/wp-content\/uploads\/2019\/01\/protesta-DIARIO-DE-XALAPA.2.jpg?resize=350%2C200 1x, https:\/\/i0.wp.com\/www.grieta.org.mx\/wp-content\/uploads\/2019\/01\/protesta-DIARIO-DE-XALAPA.2.jpg?resize=525%2C300 1.5x, https:\/\/i0.wp.com\/www.grieta.org.mx\/wp-content\/uploads\/2019\/01\/protesta-DIARIO-DE-XALAPA.2.jpg?resize=700%2C400 2x"},"classes":[]},{"id":38158,"url":"http:\/\/www.grieta.org.mx\/index.php\/2019\/08\/21\/se-unen-periodistas-colimenses-al-repudio-por-agresiones-y-asesinatos-en-su-contra-colima\/","url_meta":{"origin":28272,"position":4},"title":"Se unen periodistas colimenses al repudio por agresiones y asesinatos en su contra (Colima)","author":"grieta","date":"21 agosto, 2019","format":false,"excerpt":"Foto: El Comentario Redacci\u00f3n \/ El Comentario Un grupo de\u00a0periodistas colimenses, efectuaron una\u00a0manifestaci\u00f3n\u00a0a la entrada del inmueble del\u00a0Palacio\u00a0Legislativo, para unirse a la\u00a0protesta nacional\u00a0organizada para manifestar su repudio en contra de las\u00a0agresiones\u00a0y\u00a0asesinatos\u00a0cometidos en\u00a0contra de periodistas\u00a0y\u00a0comunicadores en el pa\u00eds. El corresponsal del peri\u00f3dico\u00a0La Jornada,\u00a0Juan Carlos Flores Carrillo, se\u00f1al\u00f3 que en lo que\u2026","rel":"","context":"En &quot;CINTILLO&quot;","block_context":{"text":"CINTILLO","link":"http:\/\/www.grieta.org.mx\/index.php\/category\/cintillo\/"},"img":{"alt_text":"","src":"https:\/\/i0.wp.com\/www.grieta.org.mx\/wp-content\/uploads\/2019\/08\/ba020e82d02031c87c793e1e29859f65.jpg?resize=350%2C200","width":350,"height":200,"srcset":"https:\/\/i0.wp.com\/www.grieta.org.mx\/wp-content\/uploads\/2019\/08\/ba020e82d02031c87c793e1e29859f65.jpg?resize=350%2C200 1x, https:\/\/i0.wp.com\/www.grieta.org.mx\/wp-content\/uploads\/2019\/08\/ba020e82d02031c87c793e1e29859f65.jpg?resize=525%2C300 1.5x, https:\/\/i0.wp.com\/www.grieta.org.mx\/wp-content\/uploads\/2019\/08\/ba020e82d02031c87c793e1e29859f65.jpg?resize=700%2C400 2x, https:\/\/i0.wp.com\/www.grieta.org.mx\/wp-content\/uploads\/2019\/08\/ba020e82d02031c87c793e1e29859f65.jpg?resize=1050%2C600 3x"},"classes":[]},{"id":30866,"url":"http:\/\/www.grieta.org.mx\/index.php\/2019\/03\/18\/periodistas-exigen-a-autoridades-garantias-para-ejercer-su-trabajo-sonora\/","url_meta":{"origin":28272,"position":5},"title":"Periodistas exigen a autoridades garant\u00edas para ejercer su trabajo (Sonora)","author":"grieta","date":"18 marzo, 2019","format":false,"excerpt":"M\u00f3nica Miranda\/UNIRADIO NOTICIAS Hermosillo.- Colectivos de periodistas se manifestaron este lunes por fuera de Palacio de Gobierno y de las instalaciones de la Fiscal\u00eda General de la Rep\u00fablica para exigir justicia por el asesinato del periodista Santiago Barroso Alfaro. El homicidio de Barroso se convirti\u00f3 en el segundo que ocurre\u2026","rel":"","context":"En &quot;CINTILLO&quot;","block_context":{"text":"CINTILLO","link":"http:\/\/www.grieta.org.mx\/index.php\/category\/cintillo\/"},"img":{"alt_text":"","src":"https:\/\/i0.wp.com\/www.grieta.org.mx\/wp-content\/uploads\/2019\/03\/protesta-periodistas.jpg?resize=350%2C200","width":350,"height":200,"srcset":"https:\/\/i0.wp.com\/www.grieta.org.mx\/wp-content\/uploads\/2019\/03\/protesta-periodistas.jpg?resize=350%2C200 1x, https:\/\/i0.wp.com\/www.grieta.org.mx\/wp-content\/uploads\/2019\/03\/protesta-periodistas.jpg?resize=525%2C300 1.5x, https:\/\/i0.wp.com\/www.grieta.org.mx\/wp-content\/uploads\/2019\/03\/protesta-periodistas.jpg?resize=700%2C400 2x"},"classes":[]}],"_links":{"self":[{"href":"http:\/\/www.grieta.org.mx\/index.php\/wp-json\/wp\/v2\/posts\/28272","targetHints":{"allow":["GET"]}}],"collection":[{"href":"http:\/\/www.grieta.org.mx\/index.php\/wp-json\/wp\/v2\/posts"}],"about":[{"href":"http:\/\/www.grieta.org.mx\/index.php\/wp-json\/wp\/v2\/types\/post"}],"author":[{"embeddable":true,"href":"http:\/\/www.grieta.org.mx\/index.php\/wp-json\/wp\/v2\/users\/2"}],"replies":[{"embeddable":true,"href":"http:\/\/www.grieta.org.mx\/index.php\/wp-json\/wp\/v2\/comments?post=28272"}],"version-history":[{"count":1,"href":"http:\/\/www.grieta.org.mx\/index.php\/wp-json\/wp\/v2\/posts\/28272\/revisions"}],"predecessor-version":[{"id":28274,"href":"http:\/\/www.grieta.org.mx\/index.php\/wp-json\/wp\/v2\/posts\/28272\/revisions\/28274"}],"wp:featuredmedia":[{"embeddable":true,"href":"http:\/\/www.grieta.org.mx\/index.php\/wp-json\/wp\/v2\/media\/28273"}],"wp:attachment":[{"href":"http:\/\/www.grieta.org.mx\/index.php\/wp-json\/wp\/v2\/media?parent=28272"}],"wp:term":[{"taxonomy":"category","embeddable":true,"href":"http:\/\/www.grieta.org.mx\/index.php\/wp-json\/wp\/v2\/categories?post=28272"},{"taxonomy":"post_tag","embeddable":true,"href":"http:\/\/www.grieta.org.mx\/index.php\/wp-json\/wp\/v2\/tags?post=28272"}],"curies":[{"name":"wp","href":"https:\/\/api.w.org\/{rel}","templated":true}]}}