{"id":28229,"date":"2019-01-07T11:18:24","date_gmt":"2019-01-07T17:18:24","guid":{"rendered":"http:\/\/www.grieta.org.mx\/?p=28229"},"modified":"2019-01-09T11:23:09","modified_gmt":"2019-01-09T17:23:09","slug":"la-violencia-se-ensana-con-la-infancia-de-colima","status":"publish","type":"post","link":"http:\/\/www.grieta.org.mx\/index.php\/2019\/01\/07\/la-violencia-se-ensana-con-la-infancia-de-colima\/","title":{"rendered":"La violencia se ensa\u00f1a con la infancia de Colima"},"content":{"rendered":"<p>Celina Pinto \/ Estaci\u00f3n Pac\u00edfico<\/p>\n<p>El director de la Red por los Derechos de la Infancia en M\u00e9xico (Redim), Juan Mart\u00edn P\u00e9rez, destac\u00f3 que en 2017 Colima present\u00f3 la mayor tasa a nivel nacional en materia de homicidios dolosos de infantes por cada 100 mil habitantes, situaci\u00f3n que atribuye a la lucha contra el crimen organizado, herencia del sexenio del expresidente Felipe Calder\u00f3n.<\/p>\n<p>P\u00e9rez explic\u00f3 que 2017 fue un a\u00f1o particularmente violento para Colima, donde se report\u00f3 una tasa de 12 defunciones de ni\u00f1as, ni\u00f1os y adolescentes por cada 100 mil habitantes.<\/p>\n<p><img loading=\"lazy\" decoding=\"async\" data-attachment-id=\"28230\" data-permalink=\"http:\/\/www.grieta.org.mx\/index.php\/2019\/01\/07\/la-violencia-se-ensana-con-la-infancia-de-colima\/homicidio-menores-edad\/\" data-orig-file=\"http:\/\/www.grieta.org.mx\/wp-content\/uploads\/2019\/01\/Homicidio-menores-edad.jpg\" data-orig-size=\"1905,1253\" data-comments-opened=\"0\" data-image-meta=\"{&quot;aperture&quot;:&quot;0&quot;,&quot;credit&quot;:&quot;&quot;,&quot;camera&quot;:&quot;&quot;,&quot;caption&quot;:&quot;&quot;,&quot;created_timestamp&quot;:&quot;0&quot;,&quot;copyright&quot;:&quot;&quot;,&quot;focal_length&quot;:&quot;0&quot;,&quot;iso&quot;:&quot;0&quot;,&quot;shutter_speed&quot;:&quot;0&quot;,&quot;title&quot;:&quot;&quot;,&quot;orientation&quot;:&quot;0&quot;}\" data-image-title=\"Homicidio-menores-edad\" data-image-description=\"\" data-image-caption=\"\" data-medium-file=\"http:\/\/www.grieta.org.mx\/wp-content\/uploads\/2019\/01\/Homicidio-menores-edad-300x197.jpg\" data-large-file=\"http:\/\/www.grieta.org.mx\/wp-content\/uploads\/2019\/01\/Homicidio-menores-edad-1024x674.jpg\" src=\"http:\/\/www.grieta.org.mx\/wp-content\/uploads\/2019\/01\/Homicidio-menores-edad-1024x674.jpg\" alt=\"\" width=\"819\" height=\"539\" class=\"aligncenter size-large wp-image-28230\" srcset=\"http:\/\/www.grieta.org.mx\/wp-content\/uploads\/2019\/01\/Homicidio-menores-edad-1024x674.jpg 1024w, http:\/\/www.grieta.org.mx\/wp-content\/uploads\/2019\/01\/Homicidio-menores-edad-300x197.jpg 300w, http:\/\/www.grieta.org.mx\/wp-content\/uploads\/2019\/01\/Homicidio-menores-edad-768x505.jpg 768w, http:\/\/www.grieta.org.mx\/wp-content\/uploads\/2019\/01\/Homicidio-menores-edad-760x500.jpg 760w, http:\/\/www.grieta.org.mx\/wp-content\/uploads\/2019\/01\/Homicidio-menores-edad.jpg 1905w\" sizes=\"auto, (max-width: 819px) 100vw, 819px\" \/><\/p>\n<p>Por debajo de Colima se encontraron entidades como Baja California y Guerrero, con tasas de 11.2 y 10 muertes de menores por cada 100 mil habitantes.<\/p>\n<p>Los estados con tasas de homicidios de infantes m\u00e1s bajas son Hidalgo, Yucat\u00e1n y Campeche, con 0.8, 0.3 y 0 muertes por cada 100 mil habitantes, respectivamente.<\/p>\n<p>En 2017, en Colima se reportaron 28 ejecuciones de menores de edad, de los cuales 23 fueron hombres y 5 mujeres. El grupo de edad m\u00e1s vulnerado fue el de j\u00f3venes de entre 15 y 17 a\u00f1os, pues 22 de esas muertes violentas, es decir 78.6%, corresponden a esas edades.<\/p>\n<p>\u201cEsto corresponde a la estrategia de lucha contra el crimen organizado que ha emprendido el gobierno federal, decidieron orientar sus esfuerzos contra los caballeros templarios y las autodefensas, lo que signific\u00f3 movilizar en esa zona a la Polic\u00eda Federal y al Ej\u00e9rcito\u201d, dijo P\u00e9rez en entrevista telef\u00f3nica a Estaci\u00f3nPac\u00edfico.com<\/p>\n<p>\u201cEsto deton\u00f3 que en esta zona aumenten los homicidios, donde inevitablemente los adolescentes son parte de las v\u00edctimas, considerando que representan el 30% de la poblaci\u00f3n. Lo bueno y lo malo que sucede le pega a los adolescentes\u201d, a\u00f1adi\u00f3.<\/p>\n<p>La tasa de homicidios dolosos de infantes en Colima contrasta con la de los estados vecinos de Jalisco y Michoac\u00e1n, con 2.4 y 4.9 muertes de ni\u00f1os por cada 100 mil habitantes.<\/p>\n<p>El director de Redim consider\u00f3 que es precisamente esa colindancia con Jalisco y Michoac\u00e1n uno de los factores que influyen en los altos \u00edndices de violencia contra las infancias en Colima.<\/p>\n<p>\u201cEn esta regi\u00f3n ha habido reclutamiento de adolescentes por parte de los grupos del crimen organizado. La estrategia fallida llevada a Michoac\u00e1n y su colindancia con Colima hace que se presenten estos hechos. Es por esto que los municipios m\u00e1s violentos de Colima tienen colindancia con Michoac\u00e1n\u201d, refiri\u00f3.<\/p>\n<p>\u201cMichoac\u00e1n, Colima y Guanajuato forman parte de un corredor rumbo a Guadalajara, es una lucha por el poder por parte de los grupos que se han fragmentado y las fuerzas de seguridad\u201d, a\u00f1adi\u00f3.<\/p>\n<p><strong> Hacen llamado a AMLO: \u2018No a la Guardia Nacional\u2019 <\/strong><\/p>\n<p>El director de Redim pidi\u00f3 al presidente Andr\u00e9s Manuel L\u00f3pez Obrador que desista de conformar la Guardia Nacional, pues considera que esa estrategia \u00fanicamente generar\u00e1 m\u00e1s derramamiento de sangre en el territorio nacional.<\/p>\n<p>\u201cSe les ha explicado ya 80 mil veces que cuando se llevan m\u00e1s armas, los grupos criminales se ven obligados tambi\u00e9n a subir su armamento, reclutar a m\u00e1s personas para confrontarse\u201d, se\u00f1al\u00f3.<\/p>\n<p>\u201cAl final la corrupci\u00f3n sigue, la complicidad de autoridades locales se mantiene, el lavado de dinero no se toca, de tal suerte que se traduce en muertos, desaparecidos y un escenario de inseguridad para la poblaci\u00f3n. No podemos seguir con la misma estrategia de fuego contra fuego, necesitamos otras estrategias basadas en la inteligencia, la lucha contra la impunidad\u201d, destac\u00f3.<\/p>\n<p>El especialista recomend\u00f3 al titular del Ejecutivo federal convocar a 50 mil trabajadores sociales, psic\u00f3logos y promotores culturales, en vez de buscar 50 mil nuevos soldados, para trabajar en la recuperaci\u00f3n los espacios p\u00fablicos y darle otras alternativas a los j\u00f3venes.<\/p>\n<p><a href=\"https:\/\/estacionpacifico.com\/2019\/01\/07\/la-violencia-se-ensana-con-la-infancia-de-colima\/\">https:\/\/estacionpacifico.com\/2019\/01\/07\/la-violencia-se-ensana-con-la-infancia-de-colima\/<\/a><\/p>\n","protected":false},"excerpt":{"rendered":"<p>Celina Pinto \/ Estaci\u00f3n Pac\u00edfico El director de la Red por los Derechos de la Infancia en M\u00e9xico (Redim), Juan Mart\u00edn P\u00e9rez, destac\u00f3 que en 2017 Colima present\u00f3 la mayor &hellip; <a href=\"http:\/\/www.grieta.org.mx\/index.php\/2019\/01\/07\/la-violencia-se-ensana-con-la-infancia-de-colima\/\" class=\"more-link\">Leer m\u00e1s<\/a><\/p>\n","protected":false},"author":2,"featured_media":28230,"comment_status":"closed","ping_status":"closed","sticky":false,"template":"","format":"standard","meta":{"ngg_post_thumbnail":0,"_jetpack_newsletter_access":"","_jetpack_dont_email_post_to_subs":false,"_jetpack_newsletter_tier_id":0,"_jetpack_memberships_contains_paywalled_content":false,"_jetpack_memberships_contains_paid_content":false,"footnotes":""},"categories":[80,13,1827,2,83,1933],"tags":[1435],"class_list":["post-28229","post","type-post","status-publish","format-standard","has-post-thumbnail","hentry","category-cintillo","category-colima","category-la-ninez-en-la-tormenta-capitalista","category-noticias-nacionales","category-temas-nacionales","category-violencia-contra-ninos-en-colima","tag-violencia-contra-ninos-y-ninas","entry"],"jetpack_featured_media_url":"http:\/\/www.grieta.org.mx\/wp-content\/uploads\/2019\/01\/Homicidio-menores-edad.jpg","jetpack_sharing_enabled":true,"jetpack_shortlink":"https:\/\/wp.me\/p7ZJR4-7lj","jetpack_likes_enabled":false,"jetpack-related-posts":[{"id":41035,"url":"http:\/\/www.grieta.org.mx\/index.php\/2019\/11\/07\/colima-tiene-la-tasa-mas-alta-de-menores-desaparecidos-victimas-del-crimen-organizado-revela-la-cndh\/","url_meta":{"origin":28229,"position":0},"title":"Colima tiene la tasa m\u00e1s alta de menores desaparecidos v\u00edctimas del crimen organizado, revela la CNDH","author":"grieta","date":"7 noviembre, 2019","format":false,"excerpt":"Foto: Avanzada Heidi de Le\u00f3n Guti\u00e9rrez \/ Avanzada Colima, M\u00e9xico, Avanzada (07\/11\/2019).- La Comisi\u00f3n Nacional de Derechos Humanos (CNDH) revel\u00f3 que Colima tiene la tasa m\u00e1s alta de ni\u00f1as, ni\u00f1os, y adolescentes desaparecidos por cada 100 mil habitantes. En el informe titulado \u201cEstudio Ni\u00f1as, ni\u00f1os y Adolescentes v\u00edctimas del crimen\u2026","rel":"","context":"En &quot;CINTILLO&quot;","block_context":{"text":"CINTILLO","link":"http:\/\/www.grieta.org.mx\/index.php\/category\/cintillo\/"},"img":{"alt_text":"","src":"https:\/\/i0.wp.com\/www.grieta.org.mx\/wp-content\/uploads\/2019\/10\/25594252_724029911140260_1773902415716327852_n.jpg?resize=350%2C200","width":350,"height":200,"srcset":"https:\/\/i0.wp.com\/www.grieta.org.mx\/wp-content\/uploads\/2019\/10\/25594252_724029911140260_1773902415716327852_n.jpg?resize=350%2C200 1x, https:\/\/i0.wp.com\/www.grieta.org.mx\/wp-content\/uploads\/2019\/10\/25594252_724029911140260_1773902415716327852_n.jpg?resize=525%2C300 1.5x"},"classes":[]},{"id":40664,"url":"http:\/\/www.grieta.org.mx\/index.php\/2019\/10\/16\/ninos-desaparecidos-colima-es-sexto-lugar-nacional\/","url_meta":{"origin":28229,"position":1},"title":"Ni\u00f1os desaparecidos, Colima es sexto lugar nacional","author":"grieta","date":"16 octubre, 2019","format":false,"excerpt":"Foto: Diario Avanzada Heidi de Le\u00f3n Guti\u00e9rrez \/ Diario Avanzada Colima, M\u00e9xico, Avanzada (16\/10\/2019).- Entre 2014 y 2018 desaparecieron en Colima 61 menores de 17 a\u00f1os de edad. Los casos m\u00e1s conocidos son el de Kelsy Naomy Casta\u00f1eda C\u00f3rdova y Rodrigo Flores, ambos de ocho a\u00f1os de edad y que\u2026","rel":"","context":"En &quot;CINTILLO&quot;","block_context":{"text":"CINTILLO","link":"http:\/\/www.grieta.org.mx\/index.php\/category\/cintillo\/"},"img":{"alt_text":"","src":"https:\/\/i0.wp.com\/www.grieta.org.mx\/wp-content\/uploads\/2019\/10\/25594252_724029911140260_1773902415716327852_n.jpg?resize=350%2C200","width":350,"height":200,"srcset":"https:\/\/i0.wp.com\/www.grieta.org.mx\/wp-content\/uploads\/2019\/10\/25594252_724029911140260_1773902415716327852_n.jpg?resize=350%2C200 1x, https:\/\/i0.wp.com\/www.grieta.org.mx\/wp-content\/uploads\/2019\/10\/25594252_724029911140260_1773902415716327852_n.jpg?resize=525%2C300 1.5x"},"classes":[]},{"id":59124,"url":"http:\/\/www.grieta.org.mx\/index.php\/2021\/05\/01\/sufren-abuso-sexual-infantil-24-de-cada-100-mil-infantes-en-colima\/","url_meta":{"origin":28229,"position":2},"title":"Sufren abuso sexual infantil 24 de cada 100 mil infantes en Colima","author":"grieta","date":"1 mayo, 2021","format":false,"excerpt":"Imagen: Diario Avanzada Heidi de Le\u00f3n Guti\u00e9rrez \/ Diario Avanzada Colima, M\u00e9xico, Avanzada (01\/05\/2021).- Los altos \u00edndices de violencia que se registran en el estado, no s\u00f3lo afectan a los adultos, tambi\u00e9n a los ni\u00f1os y las ni\u00f1as, quienes son v\u00edctimas de diversos delitos, como el abuso sexual o conductas\u2026","rel":"","context":"En &quot;CINTILLO&quot;","block_context":{"text":"CINTILLO","link":"http:\/\/www.grieta.org.mx\/index.php\/category\/cintillo\/"},"img":{"alt_text":"","src":"https:\/\/i0.wp.com\/www.grieta.org.mx\/wp-content\/uploads\/2021\/05\/Nin%CC%83o-Proletario-1.jpg?resize=350%2C200","width":350,"height":200,"srcset":"https:\/\/i0.wp.com\/www.grieta.org.mx\/wp-content\/uploads\/2021\/05\/Nin%CC%83o-Proletario-1.jpg?resize=350%2C200 1x, https:\/\/i0.wp.com\/www.grieta.org.mx\/wp-content\/uploads\/2021\/05\/Nin%CC%83o-Proletario-1.jpg?resize=525%2C300 1.5x, https:\/\/i0.wp.com\/www.grieta.org.mx\/wp-content\/uploads\/2021\/05\/Nin%CC%83o-Proletario-1.jpg?resize=700%2C400 2x"},"classes":[]},{"id":69931,"url":"http:\/\/www.grieta.org.mx\/index.php\/2024\/09\/30\/colima-el-estado-mas-violento-para-las-mujeres\/","url_meta":{"origin":28229,"position":3},"title":"Colima, el estado m\u00e1s violento para las mujeres","author":"grieta","date":"30 septiembre, 2024","format":false,"excerpt":"Imagen: Diario Avanzada Heidi de Le\u00f3n Guti\u00e9rrez \/ Diario Avanzada Colima, M\u00e9xico, Avanzada (30\/09\/2024).- Colima contin\u00faa siendo el estado m\u00e1s violento para las mujeres en M\u00e9xico. De acuerdo con datos del Secretariado Ejecutivo del Sistema Nacional de Seguridad P\u00fablica (SESNSP), entre enero y agosto de 2024, 91 mujeres fueron asesinadas\u2026","rel":"","context":"En &quot;CINTILLO&quot;","block_context":{"text":"CINTILLO","link":"http:\/\/www.grieta.org.mx\/index.php\/category\/cintillo\/"},"img":{"alt_text":"","src":"https:\/\/i0.wp.com\/www.grieta.org.mx\/wp-content\/uploads\/2024\/10\/aaa-36.jpg?resize=350%2C200","width":350,"height":200,"srcset":"https:\/\/i0.wp.com\/www.grieta.org.mx\/wp-content\/uploads\/2024\/10\/aaa-36.jpg?resize=350%2C200 1x, https:\/\/i0.wp.com\/www.grieta.org.mx\/wp-content\/uploads\/2024\/10\/aaa-36.jpg?resize=525%2C300 1.5x, https:\/\/i0.wp.com\/www.grieta.org.mx\/wp-content\/uploads\/2024\/10\/aaa-36.jpg?resize=700%2C400 2x"},"classes":[]},{"id":64102,"url":"http:\/\/www.grieta.org.mx\/index.php\/2022\/04\/30\/posicionan-a-colima-en-primer-lugar-nacional-en-numero-de-feminicidios\/","url_meta":{"origin":28229,"position":4},"title":"Posicionan a Colima en primer lugar nacional en n\u00famero de feminicidios","author":"grieta","date":"30 abril, 2022","format":false,"excerpt":"Foto: Elizabeth Ru\u00edz Edgardo Zamora \/ El Occidental El informe de\u00a0Incidencia Delictiva del Gobierno de M\u00e9xico\u00a0posicion\u00f3 a\u00a0Colima en primer lugar nacional en n\u00famero de feminicidios. De acuerdo al estudio han ocurrido 14 asesinatos de mujeres en los primeros tres meses de 2022. La puntuaci\u00f3n del informe es de 3.45 por\u2026","rel":"","context":"En &quot;CINTILLO&quot;","block_context":{"text":"CINTILLO","link":"http:\/\/www.grieta.org.mx\/index.php\/category\/cintillo\/"},"img":{"alt_text":"","src":"https:\/\/i0.wp.com\/www.grieta.org.mx\/wp-content\/uploads\/2022\/05\/Feministas.jpeg?resize=350%2C200","width":350,"height":200,"srcset":"https:\/\/i0.wp.com\/www.grieta.org.mx\/wp-content\/uploads\/2022\/05\/Feministas.jpeg?resize=350%2C200 1x, https:\/\/i0.wp.com\/www.grieta.org.mx\/wp-content\/uploads\/2022\/05\/Feministas.jpeg?resize=525%2C300 1.5x, https:\/\/i0.wp.com\/www.grieta.org.mx\/wp-content\/uploads\/2022\/05\/Feministas.jpeg?resize=700%2C400 2x"},"classes":[]},{"id":59303,"url":"http:\/\/www.grieta.org.mx\/index.php\/2021\/05\/05\/el-peligro-de-ser-mujer-en-colima\/","url_meta":{"origin":28229,"position":5},"title":"El peligro de ser mujer en Colima","author":"grieta","date":"5 mayo, 2021","format":false,"excerpt":"Imagen: Tomada de la red Heidi de Le\u00f3n Guti\u00e9rrez \/ Diario Avanzada Colima, M\u00e9xico, Avanzada (05\/05\/2021).- Ser mujer y vivir en Colima es un asunto de riesgo. En el primer trimestre del a\u00f1o, la entidad tiene la tasa m\u00e1s alta del pa\u00eds en violencia intrafamiliar, la tercera m\u00e1s alta en\u2026","rel":"","context":"En &quot;CINTILLO&quot;","block_context":{"text":"CINTILLO","link":"http:\/\/www.grieta.org.mx\/index.php\/category\/cintillo\/"},"img":{"alt_text":"","src":"https:\/\/i0.wp.com\/www.grieta.org.mx\/wp-content\/uploads\/2021\/05\/violencia-de-genero-e1549401016118.jpg?resize=350%2C200","width":350,"height":200,"srcset":"https:\/\/i0.wp.com\/www.grieta.org.mx\/wp-content\/uploads\/2021\/05\/violencia-de-genero-e1549401016118.jpg?resize=350%2C200 1x, https:\/\/i0.wp.com\/www.grieta.org.mx\/wp-content\/uploads\/2021\/05\/violencia-de-genero-e1549401016118.jpg?resize=525%2C300 1.5x, https:\/\/i0.wp.com\/www.grieta.org.mx\/wp-content\/uploads\/2021\/05\/violencia-de-genero-e1549401016118.jpg?resize=700%2C400 2x"},"classes":[]}],"_links":{"self":[{"href":"http:\/\/www.grieta.org.mx\/index.php\/wp-json\/wp\/v2\/posts\/28229","targetHints":{"allow":["GET"]}}],"collection":[{"href":"http:\/\/www.grieta.org.mx\/index.php\/wp-json\/wp\/v2\/posts"}],"about":[{"href":"http:\/\/www.grieta.org.mx\/index.php\/wp-json\/wp\/v2\/types\/post"}],"author":[{"embeddable":true,"href":"http:\/\/www.grieta.org.mx\/index.php\/wp-json\/wp\/v2\/users\/2"}],"replies":[{"embeddable":true,"href":"http:\/\/www.grieta.org.mx\/index.php\/wp-json\/wp\/v2\/comments?post=28229"}],"version-history":[{"count":1,"href":"http:\/\/www.grieta.org.mx\/index.php\/wp-json\/wp\/v2\/posts\/28229\/revisions"}],"predecessor-version":[{"id":28232,"href":"http:\/\/www.grieta.org.mx\/index.php\/wp-json\/wp\/v2\/posts\/28229\/revisions\/28232"}],"wp:featuredmedia":[{"embeddable":true,"href":"http:\/\/www.grieta.org.mx\/index.php\/wp-json\/wp\/v2\/media\/28230"}],"wp:attachment":[{"href":"http:\/\/www.grieta.org.mx\/index.php\/wp-json\/wp\/v2\/media?parent=28229"}],"wp:term":[{"taxonomy":"category","embeddable":true,"href":"http:\/\/www.grieta.org.mx\/index.php\/wp-json\/wp\/v2\/categories?post=28229"},{"taxonomy":"post_tag","embeddable":true,"href":"http:\/\/www.grieta.org.mx\/index.php\/wp-json\/wp\/v2\/tags?post=28229"}],"curies":[{"name":"wp","href":"https:\/\/api.w.org\/{rel}","templated":true}]}}