{"id":28131,"date":"2019-01-07T01:28:28","date_gmt":"2019-01-07T07:28:28","guid":{"rendered":"http:\/\/www.grieta.org.mx\/?p=28131"},"modified":"2019-01-08T01:34:51","modified_gmt":"2019-01-08T07:34:51","slug":"chihuahua-entre-los-estados-con-mas-feminicidios","status":"publish","type":"post","link":"http:\/\/www.grieta.org.mx\/index.php\/2019\/01\/07\/chihuahua-entre-los-estados-con-mas-feminicidios\/","title":{"rendered":"Chihuahua, entre los estados con m\u00e1s feminicidios"},"content":{"rendered":"<p><img loading=\"lazy\" decoding=\"async\" data-attachment-id=\"28132\" data-permalink=\"http:\/\/www.grieta.org.mx\/index.php\/2019\/01\/07\/chihuahua-entre-los-estados-con-mas-feminicidios\/chihuahua-feminicidio\/\" data-orig-file=\"http:\/\/www.grieta.org.mx\/wp-content\/uploads\/2019\/01\/cHIHUAHUA-FEMINICIDIO.jpg\" data-orig-size=\"980,617\" data-comments-opened=\"0\" data-image-meta=\"{&quot;aperture&quot;:&quot;0&quot;,&quot;credit&quot;:&quot;&quot;,&quot;camera&quot;:&quot;&quot;,&quot;caption&quot;:&quot;&quot;,&quot;created_timestamp&quot;:&quot;0&quot;,&quot;copyright&quot;:&quot;&quot;,&quot;focal_length&quot;:&quot;0&quot;,&quot;iso&quot;:&quot;0&quot;,&quot;shutter_speed&quot;:&quot;0&quot;,&quot;title&quot;:&quot;&quot;,&quot;orientation&quot;:&quot;0&quot;}\" data-image-title=\"cHIHUAHUA FEMINICIDIO\" data-image-description=\"\" data-image-caption=\"\" data-medium-file=\"http:\/\/www.grieta.org.mx\/wp-content\/uploads\/2019\/01\/cHIHUAHUA-FEMINICIDIO-300x189.jpg\" data-large-file=\"http:\/\/www.grieta.org.mx\/wp-content\/uploads\/2019\/01\/cHIHUAHUA-FEMINICIDIO.jpg\" class=\"aligncenter size-full wp-image-28132\" src=\"http:\/\/www.grieta.org.mx\/wp-content\/uploads\/2019\/01\/cHIHUAHUA-FEMINICIDIO.jpg\" alt=\"\" width=\"980\" height=\"617\" srcset=\"http:\/\/www.grieta.org.mx\/wp-content\/uploads\/2019\/01\/cHIHUAHUA-FEMINICIDIO.jpg 980w, http:\/\/www.grieta.org.mx\/wp-content\/uploads\/2019\/01\/cHIHUAHUA-FEMINICIDIO-300x189.jpg 300w, http:\/\/www.grieta.org.mx\/wp-content\/uploads\/2019\/01\/cHIHUAHUA-FEMINICIDIO-768x484.jpg 768w, http:\/\/www.grieta.org.mx\/wp-content\/uploads\/2019\/01\/cHIHUAHUA-FEMINICIDIO-794x500.jpg 794w\" sizes=\"auto, (max-width: 980px) 100vw, 980px\" \/><\/p>\n<p>EL DIARIO DE CHIHUAHUA<\/p>\n<p><strong><em>Ciudad de M\u00e9xico.-<\/em><\/strong>\u00a0El a\u00f1o pasado, seis de las 32 entidades federativas sumaron 49.6% del total de los feminicidios cometidos en todo el pa\u00eds.<\/p>\n<p>De acuerdo con cifras del Secretariado Ejecutivo del Sistema Nacional de Seguridad P\u00fablica (Sesnsp) a noviembre pasado se iniciaron 760 carpetas de investigaci\u00f3n por homicidios cometidos contra mujeres por cuestiones de g\u00e9nero.<\/p>\n<p>Sin embargo, Sinaloa, Nuevo Le\u00f3n, Veracruz, Chihuahua, el Estado de M\u00e9xico y la Ciudad de M\u00e9xico acumularon 377 casos, pr\u00e1cticamente la mitad del total.<\/p>\n<p>Los estados que menos incidencia registraron son Baja California Sur con cero, Quer\u00e9taro con un caso, Tlaxcala y Nayarit con tres y Durango y Aguascalientes con cuatro.<\/p>\n<p>En un desglose por meses, julio fue cuando se iniciaron m\u00e1s indagatorias, con 81, cifra que es la mayor para un mes en los \u00faltimos cuatro a\u00f1os. El de menos incidencia en 2018 fue mayo, con 56 casos.<\/p>\n<p>Respecto a la medici\u00f3n del delito de acuerdo a la tasa por cada 100 mil mujeres, Colima encabeza en feminicidios a nivel nacional con 3.11%; le siguen Nuevo Le\u00f3n (2.78%); Chihuahua (2.47%); Sinaloa (2.45%) y Zacatecas (2.41%).<\/p>\n<p>Focalizado<\/p>\n<p>De acuerdo con el reporte Informaci\u00f3n delictiva y de emergencias con perspectiva de g\u00e9nero, del Sesnsp , de los dos mil 463 municipios en que se divide el pa\u00eds, el a\u00f1o pasado s\u00f3lo 366 de ellos tuvieron feminicidios.<\/p>\n<p>Los datos a noviembre indican que los diez municipios con m\u00e1s casos de homicidios dolosos contra mujeres por cuestiones de g\u00e9nero son Ju\u00e1rez, Chihuahua, con 26; Culiac\u00e1n, Sinaloa, con 23; Monterrey con 19; Ecatepec con 13; Chihuahua 12; Acapulco 11; Guadalupe, Nuevo Le\u00f3n, 11 Nezahualc\u00f3yotl, 9; San Luis Potos\u00ed, 9 y Coatzacoalcos con 9.<\/p>\n<p>El Sesnsp aclara que la contabilidad del delito se realiza conforme a su tipificaci\u00f3n en las entidades federativas, la cual se ha dado de forma gradual durante los \u00faltimos siete a\u00f1os, complet\u00e1ndose los 32 estados en octubre de 2017.<\/p>\n<p>Sobre los feminicidios contra menores de edad, la tendencia que\u00a0Exc\u00e9lsior\u00a0report\u00f3 el pasado 28 de octubre se mantiene, pues en 11 meses de 2018 sumaron 81 indagatorias contra 59 de 2017, 50 de 2016 y 46 de 2015, comparando el mismo periodo.<\/p>\n<p>En esa ocasi\u00f3n, este diario dio a conocer que, a nivel nacional, el n\u00famero de v\u00edctimas de homicidio doloso por cuestiones de g\u00e9nero que ten\u00edan entre cero y 17 a\u00f1os aument\u00f3 60% entre esos a\u00f1os, de acuerdo con cifras del SESNSP.<\/p>\n<p>El primer caso de feminicidio contra una menor de edad documentado este 2019 es el de Camila, una ni\u00f1a de 9 a\u00f1os que sali\u00f3 de su casa para quemar pirotecnia la v\u00edspera de A\u00f1o Nuevo.<\/p>\n<p><a href=\"https:\/\/www.eldiariodechihuahua.mx\/Estado\/2019\/01\/07\/chihuahua-entre-los-estados-con-mas-feminicidios\/\" rel=\"noopener\" target=\"_blank\">https:\/\/www.eldiariodechihuahua.mx\/Estado\/2019\/01\/07\/chihuahua-entre-los-estados-con-mas-feminicidios\/<\/a>&nbsp;<\/p>\n","protected":false},"excerpt":{"rendered":"<p>EL DIARIO DE CHIHUAHUA Ciudad de M\u00e9xico.-\u00a0El a\u00f1o pasado, seis de las 32 entidades federativas sumaron 49.6% del total de los feminicidios cometidos en todo el pa\u00eds. De acuerdo con &hellip; <a href=\"http:\/\/www.grieta.org.mx\/index.php\/2019\/01\/07\/chihuahua-entre-los-estados-con-mas-feminicidios\/\" class=\"more-link\">Leer m\u00e1s<\/a><\/p>\n","protected":false},"author":2,"featured_media":28132,"comment_status":"closed","ping_status":"closed","sticky":false,"template":"","format":"standard","meta":{"ngg_post_thumbnail":0,"_jetpack_newsletter_access":"","_jetpack_dont_email_post_to_subs":false,"_jetpack_newsletter_tier_id":0,"_jetpack_memberships_contains_paywalled_content":false,"_jetpack_memberships_contains_paid_content":false,"footnotes":""},"categories":[12,80,84,1918,2,83],"tags":[753],"class_list":["post-28131","post","type-post","status-publish","format-standard","has-post-thumbnail","hentry","category-chihuahua","category-cintillo","category-feminicidios","category-feminicidios-en-chihuahua","category-noticias-nacionales","category-temas-nacionales","tag-feminicidio","entry"],"jetpack_featured_media_url":"http:\/\/www.grieta.org.mx\/wp-content\/uploads\/2019\/01\/cHIHUAHUA-FEMINICIDIO.jpg","jetpack_sharing_enabled":true,"jetpack_shortlink":"https:\/\/wp.me\/p7ZJR4-7jJ","jetpack_likes_enabled":false,"jetpack-related-posts":[{"id":28224,"url":"http:\/\/www.grieta.org.mx\/index.php\/2019\/01\/01\/en-6-estados-entre-ellos-veracruz-van-50-de-feminicidios-suman-377-casos-en-11-meses\/","url_meta":{"origin":28131,"position":0},"title":"En 6 estados, entre ellos Veracruz, van 50% de feminicidios; suman 377 casos en 11 meses","author":"grieta","date":"1 enero, 2019","format":false,"excerpt":"Redacci\u00f3n \/ Presencia.mx El a\u00f1o pasado, seis de las 32 entidades federativas sumaron 49.6% del total de los feminicidios cometidos en todo el pa\u00eds. De acuerdo con cifras del Secretariado Ejecutivo del Sistema Nacional de Seguridad P\u00fablica (SESNSP) a noviembre pasado se iniciaron 760 carpetas de investigaci\u00f3n por homicidios cometidos\u2026","rel":"","context":"En &quot;CINTILLO&quot;","block_context":{"text":"CINTILLO","link":"http:\/\/www.grieta.org.mx\/index.php\/category\/cintillo\/"},"img":{"alt_text":"","src":"https:\/\/i0.wp.com\/www.grieta.org.mx\/wp-content\/uploads\/2019\/01\/45923078934_46580af08b_b.jpg?resize=350%2C200","width":350,"height":200,"srcset":"https:\/\/i0.wp.com\/www.grieta.org.mx\/wp-content\/uploads\/2019\/01\/45923078934_46580af08b_b.jpg?resize=350%2C200 1x, https:\/\/i0.wp.com\/www.grieta.org.mx\/wp-content\/uploads\/2019\/01\/45923078934_46580af08b_b.jpg?resize=525%2C300 1.5x, https:\/\/i0.wp.com\/www.grieta.org.mx\/wp-content\/uploads\/2019\/01\/45923078934_46580af08b_b.jpg?resize=700%2C400 2x"},"classes":[]},{"id":43278,"url":"http:\/\/www.grieta.org.mx\/index.php\/2020\/01\/21\/tu-lucha-sigue-isabel-colectivas-feministas-protestan-por-el-feminicidio-de-activista-ciudad-de-mexico\/","url_meta":{"origin":28131,"position":1},"title":"\u201cTu lucha sigue, Isabel\u201d: colectivas feministas protestan por el feminicidio de activista (Ciudad de M\u00e9xico)","author":"grieta","date":"21 enero, 2020","format":false,"excerpt":"Foto: Er\u00e9ndira Aquino Er\u00e9ndira Aquino \/ Animal Pol\u00edtico Las manifestantes acudieron a instalaciones de Casa Chihuahua, en la Ciudad de M\u00e9xico, para reclamar que las autoridades estatales no han dado informaci\u00f3n clara del caso. Decenas de mujeres protestaron este martes por el asesinato de Isabel Cabanillas, activista y artista pl\u00e1stica\u2026","rel":"","context":"En &quot;Chihuahua&quot;","block_context":{"text":"Chihuahua","link":"http:\/\/www.grieta.org.mx\/index.php\/category\/noticias-nacionales\/chihuahua\/"},"img":{"alt_text":"","src":"https:\/\/i0.wp.com\/www.grieta.org.mx\/wp-content\/uploads\/2020\/01\/Tu-lucha-sigue-Isabel-colectivas-feministas-protestan-por-el-feminicidio-de-activista-cdmx-ene.jpeg?resize=350%2C200","width":350,"height":200,"srcset":"https:\/\/i0.wp.com\/www.grieta.org.mx\/wp-content\/uploads\/2020\/01\/Tu-lucha-sigue-Isabel-colectivas-feministas-protestan-por-el-feminicidio-de-activista-cdmx-ene.jpeg?resize=350%2C200 1x, https:\/\/i0.wp.com\/www.grieta.org.mx\/wp-content\/uploads\/2020\/01\/Tu-lucha-sigue-Isabel-colectivas-feministas-protestan-por-el-feminicidio-de-activista-cdmx-ene.jpeg?resize=525%2C300 1.5x, https:\/\/i0.wp.com\/www.grieta.org.mx\/wp-content\/uploads\/2020\/01\/Tu-lucha-sigue-Isabel-colectivas-feministas-protestan-por-el-feminicidio-de-activista-cdmx-ene.jpeg?resize=700%2C400 2x"},"classes":[]},{"id":30245,"url":"http:\/\/www.grieta.org.mx\/index.php\/2019\/03\/05\/chihuahua-4to-lugar-en-feminicidios-6-victimas-en-enero\/","url_meta":{"origin":28131,"position":2},"title":"Chihuahua 4to lugar en feminicidios, 6 v\u00edctimas en enero","author":"grieta","date":"5 marzo, 2019","format":false,"excerpt":"Yuriana C\u00e1rdenas\/OMNIA Cifras del Secretariado Ejecutivo del Sistema Nacional de Seguridad P\u00fablica indican que en Chihuahua hubo un aumento en el n\u00famero de feminicidios al pasar de 4 casos en enero del a\u00f1o pasado a 6 en enero 2019. La entidad con mayor n\u00famero de feminicidios durante el primer mes\u2026","rel":"","context":"En &quot;Chihuahua&quot;","block_context":{"text":"Chihuahua","link":"http:\/\/www.grieta.org.mx\/index.php\/category\/noticias-nacionales\/chihuahua\/"},"img":{"alt_text":"","src":"https:\/\/i0.wp.com\/www.grieta.org.mx\/wp-content\/uploads\/2019\/03\/feminicidio.jpg?resize=350%2C200","width":350,"height":200,"srcset":"https:\/\/i0.wp.com\/www.grieta.org.mx\/wp-content\/uploads\/2019\/03\/feminicidio.jpg?resize=350%2C200 1x, https:\/\/i0.wp.com\/www.grieta.org.mx\/wp-content\/uploads\/2019\/03\/feminicidio.jpg?resize=525%2C300 1.5x, https:\/\/i0.wp.com\/www.grieta.org.mx\/wp-content\/uploads\/2019\/03\/feminicidio.jpg?resize=700%2C400 2x, https:\/\/i0.wp.com\/www.grieta.org.mx\/wp-content\/uploads\/2019\/03\/feminicidio.jpg?resize=1050%2C600 3x"},"classes":[]},{"id":32177,"url":"http:\/\/www.grieta.org.mx\/index.php\/2019\/04\/07\/destacan-los-tres-municipios-con-mas-feminicidos-en-mexico\/","url_meta":{"origin":28131,"position":3},"title":"\u2018Destacan\u2019 los tres municipios con m\u00e1s feminicidos en M\u00e9xico","author":"grieta","date":"7 abril, 2019","format":false,"excerpt":"Benito Ju\u00e1rez, en Quintana Roo, Ju\u00e1rez, en Chihuahua y Torre\u00f3n, Coahuila son los tres con m\u00e1s asesinatos de mujeres en 2019 EXC\u00c9LSIOR\/VANGUARDIA MX CDMX.- Los municipios de Torre\u00f3n y Ramos Arizpe, Coahuila, se ubican entre las 100 ciudades del pa\u00eds donde se han cometido feminicidios, seg\u00fan datos del Secretariado Ejecutivo\u2026","rel":"","context":"En &quot;Chihuahua&quot;","block_context":{"text":"Chihuahua","link":"http:\/\/www.grieta.org.mx\/index.php\/category\/noticias-nacionales\/chihuahua\/"},"img":{"alt_text":"","src":"https:\/\/i0.wp.com\/www.grieta.org.mx\/wp-content\/uploads\/2019\/04\/ser-mujer.jpg?resize=350%2C200","width":350,"height":200,"srcset":"https:\/\/i0.wp.com\/www.grieta.org.mx\/wp-content\/uploads\/2019\/04\/ser-mujer.jpg?resize=350%2C200 1x, https:\/\/i0.wp.com\/www.grieta.org.mx\/wp-content\/uploads\/2019\/04\/ser-mujer.jpg?resize=525%2C300 1.5x, https:\/\/i0.wp.com\/www.grieta.org.mx\/wp-content\/uploads\/2019\/04\/ser-mujer.jpg?resize=700%2C400 2x"},"classes":[]},{"id":38463,"url":"http:\/\/www.grieta.org.mx\/index.php\/2019\/08\/20\/feminicidios-tienen-alza-alarmante-chihuahua-y-edomex-estados-mas-peligrosos\/","url_meta":{"origin":28131,"position":4},"title":"Feminicidios tienen alza alarmante; Chihuahua y Edomex, estados m\u00e1s peligrosos","author":"grieta","date":"20 agosto, 2019","format":false,"excerpt":"CIUDAD DE M\u00c9XICO. Comprender el enojo y la exigencia de un \u00a1ya basta! durante las marchas feministas de la semana pasada, implica empat\u00eda y capacidad de comprender que la violencia contra las mujeres es un fen\u00f3meno estructural y sist\u00e9mico, que en los \u00faltimos a\u00f1os ha adquirido dimensiones de esc\u00e1ndalo; por\u2026","rel":"","context":"En &quot;Chihuahua&quot;","block_context":{"text":"Chihuahua","link":"http:\/\/www.grieta.org.mx\/index.php\/category\/noticias-nacionales\/chihuahua\/"},"img":{"alt_text":"","src":"https:\/\/i0.wp.com\/www.grieta.org.mx\/wp-content\/uploads\/2019\/08\/2203861.jpg?resize=350%2C200","width":350,"height":200,"srcset":"https:\/\/i0.wp.com\/www.grieta.org.mx\/wp-content\/uploads\/2019\/08\/2203861.jpg?resize=350%2C200 1x, https:\/\/i0.wp.com\/www.grieta.org.mx\/wp-content\/uploads\/2019\/08\/2203861.jpg?resize=525%2C300 1.5x"},"classes":[]},{"id":32152,"url":"http:\/\/www.grieta.org.mx\/index.php\/2019\/04\/08\/universitarios-y-familia-de-dana-marchan-en-contra-de-los-feminicidios-chihuahua\/","url_meta":{"origin":28131,"position":5},"title":"Universitarios y familia de Dana marchan en contra de los feminicidios (Chihuahua)","author":"grieta","date":"8 abril, 2019","format":false,"excerpt":"Tras la muerte de la estudiante de literatura, salieron a las calles para exigir un cese a la violencia contra la mujer ? Luz del C\u00e1rmen Sosa\/EL DIARIO DE JU\u00c1REZ Ciudad Ju\u00e1rez.- \u201cPorqu\u00e9 nos asesinan, si somos la esperanza de Am\u00e9rica Latina\u201d, \u201cJusticia\u201d, son las consignan que lanzan m\u00e1s de\u2026","rel":"","context":"En &quot;Chihuahua&quot;","block_context":{"text":"Chihuahua","link":"http:\/\/www.grieta.org.mx\/index.php\/category\/noticias-nacionales\/chihuahua\/"},"img":{"alt_text":"","src":"https:\/\/i0.wp.com\/www.grieta.org.mx\/wp-content\/uploads\/2018\/03\/14524434_1106112876131411_958039263622046936_o.jpg?resize=350%2C200","width":350,"height":200,"srcset":"https:\/\/i0.wp.com\/www.grieta.org.mx\/wp-content\/uploads\/2018\/03\/14524434_1106112876131411_958039263622046936_o.jpg?resize=350%2C200 1x, https:\/\/i0.wp.com\/www.grieta.org.mx\/wp-content\/uploads\/2018\/03\/14524434_1106112876131411_958039263622046936_o.jpg?resize=525%2C300 1.5x, https:\/\/i0.wp.com\/www.grieta.org.mx\/wp-content\/uploads\/2018\/03\/14524434_1106112876131411_958039263622046936_o.jpg?resize=700%2C400 2x"},"classes":[]}],"_links":{"self":[{"href":"http:\/\/www.grieta.org.mx\/index.php\/wp-json\/wp\/v2\/posts\/28131","targetHints":{"allow":["GET"]}}],"collection":[{"href":"http:\/\/www.grieta.org.mx\/index.php\/wp-json\/wp\/v2\/posts"}],"about":[{"href":"http:\/\/www.grieta.org.mx\/index.php\/wp-json\/wp\/v2\/types\/post"}],"author":[{"embeddable":true,"href":"http:\/\/www.grieta.org.mx\/index.php\/wp-json\/wp\/v2\/users\/2"}],"replies":[{"embeddable":true,"href":"http:\/\/www.grieta.org.mx\/index.php\/wp-json\/wp\/v2\/comments?post=28131"}],"version-history":[{"count":1,"href":"http:\/\/www.grieta.org.mx\/index.php\/wp-json\/wp\/v2\/posts\/28131\/revisions"}],"predecessor-version":[{"id":28133,"href":"http:\/\/www.grieta.org.mx\/index.php\/wp-json\/wp\/v2\/posts\/28131\/revisions\/28133"}],"wp:featuredmedia":[{"embeddable":true,"href":"http:\/\/www.grieta.org.mx\/index.php\/wp-json\/wp\/v2\/media\/28132"}],"wp:attachment":[{"href":"http:\/\/www.grieta.org.mx\/index.php\/wp-json\/wp\/v2\/media?parent=28131"}],"wp:term":[{"taxonomy":"category","embeddable":true,"href":"http:\/\/www.grieta.org.mx\/index.php\/wp-json\/wp\/v2\/categories?post=28131"},{"taxonomy":"post_tag","embeddable":true,"href":"http:\/\/www.grieta.org.mx\/index.php\/wp-json\/wp\/v2\/tags?post=28131"}],"curies":[{"name":"wp","href":"https:\/\/api.w.org\/{rel}","templated":true}]}}