{"id":2813,"date":"2015-08-20T18:13:34","date_gmt":"2015-08-20T18:13:34","guid":{"rendered":"http:\/\/50.22.11.12\/~grietaor\/?p=2813"},"modified":"2016-03-13T18:16:11","modified_gmt":"2016-03-13T18:16:11","slug":"amedrentan-en-rancho-quemado-campeche","status":"publish","type":"post","link":"http:\/\/www.grieta.org.mx\/index.php\/2015\/08\/20\/amedrentan-en-rancho-quemado-campeche\/","title":{"rendered":"Amedrentan en \u201cRancho Quemado\u201d, Campeche"},"content":{"rendered":"<p>El representante de la CODUC y del PES, Guillermo Hern\u00e1ndez Dom\u00ednguez, acusa v\u00ednculos del gobernador Fernando Ortega Bern\u00e9s, con \u201cganaderos peligrosos\u201d para desalojar al menos 50 familias \/ Al parecer pertenecer\u00edan a un c\u00e1rtel colombiano<br \/>\nCAMPECHE, Cam., 20 de agosto.\u2013 El representante del Partido Encuentro Social y de la Coalici\u00f3n de Organizaciones Democr\u00e1ticas Urbanas y Campesinas (CODUC), Guillermo Hern\u00e1ndez Dom\u00ednguez acus\u00f3 al gobernador del Estado, Fernando Ortega Bern\u00e9s, de tener nexos con \u201cganaderos peligrosos\u201d, pues los colonos de Rancho Quemado est\u00e1n siendo atacados y amedrentados por gente que se especula es de Colombia, al parecer de alg\u00fan c\u00e1rtel.<br \/>\nUna de las preocupaciones que m\u00e1s se han presentado en el sexenio del gobernador Fernando Ortega Bern\u00e9s ha sido en materia de seguridad, pues en la capital del Estado han ido en aumento los robos con lujo de violencia, como en Ciudad del Carmen que impera mayor violencia y en los municipios que conformar la franja fronteriza con pa\u00edses centroamericanos son paso de tr\u00e1fico de drogas y trata de personas, seg\u00fan testimonio de los ciudadanos que viven en esas \u00e1reas.<br \/>\nLa ma\u00f1ana de este jueves, el representante de la CODUC en Ciudad del Carmen, Guillermo Hern\u00e1ndez Dom\u00ednguez, declar\u00f3 que \u201clos habitantes que en el poblado de Santa Rita, en el municipio de Carmen, quieren desalojar al menos a 50 familias supuestamente por infringir en terrenos de ganaderos y que a su vez \u00e9stos o el gobernador del Estado, Fernando Ortega Bern\u00e9s tienen negocios con gentes de Colombia que no se sabe si son de alg\u00fan cartel, pues custodian las tierras con armas de fuego de largo alcance y grueso calibre\u201d.<br \/>\nHern\u00e1ndez Dom\u00ednguez mencion\u00f3 que ya han entrado las autoridades al predio denominado \u201cEl Sacrificio\u201d pero que dichas personas armadas tambi\u00e9n abrieron fuego en contra de los judiciales sin poder llegar a un acuerdo y que a la brevedad iban a preparar un escuadr\u00f3n para sacar a los presuntos delincuentes colombianos, que seg\u00fan una llamada en momentos donde supuestamente estaban siendo desalojados y atacados mandados por un ganadero de Candelaria.<br \/>\nSe supon\u00eda que la SEDATU estaba por reglamentar las escrituras de las tierras que est\u00e1n en discordia, pero que en realidad no son las denominadas del Rancho Quemado y que este jueves estaban siendo atacados con armas en manos y con la presencia de polic\u00edas judiciales, la cual acusaron que ya estaba comprada por dichas personas.<\/p>\n<p><a href=\"http:\/\/www.poresto.net\/ver_nota.php?zona=qroo&#038;idSeccion=31&#038;idTitulo=422656\" target=\"_blank\">www.poresto.net\/ver_nota.php?zona=qroo&#038;idSeccion=31&#038;idTitulo=422656<\/a><\/p>\n","protected":false},"excerpt":{"rendered":"<p>El representante de la CODUC y del PES, Guillermo Hern\u00e1ndez Dom\u00ednguez, acusa v\u00ednculos del gobernador Fernando Ortega Bern\u00e9s, con \u201cganaderos peligrosos\u201d para desalojar al menos 50 familias \/ Al parecer &hellip; <a href=\"http:\/\/www.grieta.org.mx\/index.php\/2015\/08\/20\/amedrentan-en-rancho-quemado-campeche\/\" class=\"more-link\">Leer m\u00e1s<\/a><\/p>\n","protected":false},"author":2,"featured_media":21928,"comment_status":"closed","ping_status":"open","sticky":false,"template":"","format":"standard","meta":{"ngg_post_thumbnail":0,"_jetpack_newsletter_access":"","_jetpack_dont_email_post_to_subs":false,"_jetpack_newsletter_tier_id":0,"_jetpack_memberships_contains_paywalled_content":false,"_jetpack_memberships_contains_paid_content":false,"footnotes":""},"categories":[123,80],"tags":[248],"class_list":["post-2813","post","type-post","status-publish","format-standard","has-post-thumbnail","hentry","category-campeche","category-cintillo","tag-desalojo","entry"],"jetpack_featured_media_url":"http:\/\/www.grieta.org.mx\/wp-content\/uploads\/2018\/03\/14524434_1106112876131411_958039263622046936_o.jpg","jetpack_sharing_enabled":true,"jetpack_shortlink":"https:\/\/wp.me\/p7ZJR4-Jn","jetpack_likes_enabled":false,"jetpack-related-posts":[{"id":2830,"url":"http:\/\/www.grieta.org.mx\/index.php\/2015\/07\/24\/dan-120-mdp-para-rescatar-selva-de-campeche\/","url_meta":{"origin":2813,"position":0},"title":"Dan 120 mdp para rescatar selva de Campeche","author":"grieta","date":"24 julio, 2015","format":false,"excerpt":"Las selvas campechanas, y espec\u00edficamente la Reserva de la Bi\u00f3sfera de Calakmul, tienen y tendr\u00e1n un firme respaldo del Gobierno de la Rep\u00fablica, afirmaron ayer, acompa\u00f1ados por el gobernador del Estado, Fernando Ortega Bern\u00e9s, los secretarios del Medio Ambiente (Semarnat), Juan Jos\u00e9 Guerra Abud, y de Turismo (Sectur), Claudia Ruiz\u2026","rel":"","context":"En &quot;campeche&quot;","block_context":{"text":"campeche","link":"http:\/\/www.grieta.org.mx\/index.php\/category\/campeche\/"},"img":{"alt_text":"","src":"https:\/\/i0.wp.com\/www.grieta.org.mx\/wp-content\/uploads\/2018\/03\/14524434_1106112876131411_958039263622046936_o.jpg?resize=350%2C200","width":350,"height":200,"srcset":"https:\/\/i0.wp.com\/www.grieta.org.mx\/wp-content\/uploads\/2018\/03\/14524434_1106112876131411_958039263622046936_o.jpg?resize=350%2C200 1x, https:\/\/i0.wp.com\/www.grieta.org.mx\/wp-content\/uploads\/2018\/03\/14524434_1106112876131411_958039263622046936_o.jpg?resize=525%2C300 1.5x, https:\/\/i0.wp.com\/www.grieta.org.mx\/wp-content\/uploads\/2018\/03\/14524434_1106112876131411_958039263622046936_o.jpg?resize=700%2C400 2x"},"classes":[]},{"id":1479,"url":"http:\/\/www.grieta.org.mx\/index.php\/2015\/07\/19\/refuerzan-seguridad-en-campeche-por-alerta-nacional\/","url_meta":{"origin":2813,"position":1},"title":"Refuerzan seguridad en Campeche por alerta nacional","author":"grieta","date":"19 julio, 2015","format":false,"excerpt":"CAMPECHE.- Ante la emisi\u00f3n de la alerta nacional, el Consejo de Seguridad P\u00fablica (CESP) de Campeche reforz\u00f3 la seguridad el territorio estatal con efectivos militares, agentes de la Polic\u00eda Federal y de la Polic\u00eda Estatal con retenes principalmente en los municipios de la zona Sur, debido a los recientes acontecimientos\u2026","rel":"","context":"En &quot;campeche&quot;","block_context":{"text":"campeche","link":"http:\/\/www.grieta.org.mx\/index.php\/category\/campeche\/"},"img":{"alt_text":"","src":"https:\/\/i0.wp.com\/www.grieta.org.mx\/wp-content\/uploads\/2018\/03\/14524434_1106112876131411_958039263622046936_o.jpg?resize=350%2C200","width":350,"height":200,"srcset":"https:\/\/i0.wp.com\/www.grieta.org.mx\/wp-content\/uploads\/2018\/03\/14524434_1106112876131411_958039263622046936_o.jpg?resize=350%2C200 1x, https:\/\/i0.wp.com\/www.grieta.org.mx\/wp-content\/uploads\/2018\/03\/14524434_1106112876131411_958039263622046936_o.jpg?resize=525%2C300 1.5x, https:\/\/i0.wp.com\/www.grieta.org.mx\/wp-content\/uploads\/2018\/03\/14524434_1106112876131411_958039263622046936_o.jpg?resize=700%2C400 2x"},"classes":[]},{"id":2887,"url":"http:\/\/www.grieta.org.mx\/index.php\/2015\/07\/07\/niegan-campeche-y-yucatan-compra-de-software-para-espiar-a-ciudadanos\/","url_meta":{"origin":2813,"position":2},"title":"Niegan Campeche y Yucat\u00e1n compra de software para espiar a ciudadanos","author":"grieta","date":"7 julio, 2015","format":false,"excerpt":"CAMPECHE, Camp. (apro).- Los gobiernos de Campeche y Yucat\u00e1n negaron haber adquirido licencias del software denominado Remote Control System Galileo, desarrollado por la empresa Hacking Team (HT S.r.l), con sede en Mil\u00e1n, Italia, para el espionaje cibern\u00e9tico de los ciudadanos. Entrevistado al respecto, el gobernador campechano Fernando Ortega Bern\u00e9s dijo\u2026","rel":"","context":"En &quot;campeche&quot;","block_context":{"text":"campeche","link":"http:\/\/www.grieta.org.mx\/index.php\/category\/campeche\/"},"img":{"alt_text":"","src":"https:\/\/i0.wp.com\/www.grieta.org.mx\/wp-content\/uploads\/2018\/03\/14524434_1106112876131411_958039263622046936_o.jpg?resize=350%2C200","width":350,"height":200,"srcset":"https:\/\/i0.wp.com\/www.grieta.org.mx\/wp-content\/uploads\/2018\/03\/14524434_1106112876131411_958039263622046936_o.jpg?resize=350%2C200 1x, https:\/\/i0.wp.com\/www.grieta.org.mx\/wp-content\/uploads\/2018\/03\/14524434_1106112876131411_958039263622046936_o.jpg?resize=525%2C300 1.5x, https:\/\/i0.wp.com\/www.grieta.org.mx\/wp-content\/uploads\/2018\/03\/14524434_1106112876131411_958039263622046936_o.jpg?resize=700%2C400 2x"},"classes":[]},{"id":2254,"url":"http:\/\/www.grieta.org.mx\/index.php\/2015\/08\/23\/violento-desalojo-en-comunidad-del-municipio-del-carmen-campeche\/","url_meta":{"origin":2813,"position":3},"title":"Violento desalojo en comunidad del Municipio del Carmen, Campeche","author":"grieta","date":"23 agosto, 2015","format":false,"excerpt":"El d\u00eda de ayer fue violentamente desalojada la comunidad El sacrificio del municipio del Carmen, en el estado de Campeche. El desalojo fue encabezado por Antonio Cab Medina, Juez Mixto Civil Familiar del Tercer Distrito Judicial del Estado. En este desalojo participaron m\u00e1s de 100 efectivos de la Polic\u00eda Estatal\u2026","rel":"","context":"En &quot;campeche&quot;","block_context":{"text":"campeche","link":"http:\/\/www.grieta.org.mx\/index.php\/category\/campeche\/"},"img":{"alt_text":"","src":"https:\/\/i0.wp.com\/www.grieta.org.mx\/wp-content\/uploads\/2018\/03\/14524434_1106112876131411_958039263622046936_o.jpg?resize=350%2C200","width":350,"height":200,"srcset":"https:\/\/i0.wp.com\/www.grieta.org.mx\/wp-content\/uploads\/2018\/03\/14524434_1106112876131411_958039263622046936_o.jpg?resize=350%2C200 1x, https:\/\/i0.wp.com\/www.grieta.org.mx\/wp-content\/uploads\/2018\/03\/14524434_1106112876131411_958039263622046936_o.jpg?resize=525%2C300 1.5x, https:\/\/i0.wp.com\/www.grieta.org.mx\/wp-content\/uploads\/2018\/03\/14524434_1106112876131411_958039263622046936_o.jpg?resize=700%2C400 2x"},"classes":[]},{"id":2823,"url":"http:\/\/www.grieta.org.mx\/index.php\/2015\/07\/24\/calakmul-repuntara-como-sitio-turistico-por-excelencia-en-2016\/","url_meta":{"origin":2813,"position":4},"title":"Calakmul repuntar\u00e1 como sitio tur\u00edstico por excelencia en 2016","author":"grieta","date":"24 julio, 2015","format":false,"excerpt":"Es una prioridad del Presidente de la Rep\u00fablica. De los m\u00e1s de 140 millones de pesos destinados a mejorar las condiciones de acceso al sitio y los servicios b\u00e1sicos para los visitantes, est\u00e1n ya en ejecuci\u00f3n poco m\u00e1s de 26 millones. Desde San Francisco de Campeche, Campeche, julio 23 de\u2026","rel":"","context":"En &quot;campeche&quot;","block_context":{"text":"campeche","link":"http:\/\/www.grieta.org.mx\/index.php\/category\/campeche\/"},"img":{"alt_text":"","src":"https:\/\/i0.wp.com\/www.grieta.org.mx\/wp-content\/uploads\/2018\/03\/14524434_1106112876131411_958039263622046936_o.jpg?resize=350%2C200","width":350,"height":200,"srcset":"https:\/\/i0.wp.com\/www.grieta.org.mx\/wp-content\/uploads\/2018\/03\/14524434_1106112876131411_958039263622046936_o.jpg?resize=350%2C200 1x, https:\/\/i0.wp.com\/www.grieta.org.mx\/wp-content\/uploads\/2018\/03\/14524434_1106112876131411_958039263622046936_o.jpg?resize=525%2C300 1.5x, https:\/\/i0.wp.com\/www.grieta.org.mx\/wp-content\/uploads\/2018\/03\/14524434_1106112876131411_958039263622046936_o.jpg?resize=700%2C400 2x"},"classes":[]},{"id":1483,"url":"http:\/\/www.grieta.org.mx\/index.php\/2015\/07\/11\/terror-y-miedo-por-militares-de-quintana-roo\/","url_meta":{"origin":2813,"position":5},"title":"Terror y miedo por militares de Quintana Roo.","author":"grieta","date":"11 julio, 2015","format":false,"excerpt":"El Gobierno Estatal encabezado por Fernando Ortega Bern\u00e9s es incapaz de poner un alto a los abusos y constantes acosos que se comenten en Xpujil, pues Militares de Quintana Roo mantienen aterrorizada a la poblaci\u00f3n, Autoridades de Seguridad no han intervenido en este Caso desatendiendo por completo la estabilidad del\u2026","rel":"","context":"En &quot;campeche&quot;","block_context":{"text":"campeche","link":"http:\/\/www.grieta.org.mx\/index.php\/category\/campeche\/"},"img":{"alt_text":"","src":"https:\/\/i0.wp.com\/www.grieta.org.mx\/wp-content\/uploads\/2018\/03\/14524434_1106112876131411_958039263622046936_o.jpg?resize=350%2C200","width":350,"height":200,"srcset":"https:\/\/i0.wp.com\/www.grieta.org.mx\/wp-content\/uploads\/2018\/03\/14524434_1106112876131411_958039263622046936_o.jpg?resize=350%2C200 1x, https:\/\/i0.wp.com\/www.grieta.org.mx\/wp-content\/uploads\/2018\/03\/14524434_1106112876131411_958039263622046936_o.jpg?resize=525%2C300 1.5x, https:\/\/i0.wp.com\/www.grieta.org.mx\/wp-content\/uploads\/2018\/03\/14524434_1106112876131411_958039263622046936_o.jpg?resize=700%2C400 2x"},"classes":[]}],"_links":{"self":[{"href":"http:\/\/www.grieta.org.mx\/index.php\/wp-json\/wp\/v2\/posts\/2813","targetHints":{"allow":["GET"]}}],"collection":[{"href":"http:\/\/www.grieta.org.mx\/index.php\/wp-json\/wp\/v2\/posts"}],"about":[{"href":"http:\/\/www.grieta.org.mx\/index.php\/wp-json\/wp\/v2\/types\/post"}],"author":[{"embeddable":true,"href":"http:\/\/www.grieta.org.mx\/index.php\/wp-json\/wp\/v2\/users\/2"}],"replies":[{"embeddable":true,"href":"http:\/\/www.grieta.org.mx\/index.php\/wp-json\/wp\/v2\/comments?post=2813"}],"version-history":[{"count":1,"href":"http:\/\/www.grieta.org.mx\/index.php\/wp-json\/wp\/v2\/posts\/2813\/revisions"}],"predecessor-version":[{"id":2814,"href":"http:\/\/www.grieta.org.mx\/index.php\/wp-json\/wp\/v2\/posts\/2813\/revisions\/2814"}],"wp:featuredmedia":[{"embeddable":true,"href":"http:\/\/www.grieta.org.mx\/index.php\/wp-json\/wp\/v2\/media\/21928"}],"wp:attachment":[{"href":"http:\/\/www.grieta.org.mx\/index.php\/wp-json\/wp\/v2\/media?parent=2813"}],"wp:term":[{"taxonomy":"category","embeddable":true,"href":"http:\/\/www.grieta.org.mx\/index.php\/wp-json\/wp\/v2\/categories?post=2813"},{"taxonomy":"post_tag","embeddable":true,"href":"http:\/\/www.grieta.org.mx\/index.php\/wp-json\/wp\/v2\/tags?post=2813"}],"curies":[{"name":"wp","href":"https:\/\/api.w.org\/{rel}","templated":true}]}}