{"id":2811,"date":"2015-08-20T18:05:42","date_gmt":"2015-08-20T18:05:42","guid":{"rendered":"http:\/\/50.22.11.12\/~grietaor\/?p=2811"},"modified":"2016-03-13T18:12:29","modified_gmt":"2016-03-13T18:12:29","slug":"desalojan-a-familias-invasoras","status":"publish","type":"post","link":"http:\/\/www.grieta.org.mx\/index.php\/2015\/08\/20\/desalojan-a-familias-invasoras\/","title":{"rendered":"Desalojan a familias invasoras"},"content":{"rendered":"<p>Invad\u00edan el Rancho \u201cEl Quemado\u201d presuntamente propiedad del ex diputado federal por Sinaloa, Jes\u00fas Pat\u00f3n Montalvo en Aguacatal \/ Ya ten\u00edan viviendo ah\u00ed m\u00e1s de 20 a\u00f1os<\/p>\n<p>ESCARCEGA, Cam., 20 de agosto.\u2013 Unas 50 familias que ten\u00edan invadido el Rancho \u201cEl Quemado\u201d, supuesta propiedad del ex diputado local y federal por el Estado de Sinaloa, Jes\u00fas Manuel Patr\u00f3n Montalvo, en la regi\u00f3n de Aguacatal, municipio de Carmen, fueron desalojadas por Antonio Cab Medina, juez mixto civil familiar del Tercer Distrito Judicial del Estado, con apoyo de elementos de diversas corporaciones polic\u00edacas.<br \/>\nEl pleito por la posesi\u00f3n de esos terrenos que le fueron vendidos al ex legislador por un ganadero de Aguacatal de nombre Joaqu\u00edn Garc\u00eda, inici\u00f3 desde el a\u00f1o 2006, cuando Roberto Boj\u00f3rquez Bueno, promovi\u00f3 el juicio ordinario reivindicatorio en contra del mismo, teniendo como apoderado legal a Francisco Arsenio Ferrer Kuri, pero las familias ten\u00edan viviendo ah\u00ed m\u00e1s de 20 a\u00f1os.<br \/>\nDurante ese tiempo, los habitantes hab\u00edan librado varios intentos de desalojo promoviendo juicios de amparo, pero ayer fueron tomados por sorpresa y se cumpli\u00f3 la sentencia de desalojo, con apoyo de elementos de la Polic\u00eda Estatal Preventiva y del cuerpo de antimotines de la Secretaria de Seguridad P\u00fablica y Protecci\u00f3n a la Comunidad.<br \/>\nEl juez mixto civil familiar del Tercer Distrito Judicial del Estado tambi\u00e9n se apoy\u00f3 de la Agencia de Investigaci\u00f3n Criminal de la Procuradur\u00eda General de la Rep\u00fablica para dar cumplimiento a la sentencia, tomando en posesi\u00f3n el predio desde en la ma\u00f1ana, concret\u00e1ndose la salida de esas familias en el transcurso del d\u00eda, sin que hubiera reporte de detenidos.<br \/>\nMientras se realizaba la diligencia, representantes de este grupo de familias acudieron a la Casa de Justicia a presentar un nuevo amparo, pero no tuvo efecto porque el operativo ya estaba en marcha.<br \/>\nHubo algo de oposici\u00f3n, pero finalmente procedieron al cumplimiento de la sentencia para desalojar el rancho, al que se llega por las comunidades Centauro del Norte y Santa Rita, a 25 kil\u00f3metros de la carretera federal Villahermosa-Esc\u00e1rcega. De ese lugar hubo que llegar en lancha por lo apartado que se encuentra.<br \/>\n(Mart\u00edn Contreras)<\/p>\n<p><a href=\"http:\/\/www.poresto.net\/ver_nota.php?zona=qroo&#038;idSeccion=31&#038;idTitulo=422674\" target=\"_blank\">www.poresto.net\/ver_nota.php?zona=qroo&#038;idSeccion=31&#038;idTitulo=422674<\/a><\/p>\n","protected":false},"excerpt":{"rendered":"<p>Invad\u00edan el Rancho \u201cEl Quemado\u201d presuntamente propiedad del ex diputado federal por Sinaloa, Jes\u00fas Pat\u00f3n Montalvo en Aguacatal \/ Ya ten\u00edan viviendo ah\u00ed m\u00e1s de 20 a\u00f1os ESCARCEGA, Cam., 20 &hellip; <a href=\"http:\/\/www.grieta.org.mx\/index.php\/2015\/08\/20\/desalojan-a-familias-invasoras\/\" class=\"more-link\">Leer m\u00e1s<\/a><\/p>\n","protected":false},"author":2,"featured_media":21928,"comment_status":"closed","ping_status":"open","sticky":false,"template":"","format":"standard","meta":{"ngg_post_thumbnail":0,"_jetpack_newsletter_access":"","_jetpack_dont_email_post_to_subs":false,"_jetpack_newsletter_tier_id":0,"_jetpack_memberships_contains_paywalled_content":false,"_jetpack_memberships_contains_paid_content":false,"footnotes":""},"categories":[123,80],"tags":[248],"class_list":["post-2811","post","type-post","status-publish","format-standard","has-post-thumbnail","hentry","category-campeche","category-cintillo","tag-desalojo","entry"],"jetpack_featured_media_url":"http:\/\/www.grieta.org.mx\/wp-content\/uploads\/2018\/03\/14524434_1106112876131411_958039263622046936_o.jpg","jetpack_sharing_enabled":true,"jetpack_shortlink":"https:\/\/wp.me\/p7ZJR4-Jl","jetpack_likes_enabled":false,"jetpack-related-posts":[{"id":2813,"url":"http:\/\/www.grieta.org.mx\/index.php\/2015\/08\/20\/amedrentan-en-rancho-quemado-campeche\/","url_meta":{"origin":2811,"position":0},"title":"Amedrentan en \u201cRancho Quemado\u201d, Campeche","author":"grieta","date":"20 agosto, 2015","format":false,"excerpt":"El representante de la CODUC y del PES, Guillermo Hern\u00e1ndez Dom\u00ednguez, acusa v\u00ednculos del gobernador Fernando Ortega Bern\u00e9s, con \u201cganaderos peligrosos\u201d para desalojar al menos 50 familias \/ Al parecer pertenecer\u00edan a un c\u00e1rtel colombiano CAMPECHE, Cam., 20 de agosto.\u2013 El representante del Partido Encuentro Social y de la Coalici\u00f3n\u2026","rel":"","context":"En &quot;campeche&quot;","block_context":{"text":"campeche","link":"http:\/\/www.grieta.org.mx\/index.php\/category\/campeche\/"},"img":{"alt_text":"","src":"https:\/\/i0.wp.com\/www.grieta.org.mx\/wp-content\/uploads\/2018\/03\/14524434_1106112876131411_958039263622046936_o.jpg?resize=350%2C200","width":350,"height":200,"srcset":"https:\/\/i0.wp.com\/www.grieta.org.mx\/wp-content\/uploads\/2018\/03\/14524434_1106112876131411_958039263622046936_o.jpg?resize=350%2C200 1x, https:\/\/i0.wp.com\/www.grieta.org.mx\/wp-content\/uploads\/2018\/03\/14524434_1106112876131411_958039263622046936_o.jpg?resize=525%2C300 1.5x, https:\/\/i0.wp.com\/www.grieta.org.mx\/wp-content\/uploads\/2018\/03\/14524434_1106112876131411_958039263622046936_o.jpg?resize=700%2C400 2x"},"classes":[]},{"id":2253,"url":"http:\/\/www.grieta.org.mx\/index.php\/2015\/08\/23\/desalojos-violentos-en-campeche\/","url_meta":{"origin":2811,"position":1},"title":"Desalojos violentos en Campeche","author":"grieta","date":"23 agosto, 2015","format":false,"excerpt":"23\/08\/15. Violento desalojo en comunidad del Municipio del Carmen, CampecheProyecto ambulante 20\/08\/15. Desalojan a familias invasorasPor esto 20\/08\/15. Amedrentan en \u201cRancho Quemado\u201d, CampechePor esto","rel":"","context":"En &quot;Campeche&quot;","block_context":{"text":"Campeche","link":"http:\/\/www.grieta.org.mx\/index.php\/category\/noticias-nacionales\/campeche\/"},"img":{"alt_text":"","src":"https:\/\/i0.wp.com\/www.grieta.org.mx\/wp-content\/uploads\/2018\/03\/14524434_1106112876131411_958039263622046936_o.jpg?resize=350%2C200","width":350,"height":200,"srcset":"https:\/\/i0.wp.com\/www.grieta.org.mx\/wp-content\/uploads\/2018\/03\/14524434_1106112876131411_958039263622046936_o.jpg?resize=350%2C200 1x, https:\/\/i0.wp.com\/www.grieta.org.mx\/wp-content\/uploads\/2018\/03\/14524434_1106112876131411_958039263622046936_o.jpg?resize=525%2C300 1.5x, https:\/\/i0.wp.com\/www.grieta.org.mx\/wp-content\/uploads\/2018\/03\/14524434_1106112876131411_958039263622046936_o.jpg?resize=700%2C400 2x"},"classes":[]},{"id":2254,"url":"http:\/\/www.grieta.org.mx\/index.php\/2015\/08\/23\/violento-desalojo-en-comunidad-del-municipio-del-carmen-campeche\/","url_meta":{"origin":2811,"position":2},"title":"Violento desalojo en comunidad del Municipio del Carmen, Campeche","author":"grieta","date":"23 agosto, 2015","format":false,"excerpt":"El d\u00eda de ayer fue violentamente desalojada la comunidad El sacrificio del municipio del Carmen, en el estado de Campeche. El desalojo fue encabezado por Antonio Cab Medina, Juez Mixto Civil Familiar del Tercer Distrito Judicial del Estado. En este desalojo participaron m\u00e1s de 100 efectivos de la Polic\u00eda Estatal\u2026","rel":"","context":"En &quot;campeche&quot;","block_context":{"text":"campeche","link":"http:\/\/www.grieta.org.mx\/index.php\/category\/campeche\/"},"img":{"alt_text":"","src":"https:\/\/i0.wp.com\/www.grieta.org.mx\/wp-content\/uploads\/2018\/03\/14524434_1106112876131411_958039263622046936_o.jpg?resize=350%2C200","width":350,"height":200,"srcset":"https:\/\/i0.wp.com\/www.grieta.org.mx\/wp-content\/uploads\/2018\/03\/14524434_1106112876131411_958039263622046936_o.jpg?resize=350%2C200 1x, https:\/\/i0.wp.com\/www.grieta.org.mx\/wp-content\/uploads\/2018\/03\/14524434_1106112876131411_958039263622046936_o.jpg?resize=525%2C300 1.5x, https:\/\/i0.wp.com\/www.grieta.org.mx\/wp-content\/uploads\/2018\/03\/14524434_1106112876131411_958039263622046936_o.jpg?resize=700%2C400 2x"},"classes":[]},{"id":2125,"url":"http:\/\/www.grieta.org.mx\/index.php\/2015\/10\/20\/la-caceria-de-el-chapo-deja-poblados-devastados-en-sinaloa\/","url_meta":{"origin":2811,"position":3},"title":"La cacer\u00eda de \u2018El Chapo\u2019 deja poblados devastados en Sinaloa","author":"grieta","date":"20 octubre, 2015","format":false,"excerpt":"Tamazula. Techos de casas perforados y carros calcinados con m\u00e1s de una docena de balazos son las huellas que dej\u00f3 la caza militar contra el narcotraficante. Joaqu\u00edn El Chapo Guzm\u00e1n en la sierra de Durango, donde ahora hay poblados desolados y un misterioso rancho fuertemente custodiado, No hay ni un\u2026","rel":"","context":"En &quot;CINTILLO&quot;","block_context":{"text":"CINTILLO","link":"http:\/\/www.grieta.org.mx\/index.php\/category\/cintillo\/"},"img":{"alt_text":"","src":"https:\/\/i0.wp.com\/www.grieta.org.mx\/wp-content\/uploads\/2018\/03\/14524434_1106112876131411_958039263622046936_o.jpg?resize=350%2C200","width":350,"height":200,"srcset":"https:\/\/i0.wp.com\/www.grieta.org.mx\/wp-content\/uploads\/2018\/03\/14524434_1106112876131411_958039263622046936_o.jpg?resize=350%2C200 1x, https:\/\/i0.wp.com\/www.grieta.org.mx\/wp-content\/uploads\/2018\/03\/14524434_1106112876131411_958039263622046936_o.jpg?resize=525%2C300 1.5x, https:\/\/i0.wp.com\/www.grieta.org.mx\/wp-content\/uploads\/2018\/03\/14524434_1106112876131411_958039263622046936_o.jpg?resize=700%2C400 2x"},"classes":[]},{"id":41346,"url":"http:\/\/www.grieta.org.mx\/index.php\/2019\/11\/20\/al-menos-50-familias-temen-ser-desalojadas-en-mahahual-quintana-roo\/","url_meta":{"origin":2811,"position":4},"title":"Al menos 50 familias temen ser desalojadas en Mahahual (Quintana Roo)","author":"grieta","date":"20 noviembre, 2019","format":false,"excerpt":"Aurora Montiel \/ RadioF\u00f3rmulaQR Son por lo menos 50 familias que habitan en el rancho la Victoria, en Mahahual, las que est\u00e1n a punto de perder su hogar, debido a la ambici\u00f3n de un empresario que ha intentado apoderarse del lugar. El rancho es propiedad del se\u00f1or Jos\u00e9 Guti\u00e9rrez Cetina\u2026","rel":"","context":"En &quot;CINTILLO&quot;","block_context":{"text":"CINTILLO","link":"http:\/\/www.grieta.org.mx\/index.php\/category\/cintillo\/"},"img":{"alt_text":"","src":"https:\/\/i0.wp.com\/www.grieta.org.mx\/wp-content\/uploads\/2019\/11\/desalojo.jpg?resize=350%2C200","width":350,"height":200,"srcset":"https:\/\/i0.wp.com\/www.grieta.org.mx\/wp-content\/uploads\/2019\/11\/desalojo.jpg?resize=350%2C200 1x, https:\/\/i0.wp.com\/www.grieta.org.mx\/wp-content\/uploads\/2019\/11\/desalojo.jpg?resize=525%2C300 1.5x, https:\/\/i0.wp.com\/www.grieta.org.mx\/wp-content\/uploads\/2019\/11\/desalojo.jpg?resize=700%2C400 2x"},"classes":[]},{"id":18361,"url":"http:\/\/www.grieta.org.mx\/index.php\/2016\/07\/19\/maestros-reprueban-declaraciones-de-antelo-diva-sinaloa\/","url_meta":{"origin":2811,"position":5},"title":"Maestros reprueban declaraciones de Antelo-Diva (SINALOA)","author":"grieta","date":"19 julio, 2016","format":false,"excerpt":"Adri\u00e1n L\u00f3pez, Sinaloa. Docentes se manifestaron de manera pac\u00edfica contra la Reforma Educativa. Los Mochis, Sinaloa.- Maestros que integran el movimiento contra la Reforma Educativa en el norte de Sinaloa, reprobaron las declaraciones hechas por el diputado Bernardino Antelo y la senadora Diva Hadamira Gast\u00e9lum, donde aseguran que el estado\u2026","rel":"","context":"En &quot;CINTILLO&quot;","block_context":{"text":"CINTILLO","link":"http:\/\/www.grieta.org.mx\/index.php\/category\/cintillo\/"},"img":{"alt_text":"","src":"https:\/\/i0.wp.com\/www.grieta.org.mx\/wp-content\/uploads\/2018\/03\/14524434_1106112876131411_958039263622046936_o.jpg?resize=350%2C200","width":350,"height":200,"srcset":"https:\/\/i0.wp.com\/www.grieta.org.mx\/wp-content\/uploads\/2018\/03\/14524434_1106112876131411_958039263622046936_o.jpg?resize=350%2C200 1x, https:\/\/i0.wp.com\/www.grieta.org.mx\/wp-content\/uploads\/2018\/03\/14524434_1106112876131411_958039263622046936_o.jpg?resize=525%2C300 1.5x, https:\/\/i0.wp.com\/www.grieta.org.mx\/wp-content\/uploads\/2018\/03\/14524434_1106112876131411_958039263622046936_o.jpg?resize=700%2C400 2x"},"classes":[]}],"_links":{"self":[{"href":"http:\/\/www.grieta.org.mx\/index.php\/wp-json\/wp\/v2\/posts\/2811","targetHints":{"allow":["GET"]}}],"collection":[{"href":"http:\/\/www.grieta.org.mx\/index.php\/wp-json\/wp\/v2\/posts"}],"about":[{"href":"http:\/\/www.grieta.org.mx\/index.php\/wp-json\/wp\/v2\/types\/post"}],"author":[{"embeddable":true,"href":"http:\/\/www.grieta.org.mx\/index.php\/wp-json\/wp\/v2\/users\/2"}],"replies":[{"embeddable":true,"href":"http:\/\/www.grieta.org.mx\/index.php\/wp-json\/wp\/v2\/comments?post=2811"}],"version-history":[{"count":1,"href":"http:\/\/www.grieta.org.mx\/index.php\/wp-json\/wp\/v2\/posts\/2811\/revisions"}],"predecessor-version":[{"id":2812,"href":"http:\/\/www.grieta.org.mx\/index.php\/wp-json\/wp\/v2\/posts\/2811\/revisions\/2812"}],"wp:featuredmedia":[{"embeddable":true,"href":"http:\/\/www.grieta.org.mx\/index.php\/wp-json\/wp\/v2\/media\/21928"}],"wp:attachment":[{"href":"http:\/\/www.grieta.org.mx\/index.php\/wp-json\/wp\/v2\/media?parent=2811"}],"wp:term":[{"taxonomy":"category","embeddable":true,"href":"http:\/\/www.grieta.org.mx\/index.php\/wp-json\/wp\/v2\/categories?post=2811"},{"taxonomy":"post_tag","embeddable":true,"href":"http:\/\/www.grieta.org.mx\/index.php\/wp-json\/wp\/v2\/tags?post=2811"}],"curies":[{"name":"wp","href":"https:\/\/api.w.org\/{rel}","templated":true}]}}