{"id":27896,"date":"2018-12-05T18:23:36","date_gmt":"2018-12-06T00:23:36","guid":{"rendered":"http:\/\/www.grieta.org.mx\/?p=27896"},"modified":"2018-12-19T18:33:14","modified_gmt":"2018-12-20T00:33:14","slug":"refuerzan-operativos-en-focos-rojos-de-temixco","status":"publish","type":"post","link":"http:\/\/www.grieta.org.mx\/index.php\/2018\/12\/05\/refuerzan-operativos-en-focos-rojos-de-temixco\/","title":{"rendered":"Refuerzan operativos en focos rojos de Temixco, Morelos"},"content":{"rendered":"<p>CARLOS SOBERANES \/ Diario de Morelos<\/p>\n<p>TEMIXCO, MORELOS.- La alcaldesa de Temixco, Juana Ocampo Dom\u00ednguez, confirm\u00f3 que implementan operativos y recorridos con personal de la Sedena y elementos del Mando \u00danico, como parte de la estrategia de seguridad del Gobierno estatal.<\/p>\n<p>Aunado a ello, dijo que como parte del plan de prevenci\u00f3n de delitos en Temixco, han reforzado la rehabilitaci\u00f3n del alumbrado p\u00fablico en las avenidas y calles principales del municipio.<\/p>\n<p>\u201cTambi\u00e9n, coordinadamente con vecinos, ha mejorado el alumbrado de las calles, lo cual ha sido llevado a cabo con apoyo de recurso federal y del municipio\u201d, expres\u00f3 la edil<br \/>\ntemixquense.<\/p>\n<p>Dijo que los recorridos de personal del Ej\u00e9rcito Mexicano y del Mando \u00danico son llevados a cabo mediante estrategia analizada, por lo cual se desplazan en las colonias del municipio que son consideradas \u201cfocos rojos\u201d en materia de inseguridad.<\/p>\n<p>Los elementos policiacos de la localidad, coordinadamente, trabajan para inhibir los delitos que m\u00e1s preocupan a los<br \/>\nciudadanos.<\/p>\n<p>Ocampo Dom\u00ednguez se\u00f1al\u00f3 que el desplazamiento de los elementos es llevado a cabo en todas las colonias y en diferente horario, aun as\u00ed es reforzada la seguridad en las comunidades con mayor \u00edndice delictivo.<\/p>\n<p>La edil dijo que las zonas donde ocurre el mayor n\u00famero de asaltos es en las colonias Lomas del Carril, Centro, Pueblo Viejo, Azteca y 10 de Abril.<\/p>\n<p>\u201cEn estas colonias hemos reforzado tambi\u00e9n el sistema de alumbrado p\u00fablico para coadyuvar con las acciones preventivas\u201d, finaliz\u00f3 la alcaldesa.<\/p>\n<p><a href=\"https:\/\/www.diariodemorelos.com\/noticias\/refuerzan-operativos-en-focos-rojos-de-temixco\">https:\/\/www.diariodemorelos.com\/noticias\/refuerzan-operativos-en-focos-rojos-de-temixco<\/a><\/p>\n","protected":false},"excerpt":{"rendered":"<p>CARLOS SOBERANES \/ Diario de Morelos TEMIXCO, MORELOS.- La alcaldesa de Temixco, Juana Ocampo Dom\u00ednguez, confirm\u00f3 que implementan operativos y recorridos con personal de la Sedena y elementos del Mando &hellip; <a href=\"http:\/\/www.grieta.org.mx\/index.php\/2018\/12\/05\/refuerzan-operativos-en-focos-rojos-de-temixco\/\" class=\"more-link\">Leer m\u00e1s<\/a><\/p>\n","protected":false},"author":2,"featured_media":21928,"comment_status":"closed","ping_status":"closed","sticky":false,"template":"","format":"standard","meta":{"ngg_post_thumbnail":0,"_jetpack_newsletter_access":"","_jetpack_dont_email_post_to_subs":false,"_jetpack_newsletter_tier_id":0,"_jetpack_memberships_contains_paywalled_content":false,"_jetpack_memberships_contains_paid_content":false,"footnotes":""},"categories":[912,1901,22,2,1772,83],"tags":[],"class_list":["post-27896","post","type-post","status-publish","format-standard","has-post-thumbnail","hentry","category-militarizacion","category-militarizacion-en-morelos","category-morelos","category-noticias-nacionales","category-protestas-y-denuncias-contra-el-mando-unico-en-morelos","category-temas-nacionales","entry"],"jetpack_featured_media_url":"http:\/\/www.grieta.org.mx\/wp-content\/uploads\/2018\/03\/14524434_1106112876131411_958039263622046936_o.jpg","jetpack_sharing_enabled":true,"jetpack_shortlink":"https:\/\/wp.me\/p7ZJR4-7fW","jetpack_likes_enabled":false,"jetpack-related-posts":[{"id":63099,"url":"http:\/\/www.grieta.org.mx\/index.php\/2022\/01\/13\/declarar-temixco-como-territorio-libre-de-mineria-exigen-16-comunidades-indigenas-de-morelos\/","url_meta":{"origin":27896,"position":0},"title":"Declarar Temixco como Territorio Libre de Miner\u00eda, exigen 16 comunidades ind\u00edgenas de Morelos","author":"grieta","date":"13 enero, 2022","format":false,"excerpt":"Redacci\u00f3n \/ Educa Oaxaca La Unificaci\u00f3n de Pueblos y Colonias en contra de la Miner\u00eda de Morelos solicitaron por escrito a la presidenta municipal de Temixco, Juana Ocampo, que \u201creconozca y garantice el derecho de los pueblos y las comunidades ind\u00edgenas a la libre determinaci\u00f3n para preservar y enriquecer el\u2026","rel":"","context":"En &quot;CINTILLO&quot;","block_context":{"text":"CINTILLO","link":"http:\/\/www.grieta.org.mx\/index.php\/category\/cintillo\/"},"img":{"alt_text":"","src":"https:\/\/i0.wp.com\/www.grieta.org.mx\/wp-content\/uploads\/2022\/01\/photo_2022-01-10_19-52-06-800x720-1-768x691-1.jpg?resize=350%2C200","width":350,"height":200,"srcset":"https:\/\/i0.wp.com\/www.grieta.org.mx\/wp-content\/uploads\/2022\/01\/photo_2022-01-10_19-52-06-800x720-1-768x691-1.jpg?resize=350%2C200 1x, https:\/\/i0.wp.com\/www.grieta.org.mx\/wp-content\/uploads\/2022\/01\/photo_2022-01-10_19-52-06-800x720-1-768x691-1.jpg?resize=525%2C300 1.5x, https:\/\/i0.wp.com\/www.grieta.org.mx\/wp-content\/uploads\/2022\/01\/photo_2022-01-10_19-52-06-800x720-1-768x691-1.jpg?resize=700%2C400 2x"},"classes":[]},{"id":70173,"url":"http:\/\/www.grieta.org.mx\/index.php\/2024\/09\/25\/aprueban-que-temixco-sea-territorio-libre-de-mineria-morelos\/","url_meta":{"origin":27896,"position":1},"title":"Aprueban que Temixco sea territorio libre de miner\u00eda (Morelos)","author":"grieta","date":"25 septiembre, 2024","format":false,"excerpt":"Redacci\u00f3n \/ Diario de Morelos Durante la cent\u00e9sima cuadrag\u00e9sima sexta sesi\u00f3n sesi\u00f3n extraordinaria, integrantes del Cabildo aprobaron por unanimidad la declaratoria del territorio de Temixco como libre de miner\u00eda, a tajo a cielo abierto para la extracci\u00f3n de metales, cumpliendo con los objetivos del cuidado y preservaci\u00f3n del medio ambiente.\u2026","rel":"","context":"En &quot;CINTILLO&quot;","block_context":{"text":"CINTILLO","link":"http:\/\/www.grieta.org.mx\/index.php\/category\/cintillo\/"},"img":{"alt_text":"","src":"https:\/\/i0.wp.com\/www.grieta.org.mx\/wp-content\/uploads\/2024\/10\/Screenshot-2024-10-16-at-13-43-44-Aprueban-que-Temixco-sea-territorio-libre-de-mineria-Noticias-Diario-de-Morelos.png?resize=350%2C200","width":350,"height":200,"srcset":"https:\/\/i0.wp.com\/www.grieta.org.mx\/wp-content\/uploads\/2024\/10\/Screenshot-2024-10-16-at-13-43-44-Aprueban-que-Temixco-sea-territorio-libre-de-mineria-Noticias-Diario-de-Morelos.png?resize=350%2C200 1x, https:\/\/i0.wp.com\/www.grieta.org.mx\/wp-content\/uploads\/2024\/10\/Screenshot-2024-10-16-at-13-43-44-Aprueban-que-Temixco-sea-territorio-libre-de-mineria-Noticias-Diario-de-Morelos.png?resize=525%2C300 1.5x, https:\/\/i0.wp.com\/www.grieta.org.mx\/wp-content\/uploads\/2024\/10\/Screenshot-2024-10-16-at-13-43-44-Aprueban-que-Temixco-sea-territorio-libre-de-mineria-Noticias-Diario-de-Morelos.png?resize=700%2C400 2x, https:\/\/i0.wp.com\/www.grieta.org.mx\/wp-content\/uploads\/2024\/10\/Screenshot-2024-10-16-at-13-43-44-Aprueban-que-Temixco-sea-territorio-libre-de-mineria-Noticias-Diario-de-Morelos.png?resize=1050%2C600 3x"},"classes":[]},{"id":9145,"url":"http:\/\/www.grieta.org.mx\/index.php\/2015\/03\/28\/demandan-temixco-sin-mineria\/","url_meta":{"origin":27896,"position":2},"title":"Demandan Temixco sin miner\u00eda","author":"grieta","date":"28 marzo, 2015","format":false,"excerpt":"El Diario de Morelos Para exigir al Ayuntamiento de Temixco proh\u00edba la miner\u00eda a cielo abierto en ese municipio, se manifestaron ayer pobladores de tres localidades y colonias. En la puerta principal del edificio se apost\u00f3 un grupo de por lo menos 30 ciudadanos procedentes de Coatetelco, Miacatl\u00e1n, Unidad Morelos,\u2026","rel":"","context":"En &quot;CINTILLO&quot;","block_context":{"text":"CINTILLO","link":"http:\/\/www.grieta.org.mx\/index.php\/category\/cintillo\/"},"img":{"alt_text":"","src":"https:\/\/i0.wp.com\/www.grieta.org.mx\/wp-content\/uploads\/2018\/03\/14524434_1106112876131411_958039263622046936_o.jpg?resize=350%2C200","width":350,"height":200,"srcset":"https:\/\/i0.wp.com\/www.grieta.org.mx\/wp-content\/uploads\/2018\/03\/14524434_1106112876131411_958039263622046936_o.jpg?resize=350%2C200 1x, https:\/\/i0.wp.com\/www.grieta.org.mx\/wp-content\/uploads\/2018\/03\/14524434_1106112876131411_958039263622046936_o.jpg?resize=525%2C300 1.5x, https:\/\/i0.wp.com\/www.grieta.org.mx\/wp-content\/uploads\/2018\/03\/14524434_1106112876131411_958039263622046936_o.jpg?resize=700%2C400 2x"},"classes":[]},{"id":45781,"url":"http:\/\/www.grieta.org.mx\/index.php\/2020\/02\/10\/temixco-se-suma-dice-no-a-concesion-de-minera-canadiense-morelos\/","url_meta":{"origin":27896,"position":3},"title":"Temixco, se suma, dice NO a concesi\u00f3n de minera canadiense (Morelos)","author":"Admin","date":"10 febrero, 2020","format":false,"excerpt":"Redacci\u00f3n \/ Regeneraci\u00f3n Tambi\u00e9n se mencion\u00f3 que la minera Esperanza Silver no realiza estas pr\u00e1cticas su pa\u00eds porque la normatividad ambiental impide los permisos Regeneraci\u00f3n, 10 de febrero de 2020. El Ayuntamiento de Temixco declara un rotundo no al inicio de los trabajos de la concesi\u00f3n de la explotaci\u00f3n de\u2026","rel":"","context":"En &quot;CINTILLO&quot;","block_context":{"text":"CINTILLO","link":"http:\/\/www.grieta.org.mx\/index.php\/category\/cintillo\/"},"img":{"alt_text":"","src":"https:\/\/i0.wp.com\/www.grieta.org.mx\/wp-content\/uploads\/2020\/03\/noticias_20200210202428_1025.jpg?resize=350%2C200","width":350,"height":200,"srcset":"https:\/\/i0.wp.com\/www.grieta.org.mx\/wp-content\/uploads\/2020\/03\/noticias_20200210202428_1025.jpg?resize=350%2C200 1x, https:\/\/i0.wp.com\/www.grieta.org.mx\/wp-content\/uploads\/2020\/03\/noticias_20200210202428_1025.jpg?resize=525%2C300 1.5x, https:\/\/i0.wp.com\/www.grieta.org.mx\/wp-content\/uploads\/2020\/03\/noticias_20200210202428_1025.jpg?resize=700%2C400 2x"},"classes":[]},{"id":63102,"url":"http:\/\/www.grieta.org.mx\/index.php\/2022\/01\/11\/comunidades-rechazan-mina-a-cielo-abierto-en-xochicalco-morelos\/","url_meta":{"origin":27896,"position":4},"title":"Comunidades rechazan mina a cielo abierto en Xochicalco, Morelos","author":"grieta","date":"11 enero, 2022","format":false,"excerpt":"Redacci\u00f3n \/ La Coperacha Cierran carretera y exigen a alcaldesa morenista de Temixco, declarar Territorio Libre de Miner\u00eda. Habitantes de 16 comunidades ind\u00edgenas y colonias de los municipios de Temixco, Xochitepec, Miacatl\u00e1n y Coatetelco, en Morelos, bloquearon la carretera federal Iguala-Cuernavaca en rechazo del proyecto de la minera canadiense \u00c1lamos\u2026","rel":"","context":"En &quot;CINTILLO&quot;","block_context":{"text":"CINTILLO","link":"http:\/\/www.grieta.org.mx\/index.php\/category\/cintillo\/"},"img":{"alt_text":"","src":"https:\/\/i0.wp.com\/www.grieta.org.mx\/wp-content\/uploads\/2022\/01\/No-a-la-mina-Morelos.jpg?resize=350%2C200","width":350,"height":200,"srcset":"https:\/\/i0.wp.com\/www.grieta.org.mx\/wp-content\/uploads\/2022\/01\/No-a-la-mina-Morelos.jpg?resize=350%2C200 1x, https:\/\/i0.wp.com\/www.grieta.org.mx\/wp-content\/uploads\/2022\/01\/No-a-la-mina-Morelos.jpg?resize=525%2C300 1.5x, https:\/\/i0.wp.com\/www.grieta.org.mx\/wp-content\/uploads\/2022\/01\/No-a-la-mina-Morelos.jpg?resize=700%2C400 2x, https:\/\/i0.wp.com\/www.grieta.org.mx\/wp-content\/uploads\/2022\/01\/No-a-la-mina-Morelos.jpg?resize=1050%2C600 3x"},"classes":[]},{"id":27892,"url":"http:\/\/www.grieta.org.mx\/index.php\/2018\/12\/08\/implementaran-de-nuevo-el-mando-unico\/","url_meta":{"origin":27896,"position":5},"title":"Implementar\u00e1n de nuevo el Mando \u00danico","author":"grieta","date":"8 diciembre, 2018","format":false,"excerpt":"Omar Romero \/ Diario de Morelos Cuernavaca, Morelos.- El Mando \u00danico se implementar\u00e1 de nueva cuenta en la entidad, adelant\u00f3 el comisionado estatal de Seguridad P\u00fablica, el Vicealmirante Jos\u00e9 Antonio Ortiz Guarneros, quien dijo que ahora s\u00ed ya no habr\u00e1 polic\u00edas municipales y todos ser\u00e1n elementos estatales. Explic\u00f3 que ayer\u2026","rel":"","context":"En &quot;Militarizaci\u00f3n&quot;","block_context":{"text":"Militarizaci\u00f3n","link":"http:\/\/www.grieta.org.mx\/index.php\/category\/temas-nacionales\/militarizacion\/"},"img":{"alt_text":"","src":"https:\/\/i0.wp.com\/www.grieta.org.mx\/wp-content\/uploads\/2018\/12\/Vicealmirante-Ortiz-Guarneros-2_result.jpg?resize=350%2C200","width":350,"height":200,"srcset":"https:\/\/i0.wp.com\/www.grieta.org.mx\/wp-content\/uploads\/2018\/12\/Vicealmirante-Ortiz-Guarneros-2_result.jpg?resize=350%2C200 1x, https:\/\/i0.wp.com\/www.grieta.org.mx\/wp-content\/uploads\/2018\/12\/Vicealmirante-Ortiz-Guarneros-2_result.jpg?resize=525%2C300 1.5x, https:\/\/i0.wp.com\/www.grieta.org.mx\/wp-content\/uploads\/2018\/12\/Vicealmirante-Ortiz-Guarneros-2_result.jpg?resize=700%2C400 2x, https:\/\/i0.wp.com\/www.grieta.org.mx\/wp-content\/uploads\/2018\/12\/Vicealmirante-Ortiz-Guarneros-2_result.jpg?resize=1050%2C600 3x"},"classes":[]}],"_links":{"self":[{"href":"http:\/\/www.grieta.org.mx\/index.php\/wp-json\/wp\/v2\/posts\/27896","targetHints":{"allow":["GET"]}}],"collection":[{"href":"http:\/\/www.grieta.org.mx\/index.php\/wp-json\/wp\/v2\/posts"}],"about":[{"href":"http:\/\/www.grieta.org.mx\/index.php\/wp-json\/wp\/v2\/types\/post"}],"author":[{"embeddable":true,"href":"http:\/\/www.grieta.org.mx\/index.php\/wp-json\/wp\/v2\/users\/2"}],"replies":[{"embeddable":true,"href":"http:\/\/www.grieta.org.mx\/index.php\/wp-json\/wp\/v2\/comments?post=27896"}],"version-history":[{"count":1,"href":"http:\/\/www.grieta.org.mx\/index.php\/wp-json\/wp\/v2\/posts\/27896\/revisions"}],"predecessor-version":[{"id":27899,"href":"http:\/\/www.grieta.org.mx\/index.php\/wp-json\/wp\/v2\/posts\/27896\/revisions\/27899"}],"wp:featuredmedia":[{"embeddable":true,"href":"http:\/\/www.grieta.org.mx\/index.php\/wp-json\/wp\/v2\/media\/21928"}],"wp:attachment":[{"href":"http:\/\/www.grieta.org.mx\/index.php\/wp-json\/wp\/v2\/media?parent=27896"}],"wp:term":[{"taxonomy":"category","embeddable":true,"href":"http:\/\/www.grieta.org.mx\/index.php\/wp-json\/wp\/v2\/categories?post=27896"},{"taxonomy":"post_tag","embeddable":true,"href":"http:\/\/www.grieta.org.mx\/index.php\/wp-json\/wp\/v2\/tags?post=27896"}],"curies":[{"name":"wp","href":"https:\/\/api.w.org\/{rel}","templated":true}]}}