{"id":27579,"date":"2018-09-18T22:04:27","date_gmt":"2018-09-19T03:04:27","guid":{"rendered":"http:\/\/www.grieta.org.mx\/?p=27579"},"modified":"2018-11-09T22:15:38","modified_gmt":"2018-11-10T04:15:38","slug":"aun-sin-conocerse-el-destino-de-14-mil-mdp-ejercidos-por-administracion-de-gabino-cue-oaxaca","status":"publish","type":"post","link":"http:\/\/www.grieta.org.mx\/index.php\/2018\/09\/18\/aun-sin-conocerse-el-destino-de-14-mil-mdp-ejercidos-por-administracion-de-gabino-cue-oaxaca\/","title":{"rendered":"A\u00fan sin conocerse el destino de 14 mil mdp ejercidos por administraci\u00f3n de Gabino Cu\u00e9 (Oaxaca)"},"content":{"rendered":"<p>P\u00e1gina 3.<\/p>\n<p>Jaime Guerrero,<\/p>\n<p>Oaxaca.- En la antesala de la discusi\u00f3n e inminente rechazo -por parte de la LXIII Legislatura- de las cuentas p\u00fablicas 2014, 2015 y 2016, del ex gobernador, Gabino Cu\u00e9 Monteagudo, la Secretar\u00eda de la Contralor\u00eda y Transparencia Gubernamental, reiter\u00f3 en sus informes de auditorias que fueron 14 mil 250 millones de pesos, los observados por presuntas irregularidades en el manejo y destino de los recursos.<\/p>\n<p><img loading=\"lazy\" decoding=\"async\" data-attachment-id=\"27580\" data-permalink=\"http:\/\/www.grieta.org.mx\/index.php\/2018\/09\/18\/aun-sin-conocerse-el-destino-de-14-mil-mdp-ejercidos-por-administracion-de-gabino-cue-oaxaca\/010915-izamiento-mes-patria-gabino-cue-jap-6\/\" data-orig-file=\"http:\/\/www.grieta.org.mx\/wp-content\/uploads\/2018\/11\/010915-IZAMIENTO-MES-PATRIA-GABINO-CUE-JAP-6.jpg\" data-orig-size=\"800,531\" data-comments-opened=\"0\" data-image-meta=\"{&quot;aperture&quot;:&quot;0&quot;,&quot;credit&quot;:&quot;&quot;,&quot;camera&quot;:&quot;&quot;,&quot;caption&quot;:&quot;&quot;,&quot;created_timestamp&quot;:&quot;1441099167&quot;,&quot;copyright&quot;:&quot;&quot;,&quot;focal_length&quot;:&quot;0&quot;,&quot;iso&quot;:&quot;0&quot;,&quot;shutter_speed&quot;:&quot;0&quot;,&quot;title&quot;:&quot;&quot;,&quot;orientation&quot;:&quot;0&quot;}\" data-image-title=\"010915-IZAMIENTO-MES-PATRIA-GABINO-CUE-JAP-6\" data-image-description=\"\" data-image-caption=\"\" data-medium-file=\"http:\/\/www.grieta.org.mx\/wp-content\/uploads\/2018\/11\/010915-IZAMIENTO-MES-PATRIA-GABINO-CUE-JAP-6-300x199.jpg\" data-large-file=\"http:\/\/www.grieta.org.mx\/wp-content\/uploads\/2018\/11\/010915-IZAMIENTO-MES-PATRIA-GABINO-CUE-JAP-6.jpg\" src=\"http:\/\/www.grieta.org.mx\/wp-content\/uploads\/2018\/11\/010915-IZAMIENTO-MES-PATRIA-GABINO-CUE-JAP-6-300x199.jpg\" alt=\"\" width=\"300\" height=\"199\" class=\"aligncenter size-medium wp-image-27580\" srcset=\"http:\/\/www.grieta.org.mx\/wp-content\/uploads\/2018\/11\/010915-IZAMIENTO-MES-PATRIA-GABINO-CUE-JAP-6-300x199.jpg 300w, http:\/\/www.grieta.org.mx\/wp-content\/uploads\/2018\/11\/010915-IZAMIENTO-MES-PATRIA-GABINO-CUE-JAP-6-768x510.jpg 768w, http:\/\/www.grieta.org.mx\/wp-content\/uploads\/2018\/11\/010915-IZAMIENTO-MES-PATRIA-GABINO-CUE-JAP-6-753x500.jpg 753w, http:\/\/www.grieta.org.mx\/wp-content\/uploads\/2018\/11\/010915-IZAMIENTO-MES-PATRIA-GABINO-CUE-JAP-6.jpg 800w\" sizes=\"auto, (max-width: 300px) 100vw, 300px\" \/><\/p>\n<p>En el caso del primer a\u00f1o de la administraci\u00f3n del Gobernador, Alejandro Murat Hinojosa, se han observado de 633 millones de pesos, los cuales, asegura la Contralor\u00eda, est\u00e1n en proceso de solventaci\u00f3n, de acuerdo a los plazos establecidos por la ley.<\/p>\n<p>De acuerdo a la Secretar\u00eda de la Contralor\u00eda, en diciembre 2016 la Administraci\u00f3n del Gobierno anterior entreg\u00f3 un total de 122 resultados de auditor\u00edas pendientes de solventar de las cuentas p\u00fablicas correspondientes del 2010 al 2015 por un total de 10 mil 85 millones de pesos.<\/p>\n<p>Para el ejercicio 2017 se fiscaliz\u00f3 la cuenta p\u00fablica 2016 arrojando resultados por un total de 4 mil 165 millones de pesos. El total de resultados correspondientes a la administraci\u00f3n de Cu\u00e9 Monteagudo, son observaciones por un total de 14 mil 250 millones de pesos, tan solo por parte de las auditorias que realizan los \u00f3rganos de fiscalizaci\u00f3n de la entidad.<\/p>\n<p>Respecto a las 25 auditor\u00edas previstas en el programa anual de auditor\u00edas 2018, realizadas a la cuenta p\u00fablica 2017 se han concluido cinco auditor\u00edas en el primer periodo arrojando 44 resultados por un total de 633 millones de pesos.<\/p>\n<p>Est\u00e1n en proceso en el Estado, 14 auditor\u00edas a fondos y programas federales que corresponden al segundo per\u00edodo y cuyos resultados se dar\u00e1n a conocer en el mes de octubre, report\u00f3 la Secretar\u00eda de la Contralor\u00eda.<\/p>\n<p>Adem\u00e1s, est\u00e1n por iniciar cinco auditorias m\u00e1s que corresponden al tercer per\u00edodo y cuyos resultados se publicar\u00e1n en febrero 2019.<\/p>\n<p>Actualmente, los resultados a las cuentas p\u00fablicas 2010-2016, que corresponden al gobierno anterior, se ha enviado a la Auditoria Superior de la Federaci\u00f3n, para el seguimiento de resultados observados por 14 mil 250 millones de pesos, de los que se ha notificado el descargo o comprobaci\u00f3n de 30 resultados por 250 millones.<\/p>\n<p>La diferencia se encuentra en proceso de an\u00e1lisis a partir del mes de julio y hasta 60 meses de antig\u00fcedad, as\u00ed tambi\u00e9n en m\u00e1s de 150 resultados ha notificado el inicio del procedimiento de Responsabilidad Administrativa Sancionatoria a los funcionarios de las dependencias en turno.<\/p>\n<p>Cabe se\u00f1alar que en diversas publicaciones, se ha se\u00f1alado de presunta malversaci\u00f3n de recursos a los ex secretarios de Salud, German Tenorio Vasconcelos, actualmente sujeto a proceso en el penal de Santa Mar\u00eda Ixcotel; Gerardo Cajiga Estrada, Enrique Arnaud Vi\u00f1as, ex tesoreros de Cu\u00e9 Monteagudo; y Carlos Morena Alc\u00e1ntara, quien sigue sujeto a proceso en libertad condicional.<\/p>\n<p>Por lo pronto, la Contralor\u00eda, argument\u00f3 que para garantizar el \u201cdescargo\u201d de los resultados en poder de la Auditoria Superior de la Federaci\u00f3n, ha sido dise\u00f1ada una estrategia de integraci\u00f3n de informaci\u00f3n y documentaci\u00f3n digital a efecto de que se garantice la atenci\u00f3n y descargo de resultados mediante el llenado de c\u00e9dulas, copia de documentaci\u00f3n comprobatoria consistente en e informaci\u00f3n financiera, administrativa, fiscal y contable.<\/p>\n<p><a href=\"https:\/\/pagina3.mx\/2018\/09\/aun-sin-conocerse-el-destino-de-14-mil-mdp-ejercidos-por-administracion-de-gabino-cue\/\" rel=\"noopener\" target=\"_blank\">https:\/\/pagina3.mx\/2018\/09\/aun-sin-conocerse-el-destino-de-14-mil-mdp-ejercidos-por-administracion-de-gabino-cue\/<\/a><\/p>\n","protected":false},"excerpt":{"rendered":"<p>P\u00e1gina 3. Jaime Guerrero, Oaxaca.- En la antesala de la discusi\u00f3n e inminente rechazo -por parte de la LXIII Legislatura- de las cuentas p\u00fablicas 2014, 2015 y 2016, del ex &hellip; <a href=\"http:\/\/www.grieta.org.mx\/index.php\/2018\/09\/18\/aun-sin-conocerse-el-destino-de-14-mil-mdp-ejercidos-por-administracion-de-gabino-cue-oaxaca\/\" class=\"more-link\">Leer m\u00e1s<\/a><\/p>\n","protected":false},"author":2,"featured_media":27580,"comment_status":"closed","ping_status":"closed","sticky":false,"template":"","format":"standard","meta":{"ngg_post_thumbnail":0,"_jetpack_newsletter_access":"","_jetpack_dont_email_post_to_subs":false,"_jetpack_newsletter_tier_id":0,"_jetpack_memberships_contains_paywalled_content":false,"_jetpack_memberships_contains_paid_content":false,"footnotes":""},"categories":[80,2,25,1500],"tags":[],"class_list":["post-27579","post","type-post","status-publish","format-standard","has-post-thumbnail","hentry","category-cintillo","category-noticias-nacionales","category-oaxaca","category-saqueo-de-recursos-publicos-en-oaxaca","entry"],"jetpack_featured_media_url":"http:\/\/www.grieta.org.mx\/wp-content\/uploads\/2018\/11\/010915-IZAMIENTO-MES-PATRIA-GABINO-CUE-JAP-6.jpg","jetpack_sharing_enabled":true,"jetpack_shortlink":"https:\/\/wp.me\/p7ZJR4-7aP","jetpack_likes_enabled":false,"jetpack-related-posts":[{"id":24812,"url":"http:\/\/www.grieta.org.mx\/index.php\/2018\/07\/18\/se-destinan-191-mdp-mensuales-para-pagar-la-deuda-publica-en-oaxaca\/","url_meta":{"origin":27579,"position":0},"title":"Se destinan 191 mdp mensuales para pagar la deuda p\u00fablica en Oaxaca","author":"grieta","date":"18 julio, 2018","format":false,"excerpt":"Noticias. Ivonne Mateo, La cifra que el Gobierno del Estado emplea para pagar la deuda p\u00fablica a los diferentes acreedores es mayor a la asignada a 15 secretar\u00edas locales, de acuerdo a documentos oficiales. Seg\u00fan el informe financiero trimestral de la Secretar\u00eda de Finanzas (Sefin), para el pago de la\u2026","rel":"","context":"En &quot;CINTILLO&quot;","block_context":{"text":"CINTILLO","link":"http:\/\/www.grieta.org.mx\/index.php\/category\/cintillo\/"},"img":{"alt_text":"","src":"https:\/\/i0.wp.com\/www.grieta.org.mx\/wp-content\/uploads\/2018\/07\/Deuda-Oax.jpg?resize=350%2C200","width":350,"height":200,"srcset":"https:\/\/i0.wp.com\/www.grieta.org.mx\/wp-content\/uploads\/2018\/07\/Deuda-Oax.jpg?resize=350%2C200 1x, https:\/\/i0.wp.com\/www.grieta.org.mx\/wp-content\/uploads\/2018\/07\/Deuda-Oax.jpg?resize=525%2C300 1.5x, https:\/\/i0.wp.com\/www.grieta.org.mx\/wp-content\/uploads\/2018\/07\/Deuda-Oax.jpg?resize=700%2C400 2x, https:\/\/i0.wp.com\/www.grieta.org.mx\/wp-content\/uploads\/2018\/07\/Deuda-Oax.jpg?resize=1050%2C600 3x"},"classes":[]},{"id":19702,"url":"http:\/\/www.grieta.org.mx\/index.php\/2016\/08\/04\/trabajadores-de-salud-realizan-paro-porque-gobierno-de-gabino-cue-adeuda-42-mdp-oaxaca\/","url_meta":{"origin":27579,"position":1},"title":"Trabajadores de Salud realizan paro porque gobierno de Gabino Cu\u00e9 adeuda 42 mdp (Oaxaca)","author":"grieta","date":"4 agosto, 2016","format":false,"excerpt":"P\u00e1gina 3. Pedro Mat\u00edas, Oaxaca.- La Secci\u00f3n 35 del Sindicato Nacional de Trabajadores de la Secretar\u00eda de Salud (SNTSS) realiz\u00f3 hoy un paro de \u201cbrazos ca\u00eddos\u201d porque el gobierno de Gabino Cu\u00e9 les adeuda 42 millones de pesos correspondiente al ahorro de mas de cinco mil 600 sindicalizados. As\u00ed lo\u2026","rel":"","context":"En &quot;CINTILLO&quot;","block_context":{"text":"CINTILLO","link":"http:\/\/www.grieta.org.mx\/index.php\/category\/cintillo\/"},"img":{"alt_text":"","src":"https:\/\/i0.wp.com\/www.grieta.org.mx\/wp-content\/uploads\/2018\/03\/14524434_1106112876131411_958039263622046936_o.jpg?resize=350%2C200","width":350,"height":200,"srcset":"https:\/\/i0.wp.com\/www.grieta.org.mx\/wp-content\/uploads\/2018\/03\/14524434_1106112876131411_958039263622046936_o.jpg?resize=350%2C200 1x, https:\/\/i0.wp.com\/www.grieta.org.mx\/wp-content\/uploads\/2018\/03\/14524434_1106112876131411_958039263622046936_o.jpg?resize=525%2C300 1.5x, https:\/\/i0.wp.com\/www.grieta.org.mx\/wp-content\/uploads\/2018\/03\/14524434_1106112876131411_958039263622046936_o.jpg?resize=700%2C400 2x"},"classes":[]},{"id":26587,"url":"http:\/\/www.grieta.org.mx\/index.php\/2018\/08\/28\/oaxaca-en-el-top-ten-de-los-estados-con-mas-recursos-desviados-por-recuperar-por-orden-de-la-asf\/","url_meta":{"origin":27579,"position":2},"title":"Oaxaca en el top-ten de los Estados con m\u00e1s recursos desviados, por recuperar, por orden de la ASF","author":"grieta","date":"28 agosto, 2018","format":false,"excerpt":"P\u00e1gina 3. Jaime Guerrero, Oaxaca se encuentra dentro de los diez estados del pa\u00eds con mayor dinero pr\u00f3fugo, es decir, dinero que la Auditor\u00eda Superior de la Federaci\u00f3n (ASF) ha solicitado recuperar o aclarar a los gobiernos estatales, seg\u00fan el indicador #DineroPr\u00f3fugo, de la plataforma Data Coparmex. A Oaxaca corresponde\u2026","rel":"","context":"En &quot;CINTILLO&quot;","block_context":{"text":"CINTILLO","link":"http:\/\/www.grieta.org.mx\/index.php\/category\/cintillo\/"},"img":{"alt_text":"","src":"https:\/\/i0.wp.com\/www.grieta.org.mx\/wp-content\/uploads\/2018\/09\/fondos.jpg?resize=350%2C200","width":350,"height":200,"srcset":"https:\/\/i0.wp.com\/www.grieta.org.mx\/wp-content\/uploads\/2018\/09\/fondos.jpg?resize=350%2C200 1x, https:\/\/i0.wp.com\/www.grieta.org.mx\/wp-content\/uploads\/2018\/09\/fondos.jpg?resize=525%2C300 1.5x, https:\/\/i0.wp.com\/www.grieta.org.mx\/wp-content\/uploads\/2018\/09\/fondos.jpg?resize=700%2C400 2x"},"classes":[]},{"id":26590,"url":"http:\/\/www.grieta.org.mx\/index.php\/2018\/08\/08\/preocupa-a-auditoria-de-oaxaca-destino-de-mil-230-mdp\/","url_meta":{"origin":27579,"position":3},"title":"\u201cPreocupa\u201d a Auditor\u00eda de Oaxaca destino de mil 230 mdp","author":"grieta","date":"8 agosto, 2018","format":false,"excerpt":"Noticias. Virgilio S\u00e1nchez, El uso de mil 230 millones 600 mil pesos no han sido comprobados, desde el a\u00f1o 2016, por nueve municipios oaxaque\u00f1os, la Universidad Aut\u00f3noma Benito Ju\u00e1rez de Oaxaca (UABJO) y el Gobierno del Estado; de acuerdo con la informaci\u00f3n presentada por el colectivo \u201c\u00bfFuiste T\u00fa?\u201d. La agrupaci\u00f3n\u2026","rel":"","context":"En &quot;CINTILLO&quot;","block_context":{"text":"CINTILLO","link":"http:\/\/www.grieta.org.mx\/index.php\/category\/cintillo\/"},"img":{"alt_text":"","src":"https:\/\/i0.wp.com\/www.grieta.org.mx\/wp-content\/uploads\/2018\/09\/auditoria.jpg?resize=350%2C200","width":350,"height":200,"srcset":"https:\/\/i0.wp.com\/www.grieta.org.mx\/wp-content\/uploads\/2018\/09\/auditoria.jpg?resize=350%2C200 1x, https:\/\/i0.wp.com\/www.grieta.org.mx\/wp-content\/uploads\/2018\/09\/auditoria.jpg?resize=525%2C300 1.5x, https:\/\/i0.wp.com\/www.grieta.org.mx\/wp-content\/uploads\/2018\/09\/auditoria.jpg?resize=700%2C400 2x, https:\/\/i0.wp.com\/www.grieta.org.mx\/wp-content\/uploads\/2018\/09\/auditoria.jpg?resize=1050%2C600 3x"},"classes":[]},{"id":25384,"url":"http:\/\/www.grieta.org.mx\/index.php\/2018\/07\/25\/opacidad-con-los-1-mil-mdp-de-deuda-publica-de-oaxaca\/","url_meta":{"origin":27579,"position":4},"title":"Opacidad con los 1 mil mdp de deuda p\u00fablica de Oaxaca","author":"grieta","date":"25 julio, 2018","format":false,"excerpt":"Noticias. Virgilio S\u00e1nchez, A pesar que el presupuesto destinado a obra p\u00fablica no se utiliza, el Gobierno del Estado asign\u00f3 recursos provenientes de la deuda p\u00fablica a la Secretar\u00eda de las Infraestructuras y el Ordenamiento Territorial Sustentable (Sinfra). Mientras carreteras est\u00e1n sin terminar o destrozadas, Sinfra no invierte en obras\u2026","rel":"","context":"En &quot;CINTILLO&quot;","block_context":{"text":"CINTILLO","link":"http:\/\/www.grieta.org.mx\/index.php\/category\/cintillo\/"},"img":{"alt_text":"","src":"https:\/\/i0.wp.com\/www.grieta.org.mx\/wp-content\/uploads\/2018\/08\/Deuda-pub_Noticias-250718.jpg?resize=350%2C200","width":350,"height":200,"srcset":"https:\/\/i0.wp.com\/www.grieta.org.mx\/wp-content\/uploads\/2018\/08\/Deuda-pub_Noticias-250718.jpg?resize=350%2C200 1x, https:\/\/i0.wp.com\/www.grieta.org.mx\/wp-content\/uploads\/2018\/08\/Deuda-pub_Noticias-250718.jpg?resize=525%2C300 1.5x, https:\/\/i0.wp.com\/www.grieta.org.mx\/wp-content\/uploads\/2018\/08\/Deuda-pub_Noticias-250718.jpg?resize=700%2C400 2x, https:\/\/i0.wp.com\/www.grieta.org.mx\/wp-content\/uploads\/2018\/08\/Deuda-pub_Noticias-250718.jpg?resize=1050%2C600 3x"},"classes":[]},{"id":1859,"url":"http:\/\/www.grieta.org.mx\/index.php\/2015\/09\/01\/pese-a-protestas-arranca-proyecto-eolica-del-sur-en-oaxaca\/","url_meta":{"origin":27579,"position":5},"title":"Pese a protestas arranca proyecto \u201cE\u00f3lica del Sur\u201d en Oaxaca","author":"grieta","date":"1 septiembre, 2015","format":false,"excerpt":"Proceso. Pedro Mat\u00edas, Oaxaca. (apro).- Pese a que zapotecas de Juchit\u00e1n presentaron una demanda de amparo ante el Juzgado S\u00e9ptimo de Distrito en contra de los tres niveles de gobierno por violaciones graves al derecho a la consulta, las Secretar\u00edas de Gobernaci\u00f3n y de Energ\u00eda firmaron hoy un acuerdo para\u2026","rel":"","context":"En &quot;CINTILLO&quot;","block_context":{"text":"CINTILLO","link":"http:\/\/www.grieta.org.mx\/index.php\/category\/cintillo\/"},"img":{"alt_text":"","src":"https:\/\/i0.wp.com\/www.grieta.org.mx\/wp-content\/uploads\/2018\/03\/14524434_1106112876131411_958039263622046936_o.jpg?resize=350%2C200","width":350,"height":200,"srcset":"https:\/\/i0.wp.com\/www.grieta.org.mx\/wp-content\/uploads\/2018\/03\/14524434_1106112876131411_958039263622046936_o.jpg?resize=350%2C200 1x, https:\/\/i0.wp.com\/www.grieta.org.mx\/wp-content\/uploads\/2018\/03\/14524434_1106112876131411_958039263622046936_o.jpg?resize=525%2C300 1.5x, https:\/\/i0.wp.com\/www.grieta.org.mx\/wp-content\/uploads\/2018\/03\/14524434_1106112876131411_958039263622046936_o.jpg?resize=700%2C400 2x"},"classes":[]}],"_links":{"self":[{"href":"http:\/\/www.grieta.org.mx\/index.php\/wp-json\/wp\/v2\/posts\/27579","targetHints":{"allow":["GET"]}}],"collection":[{"href":"http:\/\/www.grieta.org.mx\/index.php\/wp-json\/wp\/v2\/posts"}],"about":[{"href":"http:\/\/www.grieta.org.mx\/index.php\/wp-json\/wp\/v2\/types\/post"}],"author":[{"embeddable":true,"href":"http:\/\/www.grieta.org.mx\/index.php\/wp-json\/wp\/v2\/users\/2"}],"replies":[{"embeddable":true,"href":"http:\/\/www.grieta.org.mx\/index.php\/wp-json\/wp\/v2\/comments?post=27579"}],"version-history":[{"count":1,"href":"http:\/\/www.grieta.org.mx\/index.php\/wp-json\/wp\/v2\/posts\/27579\/revisions"}],"predecessor-version":[{"id":27581,"href":"http:\/\/www.grieta.org.mx\/index.php\/wp-json\/wp\/v2\/posts\/27579\/revisions\/27581"}],"wp:featuredmedia":[{"embeddable":true,"href":"http:\/\/www.grieta.org.mx\/index.php\/wp-json\/wp\/v2\/media\/27580"}],"wp:attachment":[{"href":"http:\/\/www.grieta.org.mx\/index.php\/wp-json\/wp\/v2\/media?parent=27579"}],"wp:term":[{"taxonomy":"category","embeddable":true,"href":"http:\/\/www.grieta.org.mx\/index.php\/wp-json\/wp\/v2\/categories?post=27579"},{"taxonomy":"post_tag","embeddable":true,"href":"http:\/\/www.grieta.org.mx\/index.php\/wp-json\/wp\/v2\/tags?post=27579"}],"curies":[{"name":"wp","href":"https:\/\/api.w.org\/{rel}","templated":true}]}}