{"id":27537,"date":"2018-11-08T21:01:12","date_gmt":"2018-11-09T03:01:12","guid":{"rendered":"http:\/\/www.grieta.org.mx\/?p=27537"},"modified":"2018-11-08T21:01:12","modified_gmt":"2018-11-09T03:01:12","slug":"asesinan-a-estudiante-de-la-uacm-cuando-regresaba-a-su-casa-ciudad-de-mexico","status":"publish","type":"post","link":"http:\/\/www.grieta.org.mx\/index.php\/2018\/11\/08\/asesinan-a-estudiante-de-la-uacm-cuando-regresaba-a-su-casa-ciudad-de-mexico\/","title":{"rendered":"Asesinan a estudiante de la UACM cuando regresaba a su casa (Ciudad de M\u00e9xico)"},"content":{"rendered":"<p><img loading=\"lazy\" decoding=\"async\" data-attachment-id=\"27538\" data-permalink=\"http:\/\/www.grieta.org.mx\/index.php\/2018\/11\/08\/asesinan-a-estudiante-de-la-uacm-cuando-regresaba-a-su-casa-ciudad-de-mexico\/45669365_2384718958211478_6895292358452051968_n-696x522\/\" data-orig-file=\"http:\/\/www.grieta.org.mx\/wp-content\/uploads\/2018\/11\/45669365_2384718958211478_6895292358452051968_n-696x522.jpg\" data-orig-size=\"696,522\" data-comments-opened=\"0\" data-image-meta=\"{&quot;aperture&quot;:&quot;0&quot;,&quot;credit&quot;:&quot;&quot;,&quot;camera&quot;:&quot;&quot;,&quot;caption&quot;:&quot;&quot;,&quot;created_timestamp&quot;:&quot;0&quot;,&quot;copyright&quot;:&quot;&quot;,&quot;focal_length&quot;:&quot;0&quot;,&quot;iso&quot;:&quot;0&quot;,&quot;shutter_speed&quot;:&quot;0&quot;,&quot;title&quot;:&quot;&quot;,&quot;orientation&quot;:&quot;0&quot;}\" data-image-title=\"45669365_2384718958211478_6895292358452051968_n-696&amp;#215;522\" data-image-description=\"\" data-image-caption=\"\" data-medium-file=\"http:\/\/www.grieta.org.mx\/wp-content\/uploads\/2018\/11\/45669365_2384718958211478_6895292358452051968_n-696x522-300x225.jpg\" data-large-file=\"http:\/\/www.grieta.org.mx\/wp-content\/uploads\/2018\/11\/45669365_2384718958211478_6895292358452051968_n-696x522.jpg\" src=\"http:\/\/www.grieta.org.mx\/wp-content\/uploads\/2018\/11\/45669365_2384718958211478_6895292358452051968_n-696x522.jpg\" alt=\"\" width=\"696\" height=\"522\" class=\"aligncenter size-full wp-image-27538\" srcset=\"http:\/\/www.grieta.org.mx\/wp-content\/uploads\/2018\/11\/45669365_2384718958211478_6895292358452051968_n-696x522.jpg 696w, http:\/\/www.grieta.org.mx\/wp-content\/uploads\/2018\/11\/45669365_2384718958211478_6895292358452051968_n-696x522-300x225.jpg 300w, http:\/\/www.grieta.org.mx\/wp-content\/uploads\/2018\/11\/45669365_2384718958211478_6895292358452051968_n-696x522-667x500.jpg 667w\" sizes=\"auto, (max-width: 696px) 100vw, 696px\" \/><\/p>\n<p>Redacci\u00f3n\/somoselmedio<\/p>\n<p>CDMX, 7 de noviembre del 2018.- C\u00e9sar Ram\u00edrez M\u00e9ndez, estudiante de la carrera de Ingenier\u00eda en Sistemas Electr\u00f3nicos del plantel San Lorenzo Tezonco de la Universidad Aut\u00f3noma de la Ciudad de M\u00e9xico (UACM), fue asesinado esta tarde cuando regresaba a su domicilio.<\/p>\n<p>Seg\u00fan testigos, alrededor de las 18:30 horas, el estudiante viajaba en  el cami\u00f3n de Autotransportes Urbanos ruta 119, a escasos metros del plantel San Lorenzo Tezonco, cuando dos sujetos subieron al cami\u00f3n e intentaron quitarle su mochila, el estudiante se resisti\u00f3 y fue cuando uno de los sujetos disparo varias veces, dejando al estudiante sin vida.<\/p>\n<p>Hasta el momento de la publicaci\u00f3n de esta nota, estudiantes y vecinos de esta universidad se encontraban en el lugar dando seguimiento a los hechos con el fin de proteger la identidad de su compa\u00f1ero y emitir la denuncia a las autoridades.<\/p>\n<p>Estudiantes han dado a conocer que el d\u00eda de ma\u00f1ana se convocar\u00e1 a una asamblea a las 11:30 am en el plantel de San Lorenzo Tezonco para discutir el tema de inseguridad en la UACM.<\/p>\n<p><img loading=\"lazy\" decoding=\"async\" data-attachment-id=\"27539\" data-permalink=\"http:\/\/www.grieta.org.mx\/index.php\/2018\/11\/08\/asesinan-a-estudiante-de-la-uacm-cuando-regresaba-a-su-casa-ciudad-de-mexico\/whatsapp-image-2018-11-08-at-14-46-07\/\" data-orig-file=\"http:\/\/www.grieta.org.mx\/wp-content\/uploads\/2018\/11\/WhatsApp-Image-2018-11-08-at-14.46.07.jpeg\" data-orig-size=\"1040,780\" data-comments-opened=\"0\" data-image-meta=\"{&quot;aperture&quot;:&quot;0&quot;,&quot;credit&quot;:&quot;&quot;,&quot;camera&quot;:&quot;&quot;,&quot;caption&quot;:&quot;&quot;,&quot;created_timestamp&quot;:&quot;0&quot;,&quot;copyright&quot;:&quot;&quot;,&quot;focal_length&quot;:&quot;0&quot;,&quot;iso&quot;:&quot;0&quot;,&quot;shutter_speed&quot;:&quot;0&quot;,&quot;title&quot;:&quot;&quot;,&quot;orientation&quot;:&quot;0&quot;}\" data-image-title=\"WhatsApp-Image-2018-11-08-at-14.46.07\" data-image-description=\"\" data-image-caption=\"\" data-medium-file=\"http:\/\/www.grieta.org.mx\/wp-content\/uploads\/2018\/11\/WhatsApp-Image-2018-11-08-at-14.46.07-300x225.jpeg\" data-large-file=\"http:\/\/www.grieta.org.mx\/wp-content\/uploads\/2018\/11\/WhatsApp-Image-2018-11-08-at-14.46.07-1024x768.jpeg\" src=\"http:\/\/www.grieta.org.mx\/wp-content\/uploads\/2018\/11\/WhatsApp-Image-2018-11-08-at-14.46.07.jpeg\" alt=\"\" width=\"696\" height=\"522\" class=\"aligncenter size-full wp-image-27539\" srcset=\"http:\/\/www.grieta.org.mx\/wp-content\/uploads\/2018\/11\/WhatsApp-Image-2018-11-08-at-14.46.07.jpeg 1040w, http:\/\/www.grieta.org.mx\/wp-content\/uploads\/2018\/11\/WhatsApp-Image-2018-11-08-at-14.46.07-300x225.jpeg 300w, http:\/\/www.grieta.org.mx\/wp-content\/uploads\/2018\/11\/WhatsApp-Image-2018-11-08-at-14.46.07-768x576.jpeg 768w, http:\/\/www.grieta.org.mx\/wp-content\/uploads\/2018\/11\/WhatsApp-Image-2018-11-08-at-14.46.07-1024x768.jpeg 1024w, http:\/\/www.grieta.org.mx\/wp-content\/uploads\/2018\/11\/WhatsApp-Image-2018-11-08-at-14.46.07-667x500.jpeg 667w\" sizes=\"auto, (max-width: 696px) 100vw, 696px\" \/><\/p>\n<p>El asesinato del estudiante de Ingenier\u00eda se suma al asesinato de otros siete estudiantes de esta casa de estudios.<\/p>\n<p>El pasado 23 de julio fue asesinada Nancy Lara, estudiante de la licenciatura en Ciencia Pol\u00edtica y Administraci\u00f3n Urbana, el 22 de julio de 2018, \u00c9dgar Leonardo Arreola Cort\u00e9s, estudiante de la carrera de Derecho del plantel Cuautepec, fue asesinado por arma de fuego. Entre el 16 y el 17 de febrero de 2018, Isaac Luna Garc\u00eda, de 19 a\u00f1os, estudiante del plantel Cuautepec, asesinado con caracter\u00edsticas de un crimen de odio.<\/p>\n<p>El 3 de abril de 2018, cinco estudiantes del plantel Cuautepec fueron agredidos con arma de fuego: tres fueron asesinados: H\u00e9ctor Sarmiento, Jorge Gustavo Mart\u00ednez Olivo y Miguel Omar Arteaga Cabrera; Sergio Sarmiento fue gravemente lesionado y se encuentra a\u00fan en el hospital y Carlos Esquivel Mart\u00ednez fue detenido de forma equ\u00edvoca e injusta y posteriormente fue puesto en libertad bajo las reservas de ley.<\/p>\n<p>El 31 de diciembre de 2016, Campira Camorlinga Alan\u00eds del plantel Del Valle perdi\u00f3 la vida por un feminicidio perpetrado por Jorge Humberto Mart\u00ednez Cort\u00e9s, conocido en los medios como \u201cel matanovias\u201d.<\/p>\n<p>El 11 de mayo de 2013, Martha Karina Torres Jorge del plantel Cuautepec, fue asesinada por feminicidio por Cristian Alejandro Reyes Ru\u00edz.<\/p>\n<p><a href=\"https:\/\/www.somoselmedio.com\/2018\/11\/07\/asesinan-a-estudiante-de-la-uacm-cuando-regresaba-de-estudiar\/\">https:\/\/www.somoselmedio.com\/2018\/11\/07\/asesinan-a-estudiante-de-la-uacm-cuando-regresaba-de-estudiar\/<\/a><\/p>\n","protected":false},"excerpt":{"rendered":"<p>Redacci\u00f3n\/somoselmedio CDMX, 7 de noviembre del 2018.- C\u00e9sar Ram\u00edrez M\u00e9ndez, estudiante de la carrera de Ingenier\u00eda en Sistemas Electr\u00f3nicos del plantel San Lorenzo Tezonco de la Universidad Aut\u00f3noma de la &hellip; <a href=\"http:\/\/www.grieta.org.mx\/index.php\/2018\/11\/08\/asesinan-a-estudiante-de-la-uacm-cuando-regresaba-a-su-casa-ciudad-de-mexico\/\" class=\"more-link\">Leer m\u00e1s<\/a><\/p>\n","protected":false},"author":2,"featured_media":27538,"comment_status":"closed","ping_status":"closed","sticky":false,"template":"","format":"standard","meta":{"ngg_post_thumbnail":0,"_jetpack_newsletter_access":"","_jetpack_dont_email_post_to_subs":false,"_jetpack_newsletter_tier_id":0,"_jetpack_memberships_contains_paywalled_content":false,"_jetpack_memberships_contains_paid_content":false,"footnotes":""},"categories":[80,14,1636,2],"tags":[1867,618],"class_list":["post-27537","post","type-post","status-publish","format-standard","has-post-thumbnail","hentry","category-cintillo","category-ciudad-de-mexico","category-estudiantes-asesinados-en-la-ciudad-de-mexico","category-noticias-nacionales","tag-asesinato-de-estudiantes","tag-uacm","entry"],"jetpack_featured_media_url":"http:\/\/www.grieta.org.mx\/wp-content\/uploads\/2018\/11\/45669365_2384718958211478_6895292358452051968_n-696x522.jpg","jetpack_sharing_enabled":true,"jetpack_shortlink":"https:\/\/wp.me\/p7ZJR4-7a9","jetpack_likes_enabled":false,"jetpack-related-posts":[{"id":27532,"url":"http:\/\/www.grieta.org.mx\/index.php\/2018\/11\/08\/estudiantes-de-la-uacm-marchan-a-la-alcaldia-de-iztapalapa-en-protesta-por-el-asesinato-de-companero\/","url_meta":{"origin":27537,"position":0},"title":"Estudiantes de la UACM marchan a la Alcald\u00eda de Iztapalapa en protesta por el asesinato de compa\u00f1ero","author":"grieta","date":"8 noviembre, 2018","format":false,"excerpt":"Redacci\u00f3n\/somoselmedio CDMX, 8 de noviembre 2018.- M\u00e1s de 500 estudiantes, acad\u00e9micos y trabajadores de la Universidad Aut\u00f3noma de la Ciudad de M\u00e9xico (UACM) marchan rumbo a la Alcald\u00eda de Iztapalapa, en protesta por el clima de violencia e inseguridad, el cual cobr\u00f3 su m\u00e1s reciente v\u00edctima en la persona de\u2026","rel":"","context":"En &quot;CINTILLO&quot;","block_context":{"text":"CINTILLO","link":"http:\/\/www.grieta.org.mx\/index.php\/category\/cintillo\/"},"img":{"alt_text":"","src":"https:\/\/i0.wp.com\/www.grieta.org.mx\/wp-content\/uploads\/2018\/11\/UACM-696x456.jpg?resize=350%2C200","width":350,"height":200,"srcset":"https:\/\/i0.wp.com\/www.grieta.org.mx\/wp-content\/uploads\/2018\/11\/UACM-696x456.jpg?resize=350%2C200 1x, https:\/\/i0.wp.com\/www.grieta.org.mx\/wp-content\/uploads\/2018\/11\/UACM-696x456.jpg?resize=525%2C300 1.5x"},"classes":[]},{"id":28338,"url":"http:\/\/www.grieta.org.mx\/index.php\/2019\/01\/11\/comunidad-universitaria-condena-el-feminicidio-de-leslye-leticia-hernandez-moreno-estudiante-de-la-uacm-ciudad-de-mexico\/","url_meta":{"origin":27537,"position":1},"title":"Comunidad universitaria condena el feminicidio de Leslye Leticia Hern\u00e1ndez Moreno, estudiante de la UACM (Ciudad de M\u00e9xico)","author":"grieta","date":"11 enero, 2019","format":false,"excerpt":"Redacci\u00f3n\/somoselmedio Ciudad de M\u00e9xico, 11 de enero de 2019.- Tras dos meses y un d\u00eda de ser reportada su desaparici\u00f3n, este jueves fue localizado el cuerpo sin vida de Leslye Leticia Hern\u00e1ndez Moreno, estudiante de la Universidad Aut\u00f3noma de la Ciudad de M\u00e9xico (UACM), en una zona pantanosa en la\u2026","rel":"","context":"En &quot;CINTILLO&quot;","block_context":{"text":"CINTILLO","link":"http:\/\/www.grieta.org.mx\/index.php\/category\/cintillo\/"},"img":{"alt_text":"","src":"https:\/\/i0.wp.com\/www.grieta.org.mx\/wp-content\/uploads\/2019\/01\/1-1.jpg?resize=350%2C200","width":350,"height":200,"srcset":"https:\/\/i0.wp.com\/www.grieta.org.mx\/wp-content\/uploads\/2019\/01\/1-1.jpg?resize=350%2C200 1x, https:\/\/i0.wp.com\/www.grieta.org.mx\/wp-content\/uploads\/2019\/01\/1-1.jpg?resize=525%2C300 1.5x, https:\/\/i0.wp.com\/www.grieta.org.mx\/wp-content\/uploads\/2019\/01\/1-1.jpg?resize=700%2C400 2x, https:\/\/i0.wp.com\/www.grieta.org.mx\/wp-content\/uploads\/2019\/01\/1-1.jpg?resize=1050%2C600 3x"},"classes":[]},{"id":22471,"url":"http:\/\/www.grieta.org.mx\/index.php\/2018\/04\/04\/asesinan-a-tres-estudiantes-de-la-uacm\/","url_meta":{"origin":27537,"position":2},"title":"Asesinan a tres estudiantes de la UACM (Ciudad de M\u00e9xico)","author":"grieta","date":"4 abril, 2018","format":false,"excerpt":"Ciudad de M\u00e9xico, 4 de abril del 2018.- A trav\u00e9s de un comunicado la Rector\u00eda de la Universidad Aut\u00f3noma de la Ciudad de M\u00e9xico (UACM), lament\u00f3 el asesinato de tres estudiantes de la carrera de Ciencia Pol\u00edtica y Administraci\u00f3n Urbana de esta casa de estudios y las graves lesiones que\u2026","rel":"","context":"En &quot;CINTILLO&quot;","block_context":{"text":"CINTILLO","link":"http:\/\/www.grieta.org.mx\/index.php\/category\/cintillo\/"},"img":{"alt_text":"","src":"https:\/\/i0.wp.com\/www.grieta.org.mx\/wp-content\/uploads\/2018\/04\/2_4.jpg?resize=350%2C200","width":350,"height":200,"srcset":"https:\/\/i0.wp.com\/www.grieta.org.mx\/wp-content\/uploads\/2018\/04\/2_4.jpg?resize=350%2C200 1x, https:\/\/i0.wp.com\/www.grieta.org.mx\/wp-content\/uploads\/2018\/04\/2_4.jpg?resize=525%2C300 1.5x, https:\/\/i0.wp.com\/www.grieta.org.mx\/wp-content\/uploads\/2018\/04\/2_4.jpg?resize=700%2C400 2x"},"classes":[]},{"id":25305,"url":"http:\/\/www.grieta.org.mx\/index.php\/2018\/07\/23\/nancy-estudiante-de-la-uacm-desaparecio-el-viernes-en-el-edomex-hoy-la-hallaron-muerta\/","url_meta":{"origin":27537,"position":3},"title":"Nancy, estudiante de la UACM, desapareci\u00f3 el viernes en el Edomex. Hoy la hallaron muerta","author":"grieta","date":"23 julio, 2018","format":false,"excerpt":"SinEmbargo Viernes 20 de julio, Estado de M\u00e9xico. Nancy Lara, estudiante de la Universidad Aut\u00f3noma de la Ciudad de M\u00e9xico (UACM), es vista por \u00faltima vez en una base de taxis. Menos de tres d\u00edas despu\u00e9s, la madrugada de este lunes, la joven de 25 a\u00f1os fue hallada muerta. A\u00fan\u2026","rel":"","context":"En &quot;CINTILLO&quot;","block_context":{"text":"CINTILLO","link":"http:\/\/www.grieta.org.mx\/index.php\/category\/cintillo\/"},"img":{"alt_text":"","src":"https:\/\/i0.wp.com\/www.grieta.org.mx\/wp-content\/uploads\/2018\/08\/37671767_10156462141753744_8297234593707196416_n.jpg?resize=350%2C200","width":350,"height":200,"srcset":"https:\/\/i0.wp.com\/www.grieta.org.mx\/wp-content\/uploads\/2018\/08\/37671767_10156462141753744_8297234593707196416_n.jpg?resize=350%2C200 1x, https:\/\/i0.wp.com\/www.grieta.org.mx\/wp-content\/uploads\/2018\/08\/37671767_10156462141753744_8297234593707196416_n.jpg?resize=525%2C300 1.5x, https:\/\/i0.wp.com\/www.grieta.org.mx\/wp-content\/uploads\/2018\/08\/37671767_10156462141753744_8297234593707196416_n.jpg?resize=700%2C400 2x, https:\/\/i0.wp.com\/www.grieta.org.mx\/wp-content\/uploads\/2018\/08\/37671767_10156462141753744_8297234593707196416_n.jpg?resize=1050%2C600 3x"},"classes":[]},{"id":22527,"url":"http:\/\/www.grieta.org.mx\/index.php\/2018\/04\/06\/ssp-cdmx-sembro-arma-a-testigo-del-asesinato-de-estudiantes-acusan-autoridades-de-la-uacm\/","url_meta":{"origin":27537,"position":4},"title":"SSP-CDMX sembr\u00f3 arma a testigo del asesinato de estudiantes, acusan autoridades de la UACM","author":"grieta","date":"6 abril, 2018","format":false,"excerpt":"Areli Villalobos CIUDAD DE M\u00c9XICO (apro).- Elementos de la Secretar\u00eda de Seguridad P\u00fablica capitalina (SSP-CDMX) sembraron un arma de fuego al \u00fanico testigo directo del asesinato de tres estudiantes de la Universidad Aut\u00f3noma de la Ciudad de M\u00e9xico (UACM) el pasado martes 3, denunciaron el rector, Hugo Aboites, y el\u2026","rel":"","context":"En &quot;CINTILLO&quot;","block_context":{"text":"CINTILLO","link":"http:\/\/www.grieta.org.mx\/index.php\/category\/cintillo\/"},"img":{"alt_text":"","src":"https:\/\/i0.wp.com\/www.grieta.org.mx\/wp-content\/uploads\/2018\/04\/907f73aad9c2f039d7-180406-_hugo_aboites-rp_5-c-1078x808.jpg?resize=350%2C200","width":350,"height":200,"srcset":"https:\/\/i0.wp.com\/www.grieta.org.mx\/wp-content\/uploads\/2018\/04\/907f73aad9c2f039d7-180406-_hugo_aboites-rp_5-c-1078x808.jpg?resize=350%2C200 1x, https:\/\/i0.wp.com\/www.grieta.org.mx\/wp-content\/uploads\/2018\/04\/907f73aad9c2f039d7-180406-_hugo_aboites-rp_5-c-1078x808.jpg?resize=525%2C300 1.5x, https:\/\/i0.wp.com\/www.grieta.org.mx\/wp-content\/uploads\/2018\/04\/907f73aad9c2f039d7-180406-_hugo_aboites-rp_5-c-1078x808.jpg?resize=700%2C400 2x, https:\/\/i0.wp.com\/www.grieta.org.mx\/wp-content\/uploads\/2018\/04\/907f73aad9c2f039d7-180406-_hugo_aboites-rp_5-c-1078x808.jpg?resize=1050%2C600 3x"},"classes":[]},{"id":25295,"url":"http:\/\/www.grieta.org.mx\/index.php\/2018\/07\/30\/comunidad-universitaria-de-la-uacm-exige-dar-con-los-responsables-del-feminicidio-de-nancy-lara\/","url_meta":{"origin":27537,"position":5},"title":"Comunidad universitaria de la UACM exige dar con los responsables del feminicidio de Nancy Lara","author":"grieta","date":"30 julio, 2018","format":false,"excerpt":"somoselmedio A trav\u00e9s de una carta dirigida a la Procuradur\u00eda General de Justicia de la Ciudad de M\u00e9xico, y a la Fiscal\u00eda General de Justicia del Estado de M\u00e9xico, la comunidad de la Universidad Aut\u00f3noma de la Ciudad de M\u00e9xico (UACM), exigi\u00f3 se realice todas las investigaciones necesarias para dar\u2026","rel":"","context":"En &quot;CINTILLO&quot;","block_context":{"text":"CINTILLO","link":"http:\/\/www.grieta.org.mx\/index.php\/category\/cintillo\/"},"img":{"alt_text":"","src":"https:\/\/i0.wp.com\/www.grieta.org.mx\/wp-content\/uploads\/2018\/08\/37718556_2015892805099617_5829932635576598528_n-696x392.jpg?resize=350%2C200","width":350,"height":200,"srcset":"https:\/\/i0.wp.com\/www.grieta.org.mx\/wp-content\/uploads\/2018\/08\/37718556_2015892805099617_5829932635576598528_n-696x392.jpg?resize=350%2C200 1x, https:\/\/i0.wp.com\/www.grieta.org.mx\/wp-content\/uploads\/2018\/08\/37718556_2015892805099617_5829932635576598528_n-696x392.jpg?resize=525%2C300 1.5x"},"classes":[]}],"_links":{"self":[{"href":"http:\/\/www.grieta.org.mx\/index.php\/wp-json\/wp\/v2\/posts\/27537","targetHints":{"allow":["GET"]}}],"collection":[{"href":"http:\/\/www.grieta.org.mx\/index.php\/wp-json\/wp\/v2\/posts"}],"about":[{"href":"http:\/\/www.grieta.org.mx\/index.php\/wp-json\/wp\/v2\/types\/post"}],"author":[{"embeddable":true,"href":"http:\/\/www.grieta.org.mx\/index.php\/wp-json\/wp\/v2\/users\/2"}],"replies":[{"embeddable":true,"href":"http:\/\/www.grieta.org.mx\/index.php\/wp-json\/wp\/v2\/comments?post=27537"}],"version-history":[{"count":1,"href":"http:\/\/www.grieta.org.mx\/index.php\/wp-json\/wp\/v2\/posts\/27537\/revisions"}],"predecessor-version":[{"id":27541,"href":"http:\/\/www.grieta.org.mx\/index.php\/wp-json\/wp\/v2\/posts\/27537\/revisions\/27541"}],"wp:featuredmedia":[{"embeddable":true,"href":"http:\/\/www.grieta.org.mx\/index.php\/wp-json\/wp\/v2\/media\/27538"}],"wp:attachment":[{"href":"http:\/\/www.grieta.org.mx\/index.php\/wp-json\/wp\/v2\/media?parent=27537"}],"wp:term":[{"taxonomy":"category","embeddable":true,"href":"http:\/\/www.grieta.org.mx\/index.php\/wp-json\/wp\/v2\/categories?post=27537"},{"taxonomy":"post_tag","embeddable":true,"href":"http:\/\/www.grieta.org.mx\/index.php\/wp-json\/wp\/v2\/tags?post=27537"}],"curies":[{"name":"wp","href":"https:\/\/api.w.org\/{rel}","templated":true}]}}