{"id":27532,"date":"2018-11-08T20:55:12","date_gmt":"2018-11-09T02:55:12","guid":{"rendered":"http:\/\/www.grieta.org.mx\/?p=27532"},"modified":"2018-11-08T20:55:12","modified_gmt":"2018-11-09T02:55:12","slug":"estudiantes-de-la-uacm-marchan-a-la-alcaldia-de-iztapalapa-en-protesta-por-el-asesinato-de-companero","status":"publish","type":"post","link":"http:\/\/www.grieta.org.mx\/index.php\/2018\/11\/08\/estudiantes-de-la-uacm-marchan-a-la-alcaldia-de-iztapalapa-en-protesta-por-el-asesinato-de-companero\/","title":{"rendered":"Estudiantes de la UACM marchan a la Alcald\u00eda de Iztapalapa en protesta por el asesinato de compa\u00f1ero"},"content":{"rendered":"<p><img loading=\"lazy\" decoding=\"async\" data-attachment-id=\"27533\" data-permalink=\"http:\/\/www.grieta.org.mx\/index.php\/2018\/11\/08\/estudiantes-de-la-uacm-marchan-a-la-alcaldia-de-iztapalapa-en-protesta-por-el-asesinato-de-companero\/uacm-696x456\/\" data-orig-file=\"http:\/\/www.grieta.org.mx\/wp-content\/uploads\/2018\/11\/UACM-696x456.jpg\" data-orig-size=\"696,456\" data-comments-opened=\"0\" data-image-meta=\"{&quot;aperture&quot;:&quot;0&quot;,&quot;credit&quot;:&quot;&quot;,&quot;camera&quot;:&quot;&quot;,&quot;caption&quot;:&quot;&quot;,&quot;created_timestamp&quot;:&quot;0&quot;,&quot;copyright&quot;:&quot;&quot;,&quot;focal_length&quot;:&quot;0&quot;,&quot;iso&quot;:&quot;0&quot;,&quot;shutter_speed&quot;:&quot;0&quot;,&quot;title&quot;:&quot;&quot;,&quot;orientation&quot;:&quot;0&quot;}\" data-image-title=\"UACM-696&amp;#215;456\" data-image-description=\"\" data-image-caption=\"\" data-medium-file=\"http:\/\/www.grieta.org.mx\/wp-content\/uploads\/2018\/11\/UACM-696x456-300x197.jpg\" data-large-file=\"http:\/\/www.grieta.org.mx\/wp-content\/uploads\/2018\/11\/UACM-696x456.jpg\" src=\"http:\/\/www.grieta.org.mx\/wp-content\/uploads\/2018\/11\/UACM-696x456.jpg\" alt=\"\" width=\"696\" height=\"456\" class=\"aligncenter size-full wp-image-27533\" srcset=\"http:\/\/www.grieta.org.mx\/wp-content\/uploads\/2018\/11\/UACM-696x456.jpg 696w, http:\/\/www.grieta.org.mx\/wp-content\/uploads\/2018\/11\/UACM-696x456-300x197.jpg 300w\" sizes=\"auto, (max-width: 696px) 100vw, 696px\" \/><\/p>\n<p>Redacci\u00f3n\/somoselmedio<\/p>\n<p>CDMX, 8 de noviembre 2018.- M\u00e1s de 500 estudiantes, acad\u00e9micos y trabajadores de la Universidad Aut\u00f3noma de la Ciudad de M\u00e9xico (UACM) marchan rumbo a la Alcald\u00eda de Iztapalapa, en protesta por el clima de violencia e inseguridad, el cual cobr\u00f3 su m\u00e1s reciente v\u00edctima en la persona de C\u00e9sar Ram\u00edrez M\u00e9ndez, estudiante de Ingenier\u00eda en el plantel San Lorenzo Tezonco, asesinado el 7 de noviembre durante un asalto en transporte p\u00fablico en las inmediaciones de dicho plantel.<\/p>\n<p>Luego de una Asamblea realizada en el plantel, el Consejo de Plantel y la comunidad universitaria acordaron la suspensi\u00f3n de clases el d\u00eda de hoy, jueves 8 de noviembre de 2018, as\u00ed como de la suspensi\u00f3n de actividades universitarias en el Plantel San Lorenzo Tezonco a partir de las 13:00 horas y hasta las 22:00 horas del viernes 9 de noviembre de 2018.<\/p>\n<p><img loading=\"lazy\" decoding=\"async\" data-attachment-id=\"27534\" data-permalink=\"http:\/\/www.grieta.org.mx\/index.php\/2018\/11\/08\/estudiantes-de-la-uacm-marchan-a-la-alcaldia-de-iztapalapa-en-protesta-por-el-asesinato-de-companero\/whatsapp-image-2018-11-08-at-19-48-53\/\" data-orig-file=\"http:\/\/www.grieta.org.mx\/wp-content\/uploads\/2018\/11\/WhatsApp-Image-2018-11-08-at-19.48.53.jpeg\" data-orig-size=\"1280,853\" data-comments-opened=\"0\" data-image-meta=\"{&quot;aperture&quot;:&quot;0&quot;,&quot;credit&quot;:&quot;&quot;,&quot;camera&quot;:&quot;&quot;,&quot;caption&quot;:&quot;&quot;,&quot;created_timestamp&quot;:&quot;0&quot;,&quot;copyright&quot;:&quot;&quot;,&quot;focal_length&quot;:&quot;0&quot;,&quot;iso&quot;:&quot;0&quot;,&quot;shutter_speed&quot;:&quot;0&quot;,&quot;title&quot;:&quot;&quot;,&quot;orientation&quot;:&quot;0&quot;}\" data-image-title=\"WhatsApp-Image-2018-11-08-at-19.48.53\" data-image-description=\"\" data-image-caption=\"\" data-medium-file=\"http:\/\/www.grieta.org.mx\/wp-content\/uploads\/2018\/11\/WhatsApp-Image-2018-11-08-at-19.48.53-300x200.jpeg\" data-large-file=\"http:\/\/www.grieta.org.mx\/wp-content\/uploads\/2018\/11\/WhatsApp-Image-2018-11-08-at-19.48.53-1024x682.jpeg\" src=\"http:\/\/www.grieta.org.mx\/wp-content\/uploads\/2018\/11\/WhatsApp-Image-2018-11-08-at-19.48.53.jpeg\" alt=\"\" width=\"696\" height=\"456\" class=\"aligncenter size-full wp-image-27534\" \/><\/p>\n<p>De igual forma, la comunidad acord\u00f3 realizar una marcha a la Alcald\u00eda de Iztapalapa. Minutos antes, la comunidad se reuni\u00f3 a rendir un homenaje a nuestro compa\u00f1ero en el sitio donde perdi\u00f3 la vida a manos de delincuentes.<\/p>\n<p>Por la noche de ayer, autoridades de esta casa de estudios, condenaron  el homicidio del estudiante e hicieron un llamado a las autoridades del Gobierno de la Ciudad de M\u00e9xico para que resuelvan los graves problemas de inseguridad y violencia que aquejan a esta universidad.<\/p>\n<p>El Rector de la UACM dio a conocer que la instituci\u00f3n ha establecido contacto con la Lic. Clara Brugada, alcaldesa de Iztapalapa, para agilizar la investigaci\u00f3n del asesinato.<\/p>\n<p><img loading=\"lazy\" decoding=\"async\" data-attachment-id=\"27535\" data-permalink=\"http:\/\/www.grieta.org.mx\/index.php\/2018\/11\/08\/estudiantes-de-la-uacm-marchan-a-la-alcaldia-de-iztapalapa-en-protesta-por-el-asesinato-de-companero\/uacm-3\/\" data-orig-file=\"http:\/\/www.grieta.org.mx\/wp-content\/uploads\/2018\/11\/UACM-3.jpg\" data-orig-size=\"736,823\" data-comments-opened=\"0\" data-image-meta=\"{&quot;aperture&quot;:&quot;0&quot;,&quot;credit&quot;:&quot;&quot;,&quot;camera&quot;:&quot;&quot;,&quot;caption&quot;:&quot;&quot;,&quot;created_timestamp&quot;:&quot;0&quot;,&quot;copyright&quot;:&quot;&quot;,&quot;focal_length&quot;:&quot;0&quot;,&quot;iso&quot;:&quot;0&quot;,&quot;shutter_speed&quot;:&quot;0&quot;,&quot;title&quot;:&quot;&quot;,&quot;orientation&quot;:&quot;0&quot;}\" data-image-title=\"UACM-3\" data-image-description=\"\" data-image-caption=\"\" data-medium-file=\"http:\/\/www.grieta.org.mx\/wp-content\/uploads\/2018\/11\/UACM-3-268x300.jpg\" data-large-file=\"http:\/\/www.grieta.org.mx\/wp-content\/uploads\/2018\/11\/UACM-3.jpg\" src=\"http:\/\/www.grieta.org.mx\/wp-content\/uploads\/2018\/11\/UACM-3.jpg\" alt=\"\" width=\"736\" height=\"823\" class=\"aligncenter size-full wp-image-27535\" srcset=\"http:\/\/www.grieta.org.mx\/wp-content\/uploads\/2018\/11\/UACM-3.jpg 736w, http:\/\/www.grieta.org.mx\/wp-content\/uploads\/2018\/11\/UACM-3-268x300.jpg 268w, http:\/\/www.grieta.org.mx\/wp-content\/uploads\/2018\/11\/UACM-3-447x500.jpg 447w\" sizes=\"auto, (max-width: 736px) 100vw, 736px\" \/><\/p>\n<p><a href=\"https:\/\/www.somoselmedio.com\/2018\/11\/08\/estudiantes-de-la-uacm-marchan-a-la-alcaldia-de-iztapalapa-en-protesta-por-el-asesinato-de-companero\/\">https:\/\/www.somoselmedio.com\/2018\/11\/08\/estudiantes-de-la-uacm-marchan-a-la-alcaldia-de-iztapalapa-en-protesta-por-el-asesinato-de-companero\/<\/a><\/p>\n","protected":false},"excerpt":{"rendered":"<p>Redacci\u00f3n\/somoselmedio CDMX, 8 de noviembre 2018.- M\u00e1s de 500 estudiantes, acad\u00e9micos y trabajadores de la Universidad Aut\u00f3noma de la Ciudad de M\u00e9xico (UACM) marchan rumbo a la Alcald\u00eda de Iztapalapa, &hellip; <a href=\"http:\/\/www.grieta.org.mx\/index.php\/2018\/11\/08\/estudiantes-de-la-uacm-marchan-a-la-alcaldia-de-iztapalapa-en-protesta-por-el-asesinato-de-companero\/\" class=\"more-link\">Leer m\u00e1s<\/a><\/p>\n","protected":false},"author":2,"featured_media":27533,"comment_status":"closed","ping_status":"closed","sticky":false,"template":"","format":"standard","meta":{"ngg_post_thumbnail":0,"_jetpack_newsletter_access":"","_jetpack_dont_email_post_to_subs":false,"_jetpack_newsletter_tier_id":0,"_jetpack_memberships_contains_paywalled_content":false,"_jetpack_memberships_contains_paid_content":false,"footnotes":""},"categories":[80,14,1636,1670,2],"tags":[1867,618],"class_list":["post-27532","post","type-post","status-publish","format-standard","has-post-thumbnail","hentry","category-cintillo","category-ciudad-de-mexico","category-estudiantes-asesinados-en-la-ciudad-de-mexico","category-movilizaciones-y-protestas-de-estudiantes-de-la-ciudad-de-mexico","category-noticias-nacionales","tag-asesinato-de-estudiantes","tag-uacm","entry"],"jetpack_featured_media_url":"http:\/\/www.grieta.org.mx\/wp-content\/uploads\/2018\/11\/UACM-696x456.jpg","jetpack_sharing_enabled":true,"jetpack_shortlink":"https:\/\/wp.me\/p7ZJR4-7a4","jetpack_likes_enabled":false,"jetpack-related-posts":[{"id":27537,"url":"http:\/\/www.grieta.org.mx\/index.php\/2018\/11\/08\/asesinan-a-estudiante-de-la-uacm-cuando-regresaba-a-su-casa-ciudad-de-mexico\/","url_meta":{"origin":27532,"position":0},"title":"Asesinan a estudiante de la UACM cuando regresaba a su casa (Ciudad de M\u00e9xico)","author":"grieta","date":"8 noviembre, 2018","format":false,"excerpt":"Redacci\u00f3n\/somoselmedio CDMX, 7 de noviembre del 2018.- C\u00e9sar Ram\u00edrez M\u00e9ndez, estudiante de la carrera de Ingenier\u00eda en Sistemas Electr\u00f3nicos del plantel San Lorenzo Tezonco de la Universidad Aut\u00f3noma de la Ciudad de M\u00e9xico (UACM), fue asesinado esta tarde cuando regresaba a su domicilio. Seg\u00fan testigos, alrededor de las 18:30 horas,\u2026","rel":"","context":"En &quot;CINTILLO&quot;","block_context":{"text":"CINTILLO","link":"http:\/\/www.grieta.org.mx\/index.php\/category\/cintillo\/"},"img":{"alt_text":"","src":"https:\/\/i0.wp.com\/www.grieta.org.mx\/wp-content\/uploads\/2018\/11\/45669365_2384718958211478_6895292358452051968_n-696x522.jpg?resize=350%2C200","width":350,"height":200,"srcset":"https:\/\/i0.wp.com\/www.grieta.org.mx\/wp-content\/uploads\/2018\/11\/45669365_2384718958211478_6895292358452051968_n-696x522.jpg?resize=350%2C200 1x, https:\/\/i0.wp.com\/www.grieta.org.mx\/wp-content\/uploads\/2018\/11\/45669365_2384718958211478_6895292358452051968_n-696x522.jpg?resize=525%2C300 1.5x"},"classes":[]},{"id":28338,"url":"http:\/\/www.grieta.org.mx\/index.php\/2019\/01\/11\/comunidad-universitaria-condena-el-feminicidio-de-leslye-leticia-hernandez-moreno-estudiante-de-la-uacm-ciudad-de-mexico\/","url_meta":{"origin":27532,"position":1},"title":"Comunidad universitaria condena el feminicidio de Leslye Leticia Hern\u00e1ndez Moreno, estudiante de la UACM (Ciudad de M\u00e9xico)","author":"grieta","date":"11 enero, 2019","format":false,"excerpt":"Redacci\u00f3n\/somoselmedio Ciudad de M\u00e9xico, 11 de enero de 2019.- Tras dos meses y un d\u00eda de ser reportada su desaparici\u00f3n, este jueves fue localizado el cuerpo sin vida de Leslye Leticia Hern\u00e1ndez Moreno, estudiante de la Universidad Aut\u00f3noma de la Ciudad de M\u00e9xico (UACM), en una zona pantanosa en la\u2026","rel":"","context":"En &quot;CINTILLO&quot;","block_context":{"text":"CINTILLO","link":"http:\/\/www.grieta.org.mx\/index.php\/category\/cintillo\/"},"img":{"alt_text":"","src":"https:\/\/i0.wp.com\/www.grieta.org.mx\/wp-content\/uploads\/2019\/01\/1-1.jpg?resize=350%2C200","width":350,"height":200,"srcset":"https:\/\/i0.wp.com\/www.grieta.org.mx\/wp-content\/uploads\/2019\/01\/1-1.jpg?resize=350%2C200 1x, https:\/\/i0.wp.com\/www.grieta.org.mx\/wp-content\/uploads\/2019\/01\/1-1.jpg?resize=525%2C300 1.5x, https:\/\/i0.wp.com\/www.grieta.org.mx\/wp-content\/uploads\/2019\/01\/1-1.jpg?resize=700%2C400 2x, https:\/\/i0.wp.com\/www.grieta.org.mx\/wp-content\/uploads\/2019\/01\/1-1.jpg?resize=1050%2C600 3x"},"classes":[]},{"id":25295,"url":"http:\/\/www.grieta.org.mx\/index.php\/2018\/07\/30\/comunidad-universitaria-de-la-uacm-exige-dar-con-los-responsables-del-feminicidio-de-nancy-lara\/","url_meta":{"origin":27532,"position":2},"title":"Comunidad universitaria de la UACM exige dar con los responsables del feminicidio de Nancy Lara","author":"grieta","date":"30 julio, 2018","format":false,"excerpt":"somoselmedio A trav\u00e9s de una carta dirigida a la Procuradur\u00eda General de Justicia de la Ciudad de M\u00e9xico, y a la Fiscal\u00eda General de Justicia del Estado de M\u00e9xico, la comunidad de la Universidad Aut\u00f3noma de la Ciudad de M\u00e9xico (UACM), exigi\u00f3 se realice todas las investigaciones necesarias para dar\u2026","rel":"","context":"En &quot;CINTILLO&quot;","block_context":{"text":"CINTILLO","link":"http:\/\/www.grieta.org.mx\/index.php\/category\/cintillo\/"},"img":{"alt_text":"","src":"https:\/\/i0.wp.com\/www.grieta.org.mx\/wp-content\/uploads\/2018\/08\/37718556_2015892805099617_5829932635576598528_n-696x392.jpg?resize=350%2C200","width":350,"height":200,"srcset":"https:\/\/i0.wp.com\/www.grieta.org.mx\/wp-content\/uploads\/2018\/08\/37718556_2015892805099617_5829932635576598528_n-696x392.jpg?resize=350%2C200 1x, https:\/\/i0.wp.com\/www.grieta.org.mx\/wp-content\/uploads\/2018\/08\/37718556_2015892805099617_5829932635576598528_n-696x392.jpg?resize=525%2C300 1.5x"},"classes":[]},{"id":22471,"url":"http:\/\/www.grieta.org.mx\/index.php\/2018\/04\/04\/asesinan-a-tres-estudiantes-de-la-uacm\/","url_meta":{"origin":27532,"position":3},"title":"Asesinan a tres estudiantes de la UACM (Ciudad de M\u00e9xico)","author":"grieta","date":"4 abril, 2018","format":false,"excerpt":"Ciudad de M\u00e9xico, 4 de abril del 2018.- A trav\u00e9s de un comunicado la Rector\u00eda de la Universidad Aut\u00f3noma de la Ciudad de M\u00e9xico (UACM), lament\u00f3 el asesinato de tres estudiantes de la carrera de Ciencia Pol\u00edtica y Administraci\u00f3n Urbana de esta casa de estudios y las graves lesiones que\u2026","rel":"","context":"En &quot;CINTILLO&quot;","block_context":{"text":"CINTILLO","link":"http:\/\/www.grieta.org.mx\/index.php\/category\/cintillo\/"},"img":{"alt_text":"","src":"https:\/\/i0.wp.com\/www.grieta.org.mx\/wp-content\/uploads\/2018\/04\/2_4.jpg?resize=350%2C200","width":350,"height":200,"srcset":"https:\/\/i0.wp.com\/www.grieta.org.mx\/wp-content\/uploads\/2018\/04\/2_4.jpg?resize=350%2C200 1x, https:\/\/i0.wp.com\/www.grieta.org.mx\/wp-content\/uploads\/2018\/04\/2_4.jpg?resize=525%2C300 1.5x, https:\/\/i0.wp.com\/www.grieta.org.mx\/wp-content\/uploads\/2018\/04\/2_4.jpg?resize=700%2C400 2x"},"classes":[]},{"id":41417,"url":"http:\/\/www.grieta.org.mx\/index.php\/2019\/11\/19\/encapuchados-toman-la-prepa-8-de-la-unam-por-violencia-de-genero-e-inseguridad-ciudad-de-mexico\/","url_meta":{"origin":27532,"position":4},"title":"Encapuchados toman la Prepa 8 de la UNAM por violencia de g\u00e9nero e inseguridad (Ciudad de M\u00e9xico)","author":"grieta","date":"19 noviembre, 2019","format":false,"excerpt":"Ixtlix\u00f3chitl L\u00f3pez \/ Proceso CIUDAD DE M\u00c9XICO (apro).- Un grupo de encapuchados tom\u00f3 este martes el plantel 8 de la Escuela Nacional Preparatoria de la UNAM \u201cMiguel E. Schulz\u201d, en protesta contra la violencia de g\u00e9nero y la inseguridad que se vive en el plantel. Los inconformes, quienes dijeron ser\u2026","rel":"","context":"En &quot;CINTILLO&quot;","block_context":{"text":"CINTILLO","link":"http:\/\/www.grieta.org.mx\/index.php\/category\/cintillo\/"},"img":{"alt_text":"","src":"https:\/\/i0.wp.com\/www.grieta.org.mx\/wp-content\/uploads\/2019\/11\/Encapuchados-toman-la-Prepa-8-de-la-UNAM-por-violencia-de-g%C3%A9nero-e-inseguridad-cdmx-nov.jpg?resize=350%2C200","width":350,"height":200,"srcset":"https:\/\/i0.wp.com\/www.grieta.org.mx\/wp-content\/uploads\/2019\/11\/Encapuchados-toman-la-Prepa-8-de-la-UNAM-por-violencia-de-g%C3%A9nero-e-inseguridad-cdmx-nov.jpg?resize=350%2C200 1x, https:\/\/i0.wp.com\/www.grieta.org.mx\/wp-content\/uploads\/2019\/11\/Encapuchados-toman-la-Prepa-8-de-la-UNAM-por-violencia-de-g%C3%A9nero-e-inseguridad-cdmx-nov.jpg?resize=525%2C300 1.5x"},"classes":[]},{"id":22527,"url":"http:\/\/www.grieta.org.mx\/index.php\/2018\/04\/06\/ssp-cdmx-sembro-arma-a-testigo-del-asesinato-de-estudiantes-acusan-autoridades-de-la-uacm\/","url_meta":{"origin":27532,"position":5},"title":"SSP-CDMX sembr\u00f3 arma a testigo del asesinato de estudiantes, acusan autoridades de la UACM","author":"grieta","date":"6 abril, 2018","format":false,"excerpt":"Areli Villalobos CIUDAD DE M\u00c9XICO (apro).- Elementos de la Secretar\u00eda de Seguridad P\u00fablica capitalina (SSP-CDMX) sembraron un arma de fuego al \u00fanico testigo directo del asesinato de tres estudiantes de la Universidad Aut\u00f3noma de la Ciudad de M\u00e9xico (UACM) el pasado martes 3, denunciaron el rector, Hugo Aboites, y el\u2026","rel":"","context":"En &quot;CINTILLO&quot;","block_context":{"text":"CINTILLO","link":"http:\/\/www.grieta.org.mx\/index.php\/category\/cintillo\/"},"img":{"alt_text":"","src":"https:\/\/i0.wp.com\/www.grieta.org.mx\/wp-content\/uploads\/2018\/04\/907f73aad9c2f039d7-180406-_hugo_aboites-rp_5-c-1078x808.jpg?resize=350%2C200","width":350,"height":200,"srcset":"https:\/\/i0.wp.com\/www.grieta.org.mx\/wp-content\/uploads\/2018\/04\/907f73aad9c2f039d7-180406-_hugo_aboites-rp_5-c-1078x808.jpg?resize=350%2C200 1x, https:\/\/i0.wp.com\/www.grieta.org.mx\/wp-content\/uploads\/2018\/04\/907f73aad9c2f039d7-180406-_hugo_aboites-rp_5-c-1078x808.jpg?resize=525%2C300 1.5x, https:\/\/i0.wp.com\/www.grieta.org.mx\/wp-content\/uploads\/2018\/04\/907f73aad9c2f039d7-180406-_hugo_aboites-rp_5-c-1078x808.jpg?resize=700%2C400 2x, https:\/\/i0.wp.com\/www.grieta.org.mx\/wp-content\/uploads\/2018\/04\/907f73aad9c2f039d7-180406-_hugo_aboites-rp_5-c-1078x808.jpg?resize=1050%2C600 3x"},"classes":[]}],"_links":{"self":[{"href":"http:\/\/www.grieta.org.mx\/index.php\/wp-json\/wp\/v2\/posts\/27532","targetHints":{"allow":["GET"]}}],"collection":[{"href":"http:\/\/www.grieta.org.mx\/index.php\/wp-json\/wp\/v2\/posts"}],"about":[{"href":"http:\/\/www.grieta.org.mx\/index.php\/wp-json\/wp\/v2\/types\/post"}],"author":[{"embeddable":true,"href":"http:\/\/www.grieta.org.mx\/index.php\/wp-json\/wp\/v2\/users\/2"}],"replies":[{"embeddable":true,"href":"http:\/\/www.grieta.org.mx\/index.php\/wp-json\/wp\/v2\/comments?post=27532"}],"version-history":[{"count":1,"href":"http:\/\/www.grieta.org.mx\/index.php\/wp-json\/wp\/v2\/posts\/27532\/revisions"}],"predecessor-version":[{"id":27536,"href":"http:\/\/www.grieta.org.mx\/index.php\/wp-json\/wp\/v2\/posts\/27532\/revisions\/27536"}],"wp:featuredmedia":[{"embeddable":true,"href":"http:\/\/www.grieta.org.mx\/index.php\/wp-json\/wp\/v2\/media\/27533"}],"wp:attachment":[{"href":"http:\/\/www.grieta.org.mx\/index.php\/wp-json\/wp\/v2\/media?parent=27532"}],"wp:term":[{"taxonomy":"category","embeddable":true,"href":"http:\/\/www.grieta.org.mx\/index.php\/wp-json\/wp\/v2\/categories?post=27532"},{"taxonomy":"post_tag","embeddable":true,"href":"http:\/\/www.grieta.org.mx\/index.php\/wp-json\/wp\/v2\/tags?post=27532"}],"curies":[{"name":"wp","href":"https:\/\/api.w.org\/{rel}","templated":true}]}}