{"id":27502,"date":"2018-08-27T19:21:10","date_gmt":"2018-08-28T00:21:10","guid":{"rendered":"http:\/\/www.grieta.org.mx\/?p=27502"},"modified":"2018-11-05T19:26:34","modified_gmt":"2018-11-06T01:26:34","slug":"academicos-toman-la-direccion-de-la-facultad-de-medicina-durango","status":"publish","type":"post","link":"http:\/\/www.grieta.org.mx\/index.php\/2018\/08\/27\/academicos-toman-la-direccion-de-la-facultad-de-medicina-durango\/","title":{"rendered":"Acad\u00e9micos toman la direcci\u00f3n de la Facultad de Medicina (Durango)"},"content":{"rendered":"<figure id=\"attachment_27503\" aria-describedby=\"caption-attachment-27503\" style=\"width: 720px\" class=\"wp-caption aligncenter\"><img loading=\"lazy\" decoding=\"async\" data-attachment-id=\"27503\" data-permalink=\"http:\/\/www.grieta.org.mx\/index.php\/2018\/08\/27\/academicos-toman-la-direccion-de-la-facultad-de-medicina-durango\/attachment\/728528\/\" data-orig-file=\"http:\/\/www.grieta.org.mx\/wp-content\/uploads\/2018\/11\/728528.jpeg\" data-orig-size=\"720,540\" data-comments-opened=\"0\" data-image-meta=\"{&quot;aperture&quot;:&quot;0&quot;,&quot;credit&quot;:&quot;&quot;,&quot;camera&quot;:&quot;&quot;,&quot;caption&quot;:&quot;&quot;,&quot;created_timestamp&quot;:&quot;0&quot;,&quot;copyright&quot;:&quot;&quot;,&quot;focal_length&quot;:&quot;0&quot;,&quot;iso&quot;:&quot;0&quot;,&quot;shutter_speed&quot;:&quot;0&quot;,&quot;title&quot;:&quot;&quot;,&quot;orientation&quot;:&quot;0&quot;}\" data-image-title=\"728528\" data-image-description=\"\" data-image-caption=\"&lt;p&gt;Docentes argumentan que se est\u00e1n cometiendo violaciones al Contrato Colectivo del Trabajo. (OSVALDO CASTRO)&lt;\/p&gt;\n\" data-medium-file=\"http:\/\/www.grieta.org.mx\/wp-content\/uploads\/2018\/11\/728528-300x225.jpeg\" data-large-file=\"http:\/\/www.grieta.org.mx\/wp-content\/uploads\/2018\/11\/728528.jpeg\" src=\"http:\/\/www.grieta.org.mx\/wp-content\/uploads\/2018\/11\/728528.jpeg\" alt=\"\" width=\"720\" height=\"540\" class=\"size-full wp-image-27503\" srcset=\"http:\/\/www.grieta.org.mx\/wp-content\/uploads\/2018\/11\/728528.jpeg 720w, http:\/\/www.grieta.org.mx\/wp-content\/uploads\/2018\/11\/728528-300x225.jpeg 300w, http:\/\/www.grieta.org.mx\/wp-content\/uploads\/2018\/11\/728528-667x500.jpeg 667w\" sizes=\"auto, (max-width: 720px) 100vw, 720px\" \/><figcaption id=\"caption-attachment-27503\" class=\"wp-caption-text\">Docentes argumentan que se est\u00e1n cometiendo violaciones al Contrato Colectivo del Trabajo. (OSVALDO CASTRO)<\/figcaption><\/figure>\n<p>Claudia Barrientos\/El Siglo de Durango<\/p>\n<p>Docentes universitarios tomaron la Direcci\u00f3n de la Facultad de Medicina y Nutrici\u00f3n y la Direcci\u00f3n de Recursos Humanos de la Universidad Ju\u00e1rez del Estado de Durango (UJED), con el argumento de que se est\u00e1n cometiendo violaciones al Contrato Colectivo del Trabajo.<br \/>\nEn este sentido, evidenciaron que no se ha cumplido con el pago de jubilaciones, entrega y correcciones de nombramientos para maestros de diferentes unidades acad\u00e9micas y dict\u00e1menes de antig\u00fcedad, adem\u00e1s de que no se ha dado suficiente atenci\u00f3n a las problem\u00e1ticas del cambio de plan de estudios de Educaci\u00f3n Media Superior.<\/p>\n<p>Adicionalmente, expusieron que el director de la Facultad de Medicina invit\u00f3 a dar clases a 16 nuevos maestros a la Licenciatura en Nutrici\u00f3n y a 28 m\u00e1s a la de Medicina, a los cuales no se les ha entregado la titularidad que por derecho les corresponde, adem\u00e1s de que se pretende el ingreso de aproximadamente 20 personas m\u00e1s como acad\u00e9micas durante el actual semestre B 2018.<\/p>\n<p>Asimismo, se denunciaron violaciones a la cl\u00e1usula 20 de dicho contrato colectivo en la que se establece el cambio de horario a horas\/semana\/mes.<\/p>\n<p>El secretario general del Sindicato del Personal Acad\u00e9mico (SPAUJED), Jos\u00e9 Rafael Ayala Barajas, inform\u00f3 que dichas violaciones tienen ya bastante tiempo sin ser atendidas y en la revisi\u00f3n contractual que se hizo en febrero pasado se estableci\u00f3 el compromiso de atenderlas, pero no ha ocurrido.<\/p>\n<p>PIDEN AGILIDAD<br \/>\nIndic\u00f3 que, para evitar que esto interfiera con el proceso de elecci\u00f3n del nuevo rector, se est\u00e1 pidiendo agilidad en la soluci\u00f3n de los conflictos al actual rector a quien han visto \u201chaciendo campa\u00f1a\u201d en las distintas unidades acad\u00e9micas, lo que no resulta congruente con la negativa a recibirlos para solucionar los pendientes que se tienen.<\/p>\n<p>\u201cPedimos agilidad porque est\u00e1 muy atrasado esto. Desde hace m\u00e1s de medio a\u00f1o\u201d, manifest\u00f3.<\/p>\n<p>SIN RESPUESTAS<br \/>\nAsegur\u00f3 que en varias ocasiones ha pedido reunirse con el rector Oscar Erasmo N\u00e1var Garc\u00eda pero no se ha dado una respuesta favorable en torno a las irregularidades y pendientes por lo que advirti\u00f3 que, de persistir la falta de respuesta, se mantendr\u00e1 el bloqueo de las \u00e1reas administrativas antes mencionadas.<\/p>\n<p>Vale la pena mencionar que las clases no se suspendieron ya que \u00fanicamente se tomaron \u00e1reas administrativas para evitar afectaci\u00f3n a los alumnos e interrupci\u00f3n de las actividades programadas en el semestre.<\/p>\n<p><a href=\"https:\/\/www.elsiglodedurango.com.mx\/noticia\/988018.academicos-toman-la-direccion-de-la-facultad-de-medicina.html\" rel=\"noopener\" target=\"_blank\">https:\/\/www.elsiglodedurango.com.mx\/noticia\/988018.academicos-toman-la-direccion-de-la-facultad-de-medicina.html<\/a><\/p>\n","protected":false},"excerpt":{"rendered":"<p>Claudia Barrientos\/El Siglo de Durango Docentes universitarios tomaron la Direcci\u00f3n de la Facultad de Medicina y Nutrici\u00f3n y la Direcci\u00f3n de Recursos Humanos de la Universidad Ju\u00e1rez del Estado de &hellip; <a href=\"http:\/\/www.grieta.org.mx\/index.php\/2018\/08\/27\/academicos-toman-la-direccion-de-la-facultad-de-medicina-durango\/\" class=\"more-link\">Leer m\u00e1s<\/a><\/p>\n","protected":false},"author":2,"featured_media":27503,"comment_status":"closed","ping_status":"closed","sticky":false,"template":"","format":"standard","meta":{"ngg_post_thumbnail":0,"_jetpack_newsletter_access":"","_jetpack_dont_email_post_to_subs":false,"_jetpack_newsletter_tier_id":0,"_jetpack_memberships_contains_paywalled_content":false,"_jetpack_memberships_contains_paid_content":false,"footnotes":""},"categories":[80,1864,15,910,1101,2,83],"tags":[113,1865],"class_list":["post-27502","post","type-post","status-publish","format-standard","has-post-thumbnail","hentry","category-cintillo","category-conflictos-laborales-en-la-universidad-juarez-del-estado-de-durango","category-durango","category-explotacion-y-precariedad-laboral","category-conflictos-laborales-en-durango","category-noticias-nacionales","category-temas-nacionales","tag-conflictos-laborales","tag-universidad-juarez-del-estado-de-durango","entry"],"jetpack_featured_media_url":"http:\/\/www.grieta.org.mx\/wp-content\/uploads\/2018\/11\/728528.jpeg","jetpack_sharing_enabled":true,"jetpack_shortlink":"https:\/\/wp.me\/p7ZJR4-79A","jetpack_likes_enabled":false,"jetpack-related-posts":[{"id":2174,"url":"http:\/\/www.grieta.org.mx\/index.php\/2016\/02\/12\/maestros-toman-escuela-de-educacion-fisica\/","url_meta":{"origin":27502,"position":0},"title":"Maestros toman escuela de Educaci\u00f3n F\u00edsica","author":"grieta","date":"12 febrero, 2016","format":false,"excerpt":"Maestros de la Escuela de Educaci\u00f3n F\u00edsica de la UJED, tomaron el plantel para exigir el respeto a sus plazas, pues la Administraci\u00f3n Central ha contratado hasta a 20 personas para atender materias que pueden ser cubiertas por el propio personal en funciones. As\u00ed lo se\u00f1al\u00f3 Jes\u00fas Abraham Soto Rivera,\u2026","rel":"","context":"En &quot;CINTILLO&quot;","block_context":{"text":"CINTILLO","link":"http:\/\/www.grieta.org.mx\/index.php\/category\/cintillo\/"},"img":{"alt_text":"","src":"https:\/\/i0.wp.com\/www.grieta.org.mx\/wp-content\/uploads\/2018\/03\/14524434_1106112876131411_958039263622046936_o.jpg?resize=350%2C200","width":350,"height":200,"srcset":"https:\/\/i0.wp.com\/www.grieta.org.mx\/wp-content\/uploads\/2018\/03\/14524434_1106112876131411_958039263622046936_o.jpg?resize=350%2C200 1x, https:\/\/i0.wp.com\/www.grieta.org.mx\/wp-content\/uploads\/2018\/03\/14524434_1106112876131411_958039263622046936_o.jpg?resize=525%2C300 1.5x, https:\/\/i0.wp.com\/www.grieta.org.mx\/wp-content\/uploads\/2018\/03\/14524434_1106112876131411_958039263622046936_o.jpg?resize=700%2C400 2x"},"classes":[]},{"id":28653,"url":"http:\/\/www.grieta.org.mx\/index.php\/2019\/01\/22\/demandan-maestros-de-ingles-regularizar-su-situacion-laboral-durango\/","url_meta":{"origin":27502,"position":1},"title":"Demandan maestros de Ingl\u00e9s regularizar su situaci\u00f3n laboral (Durango)","author":"grieta","date":"22 enero, 2019","format":false,"excerpt":"Claudia Landeros\/El Siglo de Durango Docentes del Programa Nacional de Ingl\u00e9s (Proni) se manifestaron en la Plaza de Armas de G\u00f3mez Palacio para pedir apoyo a las autoridades que corresponda, a fin de regularizar su situaci\u00f3n laboral ya que de momento est\u00e1n sin empleo. SIN TRABAJO \"Somos maestros que trabajamos\u2026","rel":"","context":"En &quot;CINTILLO&quot;","block_context":{"text":"CINTILLO","link":"http:\/\/www.grieta.org.mx\/index.php\/category\/cintillo\/"},"img":{"alt_text":"","src":"https:\/\/i0.wp.com\/www.grieta.org.mx\/wp-content\/uploads\/2019\/01\/773757.jpeg?resize=350%2C200","width":350,"height":200,"srcset":"https:\/\/i0.wp.com\/www.grieta.org.mx\/wp-content\/uploads\/2019\/01\/773757.jpeg?resize=350%2C200 1x, https:\/\/i0.wp.com\/www.grieta.org.mx\/wp-content\/uploads\/2019\/01\/773757.jpeg?resize=525%2C300 1.5x, https:\/\/i0.wp.com\/www.grieta.org.mx\/wp-content\/uploads\/2019\/01\/773757.jpeg?resize=700%2C400 2x"},"classes":[]},{"id":28138,"url":"http:\/\/www.grieta.org.mx\/index.php\/2019\/01\/08\/trabajadores-de-la-casa-de-cultura-ernestina-gamboa-denuncian-despidos-injustificados-durango\/","url_meta":{"origin":27502,"position":2},"title":"Trabajadores de la Casa de Cultura Ernestina Gamboa, denuncian despidos injustificados (Durango)","author":"grieta","date":"8 enero, 2019","format":false,"excerpt":"Juan Carlos Lozano\/Multiedios El Director de la Casa de la Cultura, Ram\u00f3n Ignacio Gonz\u00e1lez, explic\u00f3 que se trata de una renovaci\u00f3n del contrato. G\u00f3mez Palacio, Dgo. Cerca de 20 trabajadores que integran el Sindicato de Trabajadores de Cultura del Estado de Durango, se manifestaron de manera pac\u00edfica al exterior de\u2026","rel":"","context":"En &quot;CINTILLO&quot;","block_context":{"text":"CINTILLO","link":"http:\/\/www.grieta.org.mx\/index.php\/category\/cintillo\/"},"img":{"alt_text":"","src":"https:\/\/i0.wp.com\/www.grieta.org.mx\/wp-content\/uploads\/2019\/01\/manifestacion_cultura.jpg?resize=350%2C200","width":350,"height":200,"srcset":"https:\/\/i0.wp.com\/www.grieta.org.mx\/wp-content\/uploads\/2019\/01\/manifestacion_cultura.jpg?resize=350%2C200 1x, https:\/\/i0.wp.com\/www.grieta.org.mx\/wp-content\/uploads\/2019\/01\/manifestacion_cultura.jpg?resize=525%2C300 1.5x, https:\/\/i0.wp.com\/www.grieta.org.mx\/wp-content\/uploads\/2019\/01\/manifestacion_cultura.jpg?resize=700%2C400 2x, https:\/\/i0.wp.com\/www.grieta.org.mx\/wp-content\/uploads\/2019\/01\/manifestacion_cultura.jpg?resize=1050%2C600 3x"},"classes":[]},{"id":32953,"url":"http:\/\/www.grieta.org.mx\/index.php\/2019\/05\/03\/exigen-cadis-pago-de-quincenas-durango\/","url_meta":{"origin":27502,"position":3},"title":"Exigen CADI\u00b4s pago de quincenas (Durango)","author":"grieta","date":"3 mayo, 2019","format":false,"excerpt":"Jos\u00e9lo Fuentes Delgado \/ La Voz de Durango Maestros, personal de apoyo, padres de familia y alumnos se manifestaron marchando de la Plaza de Armas hasta las instalaciones del Centro Cultural y de Convenciones Bicentenario (CCCB), para exigir el pago de ocho quincenas que les deben, situaci\u00f3n que ya es\u2026","rel":"","context":"En &quot;CINTILLO&quot;","block_context":{"text":"CINTILLO","link":"http:\/\/www.grieta.org.mx\/index.php\/category\/cintillo\/"},"img":{"alt_text":"","src":"https:\/\/i0.wp.com\/www.grieta.org.mx\/wp-content\/uploads\/2019\/05\/cadis.jpg?resize=350%2C200","width":350,"height":200,"srcset":"https:\/\/i0.wp.com\/www.grieta.org.mx\/wp-content\/uploads\/2019\/05\/cadis.jpg?resize=350%2C200 1x, https:\/\/i0.wp.com\/www.grieta.org.mx\/wp-content\/uploads\/2019\/05\/cadis.jpg?resize=525%2C300 1.5x"},"classes":[]},{"id":23010,"url":"http:\/\/www.grieta.org.mx\/index.php\/2017\/11\/22\/despido-injustificado-en-el-imss-durango\/","url_meta":{"origin":27502,"position":4},"title":"Despido injustificado en el IMSS (Durango)","author":"grieta","date":"22 noviembre, 2017","format":false,"excerpt":"Redacci\u00f3n\/La Voz de Durango La doctora Flor Robles Alvarado, cirujana que laboraba en la cl\u00ednica n\u00famero uno del Instituto Mexicano del Seguro Social (IMSS), tuvo que afrontar un despido injustificado por el fallecimiento de una paciente de aproximadamente 26 a\u00f1os de edad, que se encontraba en fase terminal por insuficiencia\u2026","rel":"","context":"En &quot;CINTILLO&quot;","block_context":{"text":"CINTILLO","link":"http:\/\/www.grieta.org.mx\/index.php\/category\/cintillo\/"},"img":{"alt_text":"","src":"https:\/\/i0.wp.com\/www.grieta.org.mx\/wp-content\/uploads\/2018\/05\/d1-2.jpg?resize=350%2C200","width":350,"height":200},"classes":[]},{"id":34508,"url":"http:\/\/www.grieta.org.mx\/index.php\/2019\/06\/08\/emplazan-a-huelga-sindicato-del-inifap-durango\/","url_meta":{"origin":27502,"position":5},"title":"Emplazan a huelga sindicato del INIFAP (Durango)","author":"grieta","date":"8 junio, 2019","format":false,"excerpt":"Luis C\u00e1rdenas\/El Sol de Durango El sindicato de investigadores independientes del Instituto Nacional de Investigaciones Agr\u00edcolas, Forestales y Pecuarias, emplaz\u00f3 de nueva cuenta a este instituto para estallar huelga en todo el pa\u00eds el pr\u00f3ximo 21 de junio. Pablo Dom\u00ednguez Mart\u00ednez, delegado en Durango de este gremio sindical inform\u00f3 que\u2026","rel":"","context":"En &quot;CINTILLO&quot;","block_context":{"text":"CINTILLO","link":"http:\/\/www.grieta.org.mx\/index.php\/category\/cintillo\/"},"img":{"alt_text":"","src":"https:\/\/i0.wp.com\/www.grieta.org.mx\/wp-content\/uploads\/2019\/06\/dur1.jpg?resize=350%2C200","width":350,"height":200,"srcset":"https:\/\/i0.wp.com\/www.grieta.org.mx\/wp-content\/uploads\/2019\/06\/dur1.jpg?resize=350%2C200 1x, https:\/\/i0.wp.com\/www.grieta.org.mx\/wp-content\/uploads\/2019\/06\/dur1.jpg?resize=525%2C300 1.5x, https:\/\/i0.wp.com\/www.grieta.org.mx\/wp-content\/uploads\/2019\/06\/dur1.jpg?resize=700%2C400 2x"},"classes":[]}],"_links":{"self":[{"href":"http:\/\/www.grieta.org.mx\/index.php\/wp-json\/wp\/v2\/posts\/27502","targetHints":{"allow":["GET"]}}],"collection":[{"href":"http:\/\/www.grieta.org.mx\/index.php\/wp-json\/wp\/v2\/posts"}],"about":[{"href":"http:\/\/www.grieta.org.mx\/index.php\/wp-json\/wp\/v2\/types\/post"}],"author":[{"embeddable":true,"href":"http:\/\/www.grieta.org.mx\/index.php\/wp-json\/wp\/v2\/users\/2"}],"replies":[{"embeddable":true,"href":"http:\/\/www.grieta.org.mx\/index.php\/wp-json\/wp\/v2\/comments?post=27502"}],"version-history":[{"count":1,"href":"http:\/\/www.grieta.org.mx\/index.php\/wp-json\/wp\/v2\/posts\/27502\/revisions"}],"predecessor-version":[{"id":27506,"href":"http:\/\/www.grieta.org.mx\/index.php\/wp-json\/wp\/v2\/posts\/27502\/revisions\/27506"}],"wp:featuredmedia":[{"embeddable":true,"href":"http:\/\/www.grieta.org.mx\/index.php\/wp-json\/wp\/v2\/media\/27503"}],"wp:attachment":[{"href":"http:\/\/www.grieta.org.mx\/index.php\/wp-json\/wp\/v2\/media?parent=27502"}],"wp:term":[{"taxonomy":"category","embeddable":true,"href":"http:\/\/www.grieta.org.mx\/index.php\/wp-json\/wp\/v2\/categories?post=27502"},{"taxonomy":"post_tag","embeddable":true,"href":"http:\/\/www.grieta.org.mx\/index.php\/wp-json\/wp\/v2\/tags?post=27502"}],"curies":[{"name":"wp","href":"https:\/\/api.w.org\/{rel}","templated":true}]}}