{"id":27460,"date":"2018-03-22T23:00:23","date_gmt":"2018-03-23T05:00:23","guid":{"rendered":"http:\/\/www.grieta.org.mx\/?p=27460"},"modified":"2018-11-03T23:12:38","modified_gmt":"2018-11-04T05:12:38","slug":"acusan-a-marinos-de-convertir-a-colombia-nl-en-tiradero-de-cadaveres","status":"publish","type":"post","link":"http:\/\/www.grieta.org.mx\/index.php\/2018\/03\/22\/acusan-a-marinos-de-convertir-a-colombia-nl-en-tiradero-de-cadaveres\/","title":{"rendered":"Acusan a Marinos de convertir a Colombia, NL en tiradero de cad\u00e1veres"},"content":{"rendered":"<p><img loading=\"lazy\" decoding=\"async\" data-attachment-id=\"27461\" data-permalink=\"http:\/\/www.grieta.org.mx\/index.php\/2018\/03\/22\/acusan-a-marinos-de-convertir-a-colombia-nl-en-tiradero-de-cadaveres\/cadaveres-1078x808\/\" data-orig-file=\"http:\/\/www.grieta.org.mx\/wp-content\/uploads\/2018\/11\/cadaveres-1078x808.jpg\" data-orig-size=\"1078,808\" data-comments-opened=\"0\" data-image-meta=\"{&quot;aperture&quot;:&quot;0&quot;,&quot;credit&quot;:&quot;&quot;,&quot;camera&quot;:&quot;&quot;,&quot;caption&quot;:&quot;&quot;,&quot;created_timestamp&quot;:&quot;0&quot;,&quot;copyright&quot;:&quot;&quot;,&quot;focal_length&quot;:&quot;0&quot;,&quot;iso&quot;:&quot;0&quot;,&quot;shutter_speed&quot;:&quot;0&quot;,&quot;title&quot;:&quot;&quot;,&quot;orientation&quot;:&quot;0&quot;}\" data-image-title=\"cadaveres-1078&amp;#215;808\" data-image-description=\"\" data-image-caption=\"\" data-medium-file=\"http:\/\/www.grieta.org.mx\/wp-content\/uploads\/2018\/11\/cadaveres-1078x808-300x225.jpg\" data-large-file=\"http:\/\/www.grieta.org.mx\/wp-content\/uploads\/2018\/11\/cadaveres-1078x808-1024x768.jpg\" src=\"http:\/\/www.grieta.org.mx\/wp-content\/uploads\/2018\/11\/cadaveres-1078x808-300x225.jpg\" alt=\"\" width=\"300\" height=\"225\" class=\"aligncenter size-medium wp-image-27461\" srcset=\"http:\/\/www.grieta.org.mx\/wp-content\/uploads\/2018\/11\/cadaveres-1078x808-300x225.jpg 300w, http:\/\/www.grieta.org.mx\/wp-content\/uploads\/2018\/11\/cadaveres-1078x808-768x576.jpg 768w, http:\/\/www.grieta.org.mx\/wp-content\/uploads\/2018\/11\/cadaveres-1078x808-1024x768.jpg 1024w, http:\/\/www.grieta.org.mx\/wp-content\/uploads\/2018\/11\/cadaveres-1078x808-667x500.jpg 667w, http:\/\/www.grieta.org.mx\/wp-content\/uploads\/2018\/11\/cadaveres-1078x808.jpg 1078w\" sizes=\"auto, (max-width: 300px) 100vw, 300px\" \/><br \/>\n LUCIANO CAMPOS GARZA\/PROCESO<br \/>\nNUEVO LAREDO (apro).- Luego de que otros dos cuerpos fueron encontrados enterrados en el poblado de Colombia, Nuevo Le\u00f3n, Raymundo Ramos, presidente del Comit\u00e9 de Derechos Humanos de Nuevo Laredo (CDHNL), se\u00f1al\u00f3 que existe la sospecha de que elementos de la Marina hayan participado en algunas de las 14 desapariciones reportadas en esta frontera tamaulipeca.<\/p>\n<p>\u201cLa Marina est\u00e1 haciendo del poblado de Colombia un tiradero de cad\u00e1veres\u201d, se\u00f1ala el activista luego de acompa\u00f1ar la ma\u00f1ana de este jueves a familiares que encontraron, por su cuenta, los cuerpos de Margarito C\u00e1rdenas Mart\u00ednez, de 30 a\u00f1os y Miguel \u00c1ngel Ram\u00edrez Ruiz.<\/p>\n<p>Los cuerpos, encontrados a un costado del kil\u00f3metro 125 de la carretera Monterrey-Colombia, estaban enterrados en tierra roja y los dos ten\u00edan las manos sujetas por la espalda.<\/p>\n<p>Mar\u00eda de los \u00c1ngeles Mart\u00ednez Zapata y Mar\u00eda Imelda Ruiz Romero, madres de Margarito y Miguel \u00c1ngel, ya hab\u00eda reportado oficialmente las desapariciones, que quedaron asentadas en las carpetas 61\/2018 y 60\/2018, inform\u00f3 Ramos, quien dijo que en la denuncia las mujeres se\u00f1alaron como sospechoso al personal naval.<\/p>\n<p>Este hallazgo se suma al de \u00c1ngel Ulises Garc\u00eda Agui\u00f1aga, estudiante de secundaria de 16 a\u00f1os cuyo cuerpo fue encontrado el martes, en el kil\u00f3metro 127 de la misma carretera. Su t\u00edo Oscar declar\u00f3 que un d\u00eda antes los amigos del joven le dijeron que se lo hab\u00edan llevado los Marinos y que les avisaron d\u00f3nde encontrarlo.<\/p>\n<p>Tambi\u00e9n se a\u00f1ade a estos reportes el de otro cuerpo encontrado en circunstancias similares el domingo pasado en el poblado La Gloria, Nuevo Le\u00f3n, cercano al \u00e1rea de Nuevo Laredo.<\/p>\n<p>En entrevista Raymundo Ramos explic\u00f3 que hasta hoy hay denuncias de 14 desapariciones y los principales sospechosos del hecho son integrantes de la Secretar\u00eda de la Marina Armada de M\u00e9xico (Semar), que secuestran personas en Nuevo Laredo y las tiran en Nuevo Le\u00f3n, delitos que pueden ser calificados como desapariciones forzadas.<\/p>\n<p>El mi\u00e9rcoles acudieron al anfiteatro del Hospital Universitario los familiares de \u00c1ngel Ulises y de la otra persona hallada en La Gloria, a reclamar los cad\u00e1veres que les ser\u00edan entregados este jueves, explic\u00f3 Ramos, quien ha acompa\u00f1ado a los deudos con asesor\u00eda legal en estas b\u00fasquedas.<\/p>\n<p>El presidente de la CDHNL estuvo presente cuando encontraron los cad\u00e1veres de Margarito y Miguel \u00c1ngel. Fueron los familiares los que tuvieron que efectuar el rastreo por la carretera, debido a que ni las Fiscal\u00edas de Tamaulipas ni la de Nuevo Le\u00f3n se han ocupado de dar seguimiento a las investigaciones.<\/p>\n<p>La b\u00fasqueda inici\u00f3 a las 7:00 horas a los costados de la Carretera a Colombia y concluy\u00f3 a las 10:00, luego de que fueron localizados los cuerpos.<\/p>\n<p>\u201cNadie los est\u00e1 buscando. Las familias hacen b\u00fasquedas diarias. Es sencillo encontrar cuerpos, porque dicen los rancheros que donde ves aves volando en c\u00edrculo ah\u00ed hay algo, ya sea animal o persona. La otra se\u00f1al es que si vas caminando por la orilla de la carretera buscas rodados de veh\u00edculos o cercas da\u00f1adas, donde la cortan. Ah\u00ed entran veh\u00edculos o personas a pie, y ah\u00ed hacen sus fechor\u00edas\u201d, explica.<\/p>\n<p>Colombia, se encuentra en el municipio de An\u00e1huac, Nuevo Le\u00f3n, localizado a 220 kil\u00f3metros al norte de Monterrey y colindante con Nuevo Laredo, Tamaulipas.<\/p>\n<p>Raymundo Ramos recuerda que el martes, cuando buscaban a \u00c1ngel Ulises, vieron a unos dos kil\u00f3metros de distancia a aves carro\u00f1eras volando y supusieron que ese punto deb\u00eda ser explorado. Ah\u00ed encontraron hoy los otros dos cad\u00e1veres.<\/p>\n<p>Las denuncias por desapariciones de 14 personas est\u00e1n radicadas en la Fiscal\u00eda especial para atenci\u00f3n de personas no localizadas o privadas de su libertad, en Nuevo Laredo, dependiente de la Procuradur\u00eda de Tamaulipas.<\/p>\n<p><a href=\"https:\/\/www.proceso.com.mx\/527147\/acusan-a-marinos-de-convertir-a-colombia-nl-en-tiradero-de-cadaveres\" rel=\"noopener\" target=\"_blank\">https:\/\/www.proceso.com.mx\/527147\/acusan-a-marinos-de-convertir-a-colombia-nl-en-tiradero-de-cadaveres<\/a><\/p>\n","protected":false},"excerpt":{"rendered":"<p>LUCIANO CAMPOS GARZA\/PROCESO NUEVO LAREDO (apro).- Luego de que otros dos cuerpos fueron encontrados enterrados en el poblado de Colombia, Nuevo Le\u00f3n, Raymundo Ramos, presidente del Comit\u00e9 de Derechos Humanos &hellip; <a href=\"http:\/\/www.grieta.org.mx\/index.php\/2018\/03\/22\/acusan-a-marinos-de-convertir-a-colombia-nl-en-tiradero-de-cadaveres\/\" class=\"more-link\">Leer m\u00e1s<\/a><\/p>\n","protected":false},"author":2,"featured_media":27461,"comment_status":"closed","ping_status":"closed","sticky":false,"template":"","format":"standard","meta":{"ngg_post_thumbnail":0,"_jetpack_newsletter_access":"","_jetpack_dont_email_post_to_subs":false,"_jetpack_newsletter_tier_id":0,"_jetpack_memberships_contains_paywalled_content":false,"_jetpack_memberships_contains_paid_content":false,"footnotes":""},"categories":[1858,80,87,1043,1197,2,24,33,83],"tags":[199,856,1791],"class_list":["post-27460","post","type-post","status-publish","format-standard","has-post-thumbnail","hentry","category-abuso-policiaco-y-tortura-en-tamaulipas","category-cintillo","category-desaparecidos","category-desaparecidos-en-nuevo-leon","category-desaparecidos-en-tamaulipas","category-noticias-nacionales","category-nuevo-leon","category-tamaulipas","category-temas-nacionales","tag-abuso-policiaco","tag-fosas-clandestinas","tag-secretaria-marina","entry"],"jetpack_featured_media_url":"http:\/\/www.grieta.org.mx\/wp-content\/uploads\/2018\/11\/cadaveres-1078x808.jpg","jetpack_sharing_enabled":true,"jetpack_shortlink":"https:\/\/wp.me\/p7ZJR4-78U","jetpack_likes_enabled":false,"jetpack-related-posts":[{"id":27499,"url":"http:\/\/www.grieta.org.mx\/index.php\/2018\/08\/04\/desaparecen-a-10-marinos-en-tamaulipas-y-nuevo-leon\/","url_meta":{"origin":27460,"position":0},"title":"Desaparecen a 10 marinos en Tamaulipas y Nuevo Le\u00f3n","author":"grieta","date":"4 agosto, 2018","format":false,"excerpt":"Agencia Reforma Agencia Reforma. CIUDAD DE M\u00c9XICO .-Elementos de la Armada son responsables de la desaparici\u00f3n forzada de 10 personas, entre ellos dos menores de edad, en hechos registrados en Nuevo Le\u00f3n y Tamaulipas entre 2011 y 2014, concluy\u00f3 la Comisi\u00f3n Nacional de los Derechos Humanos. En la Recomendaci\u00f3n 11\/VG\/2018\u2026","rel":"","context":"En &quot;Abuso policiaco y tortura en Tamaulipas&quot;","block_context":{"text":"Abuso policiaco y tortura en Tamaulipas","link":"http:\/\/www.grieta.org.mx\/index.php\/category\/noticias-nacionales\/tamaulipas\/abuso-policiaco-y-tortura-en-tamaulipas\/"},"img":{"alt_text":"","src":"https:\/\/i0.wp.com\/www.grieta.org.mx\/wp-content\/uploads\/2018\/11\/direct.jpg?resize=350%2C200","width":350,"height":200,"srcset":"https:\/\/i0.wp.com\/www.grieta.org.mx\/wp-content\/uploads\/2018\/11\/direct.jpg?resize=350%2C200 1x, https:\/\/i0.wp.com\/www.grieta.org.mx\/wp-content\/uploads\/2018\/11\/direct.jpg?resize=525%2C300 1.5x"},"classes":[]},{"id":31583,"url":"http:\/\/www.grieta.org.mx\/index.php\/2019\/04\/02\/buscaran-desaparecidos-en-cuartel-de-la-marina-en-nuevo-laredo-tamaulipas\/","url_meta":{"origin":27460,"position":1},"title":"Buscar\u00e1n desaparecidos en cuartel de la Marina en Nuevo Laredo (Tamaulipas)","author":"grieta","date":"2 abril, 2019","format":false,"excerpt":"El Bravo El cuartel oper\u00f3 durante varios meses en el cruce de la calle Arteaga y avenida Leona Vicario, en la colonia Victoria. Personal de la Fiscal\u00eda General de Justicia de Tamaulipas (FGJE) realizar\u00e1 una inspecci\u00f3n con un binomio canino en lo que fue un cuartel que us\u00f3 personal de\u2026","rel":"","context":"En &quot;CINTILLO&quot;","block_context":{"text":"CINTILLO","link":"http:\/\/www.grieta.org.mx\/index.php\/category\/cintillo\/"},"img":{"alt_text":"","src":"https:\/\/i0.wp.com\/www.grieta.org.mx\/wp-content\/uploads\/2019\/04\/Buscar%C3%A1n-desaparecidos-en-cuartel-de-la-Marina-en-Nuevo-Laredo-tama-abr.jpg?resize=350%2C200","width":350,"height":200,"srcset":"https:\/\/i0.wp.com\/www.grieta.org.mx\/wp-content\/uploads\/2019\/04\/Buscar%C3%A1n-desaparecidos-en-cuartel-de-la-Marina-en-Nuevo-Laredo-tama-abr.jpg?resize=350%2C200 1x, https:\/\/i0.wp.com\/www.grieta.org.mx\/wp-content\/uploads\/2019\/04\/Buscar%C3%A1n-desaparecidos-en-cuartel-de-la-Marina-en-Nuevo-Laredo-tama-abr.jpg?resize=525%2C300 1.5x"},"classes":[]},{"id":45444,"url":"http:\/\/www.grieta.org.mx\/index.php\/2020\/02\/16\/aguardan-581-cuerpos-sin-confirmar-identidad-en-forenses-de-tamaulipas\/","url_meta":{"origin":27460,"position":2},"title":"Aguardan 581 cuerpos sin confirmar identidad en forenses de Tamaulipas","author":"grieta","date":"16 febrero, 2020","format":false,"excerpt":"Redacci\u00f3n\/El Heraldo de M\u00e9xico 16 febrero 2020 La Fiscal\u00eda de Tamaulipas ha cumplido con la elaboraci\u00f3n del perfil gen\u00e9tico, pero hay familias que no han aportado muestras de ADN CIUDAD VICTORIA. Ayer eran un nombre, una mujer, un hombre, un profesionista o una trabajadora; hoy son s\u00f3lo datos estad\u00edsticos: cuerpo\u2026","rel":"","context":"En &quot;CINTILLO&quot;","block_context":{"text":"CINTILLO","link":"http:\/\/www.grieta.org.mx\/index.php\/category\/cintillo\/"},"img":{"alt_text":"","src":"https:\/\/i0.wp.com\/www.grieta.org.mx\/wp-content\/uploads\/2020\/03\/cuerpos-fosas-Tamaulipas.jpg?resize=350%2C200","width":350,"height":200,"srcset":"https:\/\/i0.wp.com\/www.grieta.org.mx\/wp-content\/uploads\/2020\/03\/cuerpos-fosas-Tamaulipas.jpg?resize=350%2C200 1x, https:\/\/i0.wp.com\/www.grieta.org.mx\/wp-content\/uploads\/2020\/03\/cuerpos-fosas-Tamaulipas.jpg?resize=525%2C300 1.5x, https:\/\/i0.wp.com\/www.grieta.org.mx\/wp-content\/uploads\/2020\/03\/cuerpos-fosas-Tamaulipas.jpg?resize=700%2C400 2x, https:\/\/i0.wp.com\/www.grieta.org.mx\/wp-content\/uploads\/2020\/03\/cuerpos-fosas-Tamaulipas.jpg?resize=1050%2C600 3x"},"classes":[]},{"id":58787,"url":"http:\/\/www.grieta.org.mx\/index.php\/2021\/04\/14\/en-nuevo-laredo-tamaulipas-cada-semana-desaparecian-personas\/","url_meta":{"origin":27460,"position":3},"title":"En Nuevo Laredo, Tamaulipas, &#8216;cada semana desaparec\u00edan personas&#8217;","author":"grieta","date":"14 abril, 2021","format":false,"excerpt":"Redacci\u00f3n\/Aristegui Noticias 14 abril 2021 Cuestionan error de la Marina en comunicado sobre sus 30 elementos detenidos por desapariciones en Nuevo Laredo. La Fiscal\u00eda General de la Rep\u00fablica ejecut\u00f3 las \u00f3rdenes de aprehensi\u00f3n contra los marinos, lo que est\u00e1 relacionado con los hechos ocurridos en 2018 en Nuevo Laredo, Tamaulipas.\u2026","rel":"","context":"En &quot;CINTILLO&quot;","block_context":{"text":"CINTILLO","link":"http:\/\/www.grieta.org.mx\/index.php\/category\/cintillo\/"},"img":{"alt_text":"","src":"https:\/\/i0.wp.com\/www.grieta.org.mx\/wp-content\/uploads\/2021\/04\/marina.jpg?resize=350%2C200","width":350,"height":200,"srcset":"https:\/\/i0.wp.com\/www.grieta.org.mx\/wp-content\/uploads\/2021\/04\/marina.jpg?resize=350%2C200 1x, https:\/\/i0.wp.com\/www.grieta.org.mx\/wp-content\/uploads\/2021\/04\/marina.jpg?resize=525%2C300 1.5x, https:\/\/i0.wp.com\/www.grieta.org.mx\/wp-content\/uploads\/2021\/04\/marina.jpg?resize=700%2C400 2x, https:\/\/i0.wp.com\/www.grieta.org.mx\/wp-content\/uploads\/2021\/04\/marina.jpg?resize=1050%2C600 3x"},"classes":[]},{"id":52260,"url":"http:\/\/www.grieta.org.mx\/index.php\/2020\/07\/22\/cndh-acredita-responsabilidad-de-la-marina-en-la-desaparicion-de-27-personas-en-tamaulipas\/","url_meta":{"origin":27460,"position":4},"title":"CNDH acredita responsabilidad de la Marina en la desaparici\u00f3n de 27 personas en Tamaulipas","author":"grieta","date":"22 julio, 2020","format":false,"excerpt":"AFP\/Animal Pol\u00edtico 22 julio 2020 En 2018, elementos de la Marina detuvieron a 27 personas de forma arbitraria, 12 de ellas fueron encontradas muertas. Foto: Cuartoscuro La Secretar\u00eda de Marina Armada de M\u00e9xico (SEMAR) fue implicada en la desaparici\u00f3n de 27 personas en 2018 y se le pidi\u00f3 indemnizar a\u2026","rel":"","context":"En &quot;CINTILLO&quot;","block_context":{"text":"CINTILLO","link":"http:\/\/www.grieta.org.mx\/index.php\/category\/cintillo\/"},"img":{"alt_text":"","src":"https:\/\/i0.wp.com\/www.grieta.org.mx\/wp-content\/uploads\/2020\/08\/cuartoscuro_755037_digital-e1595420896238.jpeg?resize=350%2C200","width":350,"height":200,"srcset":"https:\/\/i0.wp.com\/www.grieta.org.mx\/wp-content\/uploads\/2020\/08\/cuartoscuro_755037_digital-e1595420896238.jpeg?resize=350%2C200 1x, https:\/\/i0.wp.com\/www.grieta.org.mx\/wp-content\/uploads\/2020\/08\/cuartoscuro_755037_digital-e1595420896238.jpeg?resize=525%2C300 1.5x, https:\/\/i0.wp.com\/www.grieta.org.mx\/wp-content\/uploads\/2020\/08\/cuartoscuro_755037_digital-e1595420896238.jpeg?resize=700%2C400 2x, https:\/\/i0.wp.com\/www.grieta.org.mx\/wp-content\/uploads\/2020\/08\/cuartoscuro_755037_digital-e1595420896238.jpeg?resize=1050%2C600 3x"},"classes":[]},{"id":60679,"url":"http:\/\/www.grieta.org.mx\/index.php\/2021\/07\/18\/responden-madres-de-desaparecidos-una-disculpa-no-basta-tamaulipas\/","url_meta":{"origin":27460,"position":5},"title":"RESPONDEN MADRES DE DESAPARECIDOS: UNA DISCULPA NO BASTA (Tamaulipas)","author":"grieta","date":"18 julio, 2021","format":false,"excerpt":"Gloria Leticia D\u00edaz\/La Jornada Aguascalientes 18 julio 2021 Hace m\u00e1s de tres a\u00f1os miembros de la Secretar\u00eda de Marina (Semar) detuvieron en Nuevo Laredo, Tamaulipas, a los hijos de \u00c9rika Arredondo y Mar\u00eda del Rosario Navarro; desde entonces no tienen noticias de ellos. Ambas consideran un \u201csinsentido\u201d e \u201cinsuficiente\u201d el\u2026","rel":"","context":"En &quot;CINTILLO&quot;","block_context":{"text":"CINTILLO","link":"http:\/\/www.grieta.org.mx\/index.php\/category\/cintillo\/"},"img":{"alt_text":"","src":"https:\/\/i0.wp.com\/www.grieta.org.mx\/wp-content\/uploads\/2021\/07\/madres-desaparecidos-marina.jpg?resize=350%2C200","width":350,"height":200,"srcset":"https:\/\/i0.wp.com\/www.grieta.org.mx\/wp-content\/uploads\/2021\/07\/madres-desaparecidos-marina.jpg?resize=350%2C200 1x, https:\/\/i0.wp.com\/www.grieta.org.mx\/wp-content\/uploads\/2021\/07\/madres-desaparecidos-marina.jpg?resize=525%2C300 1.5x, https:\/\/i0.wp.com\/www.grieta.org.mx\/wp-content\/uploads\/2021\/07\/madres-desaparecidos-marina.jpg?resize=700%2C400 2x"},"classes":[]}],"_links":{"self":[{"href":"http:\/\/www.grieta.org.mx\/index.php\/wp-json\/wp\/v2\/posts\/27460","targetHints":{"allow":["GET"]}}],"collection":[{"href":"http:\/\/www.grieta.org.mx\/index.php\/wp-json\/wp\/v2\/posts"}],"about":[{"href":"http:\/\/www.grieta.org.mx\/index.php\/wp-json\/wp\/v2\/types\/post"}],"author":[{"embeddable":true,"href":"http:\/\/www.grieta.org.mx\/index.php\/wp-json\/wp\/v2\/users\/2"}],"replies":[{"embeddable":true,"href":"http:\/\/www.grieta.org.mx\/index.php\/wp-json\/wp\/v2\/comments?post=27460"}],"version-history":[{"count":1,"href":"http:\/\/www.grieta.org.mx\/index.php\/wp-json\/wp\/v2\/posts\/27460\/revisions"}],"predecessor-version":[{"id":27465,"href":"http:\/\/www.grieta.org.mx\/index.php\/wp-json\/wp\/v2\/posts\/27460\/revisions\/27465"}],"wp:featuredmedia":[{"embeddable":true,"href":"http:\/\/www.grieta.org.mx\/index.php\/wp-json\/wp\/v2\/media\/27461"}],"wp:attachment":[{"href":"http:\/\/www.grieta.org.mx\/index.php\/wp-json\/wp\/v2\/media?parent=27460"}],"wp:term":[{"taxonomy":"category","embeddable":true,"href":"http:\/\/www.grieta.org.mx\/index.php\/wp-json\/wp\/v2\/categories?post=27460"},{"taxonomy":"post_tag","embeddable":true,"href":"http:\/\/www.grieta.org.mx\/index.php\/wp-json\/wp\/v2\/tags?post=27460"}],"curies":[{"name":"wp","href":"https:\/\/api.w.org\/{rel}","templated":true}]}}