{"id":27410,"date":"2018-08-15T21:45:32","date_gmt":"2018-08-16T02:45:32","guid":{"rendered":"http:\/\/www.grieta.org.mx\/?p=27410"},"modified":"2018-10-30T21:48:34","modified_gmt":"2018-10-31T03:48:34","slug":"advierten-aumento-en-trata-de-personas-zacatecas","status":"publish","type":"post","link":"http:\/\/www.grieta.org.mx\/index.php\/2018\/08\/15\/advierten-aumento-en-trata-de-personas-zacatecas\/","title":{"rendered":"Advierten aumento en trata de personas (Zacatecas)"},"content":{"rendered":"<p><img loading=\"lazy\" decoding=\"async\" data-attachment-id=\"27411\" data-permalink=\"http:\/\/www.grieta.org.mx\/index.php\/2018\/08\/15\/advierten-aumento-en-trata-de-personas-zacatecas\/trata-de-personas-2-650x380\/\" data-orig-file=\"http:\/\/www.grieta.org.mx\/wp-content\/uploads\/2018\/10\/trata-de-personas-2-650x380.jpg\" data-orig-size=\"650,380\" data-comments-opened=\"0\" data-image-meta=\"{&quot;aperture&quot;:&quot;0&quot;,&quot;credit&quot;:&quot;&quot;,&quot;camera&quot;:&quot;&quot;,&quot;caption&quot;:&quot;&quot;,&quot;created_timestamp&quot;:&quot;0&quot;,&quot;copyright&quot;:&quot;&quot;,&quot;focal_length&quot;:&quot;0&quot;,&quot;iso&quot;:&quot;0&quot;,&quot;shutter_speed&quot;:&quot;0&quot;,&quot;title&quot;:&quot;&quot;,&quot;orientation&quot;:&quot;0&quot;}\" data-image-title=\"trata-de-personas-2-650&amp;#215;380\" data-image-description=\"\" data-image-caption=\"\" data-medium-file=\"http:\/\/www.grieta.org.mx\/wp-content\/uploads\/2018\/10\/trata-de-personas-2-650x380-300x175.jpg\" data-large-file=\"http:\/\/www.grieta.org.mx\/wp-content\/uploads\/2018\/10\/trata-de-personas-2-650x380.jpg\" src=\"http:\/\/www.grieta.org.mx\/wp-content\/uploads\/2018\/10\/trata-de-personas-2-650x380.jpg\" alt=\"\" width=\"650\" height=\"380\" class=\"aligncenter size-full wp-image-27411\" srcset=\"http:\/\/www.grieta.org.mx\/wp-content\/uploads\/2018\/10\/trata-de-personas-2-650x380.jpg 650w, http:\/\/www.grieta.org.mx\/wp-content\/uploads\/2018\/10\/trata-de-personas-2-650x380-300x175.jpg 300w\" sizes=\"auto, (max-width: 650px) 100vw, 650px\" \/><\/p>\n<p>ALBERTO MORONES\/NTRZACATECAS.COM<br \/>\nZACATECAS.- M\u00e9xico es origen, tr\u00e1nsito y destino de la trata de personas, y, en los \u00faltimos a\u00f1os, las redes sociales han sido la mayor herramienta para efectuar este delito internacional, que ha ido en aumento, expuso Luis Manuel Gallardo P\u00e9rez, subdirector de Capacitaci\u00f3n de la Comisi\u00f3n de Derechos Humanos del Estado de Zacatecas (CDHEZ).<\/p>\n<p>\u201cDesafortunadamente nuestro pa\u00eds est\u00e1 en las tres posiciones; es de origen, pues de aqu\u00ed se han llevado gente; de tr\u00e1nsito, porque los migrantes que van en busca del \u2018sue\u00f1o americano\u2019 o que vienen de Centroam\u00e9rica, los delincuentes aqu\u00ed tambi\u00e9n los explotan, aprovechando su estado de indefensi\u00f3n. Finalmente, tambi\u00e9n es de destino, pues se han encontrado europeas o mujeres de otros pa\u00edses siendo tratadas. Es desalentador el panorama\u201d, expres\u00f3.<\/p>\n<p>Aunque no precis\u00f3 cifras, Gallardo P\u00e9rez explic\u00f3 que no se conocen con exactitud, debido a la cifra negra de personas que no pueden o decidieron no denunciar.<\/p>\n<p>Asimismo, enfatiz\u00f3 que el problema es preocupante debido a que su pr\u00e1ctica en aumento, pues ya es calificada como el tercer delito que deja mayor ganancia a los delincuentes, despu\u00e9s del tr\u00e1fico de armas y de drogas.<\/p>\n<p>Expuso que las principales v\u00edctimas son ni\u00f1os, mujeres, grupos de ind\u00edgenas y los medios pueden ser variados, aunque, en los \u00faltimos a\u00f1os, el poder de las redes sociales ha influido m\u00e1s para enga\u00f1ar a personas.<\/p>\n<p>\u201cLos tratantes se aprovechan (de las v\u00edctimas) de su situaci\u00f3n emocional, marginaci\u00f3n, econom\u00eda, incluso de los sue\u00f1os de las personas, para enga\u00f1arlos y ser explotados. Regularmente buscan medios f\u00e1ciles y donde pueden obtener informaci\u00f3n de la v\u00edctima, como las redes sociales. Por ello es importante que los j\u00f3venes tomen precauci\u00f3n con los contenidos que publican\u201d, sentenci\u00f3.<\/p>\n<p>Argument\u00f3 que la trata de personas deriva en la explotaci\u00f3n de personas, en lo laboral o sexual, as\u00ed como tambi\u00e9n para la extracci\u00f3n y tr\u00e1fico de \u00f3rganos.<\/p>\n<p><a href=\"http:\/\/ntrzacatecas.com\/2018\/08\/15\/advierten-aumento-en-trata-de-personas\/\" rel=\"noopener\" target=\"_blank\">http:\/\/ntrzacatecas.com\/2018\/08\/15\/advierten-aumento-en-trata-de-personas\/<\/a><\/p>\n","protected":false},"excerpt":{"rendered":"<p>ALBERTO MORONES\/NTRZACATECAS.COM ZACATECAS.- M\u00e9xico es origen, tr\u00e1nsito y destino de la trata de personas, y, en los \u00faltimos a\u00f1os, las redes sociales han sido la mayor herramienta para efectuar este &hellip; <a href=\"http:\/\/www.grieta.org.mx\/index.php\/2018\/08\/15\/advierten-aumento-en-trata-de-personas-zacatecas\/\" class=\"more-link\">Leer m\u00e1s<\/a><\/p>\n","protected":false},"author":2,"featured_media":27411,"comment_status":"closed","ping_status":"closed","sticky":false,"template":"","format":"standard","meta":{"ngg_post_thumbnail":0,"_jetpack_newsletter_access":"","_jetpack_dont_email_post_to_subs":false,"_jetpack_newsletter_tier_id":0,"_jetpack_memberships_contains_paywalled_content":false,"_jetpack_memberships_contains_paid_content":false,"footnotes":""},"categories":[80,2,1843,76],"tags":[121,417],"class_list":["post-27410","post","type-post","status-publish","format-standard","has-post-thumbnail","hentry","category-cintillo","category-noticias-nacionales","category-trata-de-personas-en-zacatecas","category-zacatecas","tag-desaparecidos","tag-trata-de-personas","entry"],"jetpack_featured_media_url":"http:\/\/www.grieta.org.mx\/wp-content\/uploads\/2018\/10\/trata-de-personas-2-650x380.jpg","jetpack_sharing_enabled":true,"jetpack_shortlink":"https:\/\/wp.me\/p7ZJR4-786","jetpack_likes_enabled":false,"jetpack-related-posts":[{"id":16113,"url":"http:\/\/www.grieta.org.mx\/index.php\/2016\/07\/07\/en-aumento-desapariciones-en-zacatecas\/","url_meta":{"origin":27410,"position":0},"title":"En aumento, desapariciones en Zacatecas","author":"grieta","date":"7 julio, 2016","format":false,"excerpt":"Jueves, 7 de julio de 2016 EMILIA PESCI | NTRZACATECAS.COM Zacatecas.- El Registro Nacional de Personas Desaparecidas (RNPED) del Secretariado Ejecutivo del Sistema Nacional de Seguridad P\u00fablica, se\u00f1ala que en Zacatecas a partir de 2010 el n\u00famero de personas desaparecidas ha incrementado. El organismo informa mediante el RNPD que se\u2026","rel":"","context":"En &quot;CINTILLO&quot;","block_context":{"text":"CINTILLO","link":"http:\/\/www.grieta.org.mx\/index.php\/category\/cintillo\/"},"img":{"alt_text":"","src":"https:\/\/i0.wp.com\/www.grieta.org.mx\/wp-content\/uploads\/2018\/03\/14524434_1106112876131411_958039263622046936_o.jpg?resize=350%2C200","width":350,"height":200,"srcset":"https:\/\/i0.wp.com\/www.grieta.org.mx\/wp-content\/uploads\/2018\/03\/14524434_1106112876131411_958039263622046936_o.jpg?resize=350%2C200 1x, https:\/\/i0.wp.com\/www.grieta.org.mx\/wp-content\/uploads\/2018\/03\/14524434_1106112876131411_958039263622046936_o.jpg?resize=525%2C300 1.5x, https:\/\/i0.wp.com\/www.grieta.org.mx\/wp-content\/uploads\/2018\/03\/14524434_1106112876131411_958039263622046936_o.jpg?resize=700%2C400 2x"},"classes":[]},{"id":13334,"url":"http:\/\/www.grieta.org.mx\/index.php\/2016\/05\/30\/registra-zacatecas-13-feminicidios-en-2016\/","url_meta":{"origin":27410,"position":1},"title":"Registra Zacatecas 13 feminicidios en 2016","author":"grieta","date":"30 mayo, 2016","format":false,"excerpt":"CLAUDIA BELMONTES | NTRZACATECAS.COM Zacatecas.- En lo que va del a\u00f1o se han registrado 13 feminicidios en el estado, de los cuales, 4 se dieron en mayo, inform\u00f3 Mara Mu\u00f1oz Galv\u00e1n, directora del Centro de Justicia para las Mujeres de la Procuradur\u00eda General de Justicia del Estado (PGJE). Asegur\u00f3 que\u2026","rel":"","context":"En &quot;CINTILLO&quot;","block_context":{"text":"CINTILLO","link":"http:\/\/www.grieta.org.mx\/index.php\/category\/cintillo\/"},"img":{"alt_text":"","src":"https:\/\/i0.wp.com\/www.grieta.org.mx\/wp-content\/uploads\/2016\/05\/f2.jpg?resize=350%2C200","width":350,"height":200,"srcset":"https:\/\/i0.wp.com\/www.grieta.org.mx\/wp-content\/uploads\/2016\/05\/f2.jpg?resize=350%2C200 1x, https:\/\/i0.wp.com\/www.grieta.org.mx\/wp-content\/uploads\/2016\/05\/f2.jpg?resize=525%2C300 1.5x, https:\/\/i0.wp.com\/www.grieta.org.mx\/wp-content\/uploads\/2016\/05\/f2.jpg?resize=700%2C400 2x"},"classes":[]},{"id":29258,"url":"http:\/\/www.grieta.org.mx\/index.php\/2019\/02\/14\/busca-fiscalia-de-zacatecas-a-272-personas-desaparecidas\/","url_meta":{"origin":27410,"position":2},"title":"Busca Fiscal\u00eda de Zacatecas a 272 personas desaparecidas","author":"grieta","date":"14 febrero, 2019","format":false,"excerpt":"Alfredo D\u00edaz\/El Sol de Zacatecas El 70 por ciento de las fichas de b\u00fasqueda que emite la Fiscal\u00eda General de Justicia del Estado (FGJE), son de mujeres adolescentes entre 13 y 18 a\u00f1os de edad, inform\u00f3 el Fiscal Especializado Rodrigo Rosas Collazo, quien tambi\u00e9n puntualiz\u00f3 que en Zacatecas, de 2013\u2026","rel":"","context":"En &quot;CINTILLO&quot;","block_context":{"text":"CINTILLO","link":"http:\/\/www.grieta.org.mx\/index.php\/category\/cintillo\/"},"img":{"alt_text":"","src":"https:\/\/i0.wp.com\/www.grieta.org.mx\/wp-content\/uploads\/2019\/02\/3.jpg?resize=350%2C200","width":350,"height":200,"srcset":"https:\/\/i0.wp.com\/www.grieta.org.mx\/wp-content\/uploads\/2019\/02\/3.jpg?resize=350%2C200 1x, https:\/\/i0.wp.com\/www.grieta.org.mx\/wp-content\/uploads\/2019\/02\/3.jpg?resize=525%2C300 1.5x, https:\/\/i0.wp.com\/www.grieta.org.mx\/wp-content\/uploads\/2019\/02\/3.jpg?resize=700%2C400 2x"},"classes":[]},{"id":64294,"url":"http:\/\/www.grieta.org.mx\/index.php\/2022\/02\/19\/marchan-en-zacatecas-exigiendo-justicia-para-jovenes-universitarios-asesinados\/","url_meta":{"origin":27410,"position":3},"title":"Marchan en Zacatecas exigiendo justicia para j\u00f3venes universitarios asesinados","author":"grieta","date":"19 febrero, 2022","format":false,"excerpt":"Hace una semana fueron privados ilegalmente de la libertad; los hallaron muertos Con informaci\u00f3n de Rosaura Rinc\u00f3n \u2502 El Sol de Zacatecas, 19 de febrero de 2022 Un centenar de personas (la mayor\u00eda j\u00f3venes) marcharon la ma\u00f1ana de este s\u00e1bado en la capital zacatecana para exigir justicia en el caso\u2026","rel":"","context":"En &quot;Abuso policiaco y tortura en Zacatecas&quot;","block_context":{"text":"Abuso policiaco y tortura en Zacatecas","link":"http:\/\/www.grieta.org.mx\/index.php\/category\/noticias-nacionales\/zacatecas\/abuso-policiaco-y-tortura-en-zacatecas\/"},"img":{"alt_text":"","src":"https:\/\/i0.wp.com\/www.grieta.org.mx\/wp-content\/uploads\/2022\/05\/Protesta-en-honor-de-jo%CC%81venes-asesinados.png?resize=350%2C200","width":350,"height":200,"srcset":"https:\/\/i0.wp.com\/www.grieta.org.mx\/wp-content\/uploads\/2022\/05\/Protesta-en-honor-de-jo%CC%81venes-asesinados.png?resize=350%2C200 1x, https:\/\/i0.wp.com\/www.grieta.org.mx\/wp-content\/uploads\/2022\/05\/Protesta-en-honor-de-jo%CC%81venes-asesinados.png?resize=525%2C300 1.5x, https:\/\/i0.wp.com\/www.grieta.org.mx\/wp-content\/uploads\/2022\/05\/Protesta-en-honor-de-jo%CC%81venes-asesinados.png?resize=700%2C400 2x"},"classes":[]},{"id":29245,"url":"http:\/\/www.grieta.org.mx\/index.php\/2018\/10\/09\/en-zacatecas-hay-mil-200-desaparecidos\/","url_meta":{"origin":27410,"position":4},"title":"En Zacatecas hay mil 200 desaparecidos","author":"grieta","date":"9 octubre, 2018","format":false,"excerpt":"Karla Zapata\/El Sol de Zacatecas. Zacatecas, Zac.- En Zacatecas la estad\u00edstica de personas desaparecidas ronda en las mil 200, de esta cifra cerca de 400 fueron localizadas y m\u00e1s de 670 siguen en calidad de desaparecidas, cerca de 300 podr\u00edan ser mujeres, aunque la cifra negra podr\u00eda incluso duplicarse, inform\u00f3\u2026","rel":"","context":"En &quot;CINTILLO&quot;","block_context":{"text":"CINTILLO","link":"http:\/\/www.grieta.org.mx\/index.php\/category\/cintillo\/"},"img":{"alt_text":"","src":"https:\/\/i0.wp.com\/www.grieta.org.mx\/wp-content\/uploads\/2019\/02\/1.jpg?resize=350%2C200","width":350,"height":200,"srcset":"https:\/\/i0.wp.com\/www.grieta.org.mx\/wp-content\/uploads\/2019\/02\/1.jpg?resize=350%2C200 1x, https:\/\/i0.wp.com\/www.grieta.org.mx\/wp-content\/uploads\/2019\/02\/1.jpg?resize=525%2C300 1.5x, https:\/\/i0.wp.com\/www.grieta.org.mx\/wp-content\/uploads\/2019\/02\/1.jpg?resize=700%2C400 2x"},"classes":[]},{"id":62421,"url":"http:\/\/www.grieta.org.mx\/index.php\/2021\/09\/23\/familias-zacatecanas-huyen-por-la-violencia-hacia-la-frontera-buscan-asilo-en-eu-zacatecas\/","url_meta":{"origin":27410,"position":5},"title":"Familias zacatecanas huyen por la violencia hacia la frontera. Buscan asilo en EU (Zacatecas)","author":"grieta","date":"23 septiembre, 2021","format":false,"excerpt":"La disputa que sostienen las organizaciones del crimen organizado en Zacatecas ha llevado a que los habitantes de algunas comunidades dejen atr\u00e1s sus hogares y se desplacen a comunidades aleda\u00f1as, en algunos casos, o que salgan de la entidad rumbo a Estados Unidos, donde han pedido asilo. Por Redacci\u00f3n\/SinEmbargo ,\u2026","rel":"","context":"En &quot;CINTILLO&quot;","block_context":{"text":"CINTILLO","link":"http:\/\/www.grieta.org.mx\/index.php\/category\/cintillo\/"},"img":{"alt_text":"","src":"https:\/\/i0.wp.com\/www.grieta.org.mx\/wp-content\/uploads\/2021\/10\/Captura-de-pantalla-2021-10-17-a-las-20.11.29.png?resize=350%2C200","width":350,"height":200,"srcset":"https:\/\/i0.wp.com\/www.grieta.org.mx\/wp-content\/uploads\/2021\/10\/Captura-de-pantalla-2021-10-17-a-las-20.11.29.png?resize=350%2C200 1x, https:\/\/i0.wp.com\/www.grieta.org.mx\/wp-content\/uploads\/2021\/10\/Captura-de-pantalla-2021-10-17-a-las-20.11.29.png?resize=525%2C300 1.5x, https:\/\/i0.wp.com\/www.grieta.org.mx\/wp-content\/uploads\/2021\/10\/Captura-de-pantalla-2021-10-17-a-las-20.11.29.png?resize=700%2C400 2x, https:\/\/i0.wp.com\/www.grieta.org.mx\/wp-content\/uploads\/2021\/10\/Captura-de-pantalla-2021-10-17-a-las-20.11.29.png?resize=1050%2C600 3x, https:\/\/i0.wp.com\/www.grieta.org.mx\/wp-content\/uploads\/2021\/10\/Captura-de-pantalla-2021-10-17-a-las-20.11.29.png?resize=1400%2C800 4x"},"classes":[]}],"_links":{"self":[{"href":"http:\/\/www.grieta.org.mx\/index.php\/wp-json\/wp\/v2\/posts\/27410","targetHints":{"allow":["GET"]}}],"collection":[{"href":"http:\/\/www.grieta.org.mx\/index.php\/wp-json\/wp\/v2\/posts"}],"about":[{"href":"http:\/\/www.grieta.org.mx\/index.php\/wp-json\/wp\/v2\/types\/post"}],"author":[{"embeddable":true,"href":"http:\/\/www.grieta.org.mx\/index.php\/wp-json\/wp\/v2\/users\/2"}],"replies":[{"embeddable":true,"href":"http:\/\/www.grieta.org.mx\/index.php\/wp-json\/wp\/v2\/comments?post=27410"}],"version-history":[{"count":1,"href":"http:\/\/www.grieta.org.mx\/index.php\/wp-json\/wp\/v2\/posts\/27410\/revisions"}],"predecessor-version":[{"id":27412,"href":"http:\/\/www.grieta.org.mx\/index.php\/wp-json\/wp\/v2\/posts\/27410\/revisions\/27412"}],"wp:featuredmedia":[{"embeddable":true,"href":"http:\/\/www.grieta.org.mx\/index.php\/wp-json\/wp\/v2\/media\/27411"}],"wp:attachment":[{"href":"http:\/\/www.grieta.org.mx\/index.php\/wp-json\/wp\/v2\/media?parent=27410"}],"wp:term":[{"taxonomy":"category","embeddable":true,"href":"http:\/\/www.grieta.org.mx\/index.php\/wp-json\/wp\/v2\/categories?post=27410"},{"taxonomy":"post_tag","embeddable":true,"href":"http:\/\/www.grieta.org.mx\/index.php\/wp-json\/wp\/v2\/tags?post=27410"}],"curies":[{"name":"wp","href":"https:\/\/api.w.org\/{rel}","templated":true}]}}