{"id":27304,"date":"2018-10-15T23:49:45","date_gmt":"2018-10-16T04:49:45","guid":{"rendered":"http:\/\/www.grieta.org.mx\/?p=27304"},"modified":"2018-10-22T00:11:45","modified_gmt":"2018-10-22T05:11:45","slug":"familias-de-desaparecidos-inician-busqueda-de-fosas-clandestinas","status":"publish","type":"post","link":"http:\/\/www.grieta.org.mx\/index.php\/2018\/10\/15\/familias-de-desaparecidos-inician-busqueda-de-fosas-clandestinas\/","title":{"rendered":"Familias de desaparecidos inician b\u00fasqueda de fosas clandestinas"},"content":{"rendered":"<p><img decoding=\"async\" data-attachment-id=\"27305\" data-permalink=\"http:\/\/www.grieta.org.mx\/index.php\/2018\/10\/15\/familias-de-desaparecidos-inician-busqueda-de-fosas-clandestinas\/fos\/\" data-orig-file=\"http:\/\/www.grieta.org.mx\/wp-content\/uploads\/2018\/10\/fos.jpg\" data-orig-size=\"800,350\" data-comments-opened=\"0\" data-image-meta=\"{&quot;aperture&quot;:&quot;0&quot;,&quot;credit&quot;:&quot;&quot;,&quot;camera&quot;:&quot;&quot;,&quot;caption&quot;:&quot;&quot;,&quot;created_timestamp&quot;:&quot;0&quot;,&quot;copyright&quot;:&quot;&quot;,&quot;focal_length&quot;:&quot;0&quot;,&quot;iso&quot;:&quot;0&quot;,&quot;shutter_speed&quot;:&quot;0&quot;,&quot;title&quot;:&quot;&quot;,&quot;orientation&quot;:&quot;0&quot;}\" data-image-title=\"fos\" data-image-description=\"\" data-image-caption=\"\" data-medium-file=\"http:\/\/www.grieta.org.mx\/wp-content\/uploads\/2018\/10\/fos-300x131.jpg\" data-large-file=\"http:\/\/www.grieta.org.mx\/wp-content\/uploads\/2018\/10\/fos.jpg\" src=\"http:\/\/www.grieta.org.mx\/wp-content\/uploads\/2018\/10\/fos-300x131.jpg\" alt=\"\" width=\"100%\" class=\"aligncenter size-medium wp-image-27305\" srcset=\"http:\/\/www.grieta.org.mx\/wp-content\/uploads\/2018\/10\/fos-300x131.jpg 300w, http:\/\/www.grieta.org.mx\/wp-content\/uploads\/2018\/10\/fos-768x336.jpg 768w, http:\/\/www.grieta.org.mx\/wp-content\/uploads\/2018\/10\/fos.jpg 800w\" sizes=\"(max-width: 300px) 100vw, 300px\" \/><\/p>\n<p>Familiares de seis personas desaparecidas en Colima, salieron ayer, a partir de las 7 de la ma\u00f1ana, a caminar por algunas brechas de Coquimatl\u00e1n, en busca de fosas clandestinas.<\/p>\n<p>Desde las 7 de la ma\u00f1ana de ayer, familiares de seis personas desaparecidas en Colima, salieron a caminar por algunas brechas del municipio de Coquimatl\u00e1n en busca de fosas clandestinas.<br \/>\nAs\u00ed se constituyeron como un comit\u00e9 independiente de b\u00fasqueda que intenta hacer la labor que, afirman, las autoridades estatales no han hecho.<\/p>\n<p>Adem\u00e1s, pretenden vincularse con colectivos de otros estados que tienen m\u00e1s experiencia, para recibir capacitaci\u00f3n.<br \/>\nCaminaron y buscaron durante casi 6 horas y aunque no encontraron algo que les d\u00e9 pista del paradero de sus familiares, acordaron seguirse reuniendo y convocar a otros.<\/p>\n<p>Esta es la primera vez que se organizan como colectivo para salir a buscar, lo hicieron sin protecci\u00f3n de las autoridades, pero esperan que en las siguientes ocasiones, la Fiscal\u00eda de Colima les brinde apoyo.<\/p>\n<p>Eva Verduzco, quien busca a su hermano David Verduzco, desaparecido en mayo de 2017, explic\u00f3 que eligieron la zona despu\u00e9s de recibir una llamada an\u00f3nima en la que se les informaba de la posible presencia de fosas clandestinas en esa zona.<\/p>\n<p>Seg\u00fan el Registro Nacional de Personas Extraviadas y Desaparecidas, en Colima hay casi 600 personas cuyo paradero se desconoce; pese a ello, la fiscal\u00eda del estado s\u00f3lo tiene asignado seis agentes ministeriales para su localizaci\u00f3n. <\/p>\n<p>Tambi\u00e9n planean viajar a Guadalajara para tratar de localizara sus familiares entre los cuerpos de personas no identificadas del Instituto Jalisciense de Ciencias Forenses y cuya crisis sobre el manejo de cad\u00e1veres se hizo evidente cuando se revel\u00f3 que los apilaban en dos cajas e tr\u00e1ilers con refrigeraci\u00f3n. <\/p>\n<p><a href=\"http:\/\/diariodecolima.com\/noticias\/detalle\/2018-10-15-familias-de-desaparecidos-inician-bsqueda-de-fosas-clandestinas\" rel=\"noopener\" target=\"_blank\">http:\/\/diariodecolima.com\/noticias\/detalle\/2018-10-15-familias-de-desaparecidos-inician-bsqueda-de-fosas-clandestinas<\/a><\/p>\n","protected":false},"excerpt":{"rendered":"<p>Familiares de seis personas desaparecidas en Colima, salieron ayer, a partir de las 7 de la ma\u00f1ana, a caminar por algunas brechas de Coquimatl\u00e1n, en busca de fosas clandestinas. Desde &hellip; <a href=\"http:\/\/www.grieta.org.mx\/index.php\/2018\/10\/15\/familias-de-desaparecidos-inician-busqueda-de-fosas-clandestinas\/\" class=\"more-link\">Leer m\u00e1s<\/a><\/p>\n","protected":false},"author":2,"featured_media":27305,"comment_status":"closed","ping_status":"closed","sticky":false,"template":"","format":"standard","meta":{"ngg_post_thumbnail":0,"_jetpack_newsletter_access":"","_jetpack_dont_email_post_to_subs":false,"_jetpack_newsletter_tier_id":0,"_jetpack_memberships_contains_paywalled_content":false,"_jetpack_memberships_contains_paid_content":false,"footnotes":""},"categories":[80,108,13,87,1829,2,83],"tags":[1828],"class_list":{"0":"post-27304","1":"post","2":"type-post","3":"status-publish","4":"format-standard","5":"has-post-thumbnail","6":"hentry","7":"category-cintillo","8":"category-colima","10":"category-desaparecidos","11":"category-desaparecidos-en-colima","12":"category-noticias-nacionales","13":"category-temas-nacionales","14":"tag-busqueda-de-desaparecidos","15":"entry"},"jetpack_featured_media_url":"http:\/\/www.grieta.org.mx\/wp-content\/uploads\/2018\/10\/fos.jpg","jetpack_sharing_enabled":true,"jetpack_shortlink":"https:\/\/wp.me\/p7ZJR4-76o","jetpack_likes_enabled":false,"jetpack-related-posts":[{"id":65689,"url":"http:\/\/www.grieta.org.mx\/index.php\/2022\/11\/11\/falta-establecer-mecanismos-para-identificar-a-cuerpos-encontrados-en-fosas-colectivo-solidarios-de-busqueda-de-persona-desaparecidas-colima\/","url_meta":{"origin":27304,"position":0},"title":"Falta establecer mecanismos para identificar a cuerpos encontrados en fosas, colectivo Solidarios de B\u00fasqueda de Persona Desaparecidas (Colima)","author":"grieta","date":"11 noviembre, 2022","format":false,"excerpt":"Imagen: El Comentario de Colima Yensuni L\u00f3pez Aldape \/ El Comentario de Colima Candelaria Huerta Pizano, representante en el estado del colectivo\u00a0Solidarios de B\u00fasqueda de Persona Desaparecidas, inform\u00f3 que se sigue trabajando en la elaboraci\u00f3n de fichas informativas y de campo para encontrar a sus familiares, y a la par\u2026","rel":"","context":"En &quot;CINTILLO&quot;","block_context":{"text":"CINTILLO","link":"http:\/\/www.grieta.org.mx\/index.php\/category\/cintillo\/"},"img":{"alt_text":"","src":"https:\/\/i0.wp.com\/www.grieta.org.mx\/wp-content\/uploads\/2022\/11\/LOCAL-2-5-780x470-1.jpg?resize=350%2C200","width":350,"height":200,"srcset":"https:\/\/i0.wp.com\/www.grieta.org.mx\/wp-content\/uploads\/2022\/11\/LOCAL-2-5-780x470-1.jpg?resize=350%2C200 1x, https:\/\/i0.wp.com\/www.grieta.org.mx\/wp-content\/uploads\/2022\/11\/LOCAL-2-5-780x470-1.jpg?resize=525%2C300 1.5x, https:\/\/i0.wp.com\/www.grieta.org.mx\/wp-content\/uploads\/2022\/11\/LOCAL-2-5-780x470-1.jpg?resize=700%2C400 2x"},"classes":[]},{"id":65142,"url":"http:\/\/www.grieta.org.mx\/index.php\/2022\/09\/05\/tecoman-el-municipio-con-mas-fosas-clandestinas-en-el-pais-colima\/","url_meta":{"origin":27304,"position":1},"title":"Tecom\u00e1n, el municipio con m\u00e1s fosas clandestinas en el pa\u00eds (Colima)","author":"grieta","date":"5 septiembre, 2022","format":false,"excerpt":"Imagen: Diario Avanzada Redacci\u00f3n \/ Diario Avanzada Colima, M\u00e9xico, Avanzada (05\/09\/2022).- Este fin de semana, la Fiscal\u00eda General del Estado reconoci\u00f3 la localizaci\u00f3n de seis cuerpos sin vida y restos humanos en fosas clandestinas en la comunidad de Caleras,\u00a0en el municipio de Tecom\u00e1n. Unos meses antes,\u00a0en Tecolapa, en el mismo\u2026","rel":"","context":"En &quot;CINTILLO&quot;","block_context":{"text":"CINTILLO","link":"http:\/\/www.grieta.org.mx\/index.php\/category\/cintillo\/"},"img":{"alt_text":"","src":"https:\/\/i0.wp.com\/www.grieta.org.mx\/wp-content\/uploads\/2022\/09\/Fosas-Clandestinas.jpg?resize=350%2C200","width":350,"height":200,"srcset":"https:\/\/i0.wp.com\/www.grieta.org.mx\/wp-content\/uploads\/2022\/09\/Fosas-Clandestinas.jpg?resize=350%2C200 1x, https:\/\/i0.wp.com\/www.grieta.org.mx\/wp-content\/uploads\/2022\/09\/Fosas-Clandestinas.jpg?resize=525%2C300 1.5x, https:\/\/i0.wp.com\/www.grieta.org.mx\/wp-content\/uploads\/2022\/09\/Fosas-Clandestinas.jpg?resize=700%2C400 2x"},"classes":[]},{"id":66049,"url":"http:\/\/www.grieta.org.mx\/index.php\/2022\/12\/30\/colima-cierra-2022-con-117-cadaveres-localizados-en-fosas-clandestinas\/","url_meta":{"origin":27304,"position":2},"title":"Colima cierra 2022 con 117 cad\u00e1veres localizados en fosas clandestinas","author":"grieta","date":"30 diciembre, 2022","format":false,"excerpt":"Imagen: Diario Avanzada Redacci\u00f3n \/ Diario Avanzada Colima, M\u00e9xico, Avanzada (30\/12\/2022).- Durante 2022 en el estado de Colima fueron encontrados los cuerpos y restos de 117 personas en el interior de 97 fosas clandestinas, de acuerdo con informaci\u00f3n oficial. El pasado 15 de diciembre, Francisco Javier Almaz\u00e1n Torres, vocero de\u2026","rel":"","context":"En &quot;CINTILLO&quot;","block_context":{"text":"CINTILLO","link":"http:\/\/www.grieta.org.mx\/index.php\/category\/cintillo\/"},"img":{"alt_text":"","src":"https:\/\/i0.wp.com\/www.grieta.org.mx\/wp-content\/uploads\/2023\/01\/Fosas-clandestinas-Colima.jpg?resize=350%2C200","width":350,"height":200,"srcset":"https:\/\/i0.wp.com\/www.grieta.org.mx\/wp-content\/uploads\/2023\/01\/Fosas-clandestinas-Colima.jpg?resize=350%2C200 1x, https:\/\/i0.wp.com\/www.grieta.org.mx\/wp-content\/uploads\/2023\/01\/Fosas-clandestinas-Colima.jpg?resize=525%2C300 1.5x, https:\/\/i0.wp.com\/www.grieta.org.mx\/wp-content\/uploads\/2023\/01\/Fosas-clandestinas-Colima.jpg?resize=700%2C400 2x"},"classes":[]},{"id":65573,"url":"http:\/\/www.grieta.org.mx\/index.php\/2022\/10\/17\/localizaron-69-fosas-clandestinas-con-70-cuerpos-y-10-restos-oseos-colima\/","url_meta":{"origin":27304,"position":3},"title":"Localizaron 69 fosas clandestinas con 70 cuerpos y 10 restos \u00f3seos (Colima)","author":"grieta","date":"17 octubre, 2022","format":false,"excerpt":"Imagen: Diario Avanzada Heidi de Le\u00f3n Guti\u00e9rrez \/ Diario Avanzada Colima, M\u00e9xico, Avanzada (17\/10\/2022).- En lo que va de este a\u00f1o, 70 cuerpos fueron localizados en fosas clandestinas en la entidad, principalmente en el municipio de Tecom\u00e1n y Manzanillo. Los datos oficiales revelan que entre enero y el pasado mes\u2026","rel":"","context":"En &quot;CINTILLO&quot;","block_context":{"text":"CINTILLO","link":"http:\/\/www.grieta.org.mx\/index.php\/category\/cintillo\/"},"img":{"alt_text":"","src":"https:\/\/i0.wp.com\/www.grieta.org.mx\/wp-content\/uploads\/2022\/10\/Fosas-Clandestinas.jpg?resize=350%2C200","width":350,"height":200,"srcset":"https:\/\/i0.wp.com\/www.grieta.org.mx\/wp-content\/uploads\/2022\/10\/Fosas-Clandestinas.jpg?resize=350%2C200 1x, https:\/\/i0.wp.com\/www.grieta.org.mx\/wp-content\/uploads\/2022\/10\/Fosas-Clandestinas.jpg?resize=525%2C300 1.5x, https:\/\/i0.wp.com\/www.grieta.org.mx\/wp-content\/uploads\/2022\/10\/Fosas-Clandestinas.jpg?resize=700%2C400 2x"},"classes":[]},{"id":35285,"url":"http:\/\/www.grieta.org.mx\/index.php\/2019\/06\/18\/colima-ha-hallado-90-fosas-clandestinas-en-lo-que-va-del-ano\/","url_meta":{"origin":27304,"position":4},"title":"Colima ha hallado 90 fosas clandestinas en lo que va del a\u00f1o","author":"grieta","date":"18 junio, 2019","format":false,"excerpt":"Se contabilizan 593 personas no localizadas en el estado, n\u00famero que podr\u00eda aumentar debido a que, en muchos de los casos, los familiares decidieron no interponer una denuncia por desaparici\u00f3n ante la Fiscal\u00eda del Estado Noticieros Televisa| COLIMA, M\u00e9xico | 18 de junio de 2019 En lo que va del\u2026","rel":"","context":"En &quot;CINTILLO&quot;","block_context":{"text":"CINTILLO","link":"http:\/\/www.grieta.org.mx\/index.php\/category\/cintillo\/"},"img":{"alt_text":"","src":"https:\/\/i0.wp.com\/www.grieta.org.mx\/wp-content\/uploads\/2019\/06\/colima-ha-hallado-90-fosas-clandestinas-en-lo-que-va-del-anofiscalia-colima.jpg?resize=350%2C200","width":350,"height":200,"srcset":"https:\/\/i0.wp.com\/www.grieta.org.mx\/wp-content\/uploads\/2019\/06\/colima-ha-hallado-90-fosas-clandestinas-en-lo-que-va-del-anofiscalia-colima.jpg?resize=350%2C200 1x, https:\/\/i0.wp.com\/www.grieta.org.mx\/wp-content\/uploads\/2019\/06\/colima-ha-hallado-90-fosas-clandestinas-en-lo-que-va-del-anofiscalia-colima.jpg?resize=525%2C300 1.5x, https:\/\/i0.wp.com\/www.grieta.org.mx\/wp-content\/uploads\/2019\/06\/colima-ha-hallado-90-fosas-clandestinas-en-lo-que-va-del-anofiscalia-colima.jpg?resize=700%2C400 2x"},"classes":[]},{"id":68482,"url":"http:\/\/www.grieta.org.mx\/index.php\/2024\/02\/08\/colectivos-de-busqueda-de-personas-mencionan-que-autoridades-no-han-dado-informacion-sobre-fosas-clandestinas-en-ixtlahuacan-colima\/","url_meta":{"origin":27304,"position":5},"title":"Colectivos de b\u00fasqueda de personas mencionan que autoridades no han dado informaci\u00f3n sobre fosas clandestinas en Ixtlahuac\u00e1n (Colima)","author":"grieta","date":"8 febrero, 2024","format":false,"excerpt":"Imagen: Diario Avanzada Heidi de Le\u00f3n Guti\u00e9rrez \/ Diario Avanzada Compartir: FacebookTwitterMessengerWhatsAppTelegramCompartir Colima, M\u00e9xico, Avanzada (08\/02\/2024).- Las autoridades federales y locales no han emitido ninguna informaci\u00f3n sobre el operativo que se llev\u00f3 a cabo en la poblaci\u00f3n de Agua de la Virgen en Ixtlahuac\u00e1n a pesar de que ya transcurrieron\u2026","rel":"","context":"En &quot;CINTILLO&quot;","block_context":{"text":"CINTILLO","link":"http:\/\/www.grieta.org.mx\/index.php\/category\/cintillo\/"},"img":{"alt_text":"","src":"https:\/\/i0.wp.com\/www.grieta.org.mx\/wp-content\/uploads\/2024\/02\/fosas-clandestinas.jpeg?resize=350%2C200","width":350,"height":200,"srcset":"https:\/\/i0.wp.com\/www.grieta.org.mx\/wp-content\/uploads\/2024\/02\/fosas-clandestinas.jpeg?resize=350%2C200 1x, https:\/\/i0.wp.com\/www.grieta.org.mx\/wp-content\/uploads\/2024\/02\/fosas-clandestinas.jpeg?resize=525%2C300 1.5x"},"classes":[]}],"_links":{"self":[{"href":"http:\/\/www.grieta.org.mx\/index.php\/wp-json\/wp\/v2\/posts\/27304","targetHints":{"allow":["GET"]}}],"collection":[{"href":"http:\/\/www.grieta.org.mx\/index.php\/wp-json\/wp\/v2\/posts"}],"about":[{"href":"http:\/\/www.grieta.org.mx\/index.php\/wp-json\/wp\/v2\/types\/post"}],"author":[{"embeddable":true,"href":"http:\/\/www.grieta.org.mx\/index.php\/wp-json\/wp\/v2\/users\/2"}],"replies":[{"embeddable":true,"href":"http:\/\/www.grieta.org.mx\/index.php\/wp-json\/wp\/v2\/comments?post=27304"}],"version-history":[{"count":1,"href":"http:\/\/www.grieta.org.mx\/index.php\/wp-json\/wp\/v2\/posts\/27304\/revisions"}],"predecessor-version":[{"id":27306,"href":"http:\/\/www.grieta.org.mx\/index.php\/wp-json\/wp\/v2\/posts\/27304\/revisions\/27306"}],"wp:featuredmedia":[{"embeddable":true,"href":"http:\/\/www.grieta.org.mx\/index.php\/wp-json\/wp\/v2\/media\/27305"}],"wp:attachment":[{"href":"http:\/\/www.grieta.org.mx\/index.php\/wp-json\/wp\/v2\/media?parent=27304"}],"wp:term":[{"taxonomy":"category","embeddable":true,"href":"http:\/\/www.grieta.org.mx\/index.php\/wp-json\/wp\/v2\/categories?post=27304"},{"taxonomy":"post_tag","embeddable":true,"href":"http:\/\/www.grieta.org.mx\/index.php\/wp-json\/wp\/v2\/tags?post=27304"}],"curies":[{"name":"wp","href":"https:\/\/api.w.org\/{rel}","templated":true}]}}