{"id":27293,"date":"2018-10-15T23:22:13","date_gmt":"2018-10-16T04:22:13","guid":{"rendered":"http:\/\/www.grieta.org.mx\/?p=27293"},"modified":"2018-10-21T23:27:59","modified_gmt":"2018-10-22T04:27:59","slug":"crece-el-feminicidio-en-guerrero-pese-al-gasto-para-combatirlo","status":"publish","type":"post","link":"http:\/\/www.grieta.org.mx\/index.php\/2018\/10\/15\/crece-el-feminicidio-en-guerrero-pese-al-gasto-para-combatirlo\/","title":{"rendered":"Crece el feminicidio en Guerrero, pese al gasto para combatirlo"},"content":{"rendered":"<p><img decoding=\"async\" data-attachment-id=\"27294\" data-permalink=\"http:\/\/www.grieta.org.mx\/index.php\/2018\/10\/15\/crece-el-feminicidio-en-guerrero-pese-al-gasto-para-combatirlo\/whatsapp-image-2018-10-15-at-3-01-27-pm\/\" data-orig-file=\"http:\/\/www.grieta.org.mx\/wp-content\/uploads\/2018\/10\/WhatsApp-Image-2018-10-15-at-3.01.27-PM.jpg\" data-orig-size=\"1280,960\" data-comments-opened=\"0\" data-image-meta=\"{&quot;aperture&quot;:&quot;0&quot;,&quot;credit&quot;:&quot;&quot;,&quot;camera&quot;:&quot;&quot;,&quot;caption&quot;:&quot;&quot;,&quot;created_timestamp&quot;:&quot;0&quot;,&quot;copyright&quot;:&quot;&quot;,&quot;focal_length&quot;:&quot;0&quot;,&quot;iso&quot;:&quot;0&quot;,&quot;shutter_speed&quot;:&quot;0&quot;,&quot;title&quot;:&quot;&quot;,&quot;orientation&quot;:&quot;0&quot;}\" data-image-title=\"WhatsApp-Image-2018-10-15-at-3.01.27-PM\" data-image-description=\"\" data-image-caption=\"\" data-medium-file=\"http:\/\/www.grieta.org.mx\/wp-content\/uploads\/2018\/10\/WhatsApp-Image-2018-10-15-at-3.01.27-PM-300x225.jpg\" data-large-file=\"http:\/\/www.grieta.org.mx\/wp-content\/uploads\/2018\/10\/WhatsApp-Image-2018-10-15-at-3.01.27-PM-1024x768.jpg\" src=\"http:\/\/www.grieta.org.mx\/wp-content\/uploads\/2018\/10\/WhatsApp-Image-2018-10-15-at-3.01.27-PM-300x225.jpg\" alt=\"\" width=\"100%\" class=\"aligncenter size-medium wp-image-27294\" srcset=\"http:\/\/www.grieta.org.mx\/wp-content\/uploads\/2018\/10\/WhatsApp-Image-2018-10-15-at-3.01.27-PM-300x225.jpg 300w, http:\/\/www.grieta.org.mx\/wp-content\/uploads\/2018\/10\/WhatsApp-Image-2018-10-15-at-3.01.27-PM-768x576.jpg 768w, http:\/\/www.grieta.org.mx\/wp-content\/uploads\/2018\/10\/WhatsApp-Image-2018-10-15-at-3.01.27-PM-1024x768.jpg 1024w, http:\/\/www.grieta.org.mx\/wp-content\/uploads\/2018\/10\/WhatsApp-Image-2018-10-15-at-3.01.27-PM-667x500.jpg 667w, http:\/\/www.grieta.org.mx\/wp-content\/uploads\/2018\/10\/WhatsApp-Image-2018-10-15-at-3.01.27-PM.jpg 1280w\" sizes=\"(max-width: 300px) 100vw, 300px\" \/><\/p>\n<p>POR EZEQUIEL FLORES CONTRERAS<\/p>\n<blockquote><p>CHILPANCINGO (apro).-  De enero a agosto de este a\u00f1o se registraron en el estado de Guerrero 193 asesinatos de mujeres, de los cuales 157 casos fueron catalogados como homicidio doloso y las autoridades ministeriales s\u00f3lo clasificaron 36 de estos cr\u00edmenes como feminicidios.<\/p><\/blockquote>\n<p>Guerrero ocupa el quinto lugar a nivel nacional en feminicidios y el puerto de Acapulco y Chilpancingo destacan entre los cinco municipios m\u00e1s peligrosos para las mujeres en el pa\u00eds, indican cifras de informaci\u00f3n delictiva y de emergencias con perspectiva de g\u00e9nero del Secretariado Ejecutivo del Sistema Nacional de Seguridad P\u00fablica, que depende de la Secretar\u00eda de Gobernaci\u00f3n (Segob).<\/p>\n<p>En Chilpancingo y Acapulco se han documentado nueve y ocho feminicidios respectivamente, indica el reporte federal.<\/p>\n<p>En contraste, el gobierno de H\u00e9ctor Astudillo Flores dijo en su tercer informe que ha destinado 64.7 millones de pesos para gasto burocr\u00e1tico, pago de conferencias y la creaci\u00f3n de un Banco Estatal de Datos como parte de su estrategia para \u201cprevenir y erradicar\u201d la violencia de g\u00e9nero, as\u00ed como \u201cgarantizar\u201d el acceso a la justicia de las mujeres.<\/p>\n<p>El reporte estatal indica que este a\u00f1o la Federaci\u00f3n destin\u00f3 56.2 millones del Fondo de Aportaciones para la Seguridad P\u00fablica (FASP), los que supuestamente se aplicaron en los subprogramas de acceso a la justicia para las mujeres; profesionalizaci\u00f3n, implementaci\u00f3n y desarrollo del sistema de justicia penal; fortalecimiento de \u00f3rganos especializados en mecanismos alternativos de soluci\u00f3n de controversias en materia penal, y en las unidades de atenci\u00f3n temprana, prevenci\u00f3n de delitos de alto impacto y especializaci\u00f3n de las instancias responsables de la b\u00fasqueda de personas, entre otros.<\/p>\n<p>El gobierno estatal afirma que estos recursos \u201csirvieron para capacitar\u201d a servidores p\u00fablicos de la Fiscal\u00eda, as\u00ed como para la adquisici\u00f3n de vestuario y uniformes, mobiliario, veh\u00edculos y equipos de c\u00f3mputo, materiales, accesorios y suministros de laboratorio e instrumental m\u00e9dico, licencias inform\u00e1ticas e intelectuales, adem\u00e1s de la construcci\u00f3n del edificio de la subsede en Acapulco de la Unidad Antisecuestro.<\/p>\n<p>La Comisi\u00f3n Nacional para Prevenir y Erradicar la Violencia Contra Las Mujeres (Conavim) destin\u00f3 3.3 millones para equipar, capacitar y evaluar la aplicaci\u00f3n de los protocolos de actuaci\u00f3n de las Fiscal\u00edas Especializadas en Delitos Sexuales y Violencia Familiar, Feminicidios, Desaparici\u00f3n Forzada y B\u00fasqueda de Personas Desaparecidas.<\/p>\n<p>Dentro del subprograma denominado Acceso a la Justicia para las Mujeres, se destinaron 1.2 millones para \u201cel mantenimiento y reparaci\u00f3n\u201d de las instalaciones del Centro de Justicia de Chilpancingo, as\u00ed como la elaboraci\u00f3n del manual de operaciones.<\/p>\n<p>Se destinaron cuatro millones para atender la declaratoria de alerta de g\u00e9nero, as\u00ed como realizar cursos de capacitaci\u00f3n, equipamiento, adquisici\u00f3n de uniformes, mobiliario y equipo de administraci\u00f3n, instrumental m\u00e9dico y de laboratorio para las Fiscal\u00edas Especializadas de Delitos Sexuales y Violencia Familiar y la de Feminicidios.<\/p>\n<p>Tambi\u00e9n el gobierno inform\u00f3 que \u201cse puso en funcionamiento\u201d el Banco Estatal de Datos, el cual supuestamente registra los casos de violencia para \u201canalizar e implementar  pol\u00edticas p\u00fablicas en beneficio de mujeres\u201d.<\/p>\n<p>No obstante, se desconoce el monto de la inversi\u00f3n en este rubro espec\u00edfico, as\u00ed como el lugar donde se encuentra y qui\u00e9n dirige esta base de datos.<\/p>\n<p>El informe oficial destaca una serie de programas y mecanismos burocr\u00e1ticos para tratar de revertir la ola de violencia contra las mujeres en la entidad, pero omite decir que Guerrero ocup\u00f3 este a\u00f1o el quinto lugar a nivel nacional en feminicidios.<\/p>\n<p>Rezago general<\/p>\n<p>La Fiscal\u00eda General del Estado (FGE), mantiene un 90 por ciento de rezago en los tr\u00e1mites de carpetas de investigaci\u00f3n de delitos del fuero com\u00fan, de acuerdo con reportes oficiales del tercer informe del Ejecutivo que fue enviado esta semana al Congreso local.<\/p>\n<p>En tres a\u00f1os, la Fiscal\u00eda ha integrado 21 mil 41 carpetas de investigaci\u00f3n dentro del nuevo sistema de justicia penal acusatorio, de las cuales se han judicializado s\u00f3lo 605 expedientes.<\/p>\n<p>El informe oficial agrega que 2 mil 312 expedientes se enviaron \u201cal archivo temporal o definitivo\u201d y de 164 \u00f3rdenes de aprehensi\u00f3n solicitadas, los jueces s\u00f3lo autorizaron 156 porque el resto fue mal integrado. Esto significa que 18 mil 124 expedientes a la fecha siguen en tr\u00e1mite de integraci\u00f3n.<\/p>\n<p>En el sistema de justicia penal tradicional el rezago es a\u00fan mayor, porque 27 mil 583 averiguaciones previas todav\u00eda se encuentran en tr\u00e1mite.<\/p>\n<p>Es decir, a la fecha hay 45 mil 707 expedientes rezagados en las oficinas del Ministerio P\u00fablico del fuero com\u00fan, a partir de delitos denunciados por v\u00edctimas ante la fiscal\u00eda estatal.<\/p>\n<p><a href=\"https:\/\/www.proceso.com.mx\/555415\/crece-el-feminicidio-en-guerrero-pese-al-gasto-para-combatirlo\" rel=\"noopener\" target=\"_blank\">https:\/\/www.proceso.com.mx\/555415\/crece-el-feminicidio-en-guerrero-pese-al-gasto-para-combatirlo<\/a><\/p>\n","protected":false},"excerpt":{"rendered":"<p>POR EZEQUIEL FLORES CONTRERAS CHILPANCINGO (apro).- De enero a agosto de este a\u00f1o se registraron en el estado de Guerrero 193 asesinatos de mujeres, de los cuales 157 casos fueron &hellip; <a href=\"http:\/\/www.grieta.org.mx\/index.php\/2018\/10\/15\/crece-el-feminicidio-en-guerrero-pese-al-gasto-para-combatirlo\/\" class=\"more-link\">Leer m\u00e1s<\/a><\/p>\n","protected":false},"author":2,"featured_media":27294,"comment_status":"closed","ping_status":"closed","sticky":false,"template":"","format":"standard","meta":{"ngg_post_thumbnail":0,"_jetpack_newsletter_access":"","_jetpack_dont_email_post_to_subs":false,"_jetpack_newsletter_tier_id":0,"_jetpack_memberships_contains_paywalled_content":false,"_jetpack_memberships_contains_paid_content":false,"footnotes":""},"categories":[80,367,1130,18,320,2,83],"tags":[327],"class_list":{"0":"post-27293","1":"post","2":"type-post","3":"status-publish","4":"format-standard","5":"has-post-thumbnail","6":"hentry","7":"category-cintillo","8":"category-feminicidios-analisis","9":"category-feminicidios-en-guerrero","10":"category-guerrero","12":"category-noticias-nacionales","13":"category-temas-nacionales","14":"tag-femicidios","15":"entry"},"jetpack_featured_media_url":"http:\/\/www.grieta.org.mx\/wp-content\/uploads\/2018\/10\/WhatsApp-Image-2018-10-15-at-3.01.27-PM.jpg","jetpack_sharing_enabled":true,"jetpack_shortlink":"https:\/\/wp.me\/p7ZJR4-76d","jetpack_likes_enabled":false,"jetpack-related-posts":[{"id":30387,"url":"http:\/\/www.grieta.org.mx\/index.php\/2019\/03\/08\/feministas-y-defensoras-de-derechos-humanos-marchan-en-guerrero-contra-feminicidios\/","url_meta":{"origin":27293,"position":0},"title":"Feministas y defensoras de derechos humanos marchan en Guerrero contra feminicidios","author":"grieta","date":"8 marzo, 2019","format":false,"excerpt":"Carlos Navarrete Romero \/ El Heraldo de M\u00e9xico Para exigir justicia por todas las mujeres asesinadas y frenar la violencia feminicida que padece la entidad, feministas, acad\u00e9micas y defensoras de derechos humanos, marchan en la ciudad de Chilpancingo, Guerrero. La movilizaci\u00f3n comenz\u00f3 a las 11:30 horas de este viernes en\u2026","rel":"","context":"En &quot;CINTILLO&quot;","block_context":{"text":"CINTILLO","link":"http:\/\/www.grieta.org.mx\/index.php\/category\/cintillo\/"},"img":{"alt_text":"","src":"https:\/\/i0.wp.com\/www.grieta.org.mx\/wp-content\/uploads\/2019\/03\/marcha_guerrero_mujeres.jpg?resize=350%2C200","width":350,"height":200,"srcset":"https:\/\/i0.wp.com\/www.grieta.org.mx\/wp-content\/uploads\/2019\/03\/marcha_guerrero_mujeres.jpg?resize=350%2C200 1x, https:\/\/i0.wp.com\/www.grieta.org.mx\/wp-content\/uploads\/2019\/03\/marcha_guerrero_mujeres.jpg?resize=525%2C300 1.5x"},"classes":[]},{"id":9352,"url":"http:\/\/www.grieta.org.mx\/index.php\/2016\/07\/08\/feminicidios-en-guerrero-2\/","url_meta":{"origin":27293,"position":1},"title":"Feminicidios en Guerrero","author":"grieta","date":"8 julio, 2016","format":false,"excerpt":"02\/07\/16. Guerrero, donde m\u00e1s asesinan a mujeres de entre 15 y 30 a\u00f1os; exigen activar Alerta de G\u00e9nero 24 Horas 01\/07\/16. En Guerrero la mayor tasa de feminicidios del pa\u00eds: ONU Bajo Palabra 01\/07\/16. Guerrero, primer lugar nacional en asesinatos de mujeres Regeneraci\u00f3n 09\/06\/16. Vinculan asesinatos de mujeres al narco\u2026","rel":"","context":"En &quot;Feminicidios&quot;","block_context":{"text":"Feminicidios","link":"http:\/\/www.grieta.org.mx\/index.php\/category\/temas-nacionales\/feminicidios\/"},"img":{"alt_text":"","src":"https:\/\/i0.wp.com\/www.grieta.org.mx\/wp-content\/uploads\/2018\/03\/14524434_1106112876131411_958039263622046936_o.jpg?resize=350%2C200","width":350,"height":200,"srcset":"https:\/\/i0.wp.com\/www.grieta.org.mx\/wp-content\/uploads\/2018\/03\/14524434_1106112876131411_958039263622046936_o.jpg?resize=350%2C200 1x, https:\/\/i0.wp.com\/www.grieta.org.mx\/wp-content\/uploads\/2018\/03\/14524434_1106112876131411_958039263622046936_o.jpg?resize=525%2C300 1.5x, https:\/\/i0.wp.com\/www.grieta.org.mx\/wp-content\/uploads\/2018\/03\/14524434_1106112876131411_958039263622046936_o.jpg?resize=700%2C400 2x"},"classes":[]},{"id":9295,"url":"http:\/\/www.grieta.org.mx\/index.php\/2015\/08\/27\/feminicidios-en-guerrero-similares-a-paises-en-guerra\/","url_meta":{"origin":27293,"position":2},"title":"Feminicidios en Guerrero similares a pa\u00edses en guerra","author":"grieta","date":"27 agosto, 2015","format":false,"excerpt":"Rosario Garcia Orozco S\u00edntesis de Guerrero Rosa Icela Ojeda Rivera, esposa del gobernador, Rogelio Ortega Mart\u00ednez, reconoci\u00f3 que los \u00edndices de feminicidio en Guerrero se compara con los que registran pa\u00edses en Guerra. Inform\u00f3 que de acuerdo al cifras actualizadas, durante los \u00faltimos diez a\u00f1os se han registrado mil 293\u2026","rel":"","context":"En &quot;CINTILLO&quot;","block_context":{"text":"CINTILLO","link":"http:\/\/www.grieta.org.mx\/index.php\/category\/cintillo\/"},"img":{"alt_text":"","src":"https:\/\/i0.wp.com\/www.grieta.org.mx\/wp-content\/uploads\/2018\/03\/14524434_1106112876131411_958039263622046936_o.jpg?resize=350%2C200","width":350,"height":200,"srcset":"https:\/\/i0.wp.com\/www.grieta.org.mx\/wp-content\/uploads\/2018\/03\/14524434_1106112876131411_958039263622046936_o.jpg?resize=350%2C200 1x, https:\/\/i0.wp.com\/www.grieta.org.mx\/wp-content\/uploads\/2018\/03\/14524434_1106112876131411_958039263622046936_o.jpg?resize=525%2C300 1.5x, https:\/\/i0.wp.com\/www.grieta.org.mx\/wp-content\/uploads\/2018\/03\/14524434_1106112876131411_958039263622046936_o.jpg?resize=700%2C400 2x"},"classes":[]},{"id":45560,"url":"http:\/\/www.grieta.org.mx\/index.php\/2020\/02\/14\/guerrero-en-2019-de-190-mujeres-asesinadas-solo-16-casos-fueron-tipificados-como-feminicidio\/","url_meta":{"origin":27293,"position":3},"title":"Guerrero en 2019: de 190 mujeres asesinadas, solo 16 casos fueron tipificados como feminicidio","author":"Admin","date":"14 febrero, 2020","format":false,"excerpt":"Ezequiel Flores Contreras \/ Proceso CHILPANCINGO. Gro. (apro).- El a\u00f1o pasado se registraron 190 asesinatos de mujeres, de los cuales 174 fueron tipificados como homicidios dolosos y 16 como feminicidios, seg\u00fan cifras del Secretariado Ejecutivo Sistema Nacional de Seguridad P\u00fablica. De acuerdo al reporte de enero a diciembre de 2019\u2026","rel":"","context":"En &quot;CINTILLO&quot;","block_context":{"text":"CINTILLO","link":"http:\/\/www.grieta.org.mx\/index.php\/category\/cintillo\/"},"img":{"alt_text":"","src":"https:\/\/i0.wp.com\/www.grieta.org.mx\/wp-content\/uploads\/2020\/03\/52011635b4f0eb7f66-191016_topochico_04-1-870x522.jpg?resize=350%2C200","width":350,"height":200,"srcset":"https:\/\/i0.wp.com\/www.grieta.org.mx\/wp-content\/uploads\/2020\/03\/52011635b4f0eb7f66-191016_topochico_04-1-870x522.jpg?resize=350%2C200 1x, https:\/\/i0.wp.com\/www.grieta.org.mx\/wp-content\/uploads\/2020\/03\/52011635b4f0eb7f66-191016_topochico_04-1-870x522.jpg?resize=525%2C300 1.5x, https:\/\/i0.wp.com\/www.grieta.org.mx\/wp-content\/uploads\/2020\/03\/52011635b4f0eb7f66-191016_topochico_04-1-870x522.jpg?resize=700%2C400 2x"},"classes":[]},{"id":38967,"url":"http:\/\/www.grieta.org.mx\/index.php\/2019\/09\/04\/van-160-mujeres-asesinadas-en-guerrero-en-lo-que-va-de-2019\/","url_meta":{"origin":27293,"position":4},"title":"Van 160 mujeres asesinadas en Guerrero en lo que va de 2019","author":"Admin","date":"4 septiembre, 2019","format":false,"excerpt":"Eduardo Salgado S\u00e1nchez \/ Enfoque Al cerrar el segundo cuatrimestre de 2019, en Guerrero se han registrado 160 muertes de mujeres con presunci\u00f3n de feminicidios, de los cuales, la mayor\u00eda de los casos se han presentado en el puerto de Acapulco, lament\u00f3 Enrique Solano L\u00f3pez, secretario general de Hombres y\u2026","rel":"","context":"En &quot;CINTILLO&quot;","block_context":{"text":"CINTILLO","link":"http:\/\/www.grieta.org.mx\/index.php\/category\/cintillo\/"},"img":{"alt_text":"","src":"https:\/\/i0.wp.com\/www.grieta.org.mx\/wp-content\/uploads\/2019\/09\/Captura-de-pantalla-2019-09-09-09.45.34.png?resize=350%2C200","width":350,"height":200},"classes":[]},{"id":27722,"url":"http:\/\/www.grieta.org.mx\/index.php\/2018\/11\/20\/al-menos-213-mujeres-han-sido-asesinadas-en-2018-en-el-estado-de-guerrero\/","url_meta":{"origin":27293,"position":5},"title":"Al menos 213 mujeres han sido asesinadas en 2018 en el Estado de Guerrero","author":"grieta","date":"20 noviembre, 2018","format":false,"excerpt":"Redacci\u00f3n\/SOMOSELMEDIO Tlapa de Comonfort, Guerrero a 25 de noviembre de 2018.- Seg\u00fan cifras del Secretariado Ejecutivo del Sistema Nacional de Seguridad P\u00fablica de la Secretar\u00eda de Gobernaci\u00f3n (SEGOB), durante los \u00faltimos diez meses del 2018 en Guerrero se registraron 213 asesinatos de mujeres, de los que s\u00f3lo en 45 casos,\u2026","rel":"","context":"En &quot;CINTILLO&quot;","block_context":{"text":"CINTILLO","link":"http:\/\/www.grieta.org.mx\/index.php\/category\/cintillo\/"},"img":{"alt_text":"","src":"https:\/\/i0.wp.com\/www.grieta.org.mx\/wp-content\/uploads\/2018\/11\/35309075310_5b9058620e_o-1068x712.jpg?resize=350%2C200","width":350,"height":200,"srcset":"https:\/\/i0.wp.com\/www.grieta.org.mx\/wp-content\/uploads\/2018\/11\/35309075310_5b9058620e_o-1068x712.jpg?resize=350%2C200 1x, https:\/\/i0.wp.com\/www.grieta.org.mx\/wp-content\/uploads\/2018\/11\/35309075310_5b9058620e_o-1068x712.jpg?resize=525%2C300 1.5x, https:\/\/i0.wp.com\/www.grieta.org.mx\/wp-content\/uploads\/2018\/11\/35309075310_5b9058620e_o-1068x712.jpg?resize=700%2C400 2x, https:\/\/i0.wp.com\/www.grieta.org.mx\/wp-content\/uploads\/2018\/11\/35309075310_5b9058620e_o-1068x712.jpg?resize=1050%2C600 3x"},"classes":[]}],"_links":{"self":[{"href":"http:\/\/www.grieta.org.mx\/index.php\/wp-json\/wp\/v2\/posts\/27293","targetHints":{"allow":["GET"]}}],"collection":[{"href":"http:\/\/www.grieta.org.mx\/index.php\/wp-json\/wp\/v2\/posts"}],"about":[{"href":"http:\/\/www.grieta.org.mx\/index.php\/wp-json\/wp\/v2\/types\/post"}],"author":[{"embeddable":true,"href":"http:\/\/www.grieta.org.mx\/index.php\/wp-json\/wp\/v2\/users\/2"}],"replies":[{"embeddable":true,"href":"http:\/\/www.grieta.org.mx\/index.php\/wp-json\/wp\/v2\/comments?post=27293"}],"version-history":[{"count":1,"href":"http:\/\/www.grieta.org.mx\/index.php\/wp-json\/wp\/v2\/posts\/27293\/revisions"}],"predecessor-version":[{"id":27295,"href":"http:\/\/www.grieta.org.mx\/index.php\/wp-json\/wp\/v2\/posts\/27293\/revisions\/27295"}],"wp:featuredmedia":[{"embeddable":true,"href":"http:\/\/www.grieta.org.mx\/index.php\/wp-json\/wp\/v2\/media\/27294"}],"wp:attachment":[{"href":"http:\/\/www.grieta.org.mx\/index.php\/wp-json\/wp\/v2\/media?parent=27293"}],"wp:term":[{"taxonomy":"category","embeddable":true,"href":"http:\/\/www.grieta.org.mx\/index.php\/wp-json\/wp\/v2\/categories?post=27293"},{"taxonomy":"post_tag","embeddable":true,"href":"http:\/\/www.grieta.org.mx\/index.php\/wp-json\/wp\/v2\/tags?post=27293"}],"curies":[{"name":"wp","href":"https:\/\/api.w.org\/{rel}","templated":true}]}}