{"id":27235,"date":"2018-10-15T21:39:15","date_gmt":"2018-10-16T02:39:15","guid":{"rendered":"http:\/\/www.grieta.org.mx\/?p=27235"},"modified":"2018-10-16T21:43:45","modified_gmt":"2018-10-17T02:43:45","slug":"el-fpdt-denuncia-agresiones-en-asamblea-sobre-despojo-de-tierras-para-el-naim-estado-de-mexico","status":"publish","type":"post","link":"http:\/\/www.grieta.org.mx\/index.php\/2018\/10\/15\/el-fpdt-denuncia-agresiones-en-asamblea-sobre-despojo-de-tierras-para-el-naim-estado-de-mexico\/","title":{"rendered":"El FPDT denuncia agresiones en asamblea sobre despojo de tierras para el NAIM (Estado de M\u00e9xico)"},"content":{"rendered":"<p><img loading=\"lazy\" decoding=\"async\" data-attachment-id=\"27236\" data-permalink=\"http:\/\/www.grieta.org.mx\/index.php\/2018\/10\/15\/el-fpdt-denuncia-agresiones-en-asamblea-sobre-despojo-de-tierras-para-el-naim-estado-de-mexico\/b9d492627ee30cef51-_dsc7232_1_-c-1078x801\/\" data-orig-file=\"http:\/\/www.grieta.org.mx\/wp-content\/uploads\/2018\/10\/b9d492627ee30cef51-_dsc7232_1_-c-1078x801.jpg\" data-orig-size=\"1078,801\" data-comments-opened=\"0\" data-image-meta=\"{&quot;aperture&quot;:&quot;0&quot;,&quot;credit&quot;:&quot;&quot;,&quot;camera&quot;:&quot;&quot;,&quot;caption&quot;:&quot;&quot;,&quot;created_timestamp&quot;:&quot;0&quot;,&quot;copyright&quot;:&quot;&quot;,&quot;focal_length&quot;:&quot;0&quot;,&quot;iso&quot;:&quot;0&quot;,&quot;shutter_speed&quot;:&quot;0&quot;,&quot;title&quot;:&quot;&quot;,&quot;orientation&quot;:&quot;0&quot;}\" data-image-title=\"b9d492627ee30cef51-_dsc7232_1_-c-1078&amp;#215;801\" data-image-description=\"\" data-image-caption=\"\" data-medium-file=\"http:\/\/www.grieta.org.mx\/wp-content\/uploads\/2018\/10\/b9d492627ee30cef51-_dsc7232_1_-c-1078x801-300x223.jpg\" data-large-file=\"http:\/\/www.grieta.org.mx\/wp-content\/uploads\/2018\/10\/b9d492627ee30cef51-_dsc7232_1_-c-1078x801-1024x761.jpg\" src=\"http:\/\/www.grieta.org.mx\/wp-content\/uploads\/2018\/10\/b9d492627ee30cef51-_dsc7232_1_-c-1078x801-300x223.jpg\" alt=\"\" width=\"300\" height=\"223\" class=\"aligncenter size-medium wp-image-27236\" srcset=\"http:\/\/www.grieta.org.mx\/wp-content\/uploads\/2018\/10\/b9d492627ee30cef51-_dsc7232_1_-c-1078x801-300x223.jpg 300w, http:\/\/www.grieta.org.mx\/wp-content\/uploads\/2018\/10\/b9d492627ee30cef51-_dsc7232_1_-c-1078x801-768x571.jpg 768w, http:\/\/www.grieta.org.mx\/wp-content\/uploads\/2018\/10\/b9d492627ee30cef51-_dsc7232_1_-c-1078x801-1024x761.jpg 1024w, http:\/\/www.grieta.org.mx\/wp-content\/uploads\/2018\/10\/b9d492627ee30cef51-_dsc7232_1_-c-1078x801-673x500.jpg 673w, http:\/\/www.grieta.org.mx\/wp-content\/uploads\/2018\/10\/b9d492627ee30cef51-_dsc7232_1_-c-1078x801.jpg 1078w\" sizes=\"auto, (max-width: 300px) 100vw, 300px\" \/><\/p>\n<p>Veneranda Mendoza\/Proceso<\/p>\n<blockquote><p>TOLUCA, Edomex. (apro).- Integrantes del Frente de Pueblos en Defensa de la Tierra (FPDT) fueron golpeados durante una asamblea ejidal celebrada la tarde del pasado domingo, por demandar la destituci\u00f3n del presidente del comisariado, Alejandro Santiago L\u00f3pez, a quien acusan de facilitar el despojo de tierras para la construcci\u00f3n del Nuevo Aeropuerto Internacional de M\u00e9xico (NAIM).<\/p><\/blockquote>\n<p>Al menos 13 ejidatarios, incluidas tres mujeres, resultaron lesionados por un grupo de m\u00e1s de 30 golpeadores que supuestamente prestan sus servicios al presidente de la directiva, a quien se le conoce como <em>El Oaxaco<\/em> y se atribuye filiaci\u00f3n priista.<\/p>\n<p>Entre los presuntos golpeadores, el FPDT identific\u00f3 a Roberto Santiago L\u00f3pez, hermano de <em>El Oaxaco<\/em> y miembro activo de Seguridad P\u00fablica de Atenco; Marcelino Santiago L\u00f3pez, excomandante y tambi\u00e9n su hermano; y Luis Santiago Hern\u00e1ndez, hijo de Alejandro Santiago.<\/p>\n<p>El FPDT asegur\u00f3 que los golpeadores reventaron la asamblea ejidal cuando \u201cse encontraba en votaci\u00f3n para destituir al comisariado ejidal priista Alejandro Santiago, <em>El Oaxaco<\/em>\u201d, pues para ese momento se registraban 200 votos contra \u00e9ste \u201cpor traicionar al ejido\u201d.<\/p>\n<p>Al informe, celebrado dentro del auditorio del deportivo de San Salvador Atenco, asistieron 337 comuneros y representantes de la Procuradur\u00eda Agraria, encabezados por C\u00e9sar Fuentes Tovar.<\/p>\n<p>All\u00ed, los inconformes demandaron detallar qu\u00e9 terrenos quedaron dentro del pol\u00edgono del NAIM y en qu\u00e9 estado se encuentran las tierras de uso com\u00fan. Adem\u00e1s, pidieron desglosar la negociaci\u00f3n del cobro de peaje a los camiones que se dirigen hacia los terrenos donde se edifica el aeropuerto y dar a conocer los estados financieros.<\/p>\n<p>No obstante, ante la negativa de los campesinos para avalar el informe y la demanda de destituci\u00f3n, la directiva y la Procuradur\u00eda Agraria se apresuraron a concluir el ejercicio, abandonaron el sal\u00f3n.<\/p>\n<p>En ese momento irrumpieron los agresores, quienes adem\u00e1s arrebataron tel\u00e9fonos celulares con los que se grababan los hechos. Incluso, seg\u00fan lo refieren algunos testigos, detonaron armas de fuego.<\/p>\n<p>El Centro de Derechos Humanos Zeferino Ladrillero (CDHZL) advirti\u00f3 que Alejandro Santiago L\u00f3pez es conocido por lucrar con las tierras de los campesinos para la construcci\u00f3n del aeropuerto, adem\u00e1s de que result\u00f3 electo presidente en una asamblea con irregularidades y usa la intimidaci\u00f3n y los golpes para imponer su decisi\u00f3n.<\/p>\n<p>\u201cNo es la primera vez que en el pueblo de San Salvador Atenco se presentan agresiones contra los opositores al NAIM, adem\u00e1s de agresiones a los pueblos afectados por las obras complementarias a este megaproyecto\u201d, destac\u00f3 la organizaci\u00f3n a trav\u00e9s de un aviso de acci\u00f3n urgente.<\/p>\n<p>Bajo este contexto, el CDHZL realiz\u00f3 un en\u00e9rgico llamado a las autoridades involucradas a garantizar la integridad de los habitantes del municipio, a realizar una investigaci\u00f3n imparcial de los hechos y a detener los despojos de tierras para concretar el proyecto y sus ramificaciones.<\/p>\n<p>La organizaci\u00f3n Mexicanos Unidos se sum\u00f3 al repudio de los hechos y a la denuncia p\u00fablica de la agresi\u00f3n y enfatiz\u00f3 que las autoridades ah\u00ed reunidas, incluidos elementos de seguridad p\u00fablica municipal, permitieron al grupo de choque actuar libremente.<\/p>\n<p>\u201cHacemos responsables de este y los ataques que se sigan dando a las autoridades del Estado de M\u00e9xico y las federales empe\u00f1adas en construir el NAIM a costa de la vida de los vegetales, de los animales y de los seres humanos de las zonas aleda\u00f1as al lago y de todo el Valle de An\u00e1huac\u201d, destac\u00f3.<\/p>\n<p>Aunque los afectados presentaron denuncia ante la Fiscal\u00eda General de Justicia del Estado de M\u00e9xico (FGJEM), a la fecha prevalece hermetismo en torno al n\u00famero de carpeta levantada.<\/p>\n<p><a href=\"https:\/\/www.proceso.com.mx\/555504\/el-fpdt-denuncia-agresiones-en-asamblea-sobre-despojo-de-tierras-para-el-naim\">https:\/\/www.proceso.com.mx\/555504\/el-fpdt-denuncia-agresiones-en-asamblea-sobre-despojo-de-tierras-para-el-naim<\/a><\/p>\n","protected":false},"excerpt":{"rendered":"<p>Veneranda Mendoza\/Proceso TOLUCA, Edomex. (apro).- Integrantes del Frente de Pueblos en Defensa de la Tierra (FPDT) fueron golpeados durante una asamblea ejidal celebrada la tarde del pasado domingo, por demandar &hellip; <a href=\"http:\/\/www.grieta.org.mx\/index.php\/2018\/10\/15\/el-fpdt-denuncia-agresiones-en-asamblea-sobre-despojo-de-tierras-para-el-naim-estado-de-mexico\/\" class=\"more-link\">Leer m\u00e1s<\/a><\/p>\n","protected":false},"author":2,"featured_media":27236,"comment_status":"closed","ping_status":"closed","sticky":false,"template":"","format":"standard","meta":{"ngg_post_thumbnail":0,"_jetpack_newsletter_access":"","_jetpack_dont_email_post_to_subs":false,"_jetpack_newsletter_tier_id":0,"_jetpack_memberships_contains_paywalled_content":false,"_jetpack_memberships_contains_paid_content":false,"footnotes":""},"categories":[80,1077,16,3,2,167],"tags":[1633,130],"class_list":["post-27235","post","type-post","status-publish","format-standard","has-post-thumbnail","hentry","category-cintillo","category-conflictos-por-la-construccion-del-nuevo-aeropuerto-internacional-de-la-ciudad-de-mexico-naicm","category-estado-de-mexico","category-megaproyectos","category-noticias-nacionales","category-nuevo-aeropuerto-de-la-ciudad-de-mexico","tag-protestas-contra-el-nuevo-aeropuerto-internacional-de-la-ciudad-de-mexico","tag-represion","entry"],"jetpack_featured_media_url":"http:\/\/www.grieta.org.mx\/wp-content\/uploads\/2018\/10\/b9d492627ee30cef51-_dsc7232_1_-c-1078x801.jpg","jetpack_sharing_enabled":true,"jetpack_shortlink":"https:\/\/wp.me\/p7ZJR4-75h","jetpack_likes_enabled":false,"jetpack-related-posts":[{"id":25758,"url":"http:\/\/www.grieta.org.mx\/index.php\/2018\/08\/23\/tierra-si-aviones-no-la-exigencia-de-atenco-ante-consulta-por-el-naim\/","url_meta":{"origin":27235,"position":0},"title":"\u201cTierra s\u00ed, aviones no\u201d, la exigencia de Atenco ante consulta por el NAIM","author":"grieta","date":"23 agosto, 2018","format":false,"excerpt":"PROCESO CIUDAD DE M\u00c9XICO (apro).- Ejidatarios de Atenco se manifestaron en la capital, de nueva cuenta, para expresar su repudio al Nuevo Aeropuerto Internacional de M\u00e9xico (NAIM). ttps:\/\/www.proceso.com.mx\/548135\/tierra-si-aviones-no-la-exigencia-de-atenco-ante-consulta-por-el-naim","rel":"","context":"En &quot;CINTILLO&quot;","block_context":{"text":"CINTILLO","link":"http:\/\/www.grieta.org.mx\/index.php\/category\/cintillo\/"},"img":{"alt_text":"","src":"https:\/\/i0.wp.com\/www.grieta.org.mx\/wp-content\/uploads\/2018\/08\/230818-atenco-as1-1078x719.jpg?resize=350%2C200","width":350,"height":200,"srcset":"https:\/\/i0.wp.com\/www.grieta.org.mx\/wp-content\/uploads\/2018\/08\/230818-atenco-as1-1078x719.jpg?resize=350%2C200 1x, https:\/\/i0.wp.com\/www.grieta.org.mx\/wp-content\/uploads\/2018\/08\/230818-atenco-as1-1078x719.jpg?resize=525%2C300 1.5x, https:\/\/i0.wp.com\/www.grieta.org.mx\/wp-content\/uploads\/2018\/08\/230818-atenco-as1-1078x719.jpg?resize=700%2C400 2x, https:\/\/i0.wp.com\/www.grieta.org.mx\/wp-content\/uploads\/2018\/08\/230818-atenco-as1-1078x719.jpg?resize=1050%2C600 3x"},"classes":[]},{"id":27160,"url":"http:\/\/www.grieta.org.mx\/index.php\/2018\/10\/13\/interes-inmobiliario-el-verdadero-motor-del-nuevo-aeropuerto\/","url_meta":{"origin":27235,"position":1},"title":"Inter\u00e9s inmobiliario, el verdadero motor del nuevo aeropuerto (Estado de M\u00e9xico)","author":"grieta","date":"13 octubre, 2018","format":false,"excerpt":"Jenaro Villamil Hist\u00f3ricamente, detr\u00e1s de cada megadesarrollo erigido en M\u00e9xico subyace un turbio precedente de especulaci\u00f3n inmobiliaria, despojo de terrenos ejidales y todo tipo de violaciones a las leyes, entre ellas las ambientales. La corrupci\u00f3n de sucesivos gobiernos priistas y panistas, llevada a niveles ins\u00f3litos durante el de Enrique Pe\u00f1a\u2026","rel":"","context":"En &quot;CINTILLO&quot;","block_context":{"text":"CINTILLO","link":"http:\/\/www.grieta.org.mx\/index.php\/category\/cintillo\/"},"img":{"alt_text":"","src":"https:\/\/i0.wp.com\/www.grieta.org.mx\/wp-content\/uploads\/2018\/10\/maque-1078x659.jpg?resize=350%2C200","width":350,"height":200,"srcset":"https:\/\/i0.wp.com\/www.grieta.org.mx\/wp-content\/uploads\/2018\/10\/maque-1078x659.jpg?resize=350%2C200 1x, https:\/\/i0.wp.com\/www.grieta.org.mx\/wp-content\/uploads\/2018\/10\/maque-1078x659.jpg?resize=525%2C300 1.5x, https:\/\/i0.wp.com\/www.grieta.org.mx\/wp-content\/uploads\/2018\/10\/maque-1078x659.jpg?resize=700%2C400 2x, https:\/\/i0.wp.com\/www.grieta.org.mx\/wp-content\/uploads\/2018\/10\/maque-1078x659.jpg?resize=1050%2C600 3x"},"classes":[]},{"id":1053,"url":"http:\/\/www.grieta.org.mx\/index.php\/2016\/08\/22\/despojo-de-tierra-por-nuevo-aeropuerto-en-el-edomex\/","url_meta":{"origin":27235,"position":2},"title":"Despojo de tierra por nuevo aeropuerto en el Edomex","author":"grieta","date":"22 agosto, 2016","format":false,"excerpt":"22\/08\/16. Exigen destituir al comisariado de Tocuila por desalojo contra FPDTRegeneraci\u00f3n 19\/08\/16. Grupo de choque desmantela plant\u00f3n de ejidatarios del FPDT en TocuilaReporteros en Movimiento 19\/08\/16. Golpeadores agreden a pedradas a reporteros en la zona del conflicto en el ejido de TocuilaReporteros en Movimiento 19\/08\/16. Agreden golpeadores a ejidatarios en\u2026","rel":"","context":"En &quot;Estado de M\u00e9xico&quot;","block_context":{"text":"Estado de M\u00e9xico","link":"http:\/\/www.grieta.org.mx\/index.php\/category\/noticias-nacionales\/estado-de-mexico\/"},"img":{"alt_text":"","src":"https:\/\/i0.wp.com\/www.grieta.org.mx\/wp-content\/uploads\/2018\/03\/14524434_1106112876131411_958039263622046936_o.jpg?resize=350%2C200","width":350,"height":200,"srcset":"https:\/\/i0.wp.com\/www.grieta.org.mx\/wp-content\/uploads\/2018\/03\/14524434_1106112876131411_958039263622046936_o.jpg?resize=350%2C200 1x, https:\/\/i0.wp.com\/www.grieta.org.mx\/wp-content\/uploads\/2018\/03\/14524434_1106112876131411_958039263622046936_o.jpg?resize=525%2C300 1.5x, https:\/\/i0.wp.com\/www.grieta.org.mx\/wp-content\/uploads\/2018\/03\/14524434_1106112876131411_958039263622046936_o.jpg?resize=700%2C400 2x"},"classes":[]},{"id":20225,"url":"http:\/\/www.grieta.org.mx\/index.php\/2016\/08\/22\/exigen-destituir-al-comisariado-de-tocuila-por-desalojo-contra-fpdt\/","url_meta":{"origin":27235,"position":3},"title":"Exigen destituir al comisariado de Tocuila por desalojo contra FPDT","author":"grieta","date":"22 agosto, 2016","format":false,"excerpt":"Integrantes del Frente de Pueblos en Defensa de la Tierra (FPDT) demandaron la destituci\u00f3n del presidente del comisariado ejidal, Humberto Lizalde, a quien responsabilizan de haber encabezado a un grupo de golpeadores que desalojaron el campamento de campesinos opositores a las obras del nuevo Aeropuerto Internacional de la Ciudad de\u2026","rel":"","context":"En &quot;CINTILLO&quot;","block_context":{"text":"CINTILLO","link":"http:\/\/www.grieta.org.mx\/index.php\/category\/cintillo\/"},"img":{"alt_text":"","src":"https:\/\/i0.wp.com\/www.grieta.org.mx\/wp-content\/uploads\/2018\/03\/14524434_1106112876131411_958039263622046936_o.jpg?resize=350%2C200","width":350,"height":200,"srcset":"https:\/\/i0.wp.com\/www.grieta.org.mx\/wp-content\/uploads\/2018\/03\/14524434_1106112876131411_958039263622046936_o.jpg?resize=350%2C200 1x, https:\/\/i0.wp.com\/www.grieta.org.mx\/wp-content\/uploads\/2018\/03\/14524434_1106112876131411_958039263622046936_o.jpg?resize=525%2C300 1.5x, https:\/\/i0.wp.com\/www.grieta.org.mx\/wp-content\/uploads\/2018\/03\/14524434_1106112876131411_958039263622046936_o.jpg?resize=700%2C400 2x"},"classes":[]},{"id":22476,"url":"http:\/\/www.grieta.org.mx\/index.php\/2018\/04\/05\/cientificos-y-pobladores-contra-el-nuevo-aeropuerto-de-la-ciudad-de-mexico\/","url_meta":{"origin":27235,"position":4},"title":"Cient\u00edficos y pobladores contra el Nuevo Aeropuerto de la Ciudad de M\u00e9xico","author":"grieta","date":"5 abril, 2018","format":false,"excerpt":"Alba Olea El Frente de Pueblos en Defensa de la Tierra (FPDT) de San Salvador Atenco, Estado de M\u00e9xico, contin\u00faa en lucha contra la construcci\u00f3n del Nuevo Aeropuerto Internacional de la Ciudad de M\u00e9xico (NAICM). En conferencia de prensa, acompa\u00f1ado por cient\u00edficos y defensores legales, denunci\u00f3 que en el actual\u2026","rel":"","context":"En &quot;CINTILLO&quot;","block_context":{"text":"CINTILLO","link":"http:\/\/www.grieta.org.mx\/index.php\/category\/cintillo\/"},"img":{"alt_text":"","src":"https:\/\/i0.wp.com\/www.grieta.org.mx\/wp-content\/uploads\/2018\/04\/ciudad1-720x478.jpg?resize=350%2C200","width":350,"height":200,"srcset":"https:\/\/i0.wp.com\/www.grieta.org.mx\/wp-content\/uploads\/2018\/04\/ciudad1-720x478.jpg?resize=350%2C200 1x, https:\/\/i0.wp.com\/www.grieta.org.mx\/wp-content\/uploads\/2018\/04\/ciudad1-720x478.jpg?resize=525%2C300 1.5x, https:\/\/i0.wp.com\/www.grieta.org.mx\/wp-content\/uploads\/2018\/04\/ciudad1-720x478.jpg?resize=700%2C400 2x"},"classes":[]},{"id":27173,"url":"http:\/\/www.grieta.org.mx\/index.php\/2018\/09\/30\/opositor-del-naim-y-defensor-de-la-tierra-muere-de-un-tiro-en-la-cabeza-en-su-casa-de-edomex\/","url_meta":{"origin":27235,"position":5},"title":"Opositor del NAIM y defensor de la tierra muere de un tiro en la cabeza en su casa de Edomex","author":"grieta","date":"30 septiembre, 2018","format":false,"excerpt":"Por redacci\u00f3n\/Sin Embargo El ingeniero Jes\u00fas Javier Ramos era defensor del territorio, espec\u00edficamente de la zona del Tenayo, lugar que est\u00e1 siendo devastado para la obtenci\u00f3n de material p\u00e9treo para la construcci\u00f3n del Nuevo Aeropuerto. El Centro de Derechos Humanos Zeferino Ladrillero record\u00f3 que en meses pasados, otros defensores de\u2026","rel":"","context":"En &quot;Asesinatos de activistas en el Estado de M\u00e9xico&quot;","block_context":{"text":"Asesinatos de activistas en el Estado de M\u00e9xico","link":"http:\/\/www.grieta.org.mx\/index.php\/category\/noticias-nacionales\/estado-de-mexico\/asesinatos-de-activistas-en-el-estado-de-mexico\/"},"img":{"alt_text":"","src":"https:\/\/i0.wp.com\/www.grieta.org.mx\/wp-content\/uploads\/2018\/03\/14524434_1106112876131411_958039263622046936_o.jpg?resize=350%2C200","width":350,"height":200,"srcset":"https:\/\/i0.wp.com\/www.grieta.org.mx\/wp-content\/uploads\/2018\/03\/14524434_1106112876131411_958039263622046936_o.jpg?resize=350%2C200 1x, https:\/\/i0.wp.com\/www.grieta.org.mx\/wp-content\/uploads\/2018\/03\/14524434_1106112876131411_958039263622046936_o.jpg?resize=525%2C300 1.5x, https:\/\/i0.wp.com\/www.grieta.org.mx\/wp-content\/uploads\/2018\/03\/14524434_1106112876131411_958039263622046936_o.jpg?resize=700%2C400 2x"},"classes":[]}],"_links":{"self":[{"href":"http:\/\/www.grieta.org.mx\/index.php\/wp-json\/wp\/v2\/posts\/27235","targetHints":{"allow":["GET"]}}],"collection":[{"href":"http:\/\/www.grieta.org.mx\/index.php\/wp-json\/wp\/v2\/posts"}],"about":[{"href":"http:\/\/www.grieta.org.mx\/index.php\/wp-json\/wp\/v2\/types\/post"}],"author":[{"embeddable":true,"href":"http:\/\/www.grieta.org.mx\/index.php\/wp-json\/wp\/v2\/users\/2"}],"replies":[{"embeddable":true,"href":"http:\/\/www.grieta.org.mx\/index.php\/wp-json\/wp\/v2\/comments?post=27235"}],"version-history":[{"count":1,"href":"http:\/\/www.grieta.org.mx\/index.php\/wp-json\/wp\/v2\/posts\/27235\/revisions"}],"predecessor-version":[{"id":27237,"href":"http:\/\/www.grieta.org.mx\/index.php\/wp-json\/wp\/v2\/posts\/27235\/revisions\/27237"}],"wp:featuredmedia":[{"embeddable":true,"href":"http:\/\/www.grieta.org.mx\/index.php\/wp-json\/wp\/v2\/media\/27236"}],"wp:attachment":[{"href":"http:\/\/www.grieta.org.mx\/index.php\/wp-json\/wp\/v2\/media?parent=27235"}],"wp:term":[{"taxonomy":"category","embeddable":true,"href":"http:\/\/www.grieta.org.mx\/index.php\/wp-json\/wp\/v2\/categories?post=27235"},{"taxonomy":"post_tag","embeddable":true,"href":"http:\/\/www.grieta.org.mx\/index.php\/wp-json\/wp\/v2\/tags?post=27235"}],"curies":[{"name":"wp","href":"https:\/\/api.w.org\/{rel}","templated":true}]}}