{"id":27232,"date":"2018-10-15T21:30:25","date_gmt":"2018-10-16T02:30:25","guid":{"rendered":"http:\/\/www.grieta.org.mx\/?p=27232"},"modified":"2018-10-16T21:35:06","modified_gmt":"2018-10-17T02:35:06","slug":"la-cdhdf-emite-recomendacion-a-ssp-y-pgj-por-detenciones-ilegales-en-agravio-de-122-victimas-ciudad-de-mexico","status":"publish","type":"post","link":"http:\/\/www.grieta.org.mx\/index.php\/2018\/10\/15\/la-cdhdf-emite-recomendacion-a-ssp-y-pgj-por-detenciones-ilegales-en-agravio-de-122-victimas-ciudad-de-mexico\/","title":{"rendered":"La CDHDF emite recomendaci\u00f3n a SSP y PGJ por detenciones ilegales en agravio de 122 v\u00edctimas (Ciudad de M\u00e9xico)"},"content":{"rendered":"<p><img loading=\"lazy\" decoding=\"async\" data-attachment-id=\"27233\" data-permalink=\"http:\/\/www.grieta.org.mx\/index.php\/2018\/10\/15\/la-cdhdf-emite-recomendacion-a-ssp-y-pgj-por-detenciones-ilegales-en-agravio-de-122-victimas-ciudad-de-mexico\/recooc-1078x750\/\" data-orig-file=\"http:\/\/www.grieta.org.mx\/wp-content\/uploads\/2018\/10\/RECOOC-1078x750.jpg\" data-orig-size=\"1078,750\" data-comments-opened=\"0\" data-image-meta=\"{&quot;aperture&quot;:&quot;0&quot;,&quot;credit&quot;:&quot;&quot;,&quot;camera&quot;:&quot;&quot;,&quot;caption&quot;:&quot;&quot;,&quot;created_timestamp&quot;:&quot;0&quot;,&quot;copyright&quot;:&quot;&quot;,&quot;focal_length&quot;:&quot;0&quot;,&quot;iso&quot;:&quot;0&quot;,&quot;shutter_speed&quot;:&quot;0&quot;,&quot;title&quot;:&quot;&quot;,&quot;orientation&quot;:&quot;0&quot;}\" data-image-title=\"RECOOC-1078&amp;#215;750\" data-image-description=\"\" data-image-caption=\"\" data-medium-file=\"http:\/\/www.grieta.org.mx\/wp-content\/uploads\/2018\/10\/RECOOC-1078x750-300x209.jpg\" data-large-file=\"http:\/\/www.grieta.org.mx\/wp-content\/uploads\/2018\/10\/RECOOC-1078x750-1024x712.jpg\" src=\"http:\/\/www.grieta.org.mx\/wp-content\/uploads\/2018\/10\/RECOOC-1078x750-300x209.jpg\" alt=\"\" width=\"300\" height=\"209\" class=\"aligncenter size-medium wp-image-27233\" srcset=\"http:\/\/www.grieta.org.mx\/wp-content\/uploads\/2018\/10\/RECOOC-1078x750-300x209.jpg 300w, http:\/\/www.grieta.org.mx\/wp-content\/uploads\/2018\/10\/RECOOC-1078x750-768x534.jpg 768w, http:\/\/www.grieta.org.mx\/wp-content\/uploads\/2018\/10\/RECOOC-1078x750-1024x712.jpg 1024w, http:\/\/www.grieta.org.mx\/wp-content\/uploads\/2018\/10\/RECOOC-1078x750-719x500.jpg 719w, http:\/\/www.grieta.org.mx\/wp-content\/uploads\/2018\/10\/RECOOC-1078x750.jpg 1078w\" sizes=\"auto, (max-width: 300px) 100vw, 300px\" \/><\/p>\n<p>Redacci\u00f3n\/Proceso<\/p>\n<blockquote><p>CIUDAD DE M\u00c9XICO (apro).- La Comisi\u00f3n de Derechos Humanos (CDHDF) capitalina emiti\u00f3 una recomendaci\u00f3n por las detenciones ilegales y\/o arbitrarias realizadas por elementos de la Secretar\u00eda de Seguridad P\u00fablica (SSP) y la Procuradur\u00eda General de Justicia (PGJ) de la Ciudad de M\u00e9xico.<\/p><\/blockquote>\n<p>En un comunicado, la presidenta de ese organismo, Nashieli Ram\u00edrez Hern\u00e1ndez, explic\u00f3 que se acreditaron violaciones a los derechos a libertad, seguridad e integridad personales; debido proceso; propiedad privada, y acceso a la justicia.<\/p>\n<p>Detall\u00f3 que se investigaron 58 expedientes de queja registrados ante la CDHDF de 2010 a 2018, en agravio de 122 v\u00edctimas; las detenciones o restricciones a la libertad se generaron en contextos que no eran estrictamente necesarios, y tambi\u00e9n existi\u00f3 dilaci\u00f3n en las puestas a disposici\u00f3n de hasta tres, siete y 11 horas.<\/p>\n<p>De igual manera, se constat\u00f3 que se perpetraron actos desproporcionados e indebidos de la fuerza, e incluso tratos crueles e inhumanos, afectando con ello la integridad personal de las v\u00edctimas, de sus familiares, e incluso de personas menores de 18 a\u00f1os.<\/p>\n<p>Seg\u00fan Ram\u00edrez Hern\u00e1ndez, la recomendaci\u00f3n referida resalta la necesidad de generar mecanismos para un pronto control judicial de las detenciones, con el prop\u00f3sito de prevenir arbitrariedades e ilegalidades de las que puedan ser v\u00edctimas personas relacionadas con dicha medida.<\/p>\n<p>\u201cSe debe garantizar que toda persona detenida o retenida tiene derecho a que sea llevada sin demora ante un juez u otro funcionario autorizado por la ley para ejercer funciones judiciales; a ser informado de su situaci\u00f3n jur\u00eddica y de sus derechos; a una defensa adecuada; a ser juzgada dentro de un plazo razonable o ser puesta en libertad, sin perjuicio de que contin\u00fae el proceso. Esto es esencial para la protecci\u00f3n del derecho a la libertad personal y para otorgar protecci\u00f3n a otros derechos, como la vida y la integridad personal\u201d, enfatiz\u00f3.<\/p>\n<p>Entre los puntos recomendatorios dirigidos a la SSP y a la PGJ capitalinas destaca la realizaci\u00f3n de un plan integral individual de reparaci\u00f3n para las v\u00edctimas directas, mismo que deber\u00e1 contemplar los conceptos de da\u00f1o material, da\u00f1o inmaterial, proyecto de vida y las medidas de rehabilitaci\u00f3n, restituci\u00f3n y satisfacci\u00f3n que correspondan de conformidad con lo dispuesto por la Ley de V\u00edctimas de la Ciudad de M\u00e9xico.<\/p>\n<p>Nashieli Ram\u00edrez Hern\u00e1ndez destac\u00f3 que la CDHDF, en sus 25 a\u00f1os de vida, ha emitido 40 recomendaciones por violaciones al derecho a la libertad personal atribuidas a los diferentes cuerpos polic\u00edacos, tanto de la SSP, como de la PGJ.<\/p>\n<p><a href=\"https:\/\/www.proceso.com.mx\/555498\/la-cdhdf-emite-recomendacion-a-ssp-y-pgj-por-detenciones-ilegales-en-agravio-de-122-victimas\">https:\/\/www.proceso.com.mx\/555498\/la-cdhdf-emite-recomendacion-a-ssp-y-pgj-por-detenciones-ilegales-en-agravio-de-122-victimas<\/a><\/p>\n","protected":false},"excerpt":{"rendered":"<p>Redacci\u00f3n\/Proceso CIUDAD DE M\u00c9XICO (apro).- La Comisi\u00f3n de Derechos Humanos (CDHDF) capitalina emiti\u00f3 una recomendaci\u00f3n por las detenciones ilegales y\/o arbitrarias realizadas por elementos de la Secretar\u00eda de Seguridad P\u00fablica &hellip; <a href=\"http:\/\/www.grieta.org.mx\/index.php\/2018\/10\/15\/la-cdhdf-emite-recomendacion-a-ssp-y-pgj-por-detenciones-ilegales-en-agravio-de-122-victimas-ciudad-de-mexico\/\" class=\"more-link\">Leer m\u00e1s<\/a><\/p>\n","protected":false},"author":2,"featured_media":27233,"comment_status":"closed","ping_status":"closed","sticky":false,"template":"","format":"standard","meta":{"ngg_post_thumbnail":0,"_jetpack_newsletter_access":"","_jetpack_dont_email_post_to_subs":false,"_jetpack_newsletter_tier_id":0,"_jetpack_memberships_contains_paywalled_content":false,"_jetpack_memberships_contains_paid_content":false,"footnotes":""},"categories":[80,14,1821,2],"tags":[324,1037,1822],"class_list":["post-27232","post","type-post","status-publish","format-standard","has-post-thumbnail","hentry","category-cintillo","category-ciudad-de-mexico","category-detenciones-ilegales-en-la-ciudad-de-mexico","category-noticias-nacionales","tag-abuso-de-autoridad","tag-detenciones-arbitrarias","tag-violaciones-al-derecho-a-la-libertad-personal","entry"],"jetpack_featured_media_url":"http:\/\/www.grieta.org.mx\/wp-content\/uploads\/2018\/10\/RECOOC-1078x750.jpg","jetpack_sharing_enabled":true,"jetpack_shortlink":"https:\/\/wp.me\/p7ZJR4-75e","jetpack_likes_enabled":false,"jetpack-related-posts":[{"id":29261,"url":"http:\/\/www.grieta.org.mx\/index.php\/2019\/02\/10\/la-cndh-advierte-violaciones-graves-de-la-procuraduria-de-aguascalientes\/","url_meta":{"origin":27232,"position":0},"title":"La CNDH advierte violaciones graves de la procuradur\u00eda de Aguascalientes","author":"grieta","date":"10 febrero, 2019","format":false,"excerpt":"Redacci\u00f3n\/ADN pol\u00edtico. La CNDH acredit\u00f3 que, de 2011 a 2012, agentes de la instituci\u00f3n realizaron torturas y detenciones arbitrarias contra decenas de personas. Por ello, emiti\u00f3 una recomendaci\u00f3n por violaciones graves. CIUDAD DE M\u00c9XICO (ADNPol\u00edtico).- La Comisi\u00f3n Nacional de los Derechos Humanos (CNDH) emiti\u00f3 una recomendaci\u00f3n por violaciones graves por\u2026","rel":"","context":"En &quot;Abuso policiaco y tortura en Aguascalientes&quot;","block_context":{"text":"Abuso policiaco y tortura en Aguascalientes","link":"http:\/\/www.grieta.org.mx\/index.php\/category\/noticias-nacionales\/aguascalientes\/tortura-en-aguascalientes\/"},"img":{"alt_text":"","src":"https:\/\/i0.wp.com\/www.grieta.org.mx\/wp-content\/uploads\/2019\/02\/descarga.jpg?resize=350%2C200","width":350,"height":200,"srcset":"https:\/\/i0.wp.com\/www.grieta.org.mx\/wp-content\/uploads\/2019\/02\/descarga.jpg?resize=350%2C200 1x, https:\/\/i0.wp.com\/www.grieta.org.mx\/wp-content\/uploads\/2019\/02\/descarga.jpg?resize=525%2C300 1.5x, https:\/\/i0.wp.com\/www.grieta.org.mx\/wp-content\/uploads\/2019\/02\/descarga.jpg?resize=700%2C400 2x"},"classes":[]},{"id":58913,"url":"http:\/\/www.grieta.org.mx\/index.php\/2021\/04\/20\/paola-buenrostro-a-casi-5-anos-de-su-transfeminicidio-activistas-exigen-justicia-ciudad-de-mexico\/","url_meta":{"origin":27232,"position":1},"title":"Paola Buenrostro: A casi 5 a\u00f1os de su transfeminicidio, activistas exigen justicia (Ciudad de M\u00e9xico)","author":"grieta","date":"20 abril, 2021","format":false,"excerpt":"Yazm\u00edn Navarro \/ SDPNoticias Foto: Mujeres trans marchando \/\u00a0Agencia Presentes Paola Buenrostro fue asesinada en 2016; ninguno de los puntos para investigar el crimen como\u00a0transfeminicidio ha sido acatado M\u00e9xico.- Mujeres transg\u00e9nero pidieron justicia por eltransfeminicidio de Paola Buenrostro, perpetrado el 29 de septiembre de 2016, en la esquina de Puente\u2026","rel":"","context":"En &quot;CINTILLO&quot;","block_context":{"text":"CINTILLO","link":"http:\/\/www.grieta.org.mx\/index.php\/category\/cintillo\/"},"img":{"alt_text":"","src":"https:\/\/i0.wp.com\/www.grieta.org.mx\/wp-content\/uploads\/2021\/04\/Paola-Buenrostro-A-casi-5-anos-de-su-transfeminicidio-activistas-exigen-justicia-cdmx-abr.jpeg?resize=350%2C200","width":350,"height":200,"srcset":"https:\/\/i0.wp.com\/www.grieta.org.mx\/wp-content\/uploads\/2021\/04\/Paola-Buenrostro-A-casi-5-anos-de-su-transfeminicidio-activistas-exigen-justicia-cdmx-abr.jpeg?resize=350%2C200 1x, https:\/\/i0.wp.com\/www.grieta.org.mx\/wp-content\/uploads\/2021\/04\/Paola-Buenrostro-A-casi-5-anos-de-su-transfeminicidio-activistas-exigen-justicia-cdmx-abr.jpeg?resize=525%2C300 1.5x, https:\/\/i0.wp.com\/www.grieta.org.mx\/wp-content\/uploads\/2021\/04\/Paola-Buenrostro-A-casi-5-anos-de-su-transfeminicidio-activistas-exigen-justicia-cdmx-abr.jpeg?resize=700%2C400 2x"},"classes":[]},{"id":55811,"url":"http:\/\/www.grieta.org.mx\/index.php\/2020\/12\/17\/represion-a-la-comunidad-otomi-en-la-ciudad-de-mexico-videos\/","url_meta":{"origin":27232,"position":2},"title":"Represi\u00f3n a la comunidad Otom\u00ed en la Ciudad de M\u00e9xico (Videos)","author":"grieta","date":"17 diciembre, 2020","format":false,"excerpt":"Colectivo Grieta Hoy, 17 de diciembre del 2020 por la ma\u00f1ana, la polic\u00eda de la Ciudad de M\u00e9xico detuvo, con abuso de fuerza, a integrantes de la comunidad Otom\u00ed, entre ellos al Concejal del CNI-CIG Filiberto Margarito, tambi\u00e9n fue detenido el asesor de la comunidad Otom\u00ed Diego Garc\u00eda y otros\u2026","rel":"","context":"En &quot;CIG&quot;","block_context":{"text":"CIG","link":"http:\/\/www.grieta.org.mx\/index.php\/category\/cig\/"},"img":{"alt_text":"","src":"https:\/\/i0.wp.com\/www.grieta.org.mx\/wp-content\/uploads\/2020\/12\/imageso.jpg?resize=350%2C200","width":350,"height":200},"classes":[]},{"id":43401,"url":"http:\/\/www.grieta.org.mx\/index.php\/2020\/01\/23\/liberan-a-estudiantes-de-filosofia-y-letras-detenidas-injustificadamente-ciudad-de-mexico\/","url_meta":{"origin":27232,"position":3},"title":"LIBERAN A ESTUDIANTES DE FILOSOF\u00cdA Y LETRAS DETENIDAS INJUSTIFICADAMENTE (Ciudad de M\u00e9xico)","author":"grieta","date":"23 enero, 2020","format":false,"excerpt":"Reporte \u00cdndigo Tres estudiantes de la Facultad de Filosof\u00eda y Letras de la UNAM. fueron detenidas despu\u00e9s de buscar un trato justo para una menor de edad acusada de robo Tres estudiantes de la Facultad de Filosof\u00eda y Letras de la UNAM fueron liberadas despu\u00e9s de que no se encontraran\u2026","rel":"","context":"En &quot;Abuso policiaco y tortura en la Ciudad de M\u00e9xico&quot;","block_context":{"text":"Abuso policiaco y tortura en la Ciudad de M\u00e9xico","link":"http:\/\/www.grieta.org.mx\/index.php\/category\/noticias-nacionales\/ciudad-de-mexico\/abuso-policiaco-y-tortura-en-la-ciudad-de-mexico\/"},"img":{"alt_text":"","src":"https:\/\/i0.wp.com\/www.grieta.org.mx\/wp-content\/uploads\/2020\/01\/LIBERAN-A-ESTUDIANTES-DE-FILOSOF%C3%8DA-Y-LETRAS-DETENIDAS-INJUSTIFICADAMENTE-cdmx-ene.jpg?resize=350%2C200","width":350,"height":200},"classes":[]},{"id":22527,"url":"http:\/\/www.grieta.org.mx\/index.php\/2018\/04\/06\/ssp-cdmx-sembro-arma-a-testigo-del-asesinato-de-estudiantes-acusan-autoridades-de-la-uacm\/","url_meta":{"origin":27232,"position":4},"title":"SSP-CDMX sembr\u00f3 arma a testigo del asesinato de estudiantes, acusan autoridades de la UACM","author":"grieta","date":"6 abril, 2018","format":false,"excerpt":"Areli Villalobos CIUDAD DE M\u00c9XICO (apro).- Elementos de la Secretar\u00eda de Seguridad P\u00fablica capitalina (SSP-CDMX) sembraron un arma de fuego al \u00fanico testigo directo del asesinato de tres estudiantes de la Universidad Aut\u00f3noma de la Ciudad de M\u00e9xico (UACM) el pasado martes 3, denunciaron el rector, Hugo Aboites, y el\u2026","rel":"","context":"En &quot;CINTILLO&quot;","block_context":{"text":"CINTILLO","link":"http:\/\/www.grieta.org.mx\/index.php\/category\/cintillo\/"},"img":{"alt_text":"","src":"https:\/\/i0.wp.com\/www.grieta.org.mx\/wp-content\/uploads\/2018\/04\/907f73aad9c2f039d7-180406-_hugo_aboites-rp_5-c-1078x808.jpg?resize=350%2C200","width":350,"height":200,"srcset":"https:\/\/i0.wp.com\/www.grieta.org.mx\/wp-content\/uploads\/2018\/04\/907f73aad9c2f039d7-180406-_hugo_aboites-rp_5-c-1078x808.jpg?resize=350%2C200 1x, https:\/\/i0.wp.com\/www.grieta.org.mx\/wp-content\/uploads\/2018\/04\/907f73aad9c2f039d7-180406-_hugo_aboites-rp_5-c-1078x808.jpg?resize=525%2C300 1.5x, https:\/\/i0.wp.com\/www.grieta.org.mx\/wp-content\/uploads\/2018\/04\/907f73aad9c2f039d7-180406-_hugo_aboites-rp_5-c-1078x808.jpg?resize=700%2C400 2x, https:\/\/i0.wp.com\/www.grieta.org.mx\/wp-content\/uploads\/2018\/04\/907f73aad9c2f039d7-180406-_hugo_aboites-rp_5-c-1078x808.jpg?resize=1050%2C600 3x"},"classes":[]},{"id":27499,"url":"http:\/\/www.grieta.org.mx\/index.php\/2018\/08\/04\/desaparecen-a-10-marinos-en-tamaulipas-y-nuevo-leon\/","url_meta":{"origin":27232,"position":5},"title":"Desaparecen a 10 marinos en Tamaulipas y Nuevo Le\u00f3n","author":"grieta","date":"4 agosto, 2018","format":false,"excerpt":"Agencia Reforma Agencia Reforma. CIUDAD DE M\u00c9XICO .-Elementos de la Armada son responsables de la desaparici\u00f3n forzada de 10 personas, entre ellos dos menores de edad, en hechos registrados en Nuevo Le\u00f3n y Tamaulipas entre 2011 y 2014, concluy\u00f3 la Comisi\u00f3n Nacional de los Derechos Humanos. En la Recomendaci\u00f3n 11\/VG\/2018\u2026","rel":"","context":"En &quot;Abuso policiaco y tortura en Tamaulipas&quot;","block_context":{"text":"Abuso policiaco y tortura en Tamaulipas","link":"http:\/\/www.grieta.org.mx\/index.php\/category\/noticias-nacionales\/tamaulipas\/abuso-policiaco-y-tortura-en-tamaulipas\/"},"img":{"alt_text":"","src":"https:\/\/i0.wp.com\/www.grieta.org.mx\/wp-content\/uploads\/2018\/11\/direct.jpg?resize=350%2C200","width":350,"height":200,"srcset":"https:\/\/i0.wp.com\/www.grieta.org.mx\/wp-content\/uploads\/2018\/11\/direct.jpg?resize=350%2C200 1x, https:\/\/i0.wp.com\/www.grieta.org.mx\/wp-content\/uploads\/2018\/11\/direct.jpg?resize=525%2C300 1.5x"},"classes":[]}],"_links":{"self":[{"href":"http:\/\/www.grieta.org.mx\/index.php\/wp-json\/wp\/v2\/posts\/27232","targetHints":{"allow":["GET"]}}],"collection":[{"href":"http:\/\/www.grieta.org.mx\/index.php\/wp-json\/wp\/v2\/posts"}],"about":[{"href":"http:\/\/www.grieta.org.mx\/index.php\/wp-json\/wp\/v2\/types\/post"}],"author":[{"embeddable":true,"href":"http:\/\/www.grieta.org.mx\/index.php\/wp-json\/wp\/v2\/users\/2"}],"replies":[{"embeddable":true,"href":"http:\/\/www.grieta.org.mx\/index.php\/wp-json\/wp\/v2\/comments?post=27232"}],"version-history":[{"count":1,"href":"http:\/\/www.grieta.org.mx\/index.php\/wp-json\/wp\/v2\/posts\/27232\/revisions"}],"predecessor-version":[{"id":27234,"href":"http:\/\/www.grieta.org.mx\/index.php\/wp-json\/wp\/v2\/posts\/27232\/revisions\/27234"}],"wp:featuredmedia":[{"embeddable":true,"href":"http:\/\/www.grieta.org.mx\/index.php\/wp-json\/wp\/v2\/media\/27233"}],"wp:attachment":[{"href":"http:\/\/www.grieta.org.mx\/index.php\/wp-json\/wp\/v2\/media?parent=27232"}],"wp:term":[{"taxonomy":"category","embeddable":true,"href":"http:\/\/www.grieta.org.mx\/index.php\/wp-json\/wp\/v2\/categories?post=27232"},{"taxonomy":"post_tag","embeddable":true,"href":"http:\/\/www.grieta.org.mx\/index.php\/wp-json\/wp\/v2\/tags?post=27232"}],"curies":[{"name":"wp","href":"https:\/\/api.w.org\/{rel}","templated":true}]}}