{"id":27206,"date":"2018-10-15T20:07:18","date_gmt":"2018-10-16T01:07:18","guid":{"rendered":"http:\/\/www.grieta.org.mx\/?p=27206"},"modified":"2018-10-15T23:18:08","modified_gmt":"2018-10-16T04:18:08","slug":"incertidumbre-tras-derrame-minero-en-arroyo-de-magdalena-ocotlan-oaxaca","status":"publish","type":"post","link":"http:\/\/www.grieta.org.mx\/index.php\/2018\/10\/15\/incertidumbre-tras-derrame-minero-en-arroyo-de-magdalena-ocotlan-oaxaca\/","title":{"rendered":"Incertidumbre, tras derrame minero en arroyo de Magdalena Ocotl\u00e1n (Oaxaca)"},"content":{"rendered":"<p>Regeneraci\u00f3n Radio.<\/p>\n<p>Daniel Arellano \/ Sandra Suaste<\/p>\n<p><img loading=\"lazy\" decoding=\"async\" data-attachment-id=\"27207\" data-permalink=\"http:\/\/www.grieta.org.mx\/index.php\/2018\/10\/15\/incertidumbre-tras-derrame-minero-en-arroyo-de-magdalena-ocotlan-oaxaca\/rn1\/\" data-orig-file=\"http:\/\/www.grieta.org.mx\/wp-content\/uploads\/2018\/10\/RN1.png\" data-orig-size=\"699,464\" data-comments-opened=\"0\" data-image-meta=\"{&quot;aperture&quot;:&quot;0&quot;,&quot;credit&quot;:&quot;&quot;,&quot;camera&quot;:&quot;&quot;,&quot;caption&quot;:&quot;&quot;,&quot;created_timestamp&quot;:&quot;0&quot;,&quot;copyright&quot;:&quot;&quot;,&quot;focal_length&quot;:&quot;0&quot;,&quot;iso&quot;:&quot;0&quot;,&quot;shutter_speed&quot;:&quot;0&quot;,&quot;title&quot;:&quot;&quot;,&quot;orientation&quot;:&quot;0&quot;}\" data-image-title=\"RN1\" data-image-description=\"\" data-image-caption=\"\" data-medium-file=\"http:\/\/www.grieta.org.mx\/wp-content\/uploads\/2018\/10\/RN1-300x199.png\" data-large-file=\"http:\/\/www.grieta.org.mx\/wp-content\/uploads\/2018\/10\/RN1.png\" src=\"http:\/\/www.grieta.org.mx\/wp-content\/uploads\/2018\/10\/RN1-300x199.png\" alt=\"\" width=\"300\" height=\"199\" class=\"aligncenter size-medium wp-image-27207\" srcset=\"http:\/\/www.grieta.org.mx\/wp-content\/uploads\/2018\/10\/RN1-300x199.png 300w, http:\/\/www.grieta.org.mx\/wp-content\/uploads\/2018\/10\/RN1.png 699w\" sizes=\"auto, (max-width: 300px) 100vw, 300px\" \/><\/p>\n<p>Es &#8220;como si le hubieran echado cal a todo el arroyo&#8221;, present\u00f3 un olor a \u00f3xido o azufre y se ve de color blanco, se\u00f1alaron los habitantes de Magdalena Ocotl\u00e1n, Oaxaca, luego de un derrumbe de lodo causado por Minera Cuzcatl\u00e1n [Fotuna Silver Mines] el 7 de octubre, en la afluencia de agua denominada El Coyote. Adem\u00e1s se\u00f1alaron que la Procuraduria Federal de Proteccion al Ambiente (PROFEPA) no entreg\u00f3 un informe para la comunidad, a pesar de que pas\u00f3 una semana del incidente.<\/p>\n<p>Es &#8220;como si le hubieran echado cal a todo el arroyo&#8221;, present\u00f3 un olor a \u00f3xido o azufre y se ve de color blanco, se\u00f1alaron los habitantes de Magdalena Ocotl\u00e1n, Oaxaca, luego de un derrumbe de lodo causado por Minera Cuzcatl\u00e1n [Fotuna Silver Mines] el 7 de octubre, en la afluencia de agua denominada El Coyote. Adem\u00e1s se\u00f1alaron que la Procuraduria Federal de Proteccion al Ambiente (PROFEPA) no entreg\u00f3 un informe para la comunidad, a pesar de que pas\u00f3 una semana del incidente.<\/p>\n<p>Los pobladores decidieron no utilizar el agua \u201cpotable\u201d hasta conocer el da\u00f1o, pues el deslave alcanz\u00f3 al pozo que abastece a la red, \u00abtan solo a diez pasos\u00bb, indicaron. La siembra de ma\u00edz y calabaza tambi\u00e9n se vio afectada.<\/p>\n<p>La PROFEPA emiti\u00f3 un comunicado de prensa a trav\u00e9s de su portal, en donde indica que el escurrimiento es de 4 kil\u00f3metros de largo y existen \u00abimpregnaciones sobre suelo natural en los m\u00e1rgenes del arroyo\u00bb, sin embargo afirm\u00f3 que no existen riesgos.<\/p>\n<p>A pesar de la existencia de comunidades opositoras en el estado de Oaxaca -hasta agosto de 2018- la empresa canadiense Fortuna Silver Mines (FSM) removi\u00f3 3 mil toneladas de tierra y roca por d\u00eda, para triturarla y extraer oro y plata.<\/p>\n<p>En 2017 FSM gan\u00f3 en esa entidad alrededor de 124 millones de d\u00f3lares por concepto de plata y casi 73 millones de d\u00f3lares por obtenci\u00f3n de Oro. Se trata de un aproximado de 200 millones de d\u00f3lares, de acuerdo a sus propios informes.<\/p>\n<p><a href=\"https:\/\/www.regeneracionradio.org\/index.php\/represion\/despojo\/item\/4901-incertidumbre-tras-derrame-minero-en-arroyo-de-magdalena-ocotlan\" rel=\"noopener\" target=\"_blank\">https:\/\/www.regeneracionradio.org\/index.php\/represion\/despojo\/item\/4901-incertidumbre-tras-derrame-minero-en-arroyo-de-magdalena-ocotlan<\/a><\/p>\n","protected":false},"excerpt":{"rendered":"<p>Regeneraci\u00f3n Radio. Daniel Arellano \/ Sandra Suaste Es &#8220;como si le hubieran echado cal a todo el arroyo&#8221;, present\u00f3 un olor a \u00f3xido o azufre y se ve de color &hellip; <a href=\"http:\/\/www.grieta.org.mx\/index.php\/2018\/10\/15\/incertidumbre-tras-derrame-minero-en-arroyo-de-magdalena-ocotlan-oaxaca\/\" class=\"more-link\">Leer m\u00e1s<\/a><\/p>\n","protected":false},"author":2,"featured_media":27207,"comment_status":"closed","ping_status":"closed","sticky":false,"template":"","format":"standard","meta":{"ngg_post_thumbnail":0,"_jetpack_newsletter_access":"","_jetpack_dont_email_post_to_subs":false,"_jetpack_newsletter_tier_id":0,"_jetpack_memberships_contains_paywalled_content":false,"_jetpack_memberships_contains_paid_content":false,"footnotes":""},"categories":[80,1357,2,25],"tags":[],"class_list":["post-27206","post","type-post","status-publish","format-standard","has-post-thumbnail","hentry","category-cintillo","category-conflictos-mineros-en-oaxaca","category-noticias-nacionales","category-oaxaca","entry"],"jetpack_featured_media_url":"http:\/\/www.grieta.org.mx\/wp-content\/uploads\/2018\/10\/RN1.png","jetpack_sharing_enabled":true,"jetpack_shortlink":"https:\/\/wp.me\/p7ZJR4-74O","jetpack_likes_enabled":false,"jetpack-related-posts":[{"id":58651,"url":"http:\/\/www.grieta.org.mx\/index.php\/2021\/03\/26\/minera-cuzcatlan-con-licencia-para-contaminar-oaxaca\/","url_meta":{"origin":27206,"position":0},"title":"Minera Cuzcatl\u00e1n: con Licencia para contaminar (Oaxaca)","author":"grieta","date":"26 marzo, 2021","format":false,"excerpt":"Avispa Midia \/ Santiago Navarro F. y Renata Bessi. La empresa de capital canadiense Compa\u00f1\u00eda Minera Cuzcatl\u00e1n es la sexta mayor productora de plata en M\u00e9xico. En 2018, debido a un derrame de desechos, una de sus minas afect\u00f3 un arroyo de Oaxaca. El suceso desat\u00f3 una intensa controversia, documentada\u2026","rel":"","context":"En &quot;CINTILLO&quot;","block_context":{"text":"CINTILLO","link":"http:\/\/www.grieta.org.mx\/index.php\/category\/cintillo\/"},"img":{"alt_text":"","src":"https:\/\/i0.wp.com\/www.grieta.org.mx\/wp-content\/uploads\/2021\/04\/Screenshot_2021-04-13-Minera-Cuzcatlan-CON-LICENCIA-PARA-CONTAMINAR.jpg?resize=350%2C200","width":350,"height":200,"srcset":"https:\/\/i0.wp.com\/www.grieta.org.mx\/wp-content\/uploads\/2021\/04\/Screenshot_2021-04-13-Minera-Cuzcatlan-CON-LICENCIA-PARA-CONTAMINAR.jpg?resize=350%2C200 1x, https:\/\/i0.wp.com\/www.grieta.org.mx\/wp-content\/uploads\/2021\/04\/Screenshot_2021-04-13-Minera-Cuzcatlan-CON-LICENCIA-PARA-CONTAMINAR.jpg?resize=525%2C300 1.5x, https:\/\/i0.wp.com\/www.grieta.org.mx\/wp-content\/uploads\/2021\/04\/Screenshot_2021-04-13-Minera-Cuzcatlan-CON-LICENCIA-PARA-CONTAMINAR.jpg?resize=700%2C400 2x"},"classes":[]},{"id":27084,"url":"http:\/\/www.grieta.org.mx\/index.php\/2018\/10\/10\/lluvia-desborda-presa-de-la-minera-cuzcatlan-y-contamina-afluente-del-rio-del-coyote-en-magdalena-ocotlan-oaxaca\/","url_meta":{"origin":27206,"position":1},"title":"Lluvia desborda presa de la minera Cuzcatl\u00e1n y contamina afluente del R\u00edo del Coyote en Magdalena Ocotl\u00e1n (Oaxaca)","author":"grieta","date":"10 octubre, 2018","format":false,"excerpt":"P\u00e1gina 3. Pedro Mat\u00edas, En la foto puede apreciarse un hilo de agua en color diferente, que podr\u00eda estar contaminando el afluente. Imagen de: http:\/\/denunciaoaxaca.org\/presa-de-jales-contamina-rio-del-coyote-en-magdalena-ocotlan\/ Oaxaca, Oax.- Las autoridades agrarias y municipales de Magdalena Ocotl\u00e1n denunciaron la contaminaci\u00f3n del afluente del R\u00edo del Coyote por un derrame de la presa\u2026","rel":"","context":"En &quot;CINTILLO&quot;","block_context":{"text":"CINTILLO","link":"http:\/\/www.grieta.org.mx\/index.php\/category\/cintillo\/"},"img":{"alt_text":"","src":"https:\/\/i0.wp.com\/www.grieta.org.mx\/wp-content\/uploads\/2018\/10\/jales-agua-contaminada.jpg?resize=350%2C200","width":350,"height":200,"srcset":"https:\/\/i0.wp.com\/www.grieta.org.mx\/wp-content\/uploads\/2018\/10\/jales-agua-contaminada.jpg?resize=350%2C200 1x, https:\/\/i0.wp.com\/www.grieta.org.mx\/wp-content\/uploads\/2018\/10\/jales-agua-contaminada.jpg?resize=525%2C300 1.5x, https:\/\/i0.wp.com\/www.grieta.org.mx\/wp-content\/uploads\/2018\/10\/jales-agua-contaminada.jpg?resize=700%2C400 2x"},"classes":[]},{"id":70110,"url":"http:\/\/www.grieta.org.mx\/index.php\/2024\/10\/08\/minera-cuzcatlan-contamina-arroyo-en-oaxaca-y-profepa-ignora-la-denuncia-de-los-pueblos-afectados\/","url_meta":{"origin":27206,"position":2},"title":"Minera Cuzcatl\u00e1n contamina arroyo en Oaxaca y Profepa ignora la denuncia de los pueblos afectados","author":"grieta","date":"8 octubre, 2024","format":false,"excerpt":"Imagen: Istmo Press Diana Manzo \/ Itsmo Press #Oaxaca 8 Oct (#Istmopress) \u2013 Ante la indiferencia y omisi\u00f3n de la Procuradur\u00eda Federal de Protecci\u00f3n Ambiental (Profepa), pueblos zapotecas que integran el Frente No a la Miner\u00eda por un Futuro de Todas y Todos, denunciaron que dicha dependencia no ha entregado\u2026","rel":"","context":"En &quot;CINTILLO&quot;","block_context":{"text":"CINTILLO","link":"http:\/\/www.grieta.org.mx\/index.php\/category\/cintillo\/"},"img":{"alt_text":"","src":"https:\/\/i0.wp.com\/www.grieta.org.mx\/wp-content\/uploads\/2024\/10\/1728478024028-1024x576-1.jpg?resize=350%2C200","width":350,"height":200,"srcset":"https:\/\/i0.wp.com\/www.grieta.org.mx\/wp-content\/uploads\/2024\/10\/1728478024028-1024x576-1.jpg?resize=350%2C200 1x, https:\/\/i0.wp.com\/www.grieta.org.mx\/wp-content\/uploads\/2024\/10\/1728478024028-1024x576-1.jpg?resize=525%2C300 1.5x, https:\/\/i0.wp.com\/www.grieta.org.mx\/wp-content\/uploads\/2024\/10\/1728478024028-1024x576-1.jpg?resize=700%2C400 2x"},"classes":[]},{"id":62474,"url":"http:\/\/www.grieta.org.mx\/index.php\/2021\/10\/11\/opositores-a-minera-cuzcatlan-en-oaxaca-reciben-amenazas\/","url_meta":{"origin":27206,"position":3},"title":"Opositores a Minera Cuzcatl\u00e1n en Oaxaca reciben amenazas","author":"grieta","date":"11 octubre, 2021","format":false,"excerpt":"La cooperacha \/ Redacci\u00f3n. Foto: Frente No a la Miner\u00eda, por un futuro de todos y todas. La filial de la canadiense Fortuna Silver Mines, pretende justificar por tercera ocasi\u00f3n 75 obras irregulares en Valles Centrales. Durante una manifestaci\u00f3n realizada este d\u00eda para exigir la cancelaci\u00f3n de Minera Cuzcatl\u00e1n en\u2026","rel":"","context":"En &quot;CINTILLO&quot;","block_context":{"text":"CINTILLO","link":"http:\/\/www.grieta.org.mx\/index.php\/category\/cintillo\/"},"img":{"alt_text":"","src":"https:\/\/i0.wp.com\/www.grieta.org.mx\/wp-content\/uploads\/2021\/10\/x.jpg?resize=350%2C200","width":350,"height":200,"srcset":"https:\/\/i0.wp.com\/www.grieta.org.mx\/wp-content\/uploads\/2021\/10\/x.jpg?resize=350%2C200 1x, https:\/\/i0.wp.com\/www.grieta.org.mx\/wp-content\/uploads\/2021\/10\/x.jpg?resize=525%2C300 1.5x, https:\/\/i0.wp.com\/www.grieta.org.mx\/wp-content\/uploads\/2021\/10\/x.jpg?resize=700%2C400 2x"},"classes":[]},{"id":52133,"url":"http:\/\/www.grieta.org.mx\/index.php\/2020\/07\/27\/nos-estan-sentenciando-a-una-muerte-segura-zapotecos-por-nueva-contaminacion-de-minera-cuzcatlan-oaxaca\/","url_meta":{"origin":27206,"position":4},"title":"&#8220;Nos est\u00e1n sentenciando a una muerte segura&#8221;; zapotecos por nueva contaminaci\u00f3n de minera Cuzcatl\u00e1n (Oaxaca)","author":"grieta","date":"27 julio, 2020","format":false,"excerpt":"P\u00e1gina 3 \/ Pedro Mat\u00edas. OAXACA, Oax.- Por segunda ocasi\u00f3n, la empresa minera Cuzcatl\u00e1n-Fortuna Silver Mines (FSM) fue denunciada por contaminar el agua en Valles Centrales y esperan que esta vez el presidente Andr\u00e9s Manuel L\u00f3pez Obrador cumpla con su palabra de atender esta problem\u00e1tica y evitar que estos da\u00f1os\u2026","rel":"","context":"En &quot;CINTILLO&quot;","block_context":{"text":"CINTILLO","link":"http:\/\/www.grieta.org.mx\/index.php\/category\/cintillo\/"},"img":{"alt_text":"","src":"https:\/\/i0.wp.com\/www.grieta.org.mx\/wp-content\/uploads\/2020\/07\/a.jpeg?resize=350%2C200","width":350,"height":200,"srcset":"https:\/\/i0.wp.com\/www.grieta.org.mx\/wp-content\/uploads\/2020\/07\/a.jpeg?resize=350%2C200 1x, https:\/\/i0.wp.com\/www.grieta.org.mx\/wp-content\/uploads\/2020\/07\/a.jpeg?resize=525%2C300 1.5x, https:\/\/i0.wp.com\/www.grieta.org.mx\/wp-content\/uploads\/2020\/07\/a.jpeg?resize=700%2C400 2x"},"classes":[]},{"id":52502,"url":"http:\/\/www.grieta.org.mx\/index.php\/2020\/07\/29\/video-que-dijo-amlo-a-campesinos-de-oaxaca-sobre-contaminacion-minera\/","url_meta":{"origin":27206,"position":5},"title":"Video: \u00bfQu\u00e9 dijo Amlo a campesinos de Oaxaca sobre contaminaci\u00f3n minera?","author":"grieta","date":"29 julio, 2020","format":false,"excerpt":"Avispa Midia \/ Santiago Navarro F. El pasado 10 de julio, mujeres y hombres de la comunidad de Magdalena Ocotl\u00e1n, Oaxaca, ubicada al sur de M\u00e9xico, se alertaron por una nueva contaminaci\u00f3n en las aguas que bebe su ganado y de d\u00f3nde se nutren sus cultivos. La comunidad tom\u00f3 acciones\u2026","rel":"","context":"En &quot;CINTILLO&quot;","block_context":{"text":"CINTILLO","link":"http:\/\/www.grieta.org.mx\/index.php\/category\/cintillo\/"},"img":{"alt_text":"","src":"https:\/\/i0.wp.com\/www.grieta.org.mx\/wp-content\/uploads\/2018\/03\/14524434_1106112876131411_958039263622046936_o.jpg?resize=350%2C200","width":350,"height":200,"srcset":"https:\/\/i0.wp.com\/www.grieta.org.mx\/wp-content\/uploads\/2018\/03\/14524434_1106112876131411_958039263622046936_o.jpg?resize=350%2C200 1x, https:\/\/i0.wp.com\/www.grieta.org.mx\/wp-content\/uploads\/2018\/03\/14524434_1106112876131411_958039263622046936_o.jpg?resize=525%2C300 1.5x, https:\/\/i0.wp.com\/www.grieta.org.mx\/wp-content\/uploads\/2018\/03\/14524434_1106112876131411_958039263622046936_o.jpg?resize=700%2C400 2x"},"classes":[]}],"_links":{"self":[{"href":"http:\/\/www.grieta.org.mx\/index.php\/wp-json\/wp\/v2\/posts\/27206","targetHints":{"allow":["GET"]}}],"collection":[{"href":"http:\/\/www.grieta.org.mx\/index.php\/wp-json\/wp\/v2\/posts"}],"about":[{"href":"http:\/\/www.grieta.org.mx\/index.php\/wp-json\/wp\/v2\/types\/post"}],"author":[{"embeddable":true,"href":"http:\/\/www.grieta.org.mx\/index.php\/wp-json\/wp\/v2\/users\/2"}],"replies":[{"embeddable":true,"href":"http:\/\/www.grieta.org.mx\/index.php\/wp-json\/wp\/v2\/comments?post=27206"}],"version-history":[{"count":1,"href":"http:\/\/www.grieta.org.mx\/index.php\/wp-json\/wp\/v2\/posts\/27206\/revisions"}],"predecessor-version":[{"id":27212,"href":"http:\/\/www.grieta.org.mx\/index.php\/wp-json\/wp\/v2\/posts\/27206\/revisions\/27212"}],"wp:featuredmedia":[{"embeddable":true,"href":"http:\/\/www.grieta.org.mx\/index.php\/wp-json\/wp\/v2\/media\/27207"}],"wp:attachment":[{"href":"http:\/\/www.grieta.org.mx\/index.php\/wp-json\/wp\/v2\/media?parent=27206"}],"wp:term":[{"taxonomy":"category","embeddable":true,"href":"http:\/\/www.grieta.org.mx\/index.php\/wp-json\/wp\/v2\/categories?post=27206"},{"taxonomy":"post_tag","embeddable":true,"href":"http:\/\/www.grieta.org.mx\/index.php\/wp-json\/wp\/v2\/tags?post=27206"}],"curies":[{"name":"wp","href":"https:\/\/api.w.org\/{rel}","templated":true}]}}