{"id":27198,"date":"2018-10-08T13:32:00","date_gmt":"2018-10-08T18:32:00","guid":{"rendered":"http:\/\/www.grieta.org.mx\/?p=27198"},"modified":"2019-02-18T13:52:38","modified_gmt":"2019-02-18T19:52:38","slug":"a-seis-anos-de-su-entrega-oficial-ejidatarios-no-han-podido-ocupar-predios-del-ejido-ojo-de-agua-invasores-acaparan-20-de-la-superficie-baja-california","status":"publish","type":"post","link":"http:\/\/www.grieta.org.mx\/index.php\/2018\/10\/08\/a-seis-anos-de-su-entrega-oficial-ejidatarios-no-han-podido-ocupar-predios-del-ejido-ojo-de-agua-invasores-acaparan-20-de-la-superficie-baja-california\/","title":{"rendered":"A seis a\u00f1os de su entrega oficial, ejidatarios no han podido ocupar predios del Ejido Ojo de Agua; invasores acaparan 20% de la superficie (Baja California)"},"content":{"rendered":"<p>Zeta Tijuana.<\/p>\n<p>Isabel Mercado,<\/p>\n<p><img loading=\"lazy\" decoding=\"async\" data-attachment-id=\"27199\" data-permalink=\"http:\/\/www.grieta.org.mx\/index.php\/2018\/10\/08\/a-seis-anos-de-su-entrega-oficial-ejidatarios-no-han-podido-ocupar-predios-del-ejido-ojo-de-agua-invasores-acaparan-20-de-la-superficie-baja-california\/conflicto-ojo-de-agua\/\" data-orig-file=\"http:\/\/www.grieta.org.mx\/wp-content\/uploads\/2018\/10\/Conflicto-ojo-de-agua-3.jpg\" data-orig-size=\"620,364\" data-comments-opened=\"0\" data-image-meta=\"{&quot;aperture&quot;:&quot;0&quot;,&quot;credit&quot;:&quot;Ramon T. Blanco   SEMANARIO  ZET&quot;,&quot;camera&quot;:&quot;&quot;,&quot;caption&quot;:&quot;Conflicto ojo de agua&quot;,&quot;created_timestamp&quot;:&quot;1537189765&quot;,&quot;copyright&quot;:&quot;www.zetatijuana.com&quot;,&quot;focal_length&quot;:&quot;0&quot;,&quot;iso&quot;:&quot;0&quot;,&quot;shutter_speed&quot;:&quot;0&quot;,&quot;title&quot;:&quot;Conflicto ojo de agua&quot;,&quot;orientation&quot;:&quot;0&quot;}\" data-image-title=\"Conflicto ojo de agua\" data-image-description=\"\" data-image-caption=\"&lt;p&gt;Conflicto ojo de agua&lt;\/p&gt;\n\" data-medium-file=\"http:\/\/www.grieta.org.mx\/wp-content\/uploads\/2018\/10\/Conflicto-ojo-de-agua-3-300x176.jpg\" data-large-file=\"http:\/\/www.grieta.org.mx\/wp-content\/uploads\/2018\/10\/Conflicto-ojo-de-agua-3.jpg\" class=\"size-full wp-image-27199\" src=\"http:\/\/www.grieta.org.mx\/wp-content\/uploads\/2018\/10\/Conflicto-ojo-de-agua-3.jpg\" alt=\"\" width=\"750\" height=\"500\" \/> Conflicto ojo de agua[\/caption<br \/>\nFoto: Ram\u00f3n T. Blanco Villal\u00f3n.- Contin\u00faa conflicto<\/p>\n<p>Ejidatarios del centro de poblaci\u00f3n Ejido Ojo de Agua dicen continuar con la defensa del pol\u00edgono de 4 mil 494 hect\u00e1reas, que por resoluci\u00f3n presidencial les fue dotado en 1980 y ratificado en 2012. A la fecha, mantienen 20 juicios abiertos por invasi\u00f3n de propiedad.<\/p>\n<p>En entrevista con ZETA, Armando Eduardo V\u00e1zquez Luj\u00e1n y Fernando G\u00f3mez Ch\u00e1vez, presidente del Comisariado Ejidal y asesor Jur\u00eddico respectivamente, expusieron que de la superficie entregada, aproximadamente un 20 por ciento se encuentra invadida. Por ello, mantienen litigios contra ocupantes de Fuentes del Valle, Colinas de El Florido y del predio en el que se pretende asentar una colonia con el nombre de Enrique Pe\u00f1a Nieto, as\u00ed como \u201cranchitos dispersos\u201d.<\/p>\n<p>Acompa\u00f1ados de un grupo de ejidatarios, los representantes de Ojo de Agua responsabilizaron al Gobierno del Estado y a la federaci\u00f3n de hacer \u201ccaso omiso de documentaci\u00f3n de propiedad\u201d que les fue expedida mediante resoluci\u00f3n presidencial, permitiendo que terceros registren como suyos terrenos pertenecientes a ese ejido.<\/p>\n<p>Recordaron que con la resoluci\u00f3n de 1980 quienes ocupaban parte del pol\u00edgono \u201ccomparecieron al procedimiento de dotaci\u00f3n, ofrecieron alegatos y a lo que a su inter\u00e9s convino, y promovieron 36 juicios de amparo para impedir que sus derechos fueran violentados con motivo de la resoluci\u00f3n presidencial\u201d. Los recursos legales que promovieron fueron sobrese\u00eddos en la corte y, aunque todos perdieron, siguieron vendiendo: \u201cocultaron la verdad, enga\u00f1ando a los compradores\u201d, dijo el abogado Fernando G\u00f3mez.<\/p>\n<p>En 2012 la entonces Secretar\u00eda de la Reforma Agraria (SRA) dio cumplimiento a la resoluci\u00f3n presidencial, y a los 76 ejidatarios que conforman el Ejido Ojo de Agua les hizo entrega f\u00edsica del pol\u00edgono de 4 mil 494 hect\u00e1reas. Esto no fren\u00f3 los conflictos legales, ya que quienes tuvieron la posesi\u00f3n de los predios lograron sentencias en juzgados, fraccionaron y vendieron, incrementando el n\u00famero de denuncias contra el Ejido.<\/p>\n<p>Incluso en el Registro P\u00fablico de la Propiedad inscriben a nombre de terceros lotes pertenecientes al Ejido, \u201caun cuando los tres niveles de gobierno tienen conocimiento que esas tierras pertenecen a los ejidatarios\u201d, denunci\u00f3 Armando Eduardo V\u00e1zquez Luj\u00e1n.<\/p>\n<p>Al respecto, Jos\u00e9 Antonio Araiza Regalado, director del Registro P\u00fablico de la Propiedad y el Comercio (RPPC) en Baja California, explic\u00f3 que la federaci\u00f3n ha sido la que ha generado la confusi\u00f3n al modificar en dos ocasiones el pol\u00edgono de tierras que ser\u00eda entregado al Ejido. Sostuvo que despu\u00e9s de la ratificaci\u00f3n de 2012 se cancelaron todas las inscripciones de propiedad de terceros, excepto uno.<\/p>\n<p>Que fue el Cuerpo Consultivo Agrario el que aprob\u00f3 el plano de localizaci\u00f3n de ese pol\u00edgono, el cual modific\u00f3 en 1983 lo que motiv\u00f3 al Ejido a interponer un recurso de inconformidad ante la misma autoridad que emiti\u00f3 la resoluci\u00f3n de 1980 y la modific\u00f3 tres a\u00f1os despu\u00e9s.<\/p>\n<p>En 2012 vuelve a sesionar el Cuerpo Consultivo Agrario y asienta el plano de localizaci\u00f3n del Ejido en el pol\u00edgono original de 1980. Pero hay un ciudadano que se siente afectado, Mario Ter\u00e1n del R\u00edo, quien interpone el juicio de amparo 285\/2013 en representaci\u00f3n de Desarrollos Inmobiliarios San Nicol\u00e1s y de Desarrollo La Herradura de Baja California. Alega que nunca fue notificado de la resoluci\u00f3n y exige la garant\u00eda de audiencia.<\/p>\n<p>Ante ello, \u201cel juez nos orden\u00f3 la suspensi\u00f3n provisional de los actos hasta que no resuelva las violaciones que alega Mario Ter\u00e1n del R\u00edo, quien est\u00e1 debidamente inscrito \u2013en el RPPC-, sus antecedentes datan de un t\u00edtulo de propiedad expedido en 1861, por el entonces presidente Benito Ju\u00e1rez\u201d, abund\u00f3.<\/p>\n<p>El funcionario estatal concluy\u00f3 que \u201cno estamos ni a favor ni en contra de ninguna persona, somos una autoridad de buena fe y acatamos lo que nos instruye cualquier autoridad, ll\u00e1mese del \u00f3rgano jurisdiccional estatal o federal\u201d.<\/p>\n<p><a href=\"http:\/\/zetatijuana.com\/2018\/10\/a-seis-anos-de-su-entrega-oficial-ejidatarios-no-han-podido-ocupar-predios-del-ejido-ojo-de-agua-invasores-acaparan-20-de-la-superficie\/\" rel=\"noopener\" target=\"_blank\">http:\/\/zetatijuana.com\/2018\/10\/a-seis-anos-de-su-entrega-oficial-ejidatarios-no-han-podido-ocupar-predios-del-ejido-ojo-de-agua-invasores-acaparan-20-de-la-superficie\/<\/a><\/p>\n","protected":false},"excerpt":{"rendered":"<p>Zeta Tijuana. Isabel Mercado, Conflicto ojo de agua[\/caption Foto: Ram\u00f3n T. Blanco Villal\u00f3n.- Contin\u00faa conflicto Ejidatarios del centro de poblaci\u00f3n Ejido Ojo de Agua dicen continuar con la defensa del &hellip; <a href=\"http:\/\/www.grieta.org.mx\/index.php\/2018\/10\/08\/a-seis-anos-de-su-entrega-oficial-ejidatarios-no-han-podido-ocupar-predios-del-ejido-ojo-de-agua-invasores-acaparan-20-de-la-superficie-baja-california\/\" class=\"more-link\">Leer m\u00e1s<\/a><\/p>\n","protected":false},"author":2,"featured_media":27199,"comment_status":"closed","ping_status":"closed","sticky":false,"template":"","format":"standard","meta":{"ngg_post_thumbnail":0,"_jetpack_newsletter_access":"","_jetpack_dont_email_post_to_subs":false,"_jetpack_newsletter_tier_id":0,"_jetpack_memberships_contains_paywalled_content":false,"_jetpack_memberships_contains_paid_content":false,"footnotes":""},"categories":[5,80,1816,2],"tags":[1065,1818,1817],"class_list":["post-27198","post","type-post","status-publish","format-standard","has-post-thumbnail","hentry","category-baja-california","category-cintillo","category-despojo-de-tierras-en-baja-california","category-noticias-nacionales","tag-despojo-de-agua-y-tierras","tag-ejido-ojo-de-agua","tag-tierras-ejidales","entry"],"jetpack_featured_media_url":"http:\/\/www.grieta.org.mx\/wp-content\/uploads\/2018\/10\/Conflicto-ojo-de-agua-3.jpg","jetpack_sharing_enabled":true,"jetpack_shortlink":"https:\/\/wp.me\/p7ZJR4-74G","jetpack_likes_enabled":false,"jetpack-related-posts":[{"id":38818,"url":"http:\/\/www.grieta.org.mx\/index.php\/2019\/09\/01\/denuncian-despojo-de-tierras-en-el-ejido-mexico-sinaloa\/","url_meta":{"origin":27198,"position":0},"title":"Denuncian despojo de tierras en el ejido M\u00e9xico (Sinaloa)","author":"grieta","date":"1 septiembre, 2019","format":false,"excerpt":"Foto: Javier Padilla - EL Debate Hugo Mora \/ El Debate Los Mochis, Sinaloa.- Con una total indignaci\u00f3n y repudio, ejidatarios del M\u00e9xico denunciaron el despojo de una parte de sus tierras por parte de las autoridades ejidatarias desde hace dos semanas. El representante de los ejidatarios, Jes\u00fas Alberto Romero\u2026","rel":"","context":"En &quot;CINTILLO&quot;","block_context":{"text":"CINTILLO","link":"http:\/\/www.grieta.org.mx\/index.php\/category\/cintillo\/"},"img":{"alt_text":"","src":"https:\/\/i0.wp.com\/www.grieta.org.mx\/wp-content\/uploads\/2019\/09\/denuncian_despojo_de_tierras_en_ejido_mochis.jpg_219914347.jpg?resize=350%2C200","width":350,"height":200,"srcset":"https:\/\/i0.wp.com\/www.grieta.org.mx\/wp-content\/uploads\/2019\/09\/denuncian_despojo_de_tierras_en_ejido_mochis.jpg_219914347.jpg?resize=350%2C200 1x, https:\/\/i0.wp.com\/www.grieta.org.mx\/wp-content\/uploads\/2019\/09\/denuncian_despojo_de_tierras_en_ejido_mochis.jpg_219914347.jpg?resize=525%2C300 1.5x, https:\/\/i0.wp.com\/www.grieta.org.mx\/wp-content\/uploads\/2019\/09\/denuncian_despojo_de_tierras_en_ejido_mochis.jpg_219914347.jpg?resize=700%2C400 2x"},"classes":[]},{"id":669,"url":"http:\/\/www.grieta.org.mx\/index.php\/2015\/11\/05\/despojan-de-tierra-a-ejidatarios-de-cahuacan\/","url_meta":{"origin":27198,"position":1},"title":"Despojan de tierra a ejidatarios de Cahuac\u00e1n","author":"grieta","date":"5 noviembre, 2015","format":false,"excerpt":"05\/11\/15. Cahuac\u00e1n y Coyotepec, comunidades en defensa del aguaRevoluci\u00f3n 3.0 22\/04\/15. #AlertaCahuac\u00e1n, el ejido m\u00e1s grande de M\u00e9xico en despojo (parte 2)5oymexico.org 10\/04\/15. #AlertaCahuac\u00e1n, el ejido m\u00e1s grande de M\u00e9xico en despojo (parte 1)5oymexico.org 08\/06\/13. Despojo de Tierras Santa Mar\u00eda Magdalena Cahuac\u00e1nGuardianes fieles del bosque","rel":"","context":"En &quot;Estado de M\u00e9xico&quot;","block_context":{"text":"Estado de M\u00e9xico","link":"http:\/\/www.grieta.org.mx\/index.php\/category\/noticias-nacionales\/estado-de-mexico\/"},"img":{"alt_text":"","src":"https:\/\/i0.wp.com\/www.grieta.org.mx\/wp-content\/uploads\/2018\/03\/14524434_1106112876131411_958039263622046936_o.jpg?resize=350%2C200","width":350,"height":200,"srcset":"https:\/\/i0.wp.com\/www.grieta.org.mx\/wp-content\/uploads\/2018\/03\/14524434_1106112876131411_958039263622046936_o.jpg?resize=350%2C200 1x, https:\/\/i0.wp.com\/www.grieta.org.mx\/wp-content\/uploads\/2018\/03\/14524434_1106112876131411_958039263622046936_o.jpg?resize=525%2C300 1.5x, https:\/\/i0.wp.com\/www.grieta.org.mx\/wp-content\/uploads\/2018\/03\/14524434_1106112876131411_958039263622046936_o.jpg?resize=700%2C400 2x"},"classes":[]},{"id":67863,"url":"http:\/\/www.grieta.org.mx\/index.php\/2023\/09\/05\/ejidatarios-marchan-en-contra-de-la-anp-la-giganta-y-guadalupe-baja-california-sur\/","url_meta":{"origin":27198,"position":2},"title":"Ejidatarios marchan en contra de la ANP La Giganta y Guadalupe (Baja California Sur)","author":"grieta","date":"5 septiembre, 2023","format":false,"excerpt":"Imagen; Tribuna deMexico Andrea Villareal \/ Tribuna de M\u00e9xico Este martes un grupo de ejidatarios se manifest\u00f3 en contra del proyecto del \u00e1rea natural protegida (ANP) de las sierras La Giganta y Guadalupe. Al grito de \u201c\u00a1No a las ANP!\u201d, los representantes ejidales marcharon desde el Parque Revoluci\u00f3n hacia el\u2026","rel":"","context":"En &quot;Baja California Sur&quot;","block_context":{"text":"Baja California Sur","link":"http:\/\/www.grieta.org.mx\/index.php\/category\/noticias-nacionales\/baja-california-sur\/"},"img":{"alt_text":"","src":"https:\/\/i0.wp.com\/www.grieta.org.mx\/wp-content\/uploads\/2023\/10\/YXM2Rozn-Manifestacion-de-ejidatarios-en-el-Congreso-de-BCS-905x613-1.webp?resize=350%2C200","width":350,"height":200,"srcset":"https:\/\/i0.wp.com\/www.grieta.org.mx\/wp-content\/uploads\/2023\/10\/YXM2Rozn-Manifestacion-de-ejidatarios-en-el-Congreso-de-BCS-905x613-1.webp?resize=350%2C200 1x, https:\/\/i0.wp.com\/www.grieta.org.mx\/wp-content\/uploads\/2023\/10\/YXM2Rozn-Manifestacion-de-ejidatarios-en-el-Congreso-de-BCS-905x613-1.webp?resize=525%2C300 1.5x, https:\/\/i0.wp.com\/www.grieta.org.mx\/wp-content\/uploads\/2023\/10\/YXM2Rozn-Manifestacion-de-ejidatarios-en-el-Congreso-de-BCS-905x613-1.webp?resize=700%2C400 2x"},"classes":[]},{"id":40945,"url":"http:\/\/www.grieta.org.mx\/index.php\/2019\/11\/02\/ojos-de-agua-peligran-por-keken-campeche\/","url_meta":{"origin":27198,"position":3},"title":"Ojos de agua peligran por Kek\u00e9n (Campeche)","author":"grieta","date":"2 noviembre, 2019","format":false,"excerpt":"Pobladores lo consideran gran riqueza de sus comunidades que poca gente lo conoce \/ Ser\u00eda un detonador tur\u00edstico para la regi\u00f3n \/ La asamblea del pueblo se ha opuesto a la instalaci\u00f3n de la granja porc\u00edcola PorEsto! DZITBALCHE, CAMP. Varios ojos de agua cristalina, estar\u00edan en peligran en caso de\u2026","rel":"","context":"En &quot;Campeche&quot;","block_context":{"text":"Campeche","link":"http:\/\/www.grieta.org.mx\/index.php\/category\/noticias-nacionales\/campeche\/"},"img":{"alt_text":"","src":"https:\/\/i0.wp.com\/www.grieta.org.mx\/wp-content\/uploads\/2019\/11\/2GRANJA1.jpg?resize=350%2C200","width":350,"height":200,"srcset":"https:\/\/i0.wp.com\/www.grieta.org.mx\/wp-content\/uploads\/2019\/11\/2GRANJA1.jpg?resize=350%2C200 1x, https:\/\/i0.wp.com\/www.grieta.org.mx\/wp-content\/uploads\/2019\/11\/2GRANJA1.jpg?resize=525%2C300 1.5x, https:\/\/i0.wp.com\/www.grieta.org.mx\/wp-content\/uploads\/2019\/11\/2GRANJA1.jpg?resize=700%2C400 2x"},"classes":[]},{"id":28592,"url":"http:\/\/www.grieta.org.mx\/index.php\/2019\/01\/18\/desaparecen-el-ejido-de-ixil-yucatan\/","url_meta":{"origin":27198,"position":4},"title":"\u201cDesaparecen\u201d el Ejido de Ixil (Yucat\u00e1n)","author":"grieta","date":"18 enero, 2019","format":false,"excerpt":"(InformaTe Yucat\u00e1n) M\u00e9rida, Yucat\u00e1n .- Ejidatarios de Ixil est\u00e1n en riesgo de perder m\u00e1s de 5,700 hect\u00e1reas, tierras que se est\u00e1n vendiendo a ciudadanos de Baja California, Guadalajara, Sinaloa, Puebla, Veracruz, Ciudad de M\u00e9xico, Yucat\u00e1n y hasta de los Estados Unidos, denunci\u00f3 este viernes el comisario ejidal de ese municipio,\u2026","rel":"","context":"En &quot;CINTILLO&quot;","block_context":{"text":"CINTILLO","link":"http:\/\/www.grieta.org.mx\/index.php\/category\/cintillo\/"},"img":{"alt_text":"","src":"https:\/\/i0.wp.com\/www.grieta.org.mx\/wp-content\/uploads\/2019\/01\/lotes-vendidos-ixil-.jpg?resize=350%2C200","width":350,"height":200,"srcset":"https:\/\/i0.wp.com\/www.grieta.org.mx\/wp-content\/uploads\/2019\/01\/lotes-vendidos-ixil-.jpg?resize=350%2C200 1x, https:\/\/i0.wp.com\/www.grieta.org.mx\/wp-content\/uploads\/2019\/01\/lotes-vendidos-ixil-.jpg?resize=525%2C300 1.5x"},"classes":[]},{"id":63961,"url":"http:\/\/www.grieta.org.mx\/index.php\/2022\/04\/08\/los-ejidatarios-de-ucu-denuncian-el-despojo-de-tierras-yucatan\/","url_meta":{"origin":27198,"position":5},"title":"Los ejidatarios de Uc\u00fa denuncian el despojo de tierras (Yucat\u00e1n)","author":"grieta","date":"8 abril, 2022","format":false,"excerpt":"\u201cNo todas las adquisiciones de terrenos ejidales son ilegales, pero muchas son inmorales porque quienes las realizan se aprovechan de los propietarios, que ven malbaratado y perdido su patrimonio por necesidad o por ignorancia\u201d, se\u00f1al\u00f3 Jes\u00fas Alberto Campos N\u00fa\u00f1ez, jefe distrital n\u00famero 8 del Consejo Nacional Mexicano de Pueblos Originarios,\u2026","rel":"","context":"En &quot;CINTILLO&quot;","block_context":{"text":"CINTILLO","link":"http:\/\/www.grieta.org.mx\/index.php\/category\/cintillo\/"},"img":{"alt_text":"","src":"https:\/\/i0.wp.com\/www.grieta.org.mx\/wp-content\/uploads\/2022\/04\/Ucu-e1649692228577.png?resize=350%2C200","width":350,"height":200,"srcset":"https:\/\/i0.wp.com\/www.grieta.org.mx\/wp-content\/uploads\/2022\/04\/Ucu-e1649692228577.png?resize=350%2C200 1x, https:\/\/i0.wp.com\/www.grieta.org.mx\/wp-content\/uploads\/2022\/04\/Ucu-e1649692228577.png?resize=525%2C300 1.5x, https:\/\/i0.wp.com\/www.grieta.org.mx\/wp-content\/uploads\/2022\/04\/Ucu-e1649692228577.png?resize=700%2C400 2x"},"classes":[]}],"_links":{"self":[{"href":"http:\/\/www.grieta.org.mx\/index.php\/wp-json\/wp\/v2\/posts\/27198","targetHints":{"allow":["GET"]}}],"collection":[{"href":"http:\/\/www.grieta.org.mx\/index.php\/wp-json\/wp\/v2\/posts"}],"about":[{"href":"http:\/\/www.grieta.org.mx\/index.php\/wp-json\/wp\/v2\/types\/post"}],"author":[{"embeddable":true,"href":"http:\/\/www.grieta.org.mx\/index.php\/wp-json\/wp\/v2\/users\/2"}],"replies":[{"embeddable":true,"href":"http:\/\/www.grieta.org.mx\/index.php\/wp-json\/wp\/v2\/comments?post=27198"}],"version-history":[{"count":1,"href":"http:\/\/www.grieta.org.mx\/index.php\/wp-json\/wp\/v2\/posts\/27198\/revisions"}],"predecessor-version":[{"id":29139,"href":"http:\/\/www.grieta.org.mx\/index.php\/wp-json\/wp\/v2\/posts\/27198\/revisions\/29139"}],"wp:featuredmedia":[{"embeddable":true,"href":"http:\/\/www.grieta.org.mx\/index.php\/wp-json\/wp\/v2\/media\/27199"}],"wp:attachment":[{"href":"http:\/\/www.grieta.org.mx\/index.php\/wp-json\/wp\/v2\/media?parent=27198"}],"wp:term":[{"taxonomy":"category","embeddable":true,"href":"http:\/\/www.grieta.org.mx\/index.php\/wp-json\/wp\/v2\/categories?post=27198"},{"taxonomy":"post_tag","embeddable":true,"href":"http:\/\/www.grieta.org.mx\/index.php\/wp-json\/wp\/v2\/tags?post=27198"}],"curies":[{"name":"wp","href":"https:\/\/api.w.org\/{rel}","templated":true}]}}