{"id":27175,"date":"2018-09-22T13:23:37","date_gmt":"2018-09-22T18:23:37","guid":{"rendered":"http:\/\/www.grieta.org.mx\/?p=27175"},"modified":"2018-10-14T13:28:08","modified_gmt":"2018-10-14T18:28:08","slug":"damnificados-del-edificio-centauro-perdieron-sus-escrituras-el-19s-y-no-saben-si-recuperaran-su-hogar","status":"publish","type":"post","link":"http:\/\/www.grieta.org.mx\/index.php\/2018\/09\/22\/damnificados-del-edificio-centauro-perdieron-sus-escrituras-el-19s-y-no-saben-si-recuperaran-su-hogar\/","title":{"rendered":"Damnificados del edificio Centauro perdieron sus escrituras el 19S y no saben si recuperar\u00e1n su hogar"},"content":{"rendered":"<p><img decoding=\"async\" data-attachment-id=\"27176\" data-permalink=\"http:\/\/www.grieta.org.mx\/index.php\/2018\/09\/22\/damnificados-del-edificio-centauro-perdieron-sus-escrituras-el-19s-y-no-saben-si-recuperaran-su-hogar\/demolicion_edificio_osa_mayor-5-e1537582336854-960x500\/\" data-orig-file=\"http:\/\/www.grieta.org.mx\/wp-content\/uploads\/2018\/10\/Demolicion_Edificio_Osa_Mayor-5-e1537582336854-960x500.jpg\" data-orig-size=\"960,500\" data-comments-opened=\"0\" data-image-meta=\"{&quot;aperture&quot;:&quot;0&quot;,&quot;credit&quot;:&quot;&quot;,&quot;camera&quot;:&quot;&quot;,&quot;caption&quot;:&quot;&quot;,&quot;created_timestamp&quot;:&quot;0&quot;,&quot;copyright&quot;:&quot;&quot;,&quot;focal_length&quot;:&quot;0&quot;,&quot;iso&quot;:&quot;0&quot;,&quot;shutter_speed&quot;:&quot;0&quot;,&quot;title&quot;:&quot;&quot;,&quot;orientation&quot;:&quot;0&quot;}\" data-image-title=\"Demolicion_Edificio_Osa_Mayor-5-e1537582336854-960&amp;#215;500\" data-image-description=\"\" data-image-caption=\"\" data-medium-file=\"http:\/\/www.grieta.org.mx\/wp-content\/uploads\/2018\/10\/Demolicion_Edificio_Osa_Mayor-5-e1537582336854-960x500-300x156.jpg\" data-large-file=\"http:\/\/www.grieta.org.mx\/wp-content\/uploads\/2018\/10\/Demolicion_Edificio_Osa_Mayor-5-e1537582336854-960x500.jpg\" src=\"http:\/\/www.grieta.org.mx\/wp-content\/uploads\/2018\/10\/Demolicion_Edificio_Osa_Mayor-5-e1537582336854-960x500.jpg\" alt=\"\" width=\"764 height=\"500\" class=\"aligncenter size-full wp-image-27176\" srcset=\"http:\/\/www.grieta.org.mx\/wp-content\/uploads\/2018\/10\/Demolicion_Edificio_Osa_Mayor-5-e1537582336854-960x500.jpg 960w, http:\/\/www.grieta.org.mx\/wp-content\/uploads\/2018\/10\/Demolicion_Edificio_Osa_Mayor-5-e1537582336854-960x500-300x156.jpg 300w, http:\/\/www.grieta.org.mx\/wp-content\/uploads\/2018\/10\/Demolicion_Edificio_Osa_Mayor-5-e1537582336854-960x500-768x400.jpg 768w\" sizes=\"(max-width: 960px) 100vw, 960px\" \/><\/p>\n<p>Er\u00e9ndira Aquino\/Animal Pol\u00edtico<\/p>\n<blockquote><p>Debido a que las escrituras son requisito para acceder a los apoyos del gobierno para la reconstrucci\u00f3n de viviendas afectadas, vecinos del edificio Centauro han tenido que buscar alternativas para que las autoridades los reconozcan como damnificados.<\/p><\/blockquote>\n<p>Los vecinos del edificio Centauro, en la colonia Doctores, llevan un a\u00f1o sin hogar y sin respuestas claras sobre qu\u00e9 suceder\u00e1 con los departamentos y locales comerciales que perdieron a causa de los sismos de septiembre del a\u00f1o pasado.<\/p>\n<p>La demolici\u00f3n del edificio comenz\u00f3 hace un mes y medio, sin embargo, a un a\u00f1o del sismo del 19-S, los afectados acusan que no tienen certeza sobre la recuperaci\u00f3n de su patrimonio, y el gobierno de la Ciudad de M\u00e9xico no ha dado soluci\u00f3n para aquellos que no cuentan con escrituras de los departamentos.<\/p>\n<p>Inicialmente, dos dict\u00e1menes, uno del gobierno capitalino y otro del Colegio Nacional de Ingenieros Arquitectos de M\u00e9xico, calificaron al inmueble como \u201cinseguro\/de alto riesgo\u201d, por lo que no deb\u00eda ser habitado en tanto no se realizara su rehabilitaci\u00f3n, debido a que sus elementos estructurales (trabes, columnas) y paredes contaban con da\u00f1o severo.<\/p>\n<p>Por su parte, el Colegio Nacional de Ingenieros Arquitectos de M\u00e9xico dio a los vecinos varias recomendaciones para realizar las reparaciones necesarias del edificio.<\/p>\n<p>Sin embargo, las autoridades de la Ciudad de M\u00e9xico no autorizaron que se diera la rehabilitaci\u00f3n del edificio Centauro, como solicit\u00f3 con esos dos dict\u00e1menes la administraci\u00f3n que tuvo hasta junio de 2018.<\/p>\n<p>Finalmente, los vecinos de la nueva administraci\u00f3n acordaron con las autoridades que no se realizar\u00eda la rehabilitaci\u00f3n del edificio, sino su demolici\u00f3n y posterior reconstrucci\u00f3n.<\/p>\n<p>Debido a que las escrituras forman parte de los requisitos para que los afectados accedan a los apoyos del gobierno para la rehabilitaci\u00f3n y reconstrucci\u00f3n de viviendas afectadas, algunos de ellos han tenido que buscar alternativas para que las autoridades los reconozcan como damnificados.<\/p>\n<p>Leslie Nequiz, quien viv\u00eda en uno de los 64 departamentos del edificio Centauro, est\u00e1 buscando a trav\u00e9s de un juicio de amparo que el gobierno de la Ciudad de M\u00e9xico la reconozca como damnificada, porque no cuenta con escrituras de su vivienda, debido a que lo compr\u00f3 a trav\u00e9s de un contrato privado hace ocho a\u00f1os.<\/p>\n<p>Nequiz explica que decidi\u00f3 buscar un amparo porque tramitar las escrituras del departamento que ya fue demolido cuesta m\u00e1s de 200 mil pesos.<\/p>\n<p>\u201cCuando acud\u00ed con mi abogado me dijo \u201c\u00bfPara qu\u00e9 gasta este 200 y 350 mil pesos si para adquirir un nuevo departamento van a tener que volver a escriturar? Ser\u00eda pagar doble\u201d, y fue que decid\u00ed iniciar un juicio de amparo para pelear la legalidad de mi propiedad\u201d.<\/p>\n<p>En junio pasado, los vecinos fueron informados que su edificio ser\u00eda demolido para construir uno nuevo, que contar\u00eda con algunos pisos extras de altura para que la venta de los departamentos extra les permitiera reducir el costo de los que ellos comprar\u00edan a trav\u00e9s de cr\u00e9ditos.<\/p>\n<p>Leslie, quien desde septiembre pasado tuvo que mudarse con su esposo sus tres hijos a un cuarto en la casa de su padre, dice que incluso con los apoyos que ofrece el gobierno, la situaci\u00f3n econ\u00f3mica en la que se encuentra complica la posibilidad de adquirir un nuevo departamento.<\/p>\n<p>Para tramitar su amparo tuvo que vender su camioneta, y ahora, dice, les han informado que cuando se construyan los nuevos departamentos, estos costar\u00e1n aproximadamente un mill\u00f3n 200 mil pesos, mismos que podr\u00e1n pagar con la ayuda de cr\u00e9ditos.<\/p>\n<p>De acuerdo con Leslie, para que les otorguen esos cr\u00e9ditos \u201chay que comprobar un ingreso m\u00ednimo alto, y las mensualidades ser\u00edan de entre 15 y 18 mil pesos, no puedes estar en bur\u00f3 de cr\u00e9dito, y tampoco apoyan a los adultos mayores\u2026 cuando nosotros tenemos m\u00e1s o menos un 50% de personas de m\u00e1s de 65 a\u00f1os\u201d.<\/p>\n<p>Ante las dificultades para cumplir con todos los requisitos para poder acceder a los apoyos, la afectada explica que han tenido reuniones con el Instituto de Vivienda les ha dicho que flexibilizar\u00e1n los lineamientos de los programas, sin embargo, dice, \u201chay que ver que cumplan\u201d.<\/p>\n<p>\u201cNos quedamos sin trabajo y sin casa\u201d<br \/>\nAlgunos de los vecinos del edificio Centauro, que fue uno de los 32 que fueron catalogados como \u201cen riesgo de colapso\u201d por la delegaci\u00f3n Cuauht\u00e9moc despu\u00e9s del sismo, no solo perdieron su departamento, sino tambi\u00e9n los locales donde ten\u00edan montado un negocio.<\/p>\n<p>Catalina Reyes, quien viv\u00eda desde 1989 en un departamento en la planta baja de Centauro, ten\u00eda una agencia de viajes en el local comercial que ocupaba la parte del frente de su vivienda. Desde septiembre tuvo que irse a vivir con su hermana.<\/p>\n<p>\u201cEra una agencia de viajes, y despu\u00e9s del sismo nos dijeron que ya no pod\u00edamos entrar. Pusieron polic\u00edas afuera e impidieron que entr\u00e1ramos al edificio porque estaba muy mal y pues obvio, nos quedamos sin trabajo. Como yo viv\u00eda en la parte de atr\u00e1s del local, desde entonces tampoco tengo casa\u201d, cuenta.<\/p>\n<p>Dentro de su departamento se perdieron guitarras, sillones, espejos, aparatos electr\u00f3nicos y otros muebles que no pudo sacar por el riesgo que implicaba ingresar al edificio.<\/p>\n<p>Sin embargo, para Catalina, la mayor preocupaci\u00f3n es que \u201clas ayudas de reconstrucci\u00f3n que est\u00e1n buscando los vecinos no contemplan los locales, solo viviendas. Eso es terrible, \u00bfc\u00f3mo voy a recuperar mi local?, \u00bfQu\u00e9 voy a hacer si era mi \u00fanica forma de trabajo?\u201d.<\/p>\n<p>De acuerdo con la afectada, el Instituto Nacional de Vivienda ha estimado el tiempo de reconstrucci\u00f3n del edificio en dos a\u00f1os.<\/p>\n<p>Para Leslie, \u201ces dif\u00edcil, pero tenemos que seguir adelante, y te puedo decir que despu\u00e9s de esto nada nos va a doblar\u201d.<\/p>\n<p><a href=\"http:\/\/www.animalpolitico.com\/2018\/09\/escrituras-requisito-damnificados-centauro\/\">www.animalpolitico.com\/2018\/09\/escrituras-requisito-damnificados-centauro\/<\/a><\/p>\n","protected":false},"excerpt":{"rendered":"","protected":false},"author":2,"featured_media":27176,"comment_status":"closed","ping_status":"closed","sticky":false,"template":"","format":"standard","meta":{"ngg_post_thumbnail":0,"_jetpack_newsletter_access":"","_jetpack_dont_email_post_to_subs":false,"_jetpack_newsletter_tier_id":0,"_jetpack_memberships_contains_paywalled_content":false,"_jetpack_memberships_contains_paid_content":false,"footnotes":""},"categories":[80,14,1044,1026,1742,2],"tags":[1028,1027],"class_list":["post-27175","post","type-post","status-publish","format-standard","has-post-thumbnail","hentry","category-cintillo","category-ciudad-de-mexico","category-desarrollos-inmobiliarios-en-la-ciudad-de-mexico","category-damnificados-por-el-sismo-del-19-de-septiembre","category-damnificados-y-reconstruccion-en-la-ciudad-de-mexico","category-noticias-nacionales","tag-damnificados","tag-sismo-19-s","entry"],"jetpack_featured_media_url":"http:\/\/www.grieta.org.mx\/wp-content\/uploads\/2018\/10\/Demolicion_Edificio_Osa_Mayor-5-e1537582336854-960x500.jpg","jetpack_sharing_enabled":true,"jetpack_shortlink":"https:\/\/wp.me\/p7ZJR4-74j","jetpack_likes_enabled":false,"jetpack-related-posts":[{"id":28263,"url":"http:\/\/www.grieta.org.mx\/index.php\/2018\/10\/03\/damnificados-de-morelos-protestan-en-casa-de-amlo-video\/","url_meta":{"origin":27175,"position":0},"title":"Damnificados de Morelos protestan en casa de AMLO (Video)","author":"grieta","date":"3 octubre, 2018","format":false,"excerpt":"Estrella Pedroza \/ Aristegui Noticias La periodista Estrella Pedroza informa que damnificados por los sismos de 2017 marcharon de Cuernavaca a la Ciudad de M\u00e9xico, para exigir la atenci\u00f3n de las autoridades. https:\/\/youtu.be\/JXo2hnQbxA4?t=178 https:\/\/m.aristeguinoticias.com\/0310\/mexico\/damnificados-de-morelos-protestan-en-casa-de-amlo-video\/","rel":"","context":"En &quot;Morelos&quot;","block_context":{"text":"Morelos","link":"http:\/\/www.grieta.org.mx\/index.php\/category\/noticias-nacionales\/morelos\/"},"img":{"alt_text":"","src":"https:\/\/i0.wp.com\/www.grieta.org.mx\/wp-content\/uploads\/2019\/01\/damnificados-morelos-482x220.jpg?resize=350%2C200","width":350,"height":200},"classes":[]},{"id":23394,"url":"http:\/\/www.grieta.org.mx\/index.php\/2018\/05\/30\/damnificados-montan-campamento-en-calzada-de-tlalpan-reclaman-que-autoridades-cumplan-con-reconstruccion\/","url_meta":{"origin":27175,"position":1},"title":"Damnificados montan campamento en calzada de Tlalpan; reclaman que autoridades cumplan con reconstrucci\u00f3n","author":"grieta","date":"30 mayo, 2018","format":false,"excerpt":"Redacci\u00f3n Animal Pol\u00edtico Damnificados del Multifamiliar dijeron que mantendr\u00e1n un campamento en calzada de Tlalpan, hasta que las autoridades de la CDMX cumplan con sus exigencias de reconstrucci\u00f3n de viviendas, luego de los da\u00f1os causados por el sismo del 19 de septiembre. Damnificados del Multifamiliar Tlalpan informaron la noche de\u2026","rel":"","context":"En &quot;CINTILLO&quot;","block_context":{"text":"CINTILLO","link":"http:\/\/www.grieta.org.mx\/index.php\/category\/cintillo\/"},"img":{"alt_text":"","src":"https:\/\/i0.wp.com\/www.grieta.org.mx\/wp-content\/uploads\/2018\/06\/tlalpan-960x500.jpg?resize=350%2C200","width":350,"height":200,"srcset":"https:\/\/i0.wp.com\/www.grieta.org.mx\/wp-content\/uploads\/2018\/06\/tlalpan-960x500.jpg?resize=350%2C200 1x, https:\/\/i0.wp.com\/www.grieta.org.mx\/wp-content\/uploads\/2018\/06\/tlalpan-960x500.jpg?resize=525%2C300 1.5x, https:\/\/i0.wp.com\/www.grieta.org.mx\/wp-content\/uploads\/2018\/06\/tlalpan-960x500.jpg?resize=700%2C400 2x"},"classes":[]},{"id":51887,"url":"http:\/\/www.grieta.org.mx\/index.php\/2020\/06\/24\/por-su-inaccion-colectivo-de-damnificados-termina-relacion-con-el-comisionado-cesar-cravioto-ciudad-de-mexico\/","url_meta":{"origin":27175,"position":2},"title":"Por \u201csu inacci\u00f3n\u201d, colectivo de damnificados termina relaci\u00f3n con el comisionado C\u00e9sar Cravioto (Ciudad de M\u00e9xico)","author":"grieta","date":"24 junio, 2020","format":false,"excerpt":"C\u00e9sar Cravioto, comisionado para la Reconstrucci\u00f3n. Foto: Benjam\u00edn Flores Sara Pantoja \/ Proceso CIUDAD DE M\u00c9XICO (apro).- El colectivo Damnificados Unidos de la Ciudad de M\u00e9xico (DUCDMX) dio a conocer que termin\u00f3 la relaci\u00f3n con C\u00e9sar Cravioto, comisionado para la Reconstrucci\u00f3n, debido a \u201csu inacci\u00f3n, ineficacia y falta de resultados\u201d,\u2026","rel":"","context":"En &quot;CINTILLO&quot;","block_context":{"text":"CINTILLO","link":"http:\/\/www.grieta.org.mx\/index.php\/category\/cintillo\/"},"img":{"alt_text":"","src":"https:\/\/i0.wp.com\/www.grieta.org.mx\/wp-content\/uploads\/2020\/07\/Por-%E2%80%9Csu-inacci%C3%B3n%E2%80%9D-colectivo-de-damnificados-termina-relaci%C3%B3n-con-el-comisionado-C%C3%A9sar-Cravioto-cdmx-jul.jpg?resize=350%2C200","width":350,"height":200,"srcset":"https:\/\/i0.wp.com\/www.grieta.org.mx\/wp-content\/uploads\/2020\/07\/Por-%E2%80%9Csu-inacci%C3%B3n%E2%80%9D-colectivo-de-damnificados-termina-relaci%C3%B3n-con-el-comisionado-C%C3%A9sar-Cravioto-cdmx-jul.jpg?resize=350%2C200 1x, https:\/\/i0.wp.com\/www.grieta.org.mx\/wp-content\/uploads\/2020\/07\/Por-%E2%80%9Csu-inacci%C3%B3n%E2%80%9D-colectivo-de-damnificados-termina-relaci%C3%B3n-con-el-comisionado-C%C3%A9sar-Cravioto-cdmx-jul.jpg?resize=525%2C300 1.5x, https:\/\/i0.wp.com\/www.grieta.org.mx\/wp-content\/uploads\/2020\/07\/Por-%E2%80%9Csu-inacci%C3%B3n%E2%80%9D-colectivo-de-damnificados-termina-relaci%C3%B3n-con-el-comisionado-C%C3%A9sar-Cravioto-cdmx-jul.jpg?resize=700%2C400 2x"},"classes":[]},{"id":22063,"url":"http:\/\/www.grieta.org.mx\/index.php\/2018\/02\/24\/crean-red-nacional-de-damnificados-cdmx\/","url_meta":{"origin":27175,"position":3},"title":"Crean Red Nacional de Damnificados (CDMX)","author":"grieta","date":"24 febrero, 2018","format":false,"excerpt":"Oscar Santill\u00e1n Buscar\u00e1n que los recursos del Fondo de Desastres Naturales (Fonden) llegue a los sitios afectados por el sismo del 19S Ante el olvido en el que han quedado los afectados por el sismo del 19 de septiembre de 2017, este s\u00e1bado, durante el V Encuentro Nacional de Damnificados\u2026","rel":"","context":"En &quot;CINTILLO&quot;","block_context":{"text":"CINTILLO","link":"http:\/\/www.grieta.org.mx\/index.php\/category\/cintillo\/"},"img":{"alt_text":"","src":"https:\/\/i0.wp.com\/www.grieta.org.mx\/wp-content\/uploads\/2018\/03\/dsc0170-53b92c1f0ffe3ab7a8e159cfe822d71b-1200x600.jpg?resize=350%2C200","width":350,"height":200,"srcset":"https:\/\/i0.wp.com\/www.grieta.org.mx\/wp-content\/uploads\/2018\/03\/dsc0170-53b92c1f0ffe3ab7a8e159cfe822d71b-1200x600.jpg?resize=350%2C200 1x, https:\/\/i0.wp.com\/www.grieta.org.mx\/wp-content\/uploads\/2018\/03\/dsc0170-53b92c1f0ffe3ab7a8e159cfe822d71b-1200x600.jpg?resize=525%2C300 1.5x, https:\/\/i0.wp.com\/www.grieta.org.mx\/wp-content\/uploads\/2018\/03\/dsc0170-53b92c1f0ffe3ab7a8e159cfe822d71b-1200x600.jpg?resize=700%2C400 2x, https:\/\/i0.wp.com\/www.grieta.org.mx\/wp-content\/uploads\/2018\/03\/dsc0170-53b92c1f0ffe3ab7a8e159cfe822d71b-1200x600.jpg?resize=1050%2C600 3x"},"classes":[]},{"id":23950,"url":"http:\/\/www.grieta.org.mx\/index.php\/2018\/06\/22\/damnificados-de-tlalpan-doblan-al-gobierno-de-la-cdmx-consiguen-reconstruccion-con-recursos-publicos\/","url_meta":{"origin":27175,"position":4},"title":"Damnificados de Tlalpan doblan al gobierno de la CDMX: consiguen reconstrucci\u00f3n con recursos p\u00fablicos","author":"grieta","date":"22 junio, 2018","format":false,"excerpt":"Proceso CIUDAD DE M\u00c9XICO (apro).- De manera in\u00e9dita, el gobierno de la Ciudad de M\u00e9xico y la Asamblea Legislativa firmaron una declaratoria de compromisos para iniciar los trabajos de reconstrucci\u00f3n con recursos p\u00fablicos en beneficio de los damnificados que bloquearon alrededor de ocho horas la Calzada de Tlalpan. Esta madrugada,\u2026","rel":"","context":"En &quot;CINTILLO&quot;","block_context":{"text":"CINTILLO","link":"http:\/\/www.grieta.org.mx\/index.php\/category\/cintillo\/"},"img":{"alt_text":"","src":"https:\/\/i0.wp.com\/www.grieta.org.mx\/wp-content\/uploads\/2018\/06\/tlalpan-1.jpg?resize=350%2C200","width":350,"height":200,"srcset":"https:\/\/i0.wp.com\/www.grieta.org.mx\/wp-content\/uploads\/2018\/06\/tlalpan-1.jpg?resize=350%2C200 1x, https:\/\/i0.wp.com\/www.grieta.org.mx\/wp-content\/uploads\/2018\/06\/tlalpan-1.jpg?resize=525%2C300 1.5x, https:\/\/i0.wp.com\/www.grieta.org.mx\/wp-content\/uploads\/2018\/06\/tlalpan-1.jpg?resize=700%2C400 2x"},"classes":[]},{"id":22057,"url":"http:\/\/www.grieta.org.mx\/index.php\/2018\/02\/26\/cdmx-denuncian-intimidacion-de-policia-contra-damnificados-otomis\/","url_meta":{"origin":27175,"position":5},"title":"CDMX: Denuncian intimidaci\u00f3n de polic\u00eda contra damnificados otom\u00eds","author":"grieta","date":"26 febrero, 2018","format":false,"excerpt":"Elementos de polic\u00eda de la CDMX arribaron en horas de la madrugada al campamento de damnificados por sismo pertenecientes a comunidad otom\u00ed. Temen desalojo Regeneraci\u00f3n, 26 de febrero del 2018. Integrantes del campamento de damnificados otom\u00eds de la Ciudad de Mexico, denunciaron que hoy lunes 26 de febrero, aproximadamente a\u2026","rel":"","context":"En &quot;CINTILLO&quot;","block_context":{"text":"CINTILLO","link":"http:\/\/www.grieta.org.mx\/index.php\/category\/cintillo\/"},"img":{"alt_text":"","src":"https:\/\/i0.wp.com\/www.grieta.org.mx\/wp-content\/uploads\/2018\/03\/patrulla_.jpg?resize=350%2C200","width":350,"height":200,"srcset":"https:\/\/i0.wp.com\/www.grieta.org.mx\/wp-content\/uploads\/2018\/03\/patrulla_.jpg?resize=350%2C200 1x, https:\/\/i0.wp.com\/www.grieta.org.mx\/wp-content\/uploads\/2018\/03\/patrulla_.jpg?resize=525%2C300 1.5x, https:\/\/i0.wp.com\/www.grieta.org.mx\/wp-content\/uploads\/2018\/03\/patrulla_.jpg?resize=700%2C400 2x"},"classes":[]}],"_links":{"self":[{"href":"http:\/\/www.grieta.org.mx\/index.php\/wp-json\/wp\/v2\/posts\/27175","targetHints":{"allow":["GET"]}}],"collection":[{"href":"http:\/\/www.grieta.org.mx\/index.php\/wp-json\/wp\/v2\/posts"}],"about":[{"href":"http:\/\/www.grieta.org.mx\/index.php\/wp-json\/wp\/v2\/types\/post"}],"author":[{"embeddable":true,"href":"http:\/\/www.grieta.org.mx\/index.php\/wp-json\/wp\/v2\/users\/2"}],"replies":[{"embeddable":true,"href":"http:\/\/www.grieta.org.mx\/index.php\/wp-json\/wp\/v2\/comments?post=27175"}],"version-history":[{"count":1,"href":"http:\/\/www.grieta.org.mx\/index.php\/wp-json\/wp\/v2\/posts\/27175\/revisions"}],"predecessor-version":[{"id":27177,"href":"http:\/\/www.grieta.org.mx\/index.php\/wp-json\/wp\/v2\/posts\/27175\/revisions\/27177"}],"wp:featuredmedia":[{"embeddable":true,"href":"http:\/\/www.grieta.org.mx\/index.php\/wp-json\/wp\/v2\/media\/27176"}],"wp:attachment":[{"href":"http:\/\/www.grieta.org.mx\/index.php\/wp-json\/wp\/v2\/media?parent=27175"}],"wp:term":[{"taxonomy":"category","embeddable":true,"href":"http:\/\/www.grieta.org.mx\/index.php\/wp-json\/wp\/v2\/categories?post=27175"},{"taxonomy":"post_tag","embeddable":true,"href":"http:\/\/www.grieta.org.mx\/index.php\/wp-json\/wp\/v2\/tags?post=27175"}],"curies":[{"name":"wp","href":"https:\/\/api.w.org\/{rel}","templated":true}]}}