{"id":27119,"date":"2018-10-11T16:40:16","date_gmt":"2018-10-11T21:40:16","guid":{"rendered":"http:\/\/www.grieta.org.mx\/?p=27119"},"modified":"2018-10-12T16:51:09","modified_gmt":"2018-10-12T21:51:09","slug":"juez-suspende-definitivamente-megagranja-de-cerdos-en-homun-yucatan","status":"publish","type":"post","link":"http:\/\/www.grieta.org.mx\/index.php\/2018\/10\/11\/juez-suspende-definitivamente-megagranja-de-cerdos-en-homun-yucatan\/","title":{"rendered":"Juez suspende definitivamente megagranja de cerdos en Hom\u00fan, Yucat\u00e1n"},"content":{"rendered":"<p><img loading=\"lazy\" decoding=\"async\" data-attachment-id=\"27120\" data-permalink=\"http:\/\/www.grieta.org.mx\/index.php\/2018\/10\/11\/juez-suspende-definitivamente-megagranja-de-cerdos-en-homun-yucatan\/homun22-1\/\" data-orig-file=\"http:\/\/www.grieta.org.mx\/wp-content\/uploads\/2018\/10\/homun22-1.jpg\" data-orig-size=\"800,400\" data-comments-opened=\"0\" data-image-meta=\"{&quot;aperture&quot;:&quot;0&quot;,&quot;credit&quot;:&quot;&quot;,&quot;camera&quot;:&quot;&quot;,&quot;caption&quot;:&quot;&quot;,&quot;created_timestamp&quot;:&quot;0&quot;,&quot;copyright&quot;:&quot;&quot;,&quot;focal_length&quot;:&quot;0&quot;,&quot;iso&quot;:&quot;0&quot;,&quot;shutter_speed&quot;:&quot;0&quot;,&quot;title&quot;:&quot;&quot;,&quot;orientation&quot;:&quot;0&quot;}\" data-image-title=\"homun22-1\" data-image-description=\"\" data-image-caption=\"\" data-medium-file=\"http:\/\/www.grieta.org.mx\/wp-content\/uploads\/2018\/10\/homun22-1-300x150.jpg\" data-large-file=\"http:\/\/www.grieta.org.mx\/wp-content\/uploads\/2018\/10\/homun22-1.jpg\" src=\"http:\/\/www.grieta.org.mx\/wp-content\/uploads\/2018\/10\/homun22-1.jpg\" alt=\"\" width=\"800\" height=\"400\" class=\"aligncenter size-full wp-image-27120\" srcset=\"http:\/\/www.grieta.org.mx\/wp-content\/uploads\/2018\/10\/homun22-1.jpg 800w, http:\/\/www.grieta.org.mx\/wp-content\/uploads\/2018\/10\/homun22-1-300x150.jpg 300w, http:\/\/www.grieta.org.mx\/wp-content\/uploads\/2018\/10\/homun22-1-768x384.jpg 768w\" sizes=\"auto, (max-width: 800px) 100vw, 800px\" \/><br \/>\nGabriel Ram\u00edrez Cuevas\/Regeneraci\u00f3n<\/p>\n<blockquote><p>En Yucat\u00e1n, ratifica la Juez Cuarto de Distrito Medida Cautelar para proteger a infancia del pueblo maya de Hom\u00fan<\/p>\n<p>Concede la suspensi\u00f3n definitiva y ordena paralizar funcionamiento<br \/>\nde megagranja porc\u00edcola en tanto se resuelve juicio de amparo<\/p><\/blockquote>\n<p>Regeneraci\u00f3n, 11 de octubre del 2018. En Yucat\u00e1n, al efectuarse la audiencia incidental el nueve de octubre, y despu\u00e9s de una inspecci\u00f3n judicial efectuada por funcionarios del Juzgado Cuarto de Distrito a la mega granja porc\u00edcola asentada en Hom\u00fan, la Juez titular, Miriam C\u00e1mara Patr\u00f3n, estableci\u00f3 que tanto el Gobernador del estado como la Secretar\u00eda de Desarrollo Urbano y Medio Ambiente deb\u00edan ordenar, la inmediata paralizaci\u00f3n de la granja porc\u00edcola propiedad de la empresa \u201cProducci\u00f3n Alimentaria Porc\u00edcola\u201d, Sociedad de Producci\u00f3n Rural de Responsabilidad Limitada de Capital Variable.<\/p>\n<p>La Juez bas\u00f3 su resoluci\u00f3n en tres puntos principales, seg\u00fan inform\u00f3 Ka\u2019anan Ts\u2019onot, Guardianes de los Cenotes y el Equipo Indignaci\u00f3n A.C.<\/p>\n<p>1.- Que se cumpl\u00edan los elementos de procedencia, puesto que la suspensi\u00f3n no afecta el inter\u00e9s p\u00fablico, sino por el contrario, es una medida tendiente a garantizar el inter\u00e9s de la sociedad porque se conserve el medioambiente sano, el derecho a una vida digna, al agua y al equilibrio ecol\u00f3gico.<\/p>\n<p>En ese sentido, la Juez consider\u00f3 que de continuar el funcionamiento de la granja, se podr\u00edan provocar \u201cperjuicios de dif\u00edcil reparaci\u00f3n\u201d sobre todo por los derechos en juego que son extremadamente sensibles.<\/p>\n<p>Uno de los elementos que se pudo corroborar durante la inspecci\u00f3n judicial efectuada el d\u00eda nueve de octubre por funcionarios del Juzgado Cuarto, y que sirvi\u00f3 de argumento a su titular para emitir la suspensi\u00f3n definitiva, fue que la planta de tratamiento de aguas se encontraba inconclusa, situaci\u00f3n que podr\u00eda significar un riesgo inminente de afectaci\u00f3n al medioambiente dado que podr\u00edan descargarse en la regi\u00f3n aguas sin el adecuado tratamiento en una zona especialmente sensible como lo es la denominada reserva geohidrol\u00f3gica \u201canillo de los cenotes\u201d declarada \u00e1rea natural protegida.<\/p>\n<p>2.- Que aunque exist\u00eda una presunci\u00f3n de que la granja operaba con los permisos necesarios, resultaba prioritario hacer efectivo el principio de prevenci\u00f3n y precauci\u00f3n que establece que cuando en la implementaci\u00f3n de una tecnolog\u00eda o proyecto haya un peligro de da\u00f1o grave o irreversible para el medioambiente o la salud, aun ante la falta de certeza cient\u00edfica, es necesario adoptar medidas eficaces para evitar ese da\u00f1o.<\/p>\n<p>Dicho riesgo se corrobor\u00f3 con diversos estudios cient\u00edficos ofrecidos por los representantes legales de la comunidad de Hom\u00fan que se\u00f1alan las amenazas, vulnerabilidades y riesgos de contaminaci\u00f3n de las aguas subterr\u00e1neas de la Pen\u00ednsula de Yucat\u00e1n.<\/p>\n<p>En ese sentido, para la Juez Cuarto la granja de cerdos podr\u00eda poner en riesgo la pureza y utilidad del agua en la regi\u00f3n, pues es sabido que establecimientos como la granja en cuesti\u00f3n generan un gran impacto ambiental.<\/p>\n<p>La Juez incluso advirti\u00f3 que, de no cumplirse con el principio de precauci\u00f3n, se podr\u00eda generar responsabilidad internacional por parte del Estado mexicano.<\/p>\n<p>3.- Que resulta evidente que en ninguno de los permisos y autorizaciones otorgados a la granja porc\u00edcola se respet\u00f3 el derecho a la consulta y participaci\u00f3n, establecido tanto la Declaraci\u00f3n de Naciones Unidas sobre Pueblos Ind\u00edgenas como el Convenio 169 de la OIT y diversas jurisprudencias de la Corte Interamericana de Derechos Humanos, que obliga a realizar consultas de buena fe con las comunidades ind\u00edgenas con el fin de llegar a acuerdos u obtener su consentimiento sobre determinaciones que les afectan.<\/p>\n<p>La Juez tambi\u00e9n destac\u00f3 que en el presente caso los quejosos eran menores de edad, raz\u00f3n por la cual tambi\u00e9n ten\u00eda que considerarse el inter\u00e9s superior de la infancia como un elemento indispensable para decretar la suspensi\u00f3n definitiva.<\/p>\n<p>La suspensi\u00f3n, notificada el d\u00eda de ayer por el Juzgado Cuarto de Distrito, da un plazo de tres d\u00edas tanto al Gobernador del Estado como a la Secretar\u00eda de Desarrollo Urbano para que informen de los actos que han realizado para cumplir con la determinaci\u00f3n judicial, es decir las acciones que han efectuado para garantizar el cese de actividades de la granja, advirti\u00e9ndoles que en caso de no hacerlo podr\u00edan estar sujetos a responsabilidades administrativas e incluso penales adem\u00e1s de multas respectivas.<\/p>\n<p>Es preciso recalcar que, tal como lo record\u00f3 el Juzgado Cuarto de Distrito, la violaci\u00f3n a la orden de suspensi\u00f3n constituye un delito de conformidad con el art\u00edculo 262 fracci\u00f3n III de la Ley de Amparo, situaci\u00f3n que es fundamental tener presente frente al se\u00f1alamiento hecho a la empresa y las autoridades de haber incumplido la suspensi\u00f3n provisional dictada el 1 de octubre por la misma Juez Cuarto.<\/p>\n<p>Aunque la suspensi\u00f3n decretada el d\u00eda de ayer no significa la culminaci\u00f3n del juicio, s\u00ed garantiza que la paralizaci\u00f3n de las actividades de la granja estar\u00e1 vigente mientras dure el proceso ante el Juzgado Cuarto, cuya audiencia constitucional se efectuar\u00e1 a mediados de noviembre.<\/p>\n<p>Cabe recordar que el juicio de amparo cuyo expediente es el 1128\/2018 fue presentado el d\u00eda 28 de septiembre del presente a\u00f1o por 6 ni\u00f1os, ni\u00f1as y adolescentes de la comunidad maya de Hom\u00fan, reclamando el funcionamiento y operaci\u00f3n de una granja porc\u00edcola con capacidad para 49 mil cerdos, y en consecuencia la violaci\u00f3n a diversos derechos como el medioambiente, la salud, el agua, el derecho al desarrollo, as\u00ed como derechos de los pueblos originarios.<\/p>\n<p><a href=\"https:\/\/regeneracion.mx\/juez-suspende-definitivamente-megagranja-cerdos-homun\/\" rel=\"noopener\" target=\"_blank\">https:\/\/regeneracion.mx\/juez-suspende-definitivamente-megagranja-cerdos-homun\/<\/a><\/p>\n","protected":false},"excerpt":{"rendered":"<p>Gabriel Ram\u00edrez Cuevas\/Regeneraci\u00f3n En Yucat\u00e1n, ratifica la Juez Cuarto de Distrito Medida Cautelar para proteger a infancia del pueblo maya de Hom\u00fan Concede la suspensi\u00f3n definitiva y ordena paralizar funcionamiento &hellip; <a href=\"http:\/\/www.grieta.org.mx\/index.php\/2018\/10\/11\/juez-suspende-definitivamente-megagranja-de-cerdos-en-homun-yucatan\/\" class=\"more-link\">Leer m\u00e1s<\/a><\/p>\n","protected":false},"author":2,"featured_media":27120,"comment_status":"closed","ping_status":"closed","sticky":false,"template":"","format":"standard","meta":{"ngg_post_thumbnail":0,"_jetpack_newsletter_access":"","_jetpack_dont_email_post_to_subs":false,"_jetpack_newsletter_tier_id":0,"_jetpack_memberships_contains_paywalled_content":false,"_jetpack_memberships_contains_paid_content":false,"footnotes":""},"categories":[60,42,80,984,1,954,1020,1023,3,922,952,2,36],"tags":[425,1022,1021],"class_list":["post-27119","post","type-post","status-publish","format-standard","has-post-thumbnail","hentry","category-16-pueblo-maya","category-agroindustria","category-cintillo","category-esp-yucatan","category-espejos-de-la-resistencia","category-espejos-estados","category-granja-porcicola","category-lucha-contra-granja-porcicola","category-megaproyectos","category-megaproyectos-estados","category-mp-yucatan","category-noticias-nacionales","category-yucatan","tag-contaminacion-agua","tag-granja-porcicola","tag-homun","entry"],"jetpack_featured_media_url":"http:\/\/www.grieta.org.mx\/wp-content\/uploads\/2018\/10\/homun22-1.jpg","jetpack_sharing_enabled":true,"jetpack_shortlink":"https:\/\/wp.me\/p7ZJR4-73p","jetpack_likes_enabled":false,"jetpack-related-posts":[{"id":27529,"url":"http:\/\/www.grieta.org.mx\/index.php\/2018\/11\/07\/mega-porcicola-desacata-ley-y-es-apoyada-por-congreso-de-yucatan\/","url_meta":{"origin":27119,"position":0},"title":"Mega porc\u00edcola desacata ley y es apoyada por congreso de Yucat\u00e1n","author":"grieta","date":"7 noviembre, 2018","format":false,"excerpt":"Gabriel Ram\u00edrez Cuevas\/Regeneraci\u00f3n Mega porc\u00edcola sobre el anillo de cenotes en Yucat\u00e1n en desacato a orden de Juez de paralizar totalmente sus actividades y salida de animales Diputados realizan visita a la mega porc\u00edcola y la alaban. Nada dicen sobre el cumplimiento de la orden del juez Regeneraci\u00f3n, 7 de\u2026","rel":"","context":"En &quot;16. Pueblo Maya&quot;","block_context":{"text":"16. Pueblo Maya","link":"http:\/\/www.grieta.org.mx\/index.php\/category\/espejos-de-la-resistencia\/16-pueblo-maya\/"},"img":{"alt_text":"","src":"https:\/\/i0.wp.com\/www.grieta.org.mx\/wp-content\/uploads\/2018\/11\/desacato.jpg?resize=350%2C200","width":350,"height":200,"srcset":"https:\/\/i0.wp.com\/www.grieta.org.mx\/wp-content\/uploads\/2018\/11\/desacato.jpg?resize=350%2C200 1x, https:\/\/i0.wp.com\/www.grieta.org.mx\/wp-content\/uploads\/2018\/11\/desacato.jpg?resize=525%2C300 1.5x, https:\/\/i0.wp.com\/www.grieta.org.mx\/wp-content\/uploads\/2018\/11\/desacato.jpg?resize=700%2C400 2x"},"classes":[]},{"id":30673,"url":"http:\/\/www.grieta.org.mx\/index.php\/2019\/03\/08\/pierde-un-fallo-la-empresa-que-opera-granja-porcina-de-homun-yucatan\/","url_meta":{"origin":27119,"position":1},"title":"Pierde un fallo la empresa que opera granja porcina de Hom\u00fan (Yucat\u00e1n)","author":"grieta","date":"8 marzo, 2019","format":false,"excerpt":"Reporteros Hoy M\u00e9rida, Yucat\u00e1n, (ACOM).- La recusaci\u00f3n promovida por la empresa Producci\u00f3n Alimentaria Porc\u00edcola (PAPO), que opera una granja porc\u00edcola que se instal\u00f3 en Hom\u00fan, fue declarada infundada por el Tribunal Colegiado que conoci\u00f3 el recurso que se present\u00f3 en contra de la juez Cuarta de Distrito, Miriam de Jes\u00fas\u2026","rel":"","context":"En &quot;16. Pueblo Maya&quot;","block_context":{"text":"16. Pueblo Maya","link":"http:\/\/www.grieta.org.mx\/index.php\/category\/espejos-de-la-resistencia\/16-pueblo-maya\/"},"img":{"alt_text":"","src":"https:\/\/i0.wp.com\/www.grieta.org.mx\/wp-content\/uploads\/2019\/03\/GranjaHomun.jpeg?resize=350%2C200","width":350,"height":200,"srcset":"https:\/\/i0.wp.com\/www.grieta.org.mx\/wp-content\/uploads\/2019\/03\/GranjaHomun.jpeg?resize=350%2C200 1x, https:\/\/i0.wp.com\/www.grieta.org.mx\/wp-content\/uploads\/2019\/03\/GranjaHomun.jpeg?resize=525%2C300 1.5x, https:\/\/i0.wp.com\/www.grieta.org.mx\/wp-content\/uploads\/2019\/03\/GranjaHomun.jpeg?resize=700%2C400 2x"},"classes":[]},{"id":63923,"url":"http:\/\/www.grieta.org.mx\/index.php\/2022\/04\/07\/amenazan-a-infancia-que-defiende-los-cenotes-en-homun-yucatan\/","url_meta":{"origin":27119,"position":2},"title":"Amenazan a infancia que defiende los cenotes en Hom\u00fan (Yucat\u00e1n)","author":"grieta","date":"7 abril, 2022","format":false,"excerpt":"Sare Frabes \/ Avispa Midia Este mi\u00e9rcoles (6) fue amenazada una de las representantes de las ni\u00f1as y ni\u00f1os de Hom\u00fan, quienes presentaron un amparo contra la mega granja porc\u00edcola de la empresa Producci\u00f3n Alimentaria y Porc\u00edcola (PAPO), aparcera de Kek\u00e9n. As\u00ed lo denuncio el Equipo Indignaci\u00f3n, quien destac\u00f3 que\u2026","rel":"","context":"En &quot;16. Pueblo Maya&quot;","block_context":{"text":"16. Pueblo Maya","link":"http:\/\/www.grieta.org.mx\/index.php\/category\/espejos-de-la-resistencia\/16-pueblo-maya\/"},"img":{"alt_text":"","src":"https:\/\/i0.wp.com\/www.grieta.org.mx\/wp-content\/uploads\/2022\/04\/AmenazanInfanciaHomun-e1649351378993.png?resize=350%2C200","width":350,"height":200,"srcset":"https:\/\/i0.wp.com\/www.grieta.org.mx\/wp-content\/uploads\/2022\/04\/AmenazanInfanciaHomun-e1649351378993.png?resize=350%2C200 1x, https:\/\/i0.wp.com\/www.grieta.org.mx\/wp-content\/uploads\/2022\/04\/AmenazanInfanciaHomun-e1649351378993.png?resize=525%2C300 1.5x, https:\/\/i0.wp.com\/www.grieta.org.mx\/wp-content\/uploads\/2022\/04\/AmenazanInfanciaHomun-e1649351378993.png?resize=700%2C400 2x"},"classes":[]},{"id":63616,"url":"http:\/\/www.grieta.org.mx\/index.php\/2022\/03\/04\/tribunal-pone-en-riesgo-a-homun-megagranja-de-cerdos-podria-reabrir-yucatan\/","url_meta":{"origin":27119,"position":3},"title":"Tribunal pone en riesgo a Hom\u00fan; megagranja de cerdos podr\u00eda reabrir (Yucat\u00e1n)","author":"grieta","date":"4 marzo, 2022","format":false,"excerpt":"Haz Ruido Desestim\u00f3 las tres quejas presentadas por ni\u00f1as y ni\u00f1os de Hom\u00fan contra las violaciones a la suspensi\u00f3n cometidas por PAPO y la Secretar\u00eda de Desarrollo Sustentable. Ahora, el juez Rogelio Leal Mota podr\u00eda quitar la suspensi\u00f3n y reactivar las operaciones de la f\u00e1brica de cerdos, lo cual pondr\u00eda\u2026","rel":"","context":"En &quot;16. Pueblo Maya&quot;","block_context":{"text":"16. Pueblo Maya","link":"http:\/\/www.grieta.org.mx\/index.php\/category\/espejos-de-la-resistencia\/16-pueblo-maya\/"},"img":{"alt_text":"","src":"https:\/\/i0.wp.com\/www.grieta.org.mx\/wp-content\/uploads\/2022\/03\/HomunTribunal-e1646708932427.png?resize=350%2C200","width":350,"height":200,"srcset":"https:\/\/i0.wp.com\/www.grieta.org.mx\/wp-content\/uploads\/2022\/03\/HomunTribunal-e1646708932427.png?resize=350%2C200 1x, https:\/\/i0.wp.com\/www.grieta.org.mx\/wp-content\/uploads\/2022\/03\/HomunTribunal-e1646708932427.png?resize=525%2C300 1.5x, https:\/\/i0.wp.com\/www.grieta.org.mx\/wp-content\/uploads\/2022\/03\/HomunTribunal-e1646708932427.png?resize=700%2C400 2x"},"classes":[]},{"id":61342,"url":"http:\/\/www.grieta.org.mx\/index.php\/2021\/08\/24\/ninas-y-ninos-inician-campana-contra-granja-porcina-en-homun-yucatan\/","url_meta":{"origin":27119,"position":4},"title":"Ni\u00f1as y ni\u00f1os inician campa\u00f1a contra granja porcina en Hom\u00fan, Yucat\u00e1n","author":"grieta","date":"24 agosto, 2021","format":false,"excerpt":"Redacci\u00f3n La-Lista Un grupo de ni\u00f1as y ni\u00f1os mayas, denominado Guardianes de los Cenotes, iniciaron una campa\u00f1a en contra de una granja porcina en el municipio de Hom\u00fan, Yucat\u00e1n, la cual afectar\u00eda los cenotes de la regi\u00f3n y con ello da\u00f1ar\u00eda el bienestar y econom\u00eda del la comunidad. Esto debido\u2026","rel":"","context":"En &quot;16. Pueblo Maya&quot;","block_context":{"text":"16. Pueblo Maya","link":"http:\/\/www.grieta.org.mx\/index.php\/category\/espejos-de-la-resistencia\/16-pueblo-maya\/"},"img":{"alt_text":"","src":"https:\/\/i0.wp.com\/www.grieta.org.mx\/wp-content\/uploads\/2021\/08\/Homu%CC%81n-1-e1630261887135.jpg?resize=350%2C200","width":350,"height":200,"srcset":"https:\/\/i0.wp.com\/www.grieta.org.mx\/wp-content\/uploads\/2021\/08\/Homu%CC%81n-1-e1630261887135.jpg?resize=350%2C200 1x, https:\/\/i0.wp.com\/www.grieta.org.mx\/wp-content\/uploads\/2021\/08\/Homu%CC%81n-1-e1630261887135.jpg?resize=525%2C300 1.5x, https:\/\/i0.wp.com\/www.grieta.org.mx\/wp-content\/uploads\/2021\/08\/Homu%CC%81n-1-e1630261887135.jpg?resize=700%2C400 2x"},"classes":[]},{"id":64007,"url":"http:\/\/www.grieta.org.mx\/index.php\/2022\/04\/15\/homun-llama-a-juez-a-no-abrir-megagranja-de-cerdos-yucatan\/","url_meta":{"origin":27119,"position":5},"title":"Hom\u00fan llama a Juez a no abrir megagranja de cerdos (Yucat\u00e1n)","author":"grieta","date":"15 abril, 2022","format":false,"excerpt":"Haz Ruido Los Guardianes de los Cenotes y representantes de la ni\u00f1ez, reiteraron que al reanudar las operaciones de la f\u00e1brica se pondr\u00eda en riesgo el derecho a la salud y la libre determinaci\u00f3n del pueblo maya. M\u00e9rida, Yucat\u00e1n, 15 de abril de 2022.- Este lunes 18 de abril se\u2026","rel":"","context":"En &quot;16. Pueblo Maya&quot;","block_context":{"text":"16. Pueblo Maya","link":"http:\/\/www.grieta.org.mx\/index.php\/category\/espejos-de-la-resistencia\/16-pueblo-maya\/"},"img":{"alt_text":"","src":"https:\/\/i0.wp.com\/www.grieta.org.mx\/wp-content\/uploads\/2022\/04\/HomunLlama-e1650292962815.png?resize=350%2C200","width":350,"height":200,"srcset":"https:\/\/i0.wp.com\/www.grieta.org.mx\/wp-content\/uploads\/2022\/04\/HomunLlama-e1650292962815.png?resize=350%2C200 1x, https:\/\/i0.wp.com\/www.grieta.org.mx\/wp-content\/uploads\/2022\/04\/HomunLlama-e1650292962815.png?resize=525%2C300 1.5x, https:\/\/i0.wp.com\/www.grieta.org.mx\/wp-content\/uploads\/2022\/04\/HomunLlama-e1650292962815.png?resize=700%2C400 2x"},"classes":[]}],"_links":{"self":[{"href":"http:\/\/www.grieta.org.mx\/index.php\/wp-json\/wp\/v2\/posts\/27119","targetHints":{"allow":["GET"]}}],"collection":[{"href":"http:\/\/www.grieta.org.mx\/index.php\/wp-json\/wp\/v2\/posts"}],"about":[{"href":"http:\/\/www.grieta.org.mx\/index.php\/wp-json\/wp\/v2\/types\/post"}],"author":[{"embeddable":true,"href":"http:\/\/www.grieta.org.mx\/index.php\/wp-json\/wp\/v2\/users\/2"}],"replies":[{"embeddable":true,"href":"http:\/\/www.grieta.org.mx\/index.php\/wp-json\/wp\/v2\/comments?post=27119"}],"version-history":[{"count":1,"href":"http:\/\/www.grieta.org.mx\/index.php\/wp-json\/wp\/v2\/posts\/27119\/revisions"}],"predecessor-version":[{"id":27121,"href":"http:\/\/www.grieta.org.mx\/index.php\/wp-json\/wp\/v2\/posts\/27119\/revisions\/27121"}],"wp:featuredmedia":[{"embeddable":true,"href":"http:\/\/www.grieta.org.mx\/index.php\/wp-json\/wp\/v2\/media\/27120"}],"wp:attachment":[{"href":"http:\/\/www.grieta.org.mx\/index.php\/wp-json\/wp\/v2\/media?parent=27119"}],"wp:term":[{"taxonomy":"category","embeddable":true,"href":"http:\/\/www.grieta.org.mx\/index.php\/wp-json\/wp\/v2\/categories?post=27119"},{"taxonomy":"post_tag","embeddable":true,"href":"http:\/\/www.grieta.org.mx\/index.php\/wp-json\/wp\/v2\/tags?post=27119"}],"curies":[{"name":"wp","href":"https:\/\/api.w.org\/{rel}","templated":true}]}}