{"id":2707,"date":"2015-11-14T11:24:53","date_gmt":"2015-11-14T11:24:53","guid":{"rendered":"http:\/\/50.22.11.12\/~grietaor\/?p=2707"},"modified":"2016-03-13T11:27:38","modified_gmt":"2016-03-13T11:27:38","slug":"policia-coloca-barricadas-para-impedir-protestas-de-maestros-en-colima","status":"publish","type":"post","link":"http:\/\/www.grieta.org.mx\/index.php\/2015\/11\/14\/policia-coloca-barricadas-para-impedir-protestas-de-maestros-en-colima\/","title":{"rendered":"Polic\u00eda coloca barricadas para impedir protestas de maestros en Colima"},"content":{"rendered":"<p>Diario Avanzada<br \/>\n\u201cSomos docentes no delincuentes\u201d le responde los profesores al Gobierno del Estado; \u201chay un clima de inestabilidad porque est\u00e1 lleno de polic\u00edas\u201d, dicen.<\/p>\n<p>Colima, M\u00e9xico (14 de noviembre de 2015) Polic\u00edas estatales resguardan los edificios donde poco m\u00e1s de 800 maestros colimenses son evaluados para su permanencia en el sistema educativo.<\/p>\n<p>Por lo menos 29 maestros no han podido presentar su examen debido a una serie de inconsistencia, por ejemplo fallas en la computadora que se les asign\u00f3 para poder aplicar este instrumento evaluativo.<\/p>\n<p>Desde la noche de este viernes, grupos de docentes se congregaron en las instalaciones del parque de la Piedra Lisa donde encabezaron una marcha hasta Palacio de Gobierno en contra de la evaluaci\u00f3n magisterial.<\/p>\n<p>Desde este s\u00e1bado, grupos de profesores se encuentran en plant\u00f3n permanente afuera del Conalep en Colima, y del CBTIS 157 en Villa de \u00c1lvarez, sedes designadas por la Secretar\u00eda de Educaci\u00f3n para presentar dicho examen.<\/p>\n<p>Los inconformes se\u00f1alaron que esta evaluaci\u00f3n muestra el fracaso de la reforma educativa, ya que s\u00f3lo se centra en la permanencia del profesor y no en la capacitaci\u00f3n y en la adecuaci\u00f3n de los planes y programas de estudio.<\/p>\n<p>\u201cAdem\u00e1s, tampoco se centra en el combate a la pobreza y la desigualdad, dos de los grande y graves problemas que afectan al sistema mexicano. Mientras nuestros alumnos sigan teniendo deficiencias alimentarias, y condiciones poco favorables para su desarrollo, no tendremos mejores resultados en la educaci\u00f3n\u201d, dijo uno de los profesores de educaci\u00f3n b\u00e1sica que ayer sali\u00f3 a las calles de la capital colimense, para exigir un alto a la simulaci\u00f3n.<\/p>\n<p>\u201cActores pol\u00edticos que aplauden la reforma educativa de Enrique Pe\u00f1a Nieto muestra su ignorancia supina. Necesitamos que nuestros ni\u00f1os mejoren su entorno. \u00bfC\u00f3mo le ense\u00f1ar\u00e9 a un ni\u00f1o la importancia de leer, la importancia de apreciar un libro, de desarrollar su imaginaci\u00f3n, si ese ni\u00f1o tiene hambre, si vive en un contexto de violencia, si no tienen acceso a museos, obras de teatro, libros dentro de su hogar, que le permitan familiarizarse y apreciar la belleza de la escritura y la lectura\u201d.<\/p>\n<p>Este fin de semana ser\u00e1n evaluados en Colima alrededor de 800 profesores en la primera etapa de este proceso. El examen est\u00e1 calculado para que dure 7 horas y se presenta en l\u00ednea.<\/p>\n<p><a href=\"http:\/\/www.diarioavanzada.com.mx\/index.php\/locales-movil\/15203-policia-coloca-barricadas-para-impedir-protestas-de-maestros-en-colima\" target=\"_blank\">http:\/\/www.diarioavanzada.com.mx\/index.php\/locales-movil\/15203-policia-coloca-barricadas-para-impedir-protestas-de-maestros-en-colima<\/a><\/p>\n","protected":false},"excerpt":{"rendered":"<p>Diario Avanzada \u201cSomos docentes no delincuentes\u201d le responde los profesores al Gobierno del Estado; \u201chay un clima de inestabilidad porque est\u00e1 lleno de polic\u00edas\u201d, dicen. Colima, M\u00e9xico (14 de noviembre &hellip; <a href=\"http:\/\/www.grieta.org.mx\/index.php\/2015\/11\/14\/policia-coloca-barricadas-para-impedir-protestas-de-maestros-en-colima\/\" class=\"more-link\">Leer m\u00e1s<\/a><\/p>\n","protected":false},"author":2,"featured_media":21928,"comment_status":"closed","ping_status":"open","sticky":false,"template":"","format":"standard","meta":{"ngg_post_thumbnail":0,"_jetpack_newsletter_access":"","_jetpack_dont_email_post_to_subs":false,"_jetpack_newsletter_tier_id":0,"_jetpack_memberships_contains_paywalled_content":false,"_jetpack_memberships_contains_paid_content":false,"footnotes":""},"categories":[80,108],"tags":[107,135,130],"class_list":["post-2707","post","type-post","status-publish","format-standard","has-post-thumbnail","hentry","category-cintillo","category-colima","tag-educacion","tag-reforma-educativa","tag-represion","entry"],"jetpack_featured_media_url":"http:\/\/www.grieta.org.mx\/wp-content\/uploads\/2018\/03\/14524434_1106112876131411_958039263622046936_o.jpg","jetpack_sharing_enabled":true,"jetpack_shortlink":"https:\/\/wp.me\/p7ZJR4-HF","jetpack_likes_enabled":false,"jetpack-related-posts":[{"id":2730,"url":"http:\/\/www.grieta.org.mx\/index.php\/2015\/06\/24\/maestros-de-colima-se-van-a-paro-en-protesta-por-reforma-educativa\/","url_meta":{"origin":2707,"position":0},"title":"Maestros de Colima se van a paro en protesta por reforma educativa","author":"grieta","date":"24 junio, 2015","format":false,"excerpt":"Colima, M\u00e9xico, Avanzada (24\/06\/15).- En protesta por la reforma educativa, cerca de mil maestros en Colima, anunciaron que se ir\u00e1n a un paro laboral, por lo tanto, desde este mi\u00e9rcoles no habr\u00e1 clases en por lo menos 62 escuelas de educaci\u00f3n b\u00e1sica en la entidad. Los maestros se\u00f1alaron que no\u2026","rel":"","context":"En &quot;CINTILLO&quot;","block_context":{"text":"CINTILLO","link":"http:\/\/www.grieta.org.mx\/index.php\/category\/cintillo\/"},"img":{"alt_text":"","src":"https:\/\/i0.wp.com\/www.grieta.org.mx\/wp-content\/uploads\/2018\/03\/14524434_1106112876131411_958039263622046936_o.jpg?resize=350%2C200","width":350,"height":200,"srcset":"https:\/\/i0.wp.com\/www.grieta.org.mx\/wp-content\/uploads\/2018\/03\/14524434_1106112876131411_958039263622046936_o.jpg?resize=350%2C200 1x, https:\/\/i0.wp.com\/www.grieta.org.mx\/wp-content\/uploads\/2018\/03\/14524434_1106112876131411_958039263622046936_o.jpg?resize=525%2C300 1.5x, https:\/\/i0.wp.com\/www.grieta.org.mx\/wp-content\/uploads\/2018\/03\/14524434_1106112876131411_958039263622046936_o.jpg?resize=700%2C400 2x"},"classes":[]},{"id":60057,"url":"http:\/\/www.grieta.org.mx\/index.php\/2021\/06\/16\/15-maestros-de-colima-estan-desaparecidos-colima\/","url_meta":{"origin":2707,"position":1},"title":"15 maestros de Colima est\u00e1n desaparecidos (Colima)","author":"grieta","date":"16 junio, 2021","format":false,"excerpt":"Foto: El Noticiero en l\u00ednea Mayahuel Hurtado Ortiz \/ El Noticiero en lineal Se han registrado aproximadamente 15 docentes de la Secci\u00f3n 6 desaparecidos entre hombres y mujeres desde hace varios a\u00f1os, denunci\u00f3 el maestro Jos\u00e9 Jaime N\u00fa\u00f1ez Murgu\u00eda, l\u00edder de la Secci\u00f3n VI del Snte en el estado. El\u2026","rel":"","context":"En &quot;CINTILLO&quot;","block_context":{"text":"CINTILLO","link":"http:\/\/www.grieta.org.mx\/index.php\/category\/cintillo\/"},"img":{"alt_text":"","src":"https:\/\/i0.wp.com\/www.grieta.org.mx\/wp-content\/uploads\/2021\/06\/1524670527_083891_1524681852_noticia_normal-e1623872790545-777x374-1-e1624554013809.jpg?resize=350%2C200","width":350,"height":200,"srcset":"https:\/\/i0.wp.com\/www.grieta.org.mx\/wp-content\/uploads\/2021\/06\/1524670527_083891_1524681852_noticia_normal-e1623872790545-777x374-1-e1624554013809.jpg?resize=350%2C200 1x, https:\/\/i0.wp.com\/www.grieta.org.mx\/wp-content\/uploads\/2021\/06\/1524670527_083891_1524681852_noticia_normal-e1623872790545-777x374-1-e1624554013809.jpg?resize=525%2C300 1.5x, https:\/\/i0.wp.com\/www.grieta.org.mx\/wp-content\/uploads\/2021\/06\/1524670527_083891_1524681852_noticia_normal-e1623872790545-777x374-1-e1624554013809.jpg?resize=700%2C400 2x"},"classes":[]},{"id":30972,"url":"http:\/\/www.grieta.org.mx\/index.php\/2019\/03\/20\/maestros-de-emsad-y-tbc-comienzan-a-trabajar-bajo-protesta-por-falta-de-recursos-de-la-federacion\/","url_meta":{"origin":2707,"position":2},"title":"Maestros de EMSAD y TBC comienzan a trabajar bajo protesta por falta de recursos de la federaci\u00f3n","author":"grieta","date":"20 marzo, 2019","format":false,"excerpt":"Juan Carlos Flores|CN COLIMANOTICIAS, 08 de marzo de 2019 Colima, Col.- Maestros del EMSAD y TBC comenzaron una jornada de protesta en varias escuelas en reclamo de las quincenas de febrero. Con cartulinas pegadas a la entrada de las escuelas, los docentes expresaron su intenci\u00f3n de trabajar bajo protesta pues\u2026","rel":"","context":"En &quot;CINTILLO&quot;","block_context":{"text":"CINTILLO","link":"http:\/\/www.grieta.org.mx\/index.php\/category\/cintillo\/"},"img":{"alt_text":"","src":"https:\/\/i0.wp.com\/www.grieta.org.mx\/wp-content\/uploads\/2019\/03\/retraso-en-el-pago-de-su-quincena-emsad-9.jpeg?resize=350%2C200","width":350,"height":200,"srcset":"https:\/\/i0.wp.com\/www.grieta.org.mx\/wp-content\/uploads\/2019\/03\/retraso-en-el-pago-de-su-quincena-emsad-9.jpeg?resize=350%2C200 1x, https:\/\/i0.wp.com\/www.grieta.org.mx\/wp-content\/uploads\/2019\/03\/retraso-en-el-pago-de-su-quincena-emsad-9.jpeg?resize=525%2C300 1.5x, https:\/\/i0.wp.com\/www.grieta.org.mx\/wp-content\/uploads\/2019\/03\/retraso-en-el-pago-de-su-quincena-emsad-9.jpeg?resize=700%2C400 2x, https:\/\/i0.wp.com\/www.grieta.org.mx\/wp-content\/uploads\/2019\/03\/retraso-en-el-pago-de-su-quincena-emsad-9.jpeg?resize=1050%2C600 3x"},"classes":[]},{"id":2709,"url":"http:\/\/www.grieta.org.mx\/index.php\/2016\/07\/17\/movilizaciones-contra-la-reforma-educativa-y-la-evaluacion-magisterial-en-colima\/","url_meta":{"origin":2707,"position":3},"title":"Movilizaciones contra la Reforma educativa y evaluaci\u00f3n magisterial en Colima","author":"grieta","date":"17 julio, 2016","format":false,"excerpt":"17\/07\/16. Marchan maestros en contra de la reforma educativaMeganoticias Colima 02\/07\/16. Maestros de la CNTE bloquearon el puertoCorreo de Manzanillo 23\/06\/16. Maestros de Colima protestan por OaxacaPerriodismo 21\/06\/16. Marchan maestros, pescadores y hasta tramitadores en ManzanilloColima Noticias 21\/06\/16. Maestros de Colima se unen a quienes exigen la renuncia de Aurelio\u2026","rel":"","context":"En &quot;Colima&quot;","block_context":{"text":"Colima","link":"http:\/\/www.grieta.org.mx\/index.php\/category\/noticias-nacionales\/colima\/"},"img":{"alt_text":"","src":"https:\/\/i0.wp.com\/www.grieta.org.mx\/wp-content\/uploads\/2018\/03\/14524434_1106112876131411_958039263622046936_o.jpg?resize=350%2C200","width":350,"height":200,"srcset":"https:\/\/i0.wp.com\/www.grieta.org.mx\/wp-content\/uploads\/2018\/03\/14524434_1106112876131411_958039263622046936_o.jpg?resize=350%2C200 1x, https:\/\/i0.wp.com\/www.grieta.org.mx\/wp-content\/uploads\/2018\/03\/14524434_1106112876131411_958039263622046936_o.jpg?resize=525%2C300 1.5x, https:\/\/i0.wp.com\/www.grieta.org.mx\/wp-content\/uploads\/2018\/03\/14524434_1106112876131411_958039263622046936_o.jpg?resize=700%2C400 2x"},"classes":[]},{"id":41456,"url":"http:\/\/www.grieta.org.mx\/index.php\/2019\/11\/19\/adeudan-179-mdp-a-maestros-en-colima-en-cd-guzman-suspenden-clases\/","url_meta":{"origin":2707,"position":4},"title":"Adeudan 179 MDP a maestros en Colima, en Cd. Guzm\u00e1n suspenden clases","author":"grieta","date":"19 noviembre, 2019","format":false,"excerpt":"Foto Avanzada Heidi de Le\u00f3n Guti\u00e9rrez \/ Diario Avanzada Colima, M\u00e9xico, Avanzada (19\/11\/2019) Colectivos de maestros de diversas escuelas se encuentran laborando bajo protesta por los adeudos que el Gobierno del Estado tiene con el Instituto de Pensiones del Estado de Colima (IPECOL). Una de las escuelas primarias que colocaron\u2026","rel":"","context":"En &quot;CINTILLO&quot;","block_context":{"text":"CINTILLO","link":"http:\/\/www.grieta.org.mx\/index.php\/category\/cintillo\/"},"img":{"alt_text":"","src":"https:\/\/i0.wp.com\/www.grieta.org.mx\/wp-content\/uploads\/2018\/03\/14524434_1106112876131411_958039263622046936_o.jpg?resize=350%2C200","width":350,"height":200,"srcset":"https:\/\/i0.wp.com\/www.grieta.org.mx\/wp-content\/uploads\/2018\/03\/14524434_1106112876131411_958039263622046936_o.jpg?resize=350%2C200 1x, https:\/\/i0.wp.com\/www.grieta.org.mx\/wp-content\/uploads\/2018\/03\/14524434_1106112876131411_958039263622046936_o.jpg?resize=525%2C300 1.5x, https:\/\/i0.wp.com\/www.grieta.org.mx\/wp-content\/uploads\/2018\/03\/14524434_1106112876131411_958039263622046936_o.jpg?resize=700%2C400 2x"},"classes":[]},{"id":52200,"url":"http:\/\/www.grieta.org.mx\/index.php\/2020\/07\/28\/docentes-exigen-atencion-medica-y-prestamos-personales\/","url_meta":{"origin":2707,"position":5},"title":"Docentes exigen atenci\u00f3n m\u00e9dica y pr\u00e9stamos personales (Colima)","author":"grieta","date":"28 julio, 2020","format":false,"excerpt":"Foto: Ecos de la Costa Arturo Aguilar Huerta \/ Ecos de la Costa Integrantes de la Secci\u00f3n 39 del Sindicato Nacional de Trabajadores de la Educaci\u00f3n (SNTE) realizaron una protesta en la puerta de las oficinas del Instituto de Pensiones de los Servidores P\u00fablicos del Estado de Colima (Ipecol), para\u2026","rel":"","context":"En &quot;CINTILLO&quot;","block_context":{"text":"CINTILLO","link":"http:\/\/www.grieta.org.mx\/index.php\/category\/cintillo\/"},"img":{"alt_text":"","src":"https:\/\/i0.wp.com\/www.grieta.org.mx\/wp-content\/uploads\/2020\/08\/L3.jpeg?resize=350%2C200","width":350,"height":200,"srcset":"https:\/\/i0.wp.com\/www.grieta.org.mx\/wp-content\/uploads\/2020\/08\/L3.jpeg?resize=350%2C200 1x, https:\/\/i0.wp.com\/www.grieta.org.mx\/wp-content\/uploads\/2020\/08\/L3.jpeg?resize=525%2C300 1.5x, https:\/\/i0.wp.com\/www.grieta.org.mx\/wp-content\/uploads\/2020\/08\/L3.jpeg?resize=700%2C400 2x"},"classes":[]}],"_links":{"self":[{"href":"http:\/\/www.grieta.org.mx\/index.php\/wp-json\/wp\/v2\/posts\/2707","targetHints":{"allow":["GET"]}}],"collection":[{"href":"http:\/\/www.grieta.org.mx\/index.php\/wp-json\/wp\/v2\/posts"}],"about":[{"href":"http:\/\/www.grieta.org.mx\/index.php\/wp-json\/wp\/v2\/types\/post"}],"author":[{"embeddable":true,"href":"http:\/\/www.grieta.org.mx\/index.php\/wp-json\/wp\/v2\/users\/2"}],"replies":[{"embeddable":true,"href":"http:\/\/www.grieta.org.mx\/index.php\/wp-json\/wp\/v2\/comments?post=2707"}],"version-history":[{"count":1,"href":"http:\/\/www.grieta.org.mx\/index.php\/wp-json\/wp\/v2\/posts\/2707\/revisions"}],"predecessor-version":[{"id":2708,"href":"http:\/\/www.grieta.org.mx\/index.php\/wp-json\/wp\/v2\/posts\/2707\/revisions\/2708"}],"wp:featuredmedia":[{"embeddable":true,"href":"http:\/\/www.grieta.org.mx\/index.php\/wp-json\/wp\/v2\/media\/21928"}],"wp:attachment":[{"href":"http:\/\/www.grieta.org.mx\/index.php\/wp-json\/wp\/v2\/media?parent=2707"}],"wp:term":[{"taxonomy":"category","embeddable":true,"href":"http:\/\/www.grieta.org.mx\/index.php\/wp-json\/wp\/v2\/categories?post=2707"},{"taxonomy":"post_tag","embeddable":true,"href":"http:\/\/www.grieta.org.mx\/index.php\/wp-json\/wp\/v2\/tags?post=2707"}],"curies":[{"name":"wp","href":"https:\/\/api.w.org\/{rel}","templated":true}]}}