{"id":2704,"date":"2015-12-04T11:20:52","date_gmt":"2015-12-04T11:20:52","guid":{"rendered":"http:\/\/50.22.11.12\/~grietaor\/?p=2704"},"modified":"2016-03-13T11:22:54","modified_gmt":"2016-03-13T11:22:54","slug":"protesta-de-periodistas-de-colima-contra-la-ley-mordaza","status":"publish","type":"post","link":"http:\/\/www.grieta.org.mx\/index.php\/2015\/12\/04\/protesta-de-periodistas-de-colima-contra-la-ley-mordaza\/","title":{"rendered":"Protesta de periodistas de Colima contra la \u201cLey Mordaza\u201d"},"content":{"rendered":"<p><strong>04\/12\/15. <\/strong><a href=\"http:\/\/grieta.org.mx\/index.php\/2015\/12\/04\/periodistas-en-colima-protestan-contra-la-ley-mordaza\/\" target=\"_blank\">Periodistas en Colima protestan contra la \u201cLey Mordaza\u201d<\/a><br \/><em>Diario Avanzada<\/em><br  \/><\/p>\n","protected":false},"excerpt":{"rendered":"<p>04\/12\/15. Periodistas en Colima protestan contra la \u201cLey Mordaza\u201dDiario Avanzada<\/p>\n","protected":false},"author":2,"featured_media":21928,"comment_status":"closed","ping_status":"open","sticky":false,"template":"","format":"standard","meta":{"ngg_post_thumbnail":0,"_jetpack_newsletter_access":"","_jetpack_dont_email_post_to_subs":false,"_jetpack_newsletter_tier_id":0,"_jetpack_memberships_contains_paywalled_content":false,"_jetpack_memberships_contains_paid_content":false,"footnotes":""},"categories":[13,2],"tags":[],"class_list":["post-2704","post","type-post","status-publish","format-standard","has-post-thumbnail","hentry","category-colima","category-noticias-nacionales","entry"],"jetpack_featured_media_url":"http:\/\/www.grieta.org.mx\/wp-content\/uploads\/2018\/03\/14524434_1106112876131411_958039263622046936_o.jpg","jetpack_sharing_enabled":true,"jetpack_shortlink":"https:\/\/wp.me\/p7ZJR4-HC","jetpack_likes_enabled":false,"jetpack-related-posts":[{"id":2702,"url":"http:\/\/www.grieta.org.mx\/index.php\/2015\/12\/04\/periodistas-en-colima-protestan-contra-la-ley-mordaza\/","url_meta":{"origin":2704,"position":0},"title":"Periodistas en Colima protestan contra la \u201cLey Mordaza\u201d","author":"grieta","date":"4 diciembre, 2015","format":false,"excerpt":"Diario Avanzada Colima, M\u00e9xico. Avanzada (4 de diciembre de 2015).- Periodistas colimenses protestaron en las instalaciones del Congreso del Estado en contra de la entrada en vigor de la Ley de Derecho de R\u00e9plica por considerar que \u00e9sta representa un retroceso en la Libertad de Expresi\u00f3n. Los periodistas mencionaron que\u2026","rel":"","context":"En &quot;CINTILLO&quot;","block_context":{"text":"CINTILLO","link":"http:\/\/www.grieta.org.mx\/index.php\/category\/cintillo\/"},"img":{"alt_text":"","src":"https:\/\/i0.wp.com\/www.grieta.org.mx\/wp-content\/uploads\/2018\/03\/14524434_1106112876131411_958039263622046936_o.jpg?resize=350%2C200","width":350,"height":200,"srcset":"https:\/\/i0.wp.com\/www.grieta.org.mx\/wp-content\/uploads\/2018\/03\/14524434_1106112876131411_958039263622046936_o.jpg?resize=350%2C200 1x, https:\/\/i0.wp.com\/www.grieta.org.mx\/wp-content\/uploads\/2018\/03\/14524434_1106112876131411_958039263622046936_o.jpg?resize=525%2C300 1.5x, https:\/\/i0.wp.com\/www.grieta.org.mx\/wp-content\/uploads\/2018\/03\/14524434_1106112876131411_958039263622046936_o.jpg?resize=700%2C400 2x"},"classes":[]},{"id":60173,"url":"http:\/\/www.grieta.org.mx\/index.php\/2021\/06\/22\/periodistas-demandan-echar-abajo-la-reforma-legal-a-la-ley-copip-colima\/","url_meta":{"origin":2704,"position":1},"title":"Periodistas demandan echar abajo la reforma legal a la Ley Copip (Colima)","author":"grieta","date":"22 junio, 2021","format":false,"excerpt":"Imagen: Diario Avanzada Redacci\u00f3n \/ Diario Avanzada Colima, M\u00e9xico, Avanzada (22\/06(2021).- Ante el riesgo que implica para el periodismo colimense la reciente reforma a la Ley General para la Protecci\u00f3n Integral del Ejercicio Period\u00edstico del Estado, organizaciones de periodistas solicitaron a la Comisi\u00f3n de Derechos Humanos del Estado de Colima\u2026","rel":"","context":"En &quot;CINTILLO&quot;","block_context":{"text":"CINTILLO","link":"http:\/\/www.grieta.org.mx\/index.php\/category\/cintillo\/"},"img":{"alt_text":"","src":"https:\/\/i0.wp.com\/www.grieta.org.mx\/wp-content\/uploads\/2021\/06\/image-89-1024x535-1.png?resize=350%2C200","width":350,"height":200,"srcset":"https:\/\/i0.wp.com\/www.grieta.org.mx\/wp-content\/uploads\/2021\/06\/image-89-1024x535-1.png?resize=350%2C200 1x, https:\/\/i0.wp.com\/www.grieta.org.mx\/wp-content\/uploads\/2021\/06\/image-89-1024x535-1.png?resize=525%2C300 1.5x, https:\/\/i0.wp.com\/www.grieta.org.mx\/wp-content\/uploads\/2021\/06\/image-89-1024x535-1.png?resize=700%2C400 2x"},"classes":[]},{"id":4155,"url":"http:\/\/www.grieta.org.mx\/index.php\/2015\/09\/15\/proyecto-de-ley-mordaza-en-el-congreso-de-nayarit\/","url_meta":{"origin":2704,"position":2},"title":"Proyecto de \u201cLey Mordaza\u201d en el Congreso de Nayarit","author":"grieta","date":"15 septiembre, 2015","format":false,"excerpt":"15\/09\/15. Se le cae la Ley Mordaza al Gobernador de Nayarit Independiente 14\/09\/15. Discusi\u00f3n sobre \u2018Ley Mordaza\u2019 inicia en Congreso de Nayarit Red Pol\u00edtica","rel":"","context":"En &quot;nayarit&quot;","block_context":{"text":"nayarit","link":"http:\/\/www.grieta.org.mx\/index.php\/category\/nayarit\/"},"img":{"alt_text":"","src":"https:\/\/i0.wp.com\/www.grieta.org.mx\/wp-content\/uploads\/2018\/03\/14524434_1106112876131411_958039263622046936_o.jpg?resize=350%2C200","width":350,"height":200,"srcset":"https:\/\/i0.wp.com\/www.grieta.org.mx\/wp-content\/uploads\/2018\/03\/14524434_1106112876131411_958039263622046936_o.jpg?resize=350%2C200 1x, https:\/\/i0.wp.com\/www.grieta.org.mx\/wp-content\/uploads\/2018\/03\/14524434_1106112876131411_958039263622046936_o.jpg?resize=525%2C300 1.5x, https:\/\/i0.wp.com\/www.grieta.org.mx\/wp-content\/uploads\/2018\/03\/14524434_1106112876131411_958039263622046936_o.jpg?resize=700%2C400 2x"},"classes":[]},{"id":38158,"url":"http:\/\/www.grieta.org.mx\/index.php\/2019\/08\/21\/se-unen-periodistas-colimenses-al-repudio-por-agresiones-y-asesinatos-en-su-contra-colima\/","url_meta":{"origin":2704,"position":3},"title":"Se unen periodistas colimenses al repudio por agresiones y asesinatos en su contra (Colima)","author":"grieta","date":"21 agosto, 2019","format":false,"excerpt":"Foto: El Comentario Redacci\u00f3n \/ El Comentario Un grupo de\u00a0periodistas colimenses, efectuaron una\u00a0manifestaci\u00f3n\u00a0a la entrada del inmueble del\u00a0Palacio\u00a0Legislativo, para unirse a la\u00a0protesta nacional\u00a0organizada para manifestar su repudio en contra de las\u00a0agresiones\u00a0y\u00a0asesinatos\u00a0cometidos en\u00a0contra de periodistas\u00a0y\u00a0comunicadores en el pa\u00eds. El corresponsal del peri\u00f3dico\u00a0La Jornada,\u00a0Juan Carlos Flores Carrillo, se\u00f1al\u00f3 que en lo que\u2026","rel":"","context":"En &quot;CINTILLO&quot;","block_context":{"text":"CINTILLO","link":"http:\/\/www.grieta.org.mx\/index.php\/category\/cintillo\/"},"img":{"alt_text":"","src":"https:\/\/i0.wp.com\/www.grieta.org.mx\/wp-content\/uploads\/2019\/08\/ba020e82d02031c87c793e1e29859f65.jpg?resize=350%2C200","width":350,"height":200,"srcset":"https:\/\/i0.wp.com\/www.grieta.org.mx\/wp-content\/uploads\/2019\/08\/ba020e82d02031c87c793e1e29859f65.jpg?resize=350%2C200 1x, https:\/\/i0.wp.com\/www.grieta.org.mx\/wp-content\/uploads\/2019\/08\/ba020e82d02031c87c793e1e29859f65.jpg?resize=525%2C300 1.5x, https:\/\/i0.wp.com\/www.grieta.org.mx\/wp-content\/uploads\/2019\/08\/ba020e82d02031c87c793e1e29859f65.jpg?resize=700%2C400 2x, https:\/\/i0.wp.com\/www.grieta.org.mx\/wp-content\/uploads\/2019\/08\/ba020e82d02031c87c793e1e29859f65.jpg?resize=1050%2C600 3x"},"classes":[]},{"id":57999,"url":"http:\/\/www.grieta.org.mx\/index.php\/2021\/03\/25\/periodistas-exigen-que-el-iee-cese-arbitrariedades-contra-la-libertad-de-expresion-colima\/","url_meta":{"origin":2704,"position":4},"title":"Periodistas exigen que el IEE cese arbitrariedades contra la libertad de expresi\u00f3n (Colima)","author":"grieta","date":"25 marzo, 2021","format":false,"excerpt":"Foto: Diario Avanzada Redacci\u00f3n \/ Diario Avanzada Colima, M\u00e9xico, Avanzada (25\/03\/2021).- Organizaciones de periodistas de Colima y de M\u00e9xico realizaron una protesta contra el Instituto Electoral del Estado, al que acusaron de realizar actos de censura contra la libertad de expresi\u00f3n, con el pretexto de aplicar la legislaci\u00f3n sobre violencia\u2026","rel":"","context":"En &quot;CINTILLO&quot;","block_context":{"text":"CINTILLO","link":"http:\/\/www.grieta.org.mx\/index.php\/category\/cintillo\/"},"img":{"alt_text":"","src":"https:\/\/i0.wp.com\/www.grieta.org.mx\/wp-content\/uploads\/2021\/03\/4f337cbd-cc85-48fa-a85c-9e93e5801b33-1024x576-1.jpg?resize=350%2C200","width":350,"height":200,"srcset":"https:\/\/i0.wp.com\/www.grieta.org.mx\/wp-content\/uploads\/2021\/03\/4f337cbd-cc85-48fa-a85c-9e93e5801b33-1024x576-1.jpg?resize=350%2C200 1x, https:\/\/i0.wp.com\/www.grieta.org.mx\/wp-content\/uploads\/2021\/03\/4f337cbd-cc85-48fa-a85c-9e93e5801b33-1024x576-1.jpg?resize=525%2C300 1.5x, https:\/\/i0.wp.com\/www.grieta.org.mx\/wp-content\/uploads\/2021\/03\/4f337cbd-cc85-48fa-a85c-9e93e5801b33-1024x576-1.jpg?resize=700%2C400 2x"},"classes":[]},{"id":69934,"url":"http:\/\/www.grieta.org.mx\/index.php\/2024\/09\/23\/subanla-periodista-denuncia-agresion-fisica-de-policias-en-colima\/","url_meta":{"origin":2704,"position":5},"title":"\u201c\u00a1S\u00fabanla!\u201d: periodista denuncia agresi\u00f3n f\u00edsica de polic\u00edas en Colima","author":"grieta","date":"23 septiembre, 2024","format":false,"excerpt":"Imagen: Diario Avanzada Redacci\u00f3n \/ Diario Avanzada Colima, M\u00e9xico, Avanzada (23\/09\/2024).- \u00c1ngeles \u00c1valos, reportera de \u201cnota roja\u201d con m\u00e1s de una d\u00e9cada cubriendo la fuente policiaca en Colima, fue agredida por elementos policiales cuando regresaba a su casa tras comprar cigarros la noche de ayer. En un video que comparti\u00f3\u2026","rel":"","context":"En &quot;CINTILLO&quot;","block_context":{"text":"CINTILLO","link":"http:\/\/www.grieta.org.mx\/index.php\/category\/cintillo\/"},"img":{"alt_text":"","src":"https:\/\/i0.wp.com\/www.grieta.org.mx\/wp-content\/uploads\/2024\/10\/img_4656-1.jpg?resize=350%2C200","width":350,"height":200,"srcset":"https:\/\/i0.wp.com\/www.grieta.org.mx\/wp-content\/uploads\/2024\/10\/img_4656-1.jpg?resize=350%2C200 1x, https:\/\/i0.wp.com\/www.grieta.org.mx\/wp-content\/uploads\/2024\/10\/img_4656-1.jpg?resize=525%2C300 1.5x, https:\/\/i0.wp.com\/www.grieta.org.mx\/wp-content\/uploads\/2024\/10\/img_4656-1.jpg?resize=700%2C400 2x"},"classes":[]}],"_links":{"self":[{"href":"http:\/\/www.grieta.org.mx\/index.php\/wp-json\/wp\/v2\/posts\/2704","targetHints":{"allow":["GET"]}}],"collection":[{"href":"http:\/\/www.grieta.org.mx\/index.php\/wp-json\/wp\/v2\/posts"}],"about":[{"href":"http:\/\/www.grieta.org.mx\/index.php\/wp-json\/wp\/v2\/types\/post"}],"author":[{"embeddable":true,"href":"http:\/\/www.grieta.org.mx\/index.php\/wp-json\/wp\/v2\/users\/2"}],"replies":[{"embeddable":true,"href":"http:\/\/www.grieta.org.mx\/index.php\/wp-json\/wp\/v2\/comments?post=2704"}],"version-history":[{"count":1,"href":"http:\/\/www.grieta.org.mx\/index.php\/wp-json\/wp\/v2\/posts\/2704\/revisions"}],"predecessor-version":[{"id":2705,"href":"http:\/\/www.grieta.org.mx\/index.php\/wp-json\/wp\/v2\/posts\/2704\/revisions\/2705"}],"wp:featuredmedia":[{"embeddable":true,"href":"http:\/\/www.grieta.org.mx\/index.php\/wp-json\/wp\/v2\/media\/21928"}],"wp:attachment":[{"href":"http:\/\/www.grieta.org.mx\/index.php\/wp-json\/wp\/v2\/media?parent=2704"}],"wp:term":[{"taxonomy":"category","embeddable":true,"href":"http:\/\/www.grieta.org.mx\/index.php\/wp-json\/wp\/v2\/categories?post=2704"},{"taxonomy":"post_tag","embeddable":true,"href":"http:\/\/www.grieta.org.mx\/index.php\/wp-json\/wp\/v2\/tags?post=2704"}],"curies":[{"name":"wp","href":"https:\/\/api.w.org\/{rel}","templated":true}]}}