{"id":2702,"date":"2015-12-04T11:18:55","date_gmt":"2015-12-04T11:18:55","guid":{"rendered":"http:\/\/50.22.11.12\/~grietaor\/?p=2702"},"modified":"2016-03-13T11:23:54","modified_gmt":"2016-03-13T11:23:54","slug":"periodistas-en-colima-protestan-contra-la-ley-mordaza","status":"publish","type":"post","link":"http:\/\/www.grieta.org.mx\/index.php\/2015\/12\/04\/periodistas-en-colima-protestan-contra-la-ley-mordaza\/","title":{"rendered":"Periodistas en Colima protestan contra la \u201cLey Mordaza\u201d"},"content":{"rendered":"<p>Diario Avanzada<br \/>\nColima, M\u00e9xico. Avanzada (4 de diciembre de 2015).- Periodistas colimenses protestaron en las instalaciones del Congreso del Estado en contra de la entrada en vigor de la Ley de Derecho de R\u00e9plica por considerar que \u00e9sta representa un retroceso en la Libertad de Expresi\u00f3n.<\/p>\n<p>Los periodistas mencionaron que la ley pone en riesgo su trabajo, debido a que cualquier funcionario o pol\u00edtico podr\u00e1 recurrir al derecho de r\u00e9plica cuando considere que se ha publicado informaci\u00f3n falsa e inexacta, pero adem\u00e1s podr\u00e1 demandar al comunicador.<\/p>\n<p>Indicaron que esta medida pretende acallar las voces de periodistas cr\u00edticos, por ello repudiaron la entrada en vigor de esta ley a la que calificaron de \u201cmordaza\u201d.<\/p>\n<p>Los periodistas que participaron en la protesta la ma\u00f1ana de este viernes expusieron que el derecho de r\u00e9plica es bueno y necesario, pero no en los t\u00e9rminos en los que est\u00e1 planteado en la ley que este d\u00eda entra en vigor.<\/p>\n<p>Juan Ram\u00f3n Negrete Jim\u00e9nez reportero del peri\u00f3dico universitario El Comentario se\u00f1al\u00f3 que con este mecanismo el gobierno: \u201cPretende acallar las voces discordantes del periodismo nacional y judicializar la libertad de expresi\u00f3n y acabar con el periodismo de investigaci\u00f3n\u201d.<\/p>\n<p>Aunado a la protesta, el periodista Pedro Zamora Brise\u00f1o present\u00f3 a la Red de Periodistas Colimenses \u201c19 de mayo\u201d, la cual tendr\u00e1 entre sus objetivos lucha y defensa de los derechos de los periodistas.<\/p>\n<p><a href=\"http:\/\/www.diarioavanzada.com.mx\/index.php\/locales-movil\/15438-periodistas-en-colima-protestan-contra-la-ley-mordaza\" target=\"_blank\">http:\/\/www.diarioavanzada.com.mx\/index.php\/locales-movil\/15438-periodistas-en-colima-protestan-contra-la-ley-mordaza<\/a><\/p>\n","protected":false},"excerpt":{"rendered":"<p>Diario Avanzada Colima, M\u00e9xico. Avanzada (4 de diciembre de 2015).- Periodistas colimenses protestaron en las instalaciones del Congreso del Estado en contra de la entrada en vigor de la Ley &hellip; <a href=\"http:\/\/www.grieta.org.mx\/index.php\/2015\/12\/04\/periodistas-en-colima-protestan-contra-la-ley-mordaza\/\" class=\"more-link\">Leer m\u00e1s<\/a><\/p>\n","protected":false},"author":2,"featured_media":21928,"comment_status":"closed","ping_status":"open","sticky":false,"template":"","format":"standard","meta":{"ngg_post_thumbnail":0,"_jetpack_newsletter_access":"","_jetpack_dont_email_post_to_subs":false,"_jetpack_newsletter_tier_id":0,"_jetpack_memberships_contains_paywalled_content":false,"_jetpack_memberships_contains_paid_content":false,"footnotes":""},"categories":[80,108],"tags":[278],"class_list":["post-2702","post","type-post","status-publish","format-standard","has-post-thumbnail","hentry","category-cintillo","category-colima","tag-libertad-expresion","entry"],"jetpack_featured_media_url":"http:\/\/www.grieta.org.mx\/wp-content\/uploads\/2018\/03\/14524434_1106112876131411_958039263622046936_o.jpg","jetpack_sharing_enabled":true,"jetpack_shortlink":"https:\/\/wp.me\/p7ZJR4-HA","jetpack_likes_enabled":false,"jetpack-related-posts":[{"id":2704,"url":"http:\/\/www.grieta.org.mx\/index.php\/2015\/12\/04\/protesta-de-periodistas-de-colima-contra-la-ley-mordaza\/","url_meta":{"origin":2702,"position":0},"title":"Protesta de periodistas de Colima contra la \u201cLey Mordaza\u201d","author":"grieta","date":"4 diciembre, 2015","format":false,"excerpt":"04\/12\/15. Periodistas en Colima protestan contra la \u201cLey Mordaza\u201dDiario Avanzada","rel":"","context":"En &quot;Colima&quot;","block_context":{"text":"Colima","link":"http:\/\/www.grieta.org.mx\/index.php\/category\/noticias-nacionales\/colima\/"},"img":{"alt_text":"","src":"https:\/\/i0.wp.com\/www.grieta.org.mx\/wp-content\/uploads\/2018\/03\/14524434_1106112876131411_958039263622046936_o.jpg?resize=350%2C200","width":350,"height":200,"srcset":"https:\/\/i0.wp.com\/www.grieta.org.mx\/wp-content\/uploads\/2018\/03\/14524434_1106112876131411_958039263622046936_o.jpg?resize=350%2C200 1x, https:\/\/i0.wp.com\/www.grieta.org.mx\/wp-content\/uploads\/2018\/03\/14524434_1106112876131411_958039263622046936_o.jpg?resize=525%2C300 1.5x, https:\/\/i0.wp.com\/www.grieta.org.mx\/wp-content\/uploads\/2018\/03\/14524434_1106112876131411_958039263622046936_o.jpg?resize=700%2C400 2x"},"classes":[]},{"id":60173,"url":"http:\/\/www.grieta.org.mx\/index.php\/2021\/06\/22\/periodistas-demandan-echar-abajo-la-reforma-legal-a-la-ley-copip-colima\/","url_meta":{"origin":2702,"position":1},"title":"Periodistas demandan echar abajo la reforma legal a la Ley Copip (Colima)","author":"grieta","date":"22 junio, 2021","format":false,"excerpt":"Imagen: Diario Avanzada Redacci\u00f3n \/ Diario Avanzada Colima, M\u00e9xico, Avanzada (22\/06(2021).- Ante el riesgo que implica para el periodismo colimense la reciente reforma a la Ley General para la Protecci\u00f3n Integral del Ejercicio Period\u00edstico del Estado, organizaciones de periodistas solicitaron a la Comisi\u00f3n de Derechos Humanos del Estado de Colima\u2026","rel":"","context":"En &quot;CINTILLO&quot;","block_context":{"text":"CINTILLO","link":"http:\/\/www.grieta.org.mx\/index.php\/category\/cintillo\/"},"img":{"alt_text":"","src":"https:\/\/i0.wp.com\/www.grieta.org.mx\/wp-content\/uploads\/2021\/06\/image-89-1024x535-1.png?resize=350%2C200","width":350,"height":200,"srcset":"https:\/\/i0.wp.com\/www.grieta.org.mx\/wp-content\/uploads\/2021\/06\/image-89-1024x535-1.png?resize=350%2C200 1x, https:\/\/i0.wp.com\/www.grieta.org.mx\/wp-content\/uploads\/2021\/06\/image-89-1024x535-1.png?resize=525%2C300 1.5x, https:\/\/i0.wp.com\/www.grieta.org.mx\/wp-content\/uploads\/2021\/06\/image-89-1024x535-1.png?resize=700%2C400 2x"},"classes":[]},{"id":57999,"url":"http:\/\/www.grieta.org.mx\/index.php\/2021\/03\/25\/periodistas-exigen-que-el-iee-cese-arbitrariedades-contra-la-libertad-de-expresion-colima\/","url_meta":{"origin":2702,"position":2},"title":"Periodistas exigen que el IEE cese arbitrariedades contra la libertad de expresi\u00f3n (Colima)","author":"grieta","date":"25 marzo, 2021","format":false,"excerpt":"Foto: Diario Avanzada Redacci\u00f3n \/ Diario Avanzada Colima, M\u00e9xico, Avanzada (25\/03\/2021).- Organizaciones de periodistas de Colima y de M\u00e9xico realizaron una protesta contra el Instituto Electoral del Estado, al que acusaron de realizar actos de censura contra la libertad de expresi\u00f3n, con el pretexto de aplicar la legislaci\u00f3n sobre violencia\u2026","rel":"","context":"En &quot;CINTILLO&quot;","block_context":{"text":"CINTILLO","link":"http:\/\/www.grieta.org.mx\/index.php\/category\/cintillo\/"},"img":{"alt_text":"","src":"https:\/\/i0.wp.com\/www.grieta.org.mx\/wp-content\/uploads\/2021\/03\/4f337cbd-cc85-48fa-a85c-9e93e5801b33-1024x576-1.jpg?resize=350%2C200","width":350,"height":200,"srcset":"https:\/\/i0.wp.com\/www.grieta.org.mx\/wp-content\/uploads\/2021\/03\/4f337cbd-cc85-48fa-a85c-9e93e5801b33-1024x576-1.jpg?resize=350%2C200 1x, https:\/\/i0.wp.com\/www.grieta.org.mx\/wp-content\/uploads\/2021\/03\/4f337cbd-cc85-48fa-a85c-9e93e5801b33-1024x576-1.jpg?resize=525%2C300 1.5x, https:\/\/i0.wp.com\/www.grieta.org.mx\/wp-content\/uploads\/2021\/03\/4f337cbd-cc85-48fa-a85c-9e93e5801b33-1024x576-1.jpg?resize=700%2C400 2x"},"classes":[]},{"id":63205,"url":"http:\/\/www.grieta.org.mx\/index.php\/2022\/01\/26\/periodistas-en-colima-se-suman-a-la-jornada-nacional-de-protesta\/","url_meta":{"origin":2702,"position":3},"title":"Periodistas en Colima se suman a la jornada nacional de protesta","author":"grieta","date":"26 enero, 2022","format":false,"excerpt":"Foto: Diario Avanzada Heidi de Le\u00f3n Guti\u00e9rrez \/ Diario Avanzada Colima, M\u00e9xico, Avanzada (26\/01\/2022).- Periodistas de Colima se unen a la protesta nacional que ayer se realiz\u00f3 por los asesinatos de reporteros en diferentes entidades del pa\u00eds. Afuera de Palacio de Gobierno, los periodistas colocaron las fotograf\u00edas de Lourdes Maldonado,\u2026","rel":"","context":"En &quot;CINTILLO&quot;","block_context":{"text":"CINTILLO","link":"http:\/\/www.grieta.org.mx\/index.php\/category\/cintillo\/"},"img":{"alt_text":"","src":"https:\/\/i0.wp.com\/www.grieta.org.mx\/wp-content\/uploads\/2022\/01\/image-237.png?resize=350%2C200","width":350,"height":200,"srcset":"https:\/\/i0.wp.com\/www.grieta.org.mx\/wp-content\/uploads\/2022\/01\/image-237.png?resize=350%2C200 1x, https:\/\/i0.wp.com\/www.grieta.org.mx\/wp-content\/uploads\/2022\/01\/image-237.png?resize=525%2C300 1.5x"},"classes":[]},{"id":38158,"url":"http:\/\/www.grieta.org.mx\/index.php\/2019\/08\/21\/se-unen-periodistas-colimenses-al-repudio-por-agresiones-y-asesinatos-en-su-contra-colima\/","url_meta":{"origin":2702,"position":4},"title":"Se unen periodistas colimenses al repudio por agresiones y asesinatos en su contra (Colima)","author":"grieta","date":"21 agosto, 2019","format":false,"excerpt":"Foto: El Comentario Redacci\u00f3n \/ El Comentario Un grupo de\u00a0periodistas colimenses, efectuaron una\u00a0manifestaci\u00f3n\u00a0a la entrada del inmueble del\u00a0Palacio\u00a0Legislativo, para unirse a la\u00a0protesta nacional\u00a0organizada para manifestar su repudio en contra de las\u00a0agresiones\u00a0y\u00a0asesinatos\u00a0cometidos en\u00a0contra de periodistas\u00a0y\u00a0comunicadores en el pa\u00eds. El corresponsal del peri\u00f3dico\u00a0La Jornada,\u00a0Juan Carlos Flores Carrillo, se\u00f1al\u00f3 que en lo que\u2026","rel":"","context":"En &quot;CINTILLO&quot;","block_context":{"text":"CINTILLO","link":"http:\/\/www.grieta.org.mx\/index.php\/category\/cintillo\/"},"img":{"alt_text":"","src":"https:\/\/i0.wp.com\/www.grieta.org.mx\/wp-content\/uploads\/2019\/08\/ba020e82d02031c87c793e1e29859f65.jpg?resize=350%2C200","width":350,"height":200,"srcset":"https:\/\/i0.wp.com\/www.grieta.org.mx\/wp-content\/uploads\/2019\/08\/ba020e82d02031c87c793e1e29859f65.jpg?resize=350%2C200 1x, https:\/\/i0.wp.com\/www.grieta.org.mx\/wp-content\/uploads\/2019\/08\/ba020e82d02031c87c793e1e29859f65.jpg?resize=525%2C300 1.5x, https:\/\/i0.wp.com\/www.grieta.org.mx\/wp-content\/uploads\/2019\/08\/ba020e82d02031c87c793e1e29859f65.jpg?resize=700%2C400 2x, https:\/\/i0.wp.com\/www.grieta.org.mx\/wp-content\/uploads\/2019\/08\/ba020e82d02031c87c793e1e29859f65.jpg?resize=1050%2C600 3x"},"classes":[]},{"id":22450,"url":"http:\/\/www.grieta.org.mx\/index.php\/2017\/10\/06\/exigen-mujeres-periodistas-de-reynosa-mejores-condiciones-para-ejercer-su-profesion\/","url_meta":{"origin":2702,"position":5},"title":"Exigen mujeres periodistas de Reynosa mejores condiciones para ejercer su profesi\u00f3n","author":"grieta","date":"6 octubre, 2017","format":false,"excerpt":"Rosal\u00eda Quint\u00e1\/Hoy Tamaulipas Reynosa, Tamaulipas.- La red Nacional de Mujeres Periodistas repudi\u00f3 el contexto de violencia y censura generalizada en la Rep\u00fablica Mexicana en contra de quienes ejercen el periodismo y la invisibilidad de las violencias que enfrentan las mujeres periodistas espec\u00edficamente. Lo anterior durante el s\u00e9ptimo encuentro celebrado el\u2026","rel":"","context":"En &quot;CINTILLO&quot;","block_context":{"text":"CINTILLO","link":"http:\/\/www.grieta.org.mx\/index.php\/category\/cintillo\/"},"img":{"alt_text":"","src":"https:\/\/i0.wp.com\/www.grieta.org.mx\/wp-content\/uploads\/2018\/03\/14524434_1106112876131411_958039263622046936_o.jpg?resize=350%2C200","width":350,"height":200,"srcset":"https:\/\/i0.wp.com\/www.grieta.org.mx\/wp-content\/uploads\/2018\/03\/14524434_1106112876131411_958039263622046936_o.jpg?resize=350%2C200 1x, https:\/\/i0.wp.com\/www.grieta.org.mx\/wp-content\/uploads\/2018\/03\/14524434_1106112876131411_958039263622046936_o.jpg?resize=525%2C300 1.5x, https:\/\/i0.wp.com\/www.grieta.org.mx\/wp-content\/uploads\/2018\/03\/14524434_1106112876131411_958039263622046936_o.jpg?resize=700%2C400 2x"},"classes":[]}],"_links":{"self":[{"href":"http:\/\/www.grieta.org.mx\/index.php\/wp-json\/wp\/v2\/posts\/2702","targetHints":{"allow":["GET"]}}],"collection":[{"href":"http:\/\/www.grieta.org.mx\/index.php\/wp-json\/wp\/v2\/posts"}],"about":[{"href":"http:\/\/www.grieta.org.mx\/index.php\/wp-json\/wp\/v2\/types\/post"}],"author":[{"embeddable":true,"href":"http:\/\/www.grieta.org.mx\/index.php\/wp-json\/wp\/v2\/users\/2"}],"replies":[{"embeddable":true,"href":"http:\/\/www.grieta.org.mx\/index.php\/wp-json\/wp\/v2\/comments?post=2702"}],"version-history":[{"count":1,"href":"http:\/\/www.grieta.org.mx\/index.php\/wp-json\/wp\/v2\/posts\/2702\/revisions"}],"predecessor-version":[{"id":2706,"href":"http:\/\/www.grieta.org.mx\/index.php\/wp-json\/wp\/v2\/posts\/2702\/revisions\/2706"}],"wp:featuredmedia":[{"embeddable":true,"href":"http:\/\/www.grieta.org.mx\/index.php\/wp-json\/wp\/v2\/media\/21928"}],"wp:attachment":[{"href":"http:\/\/www.grieta.org.mx\/index.php\/wp-json\/wp\/v2\/media?parent=2702"}],"wp:term":[{"taxonomy":"category","embeddable":true,"href":"http:\/\/www.grieta.org.mx\/index.php\/wp-json\/wp\/v2\/categories?post=2702"},{"taxonomy":"post_tag","embeddable":true,"href":"http:\/\/www.grieta.org.mx\/index.php\/wp-json\/wp\/v2\/tags?post=2702"}],"curies":[{"name":"wp","href":"https:\/\/api.w.org\/{rel}","templated":true}]}}