{"id":2698,"date":"2015-12-21T11:14:30","date_gmt":"2015-12-21T11:14:30","guid":{"rendered":"http:\/\/50.22.11.12\/~grietaor\/?p=2698"},"modified":"2016-03-13T11:16:11","modified_gmt":"2016-03-13T11:16:11","slug":"en-colima-dos-mujeres-asesinadas-y-una-herida-en-menos-de-un-mes-prevalece-violencia-de-genero","status":"publish","type":"post","link":"http:\/\/www.grieta.org.mx\/index.php\/2015\/12\/21\/en-colima-dos-mujeres-asesinadas-y-una-herida-en-menos-de-un-mes-prevalece-violencia-de-genero\/","title":{"rendered":"En Colima, dos mujeres asesinadas y una herida en menos de un mes, prevalece violencia de g\u00e9nero"},"content":{"rendered":"<p>Colima, M\u00e9xico. Avanzada (21 de diciembre de 2015).- Mientras organizaciones civiles exigen la Alerta de G\u00e9nero, la violencia contra las mujeres sigue impactando en el territorio colimense; en los primeros 21 d\u00edas de diciembre, dos mujeres han sido asesinadas y una m\u00e1s result\u00f3 gravemente herida.<\/p>\n<p>La ma\u00f1ana de este lunes, el cuerpo de una mujer fue localizado, aparentemente desnudo, boca abajo y con un mensaje, en la carretera Colima- Guadalajara.<\/p>\n<p>Hasta el momento, se desconoce el m\u00f3vil de la ejecuci\u00f3n, pero a este hecho violento se suma el ocurrido en Manzanillo, donde un joven agredi\u00f3 a su novia embarazada porque \u00e9sta se neg\u00f3 a abortar.<\/p>\n<p>El portal Noticias Manzanillo inform\u00f3 que un menor de 16 a\u00f1os de edad golpe\u00f3 brutalmente a su novia, quien tiene seis meses de embarazo, adem\u00e1s le dispar\u00f3 en el rostro, por lo que la joven se encuentra gravemente herida en un hospital de Guadalajara.<\/p>\n<p>De acuerdo al citado portal, familiares de la joven herida se\u00f1alaron que el menor que ocasion\u00f3 las lesiones fue puesto en libertad por faltas de pruebas.<\/p>\n<p>Adem\u00e1s de esos casos, el pasado 3 de diciembre medios locales dieron a conocer que una mujer fue asesinada a navajazos atr\u00e1s de bodega Aurrer\u00e1 en Villa de \u00c1lvarez.<\/p>\n<p>Las autoridades correspondientes no revelaron la identidad de la mujer, ni tampoco las posibles l\u00edneas de investigaci\u00f3n para dar con los responsables o responsables del asesinato.<\/p>\n<p>Mientras las agresiones contra las mujeres se siguen presentado en la entidad, en el Congreso local se encuentra un paquete de iniciativas que envi\u00f3 Mario Anguiano Moreno unos d\u00edas antes de concluir su gesti\u00f3n como gobernador del estado, pero \u00e9stas no ha sido discutidas y analizadas en la comisi\u00f3n correspondiente.<\/p>\n<p>El 21 de noviembre pasado, la directora del Instituto Colimense de la Mujer (ICM) Yolanda Verduzo se\u00f1al\u00f3 que a principios de 2016 podr\u00eda emitirse la Alerta de G\u00e9nero para Colima, lo que implicar\u00eda, entre otras cosas, un redise\u00f1o de las pol\u00edticas p\u00fablicas para atender la violencia de g\u00e9nero.<\/p>\n<p>Seg\u00fan los resultados de la Encuesta Nacional sobre la Din\u00e1mica de las Relaciones en los Hogares (Endireh) 2011, realizada por el Instituto Nacional de Estad\u00edstica y Geograf\u00eda (Inegi), el estado de Colima ocupa el primer lugar en el pa\u00eds en violencia sexual contra las mujeres, registrando el 10.1 por ciento de incidencia, cuando la media nacional es de 7.3 por ciento.<\/p>\n<p>Adem\u00e1s, Colima ocupa el quinto lugar nacional en violencia general contra las mujeres, rubro en el que se agrupan las diferentes formas de agresi\u00f3n que ocurren en el \u00e1mbito privado, y que son: violencia f\u00edsica, emocional, sexual y econ\u00f3mica.<\/p>\n<p><a href=\"http:\/\/www.diarioavanzada.com.mx\/index.php\/locales-movil\/15676-dos-mujeres-asesinadas-y-una-herida-en-menos-de-un-mes-prevalece-violencia-de-genero\" target=\"_blank\">http:\/\/www.diarioavanzada.com.mx\/index.php\/locales-movil\/15676-dos-mujeres-asesinadas-y-una-herida-en-menos-de-un-mes-prevalece-violencia-de-genero<\/a><\/p>\n","protected":false},"excerpt":{"rendered":"<p>Colima, M\u00e9xico. Avanzada (21 de diciembre de 2015).- Mientras organizaciones civiles exigen la Alerta de G\u00e9nero, la violencia contra las mujeres sigue impactando en el territorio colimense; en los primeros &hellip; <a href=\"http:\/\/www.grieta.org.mx\/index.php\/2015\/12\/21\/en-colima-dos-mujeres-asesinadas-y-una-herida-en-menos-de-un-mes-prevalece-violencia-de-genero\/\" class=\"more-link\">Leer m\u00e1s<\/a><\/p>\n","protected":false},"author":2,"featured_media":21928,"comment_status":"closed","ping_status":"open","sticky":false,"template":"","format":"standard","meta":{"ngg_post_thumbnail":0,"_jetpack_newsletter_access":"","_jetpack_dont_email_post_to_subs":false,"_jetpack_newsletter_tier_id":0,"_jetpack_memberships_contains_paywalled_content":false,"_jetpack_memberships_contains_paid_content":false,"footnotes":""},"categories":[80,108],"tags":[81],"class_list":["post-2698","post","type-post","status-publish","format-standard","has-post-thumbnail","hentry","category-cintillo","category-colima","tag-feminicidios","entry"],"jetpack_featured_media_url":"http:\/\/www.grieta.org.mx\/wp-content\/uploads\/2018\/03\/14524434_1106112876131411_958039263622046936_o.jpg","jetpack_sharing_enabled":true,"jetpack_shortlink":"https:\/\/wp.me\/p7ZJR4-Hw","jetpack_likes_enabled":false,"jetpack-related-posts":[{"id":2700,"url":"http:\/\/www.grieta.org.mx\/index.php\/2016\/06\/27\/feminicidos-en-colima\/","url_meta":{"origin":2698,"position":0},"title":"Feminicidos en Colima","author":"grieta","date":"27 junio, 2016","format":false,"excerpt":"27\/06\/16. Registra Colima 25 mujeres asesinadas en 6 meses; el 2015 cerr\u00f3 con 21 casosDiario Avanzada 24\/04\/16. En ocho a\u00f1os, creci\u00f3 145% la tasa de asesinatos de mujeres en ColimaDiario Avanzada 21\/12\/15. Dos mujeres asesinadas y una herida en menos de un mes, prevalece violencia de g\u00e9nero Diario Avanzada","rel":"","context":"En &quot;Colima&quot;","block_context":{"text":"Colima","link":"http:\/\/www.grieta.org.mx\/index.php\/category\/noticias-nacionales\/colima\/"},"img":{"alt_text":"","src":"https:\/\/i0.wp.com\/www.grieta.org.mx\/wp-content\/uploads\/2018\/03\/14524434_1106112876131411_958039263622046936_o.jpg?resize=350%2C200","width":350,"height":200,"srcset":"https:\/\/i0.wp.com\/www.grieta.org.mx\/wp-content\/uploads\/2018\/03\/14524434_1106112876131411_958039263622046936_o.jpg?resize=350%2C200 1x, https:\/\/i0.wp.com\/www.grieta.org.mx\/wp-content\/uploads\/2018\/03\/14524434_1106112876131411_958039263622046936_o.jpg?resize=525%2C300 1.5x, https:\/\/i0.wp.com\/www.grieta.org.mx\/wp-content\/uploads\/2018\/03\/14524434_1106112876131411_958039263622046936_o.jpg?resize=700%2C400 2x"},"classes":[]},{"id":57330,"url":"http:\/\/www.grieta.org.mx\/index.php\/2021\/03\/02\/48-mujeres-asesinadas-en-manzanillo-colima\/","url_meta":{"origin":2698,"position":1},"title":"48 mujeres, asesinadas en Manzanillo (Colima)","author":"grieta","date":"2 marzo, 2021","format":false,"excerpt":"Foto: Especial Jes\u00fas Lozoya Baeza \/ El Noticiero Durante el a\u00f1o anterior fueron asesinadas 48 mujeres en el municipio de Manzanillo y ha sido la delegaci\u00f3n de Santiago donde m\u00e1s homicidios se cometieron en contra del g\u00e9nero femenino, particularmente en el fraccionamiento Terraplena. Lo anterior fue dado a conocer por\u2026","rel":"","context":"En &quot;CINTILLO&quot;","block_context":{"text":"CINTILLO","link":"http:\/\/www.grieta.org.mx\/index.php\/category\/cintillo\/"},"img":{"alt_text":"","src":"https:\/\/i0.wp.com\/www.grieta.org.mx\/wp-content\/uploads\/2021\/03\/descarga-1-777x437-1.jpg?resize=350%2C200","width":350,"height":200,"srcset":"https:\/\/i0.wp.com\/www.grieta.org.mx\/wp-content\/uploads\/2021\/03\/descarga-1-777x437-1.jpg?resize=350%2C200 1x, https:\/\/i0.wp.com\/www.grieta.org.mx\/wp-content\/uploads\/2021\/03\/descarga-1-777x437-1.jpg?resize=525%2C300 1.5x, https:\/\/i0.wp.com\/www.grieta.org.mx\/wp-content\/uploads\/2021\/03\/descarga-1-777x437-1.jpg?resize=700%2C400 2x"},"classes":[]},{"id":46152,"url":"http:\/\/www.grieta.org.mx\/index.php\/2020\/03\/06\/van-14-mujeres-asesinadas-en-manzanillo-este-ano-colima\/","url_meta":{"origin":2698,"position":2},"title":"Van 14 mujeres asesinadas en Manzanillo, este a\u00f1o (Colima)","author":"grieta","date":"6 marzo, 2020","format":false,"excerpt":"Foto: El Noticiero de Colima Jes\u00fas Lozoya Baeza \/ El Noticiero de Colima rimero una marcha de silencio desde la funeraria en el centro de Manzanillo y hasta la iglesia del Carmen, en la calle Cuauht\u00e9moc, donde se escucharon finalmente reclamos airados de la familia de Fabiola, la mujer que\u2026","rel":"","context":"En &quot;CINTILLO&quot;","block_context":{"text":"CINTILLO","link":"http:\/\/www.grieta.org.mx\/index.php\/category\/cintillo\/"},"img":{"alt_text":"","src":"https:\/\/i0.wp.com\/www.grieta.org.mx\/wp-content\/uploads\/2020\/03\/foto4.jpg?resize=350%2C200","width":350,"height":200,"srcset":"https:\/\/i0.wp.com\/www.grieta.org.mx\/wp-content\/uploads\/2020\/03\/foto4.jpg?resize=350%2C200 1x, https:\/\/i0.wp.com\/www.grieta.org.mx\/wp-content\/uploads\/2020\/03\/foto4.jpg?resize=525%2C300 1.5x, https:\/\/i0.wp.com\/www.grieta.org.mx\/wp-content\/uploads\/2020\/03\/foto4.jpg?resize=700%2C400 2x"},"classes":[]},{"id":29342,"url":"http:\/\/www.grieta.org.mx\/index.php\/2019\/02\/20\/van-143-mujeres-atendidas-por-ser-violentadas-en-manzanillo\/","url_meta":{"origin":2698,"position":3},"title":"Van 143 mujeres atendidas por ser violentadas en Manzanillo (Colima)","author":"grieta","date":"20 febrero, 2019","format":false,"excerpt":"Juan Carlos Flores \/ CN Colima Noticias, 20 de Febrero de 2019 Manzanillo, Col.- El Instituto de las Mujeres en Manzanillo, atendi\u00f3 a 143 mujeres v\u00edctimas de violencia familiar durante el periodo de octubre, noviembre y diciembre del 2018, y enero del 2019. Seg\u00fan informaci\u00f3n de la dependencia, a cargo\u2026","rel":"","context":"En &quot;CINTILLO&quot;","block_context":{"text":"CINTILLO","link":"http:\/\/www.grieta.org.mx\/index.php\/category\/cintillo\/"},"img":{"alt_text":"","src":"https:\/\/i0.wp.com\/www.grieta.org.mx\/wp-content\/uploads\/2019\/02\/atienden-casos-de-violencia-en-manzanillo.jpeg?resize=350%2C200","width":350,"height":200,"srcset":"https:\/\/i0.wp.com\/www.grieta.org.mx\/wp-content\/uploads\/2019\/02\/atienden-casos-de-violencia-en-manzanillo.jpeg?resize=350%2C200 1x, https:\/\/i0.wp.com\/www.grieta.org.mx\/wp-content\/uploads\/2019\/02\/atienden-casos-de-violencia-en-manzanillo.jpeg?resize=525%2C300 1.5x, https:\/\/i0.wp.com\/www.grieta.org.mx\/wp-content\/uploads\/2019\/02\/atienden-casos-de-violencia-en-manzanillo.jpeg?resize=700%2C400 2x, https:\/\/i0.wp.com\/www.grieta.org.mx\/wp-content\/uploads\/2019\/02\/atienden-casos-de-violencia-en-manzanillo.jpeg?resize=1050%2C600 3x"},"classes":[]},{"id":53595,"url":"http:\/\/www.grieta.org.mx\/index.php\/2020\/09\/09\/presupuestaron-8-mdp-para-edificar-el-centro-de-justicia-para-la-mujer-y-no-han-puesto-ni-una-piedra-colima\/","url_meta":{"origin":2698,"position":4},"title":"Presupuestaron 8 MDP para edificar el Centro de Justicia para la Mujer y no han puesto ni una piedra (Colima)","author":"grieta","date":"9 septiembre, 2020","format":false,"excerpt":"Foto: Diario Avanzada Heidi de Le\u00f3n Guti\u00e9rrez \/ Diario Avanzada Colima, M\u00e9xico, Avanzada (09\/09\/2020).- A tres meses de que concluya el a\u00f1o, el Gobierno de Colima ni si quiera ha puesto la primera piedra del Centro de Justicia para la Mujer en el municipio de Manzanillo, uno de los m\u00e1s\u2026","rel":"","context":"En &quot;CINTILLO&quot;","block_context":{"text":"CINTILLO","link":"http:\/\/www.grieta.org.mx\/index.php\/category\/cintillo\/"},"img":{"alt_text":"","src":"https:\/\/i0.wp.com\/www.grieta.org.mx\/wp-content\/uploads\/2018\/03\/14524434_1106112876131411_958039263622046936_o.jpg?resize=350%2C200","width":350,"height":200,"srcset":"https:\/\/i0.wp.com\/www.grieta.org.mx\/wp-content\/uploads\/2018\/03\/14524434_1106112876131411_958039263622046936_o.jpg?resize=350%2C200 1x, https:\/\/i0.wp.com\/www.grieta.org.mx\/wp-content\/uploads\/2018\/03\/14524434_1106112876131411_958039263622046936_o.jpg?resize=525%2C300 1.5x, https:\/\/i0.wp.com\/www.grieta.org.mx\/wp-content\/uploads\/2018\/03\/14524434_1106112876131411_958039263622046936_o.jpg?resize=700%2C400 2x"},"classes":[]},{"id":50734,"url":"http:\/\/www.grieta.org.mx\/index.php\/2020\/06\/08\/los-feminicidios-serian-evitables-si-fiscalia-y-ssp-aplicaran-la-avg-reprochan-asociaciones-colima\/","url_meta":{"origin":2698,"position":5},"title":"Los feminicidios ser\u00edan evitables si Fiscal\u00eda y SSP aplicaran la AVG, reprochan asociaciones (Colima)","author":"grieta","date":"8 junio, 2020","format":false,"excerpt":"Imagen: Diario Avanzada Heidi de Le\u00f3n Guti\u00e9rrez \/ Diario Avanzada Colima, M\u00e9xico, Avanzada (08\/06\/2020).- Una ni\u00f1a de 11 a\u00f1os fue golpeada\u00a0 en diferentes partes del cuerpo y\u00a0 asesinada al interior de su hogar, junto con su madre, quien tambi\u00e9n fue agredida hasta\u00a0 que le quitaron la vida. Los hechos violentos\u2026","rel":"","context":"En &quot;CINTILLO&quot;","block_context":{"text":"CINTILLO","link":"http:\/\/www.grieta.org.mx\/index.php\/category\/cintillo\/"},"img":{"alt_text":"","src":"https:\/\/i0.wp.com\/www.grieta.org.mx\/wp-content\/uploads\/2020\/06\/Ignacio-zaragoza.png?resize=350%2C200","width":350,"height":200,"srcset":"https:\/\/i0.wp.com\/www.grieta.org.mx\/wp-content\/uploads\/2020\/06\/Ignacio-zaragoza.png?resize=350%2C200 1x, https:\/\/i0.wp.com\/www.grieta.org.mx\/wp-content\/uploads\/2020\/06\/Ignacio-zaragoza.png?resize=525%2C300 1.5x"},"classes":[]}],"_links":{"self":[{"href":"http:\/\/www.grieta.org.mx\/index.php\/wp-json\/wp\/v2\/posts\/2698","targetHints":{"allow":["GET"]}}],"collection":[{"href":"http:\/\/www.grieta.org.mx\/index.php\/wp-json\/wp\/v2\/posts"}],"about":[{"href":"http:\/\/www.grieta.org.mx\/index.php\/wp-json\/wp\/v2\/types\/post"}],"author":[{"embeddable":true,"href":"http:\/\/www.grieta.org.mx\/index.php\/wp-json\/wp\/v2\/users\/2"}],"replies":[{"embeddable":true,"href":"http:\/\/www.grieta.org.mx\/index.php\/wp-json\/wp\/v2\/comments?post=2698"}],"version-history":[{"count":1,"href":"http:\/\/www.grieta.org.mx\/index.php\/wp-json\/wp\/v2\/posts\/2698\/revisions"}],"predecessor-version":[{"id":2699,"href":"http:\/\/www.grieta.org.mx\/index.php\/wp-json\/wp\/v2\/posts\/2698\/revisions\/2699"}],"wp:featuredmedia":[{"embeddable":true,"href":"http:\/\/www.grieta.org.mx\/index.php\/wp-json\/wp\/v2\/media\/21928"}],"wp:attachment":[{"href":"http:\/\/www.grieta.org.mx\/index.php\/wp-json\/wp\/v2\/media?parent=2698"}],"wp:term":[{"taxonomy":"category","embeddable":true,"href":"http:\/\/www.grieta.org.mx\/index.php\/wp-json\/wp\/v2\/categories?post=2698"},{"taxonomy":"post_tag","embeddable":true,"href":"http:\/\/www.grieta.org.mx\/index.php\/wp-json\/wp\/v2\/tags?post=2698"}],"curies":[{"name":"wp","href":"https:\/\/api.w.org\/{rel}","templated":true}]}}