{"id":268,"date":"2015-02-22T05:16:19","date_gmt":"2015-02-22T05:16:19","guid":{"rendered":"http:\/\/50.22.11.12\/~grietaor\/?p=268"},"modified":"2016-02-28T05:17:33","modified_gmt":"2016-02-28T05:17:33","slug":"amenazan-con-cerrar-escuela-de-bellas-artes-por-solidarizarse-con-ayotzinapa","status":"publish","type":"post","link":"http:\/\/www.grieta.org.mx\/index.php\/2015\/02\/22\/amenazan-con-cerrar-escuela-de-bellas-artes-por-solidarizarse-con-ayotzinapa\/","title":{"rendered":"Amenazan con cerrar escuela de bellas artes por solidarizarse con Ayotzinapa"},"content":{"rendered":"<p><strong>22\/02\/15. <\/strong><a href=\"http:\/\/grieta.org.mx\/?p=260&#038;preview=true\">Hostigan a directora de escuela de bellas artes en Papalotla<\/a><br  \/><em>Reporteros en Movimiento<\/em><br  \/><br \/>\n<strong>05\/02\/15. <\/strong><a href=\"http:\/\/grieta.org.mx\/?p=263&#038;preview=true\">Amenazan con sacar a profesora y alumnos de la escuela de bellas artes de Papalotla.<\/a><br  \/><em>Reporteros en Movimiento<\/em><br  \/><br \/>\n<strong>02\/02\/15. <\/strong><a href=\"http:\/\/grieta.org.mx\/?p=266&#038;preview=true\">Papalotla, castigo por solidaridad con Ayotzinapa: Alumnos a la intemperie y salones para pol\u00edticos<\/a><br  \/><em>Centro de Medios Libres M\u00e9xico<\/em><br  \/><\/p>\n","protected":false},"excerpt":{"rendered":"<p>22\/02\/15. Hostigan a directora de escuela de bellas artes en PapalotlaReporteros en Movimiento 05\/02\/15. Amenazan con sacar a profesora y alumnos de la escuela de bellas artes de Papalotla.Reporteros en &hellip; <a href=\"http:\/\/www.grieta.org.mx\/index.php\/2015\/02\/22\/amenazan-con-cerrar-escuela-de-bellas-artes-por-solidarizarse-con-ayotzinapa\/\" class=\"more-link\">Leer m\u00e1s<\/a><\/p>\n","protected":false},"author":2,"featured_media":21928,"comment_status":"closed","ping_status":"open","sticky":false,"template":"","format":"standard","meta":{"ngg_post_thumbnail":0,"_jetpack_newsletter_access":"","_jetpack_dont_email_post_to_subs":false,"_jetpack_newsletter_tier_id":0,"_jetpack_memberships_contains_paywalled_content":false,"_jetpack_memberships_contains_paid_content":false,"footnotes":""},"categories":[16],"tags":[],"class_list":["post-268","post","type-post","status-publish","format-standard","has-post-thumbnail","hentry","category-estado-de-mexico","entry"],"jetpack_featured_media_url":"http:\/\/www.grieta.org.mx\/wp-content\/uploads\/2018\/03\/14524434_1106112876131411_958039263622046936_o.jpg","jetpack_sharing_enabled":true,"jetpack_shortlink":"https:\/\/wp.me\/p7ZJR4-4k","jetpack_likes_enabled":false,"jetpack-related-posts":[{"id":263,"url":"http:\/\/www.grieta.org.mx\/index.php\/2015\/02\/05\/amenazan-con-sacar-a-profesora-y-alumnos-de-la-escuela-de-bellas-artes-de-papalotla\/","url_meta":{"origin":268,"position":0},"title":"Amenazan con sacar a profesora y alumnos de la escuela de bellas artes de Papalotla","author":"grieta","date":"5 febrero, 2015","format":false,"excerpt":"El 18 de enero debieron renovarle el contrato de comodato pero no lo han hecho. * Alcalde de Papalotal manda a regidores y funcionarios para sacar a profesora y alumnos del DIF municipal. PAPALOTLA, M\u00e9x.- Regidores y funcionarios publicos del ayuntamiento de Papalotla, realizaron una reuni\u00f3n en la escuela de\u2026","rel":"","context":"En &quot;CINTILLO&quot;","block_context":{"text":"CINTILLO","link":"http:\/\/www.grieta.org.mx\/index.php\/category\/cintillo\/"},"img":{"alt_text":"","src":"https:\/\/i0.wp.com\/www.grieta.org.mx\/wp-content\/uploads\/2018\/03\/14524434_1106112876131411_958039263622046936_o.jpg?resize=350%2C200","width":350,"height":200,"srcset":"https:\/\/i0.wp.com\/www.grieta.org.mx\/wp-content\/uploads\/2018\/03\/14524434_1106112876131411_958039263622046936_o.jpg?resize=350%2C200 1x, https:\/\/i0.wp.com\/www.grieta.org.mx\/wp-content\/uploads\/2018\/03\/14524434_1106112876131411_958039263622046936_o.jpg?resize=525%2C300 1.5x, https:\/\/i0.wp.com\/www.grieta.org.mx\/wp-content\/uploads\/2018\/03\/14524434_1106112876131411_958039263622046936_o.jpg?resize=700%2C400 2x"},"classes":[]},{"id":260,"url":"http:\/\/www.grieta.org.mx\/index.php\/2015\/02\/22\/hostigan-a-directora-de-escuela-de-bellas-artes-en-papalotla\/","url_meta":{"origin":268,"position":1},"title":"Hostigan a directora de escuela de bellas artes en Papalotla","author":"grieta","date":"22 febrero, 2015","format":false,"excerpt":"Por apoyar la causa de Ayotzinapa, Isaac Mendarozqueta Buenfil, alcalde de Papalotla, orden\u00f3 cerrar la Escuela de Bellas Artes de la localidad, y condiciona su apertura a la renuncia inmediata de su directora \u00darsula Jim\u00e9nez D\u00edaz, porque la escuela particip\u00f3 en diciembre pasado con un grupo de teatro en un\u2026","rel":"","context":"En &quot;CINTILLO&quot;","block_context":{"text":"CINTILLO","link":"http:\/\/www.grieta.org.mx\/index.php\/category\/cintillo\/"},"img":{"alt_text":"","src":"https:\/\/i0.wp.com\/www.grieta.org.mx\/wp-content\/uploads\/2018\/03\/14524434_1106112876131411_958039263622046936_o.jpg?resize=350%2C200","width":350,"height":200,"srcset":"https:\/\/i0.wp.com\/www.grieta.org.mx\/wp-content\/uploads\/2018\/03\/14524434_1106112876131411_958039263622046936_o.jpg?resize=350%2C200 1x, https:\/\/i0.wp.com\/www.grieta.org.mx\/wp-content\/uploads\/2018\/03\/14524434_1106112876131411_958039263622046936_o.jpg?resize=525%2C300 1.5x, https:\/\/i0.wp.com\/www.grieta.org.mx\/wp-content\/uploads\/2018\/03\/14524434_1106112876131411_958039263622046936_o.jpg?resize=700%2C400 2x"},"classes":[]},{"id":266,"url":"http:\/\/www.grieta.org.mx\/index.php\/2015\/02\/06\/iniciosin-categoria-papalotla-castigo-por-solidaridad-con-ayotzinapa-alumnos-a-la-intemperie-y-salones-para-politicos\/","url_meta":{"origin":268,"position":2},"title":"Papalotla, castigo por solidaridad con Ayotzinapa: Alumnos a la intemperie y salones para pol\u00edticos","author":"grieta","date":"6 febrero, 2015","format":false,"excerpt":"Por Salvador D\u00edaz S\u00e1nchez Papalotla con Ayotzinapa* Los alumnos toman clase en el rayo del sol o en el fr\u00edo y las aulas convertidas en bodegas para actividades partidarias * POR APOYAR LA CAUSA DE LOS 43 NORMALISTAS DE AYOTZINAPA, EL PRESIDENTE DE PAPALOTLA PRETENDE DESAPARECER ESCUELA DE BELLAS ARTES\u2026","rel":"","context":"En &quot;CINTILLO&quot;","block_context":{"text":"CINTILLO","link":"http:\/\/www.grieta.org.mx\/index.php\/category\/cintillo\/"},"img":{"alt_text":"","src":"https:\/\/i0.wp.com\/www.grieta.org.mx\/wp-content\/uploads\/2018\/03\/14524434_1106112876131411_958039263622046936_o.jpg?resize=350%2C200","width":350,"height":200,"srcset":"https:\/\/i0.wp.com\/www.grieta.org.mx\/wp-content\/uploads\/2018\/03\/14524434_1106112876131411_958039263622046936_o.jpg?resize=350%2C200 1x, https:\/\/i0.wp.com\/www.grieta.org.mx\/wp-content\/uploads\/2018\/03\/14524434_1106112876131411_958039263622046936_o.jpg?resize=525%2C300 1.5x, https:\/\/i0.wp.com\/www.grieta.org.mx\/wp-content\/uploads\/2018\/03\/14524434_1106112876131411_958039263622046936_o.jpg?resize=700%2C400 2x"},"classes":[]},{"id":25567,"url":"http:\/\/www.grieta.org.mx\/index.php\/2018\/08\/15\/amenazan-con-cerrar-escuela-rural-campeche\/","url_meta":{"origin":268,"position":3},"title":"Amenazan con cerrar escuela rural (Campeche)","author":"grieta","date":"15 agosto, 2018","format":false,"excerpt":"HECELCHAK\u00c1N. En un caso inusual en donde la Escuela Normal Rural \u201cJusto Sierra M\u00e9ndez\u201d, neg\u00f3 el derecho a la educaci\u00f3n a pobladores de la comunidad de Hecelchak\u00e1n, alumnos colocaron una manta en demanda de una matr\u00edcula de 100 estudiantes de nuevo ingreso para el nuevo ciclo escolar 2018-2019, los directivos\u2026","rel":"","context":"En &quot;Campeche&quot;","block_context":{"text":"Campeche","link":"http:\/\/www.grieta.org.mx\/index.php\/category\/noticias-nacionales\/campeche\/"},"img":{"alt_text":"","src":"http:\/\/www.grieta.org.mx\/wp-content\/uploads\/2018\/08\/Campeche-Hoy-Hecelchaka?n-640x480.jpg","width":350,"height":200,"srcset":"http:\/\/www.grieta.org.mx\/wp-content\/uploads\/2018\/08\/Campeche-Hoy-Hecelchaka?n-640x480.jpg 1x, http:\/\/www.grieta.org.mx\/wp-content\/uploads\/2018\/08\/Campeche-Hoy-Hecelchaka?n-640x480.jpg 1.5x"},"classes":[]},{"id":39316,"url":"http:\/\/www.grieta.org.mx\/index.php\/2019\/07\/21\/advierten-estudiantes-de-ayotzinapa-que-lucharan-contra-intentos-de-cerrar-esa-escuela-guerrero\/","url_meta":{"origin":268,"position":4},"title":"Advierten estudiantes de Ayotzinapa que luchar\u00e1n contra intentos de cerrar esa escuela (Guerrero)","author":"Admin","date":"21 julio, 2019","format":false,"excerpt":"Redacci\u00f3n \/ Digital Guerrero Los integrantes del Comit\u00e9 \u201cRicardo Flores Mag\u00f3n\u201d destacaron que la consigna que tienen los alumnos es impedir el cierre de Ayotzinapa, \u201ca pesar de la intenci\u00f3n de algunos\u201d. A trav\u00e9s de un comunicado p\u00fablico, los estudiantes recordaron que lo que se ha logrado en la Normal\u2026","rel":"","context":"En &quot;Caso Ayotzinapa&quot;","block_context":{"text":"Caso Ayotzinapa","link":"http:\/\/www.grieta.org.mx\/index.php\/category\/noticias-nacionales\/guerrero\/caso-ayotzinapa\/"},"img":{"alt_text":"","src":"https:\/\/i0.wp.com\/www.grieta.org.mx\/wp-content\/uploads\/2019\/09\/https-_www.digitalguerrero.com_.mx_wp-content_uploads_2019_07_ayotzi.jpg?resize=350%2C200","width":350,"height":200,"srcset":"https:\/\/i0.wp.com\/www.grieta.org.mx\/wp-content\/uploads\/2019\/09\/https-_www.digitalguerrero.com_.mx_wp-content_uploads_2019_07_ayotzi.jpg?resize=350%2C200 1x, https:\/\/i0.wp.com\/www.grieta.org.mx\/wp-content\/uploads\/2019\/09\/https-_www.digitalguerrero.com_.mx_wp-content_uploads_2019_07_ayotzi.jpg?resize=525%2C300 1.5x, https:\/\/i0.wp.com\/www.grieta.org.mx\/wp-content\/uploads\/2019\/09\/https-_www.digitalguerrero.com_.mx_wp-content_uploads_2019_07_ayotzi.jpg?resize=700%2C400 2x"},"classes":[]},{"id":4121,"url":"http:\/\/www.grieta.org.mx\/index.php\/2015\/06\/15\/familiares-de-normalistas-de-ayotiznapa-recorreran-6-estados-de-la-republica-inicia-en-oaxaca\/","url_meta":{"origin":268,"position":5},"title":"Familiares de normalistas de Ayotiznapa recorrer\u00e1n 6 estados de la Rep\u00fablica; inicia en Oaxaca","author":"grieta","date":"15 junio, 2015","format":false,"excerpt":"Jazm\u00edn G\u00f3mez, Oaxaca Oaxaca, Oax. (pagina3.mx).- Una comisi\u00f3n de cuatro personas, familiares de normalistas desaparecidos de la escuela Ra\u00fal Isidro Burgos de Ayotiznapa recorrer\u00e1n 6 estados de la Rep\u00fablica para pedir la solidaridad y continuar la exigencia por la aparici\u00f3n con vida de los 43 estudiantes. El recorrido inici\u00f3 ayer\u2026","rel":"","context":"En &quot;CINTILLO&quot;","block_context":{"text":"CINTILLO","link":"http:\/\/www.grieta.org.mx\/index.php\/category\/cintillo\/"},"img":{"alt_text":"","src":"https:\/\/i0.wp.com\/www.grieta.org.mx\/wp-content\/uploads\/2018\/03\/14524434_1106112876131411_958039263622046936_o.jpg?resize=350%2C200","width":350,"height":200,"srcset":"https:\/\/i0.wp.com\/www.grieta.org.mx\/wp-content\/uploads\/2018\/03\/14524434_1106112876131411_958039263622046936_o.jpg?resize=350%2C200 1x, https:\/\/i0.wp.com\/www.grieta.org.mx\/wp-content\/uploads\/2018\/03\/14524434_1106112876131411_958039263622046936_o.jpg?resize=525%2C300 1.5x, https:\/\/i0.wp.com\/www.grieta.org.mx\/wp-content\/uploads\/2018\/03\/14524434_1106112876131411_958039263622046936_o.jpg?resize=700%2C400 2x"},"classes":[]}],"_links":{"self":[{"href":"http:\/\/www.grieta.org.mx\/index.php\/wp-json\/wp\/v2\/posts\/268","targetHints":{"allow":["GET"]}}],"collection":[{"href":"http:\/\/www.grieta.org.mx\/index.php\/wp-json\/wp\/v2\/posts"}],"about":[{"href":"http:\/\/www.grieta.org.mx\/index.php\/wp-json\/wp\/v2\/types\/post"}],"author":[{"embeddable":true,"href":"http:\/\/www.grieta.org.mx\/index.php\/wp-json\/wp\/v2\/users\/2"}],"replies":[{"embeddable":true,"href":"http:\/\/www.grieta.org.mx\/index.php\/wp-json\/wp\/v2\/comments?post=268"}],"version-history":[{"count":1,"href":"http:\/\/www.grieta.org.mx\/index.php\/wp-json\/wp\/v2\/posts\/268\/revisions"}],"predecessor-version":[{"id":271,"href":"http:\/\/www.grieta.org.mx\/index.php\/wp-json\/wp\/v2\/posts\/268\/revisions\/271"}],"wp:featuredmedia":[{"embeddable":true,"href":"http:\/\/www.grieta.org.mx\/index.php\/wp-json\/wp\/v2\/media\/21928"}],"wp:attachment":[{"href":"http:\/\/www.grieta.org.mx\/index.php\/wp-json\/wp\/v2\/media?parent=268"}],"wp:term":[{"taxonomy":"category","embeddable":true,"href":"http:\/\/www.grieta.org.mx\/index.php\/wp-json\/wp\/v2\/categories?post=268"},{"taxonomy":"post_tag","embeddable":true,"href":"http:\/\/www.grieta.org.mx\/index.php\/wp-json\/wp\/v2\/tags?post=268"}],"curies":[{"name":"wp","href":"https:\/\/api.w.org\/{rel}","templated":true}]}}