{"id":26745,"date":"2018-09-21T18:59:47","date_gmt":"2018-09-21T23:59:47","guid":{"rendered":"http:\/\/www.grieta.org.mx\/?p=26745"},"modified":"2018-09-24T19:21:06","modified_gmt":"2018-09-25T00:21:06","slug":"pronunciamiento-del-cni-cig-en-solidaridad-con-el-pueblo-maya-de-homun-con-motivo-de-la-violacion-a-la-libre-autodeterminacion","status":"publish","type":"post","link":"http:\/\/www.grieta.org.mx\/index.php\/2018\/09\/21\/pronunciamiento-del-cni-cig-en-solidaridad-con-el-pueblo-maya-de-homun-con-motivo-de-la-violacion-a-la-libre-autodeterminacion\/","title":{"rendered":"PRONUNCIAMIENTO DEL CNI-CIG EN SOLIDARIDAD CON EL PUEBLO MAYA DE HOM\u00daN CON MOTIVO DE LA VIOLACI\u00d3N A LA LIBRE AUTODETERMINACI\u00d3N"},"content":{"rendered":"<p>Al Pueblo de M\u00e9xico<\/p>\n<p>A las Redes de Apoyo al Concejo Ind\u00edgena de Gobierno<\/p>\n<p>A la Sexta Nacional e Internacional<\/p>\n<p>A los medios de comunicaci\u00f3n<\/p>\n<p>En octubre del a\u00f1o pasado el pueblo maya de Hom\u00fan ejerci\u00f3 el derecho que tienen como pueblo originario a la libre determinaci\u00f3n. Los concejales mayas de Yucat\u00e1n del Concejo Ind\u00edgena de Gobierno, Jos\u00e9 Koyoc K\u00fa y Yamili Chan Dzul, invitados por el Comit\u00e9 Maya Kana\u2019an Ts\u2019onot, fueron testigos de la decisi\u00f3n que tom\u00f3 el pueblo maya de Hom\u00fan con respecto a su futuro ante el inicio de la construcci\u00f3n de una megagranja porc\u00edcola que amenaza con destruir la forma de vida del pueblo. En la consulta realizada en octubre los mayas de Hom\u00fan dijeron \u201cNO\u201d a la instalaci\u00f3n de la granja.<\/p>\n<p>Con sus formas y sus modos, el pueblo tom\u00f3 su decisi\u00f3n que fue rechazar la construcci\u00f3n de la granja, que a pesar de eso no se detuvo y actualmente se encuentra ya en operaciones, ingresando los camiones con cerdos para la operaci\u00f3n de la granja. Con ello nos dejan claro que a los empresarios y a los malos gobiernos no les importan los derechos de los pueblos, si sus famosas consultas, ni mucho menos nuestra autonom\u00eda y libre determinaci\u00f3n.<\/p>\n<p>Denunciamos el despojo y destrucci\u00f3n de nuestros montes y cenotes para el beneficio de ricos empresarios, que con la complicidad del mal gobierno de Yucat\u00e1n, imponen con sus polic\u00edas sus proyectos de muerte sobre nuestros territorios.<\/p>\n<p>Expresamos nuestro apoyo y solidaridad con el pueblo maya de Hom\u00fan y el Comit\u00e9 Kana\u2019an Ts\u2019onot, guardianes de los cenotes y llamamos a la solidaridad de colectivos y organizaciones conscientes para que la decisi\u00f3n que el pueblo maya de Hom\u00fan sea respetada.<\/p>\n<p>Atentamente<\/p>\n<p>Septiembre de 2018<\/p>\n<p>Por la Reivindicaci\u00f3n Integral de Nuestros Pueblos<\/p>\n<p>Nunca Mas Un M\u00e9xico Sin nosotros<\/p>\n<p>Congreso Nacional Ind\u00edgena<\/p>\n<p>Concejo Ind\u00edgena de Gobierno<\/p>\n<p><img loading=\"lazy\" decoding=\"async\" data-attachment-id=\"25109\" data-permalink=\"http:\/\/www.grieta.org.mx\/index.php\/2018\/07\/24\/pronunciamiento-del-congreso-nacional-indigena-y-el-concejo-indigena-de-gobierno-por-el-asesinato-del-companero-rolando-crispin-lopez-oaxaca\/logo-cni-to-2\/\" data-orig-file=\"http:\/\/www.grieta.org.mx\/wp-content\/uploads\/2018\/07\/logo-CNI-To.png\" data-orig-size=\"558,303\" data-comments-opened=\"0\" data-image-meta=\"{&quot;aperture&quot;:&quot;0&quot;,&quot;credit&quot;:&quot;&quot;,&quot;camera&quot;:&quot;&quot;,&quot;caption&quot;:&quot;&quot;,&quot;created_timestamp&quot;:&quot;0&quot;,&quot;copyright&quot;:&quot;&quot;,&quot;focal_length&quot;:&quot;0&quot;,&quot;iso&quot;:&quot;0&quot;,&quot;shutter_speed&quot;:&quot;0&quot;,&quot;title&quot;:&quot;&quot;,&quot;orientation&quot;:&quot;0&quot;}\" data-image-title=\"logo-CNI-To\" data-image-description=\"\" data-image-caption=\"\" data-medium-file=\"http:\/\/www.grieta.org.mx\/wp-content\/uploads\/2018\/07\/logo-CNI-To-300x163.png\" data-large-file=\"http:\/\/www.grieta.org.mx\/wp-content\/uploads\/2018\/07\/logo-CNI-To.png\" src=\"http:\/\/www.grieta.org.mx\/wp-content\/uploads\/2018\/07\/logo-CNI-To-300x163.png\" alt=\"\" width=\"300\" height=\"163\" class=\"aligncenter size-medium wp-image-25109\" srcset=\"http:\/\/www.grieta.org.mx\/wp-content\/uploads\/2018\/07\/logo-CNI-To-300x163.png 300w, http:\/\/www.grieta.org.mx\/wp-content\/uploads\/2018\/07\/logo-CNI-To.png 558w\" sizes=\"auto, (max-width: 300px) 100vw, 300px\" \/><\/p>\n<p><a href=\"https:\/\/www.congresonacionalindigena.org\/2018\/09\/21\/pronunciamiento-del-cni-cig-en-solidaridad-con-el-pueblo-maya-de-homun-con-motivo-de-la-violacion-a-la-libre-autodeterminacion\/\" rel=\"noopener\" target=\"_blank\">https:\/\/www.congresonacionalindigena.org\/2018\/09\/21\/pronunciamiento-del-cni-cig-en-solidaridad-con-el-pueblo-maya-de-homun-con-motivo-de-la-violacion-a-la-libre-autodeterminacion\/<\/a><\/p>\n","protected":false},"excerpt":{"rendered":"<p>Al Pueblo de M\u00e9xico A las Redes de Apoyo al Concejo Ind\u00edgena de Gobierno A la Sexta Nacional e Internacional A los medios de comunicaci\u00f3n En octubre del a\u00f1o pasado &hellip; <a href=\"http:\/\/www.grieta.org.mx\/index.php\/2018\/09\/21\/pronunciamiento-del-cni-cig-en-solidaridad-con-el-pueblo-maya-de-homun-con-motivo-de-la-violacion-a-la-libre-autodeterminacion\/\" class=\"more-link\">Leer m\u00e1s<\/a><\/p>\n","protected":false},"author":2,"featured_media":26749,"comment_status":"closed","ping_status":"closed","sticky":false,"template":"","format":"standard","meta":{"ngg_post_thumbnail":0,"_jetpack_newsletter_access":"","_jetpack_dont_email_post_to_subs":false,"_jetpack_newsletter_tier_id":0,"_jetpack_memberships_contains_paywalled_content":false,"_jetpack_memberships_contains_paid_content":false,"footnotes":""},"categories":[60,909,80,79,1752,984,1,954,1023,2,36],"tags":[425,1022,1021],"class_list":["post-26745","post","type-post","status-publish","format-standard","has-post-thumbnail","hentry","category-16-pueblo-maya","category-cig","category-cintillo","category-cni","category-cni-yucatan","category-esp-yucatan","category-espejos-de-la-resistencia","category-espejos-estados","category-lucha-contra-granja-porcicola","category-noticias-nacionales","category-yucatan","tag-contaminacion-agua","tag-granja-porcicola","tag-homun","entry"],"jetpack_featured_media_url":"http:\/\/www.grieta.org.mx\/wp-content\/uploads\/2018\/09\/logo-CNI-T.png","jetpack_sharing_enabled":true,"jetpack_shortlink":"https:\/\/wp.me\/p7ZJR4-6Xn","jetpack_likes_enabled":false,"jetpack-related-posts":[{"id":22014,"url":"http:\/\/www.grieta.org.mx\/index.php\/2017\/10\/16\/cni-yucatan-saluda-la-lucha-de-autodeterminacion-del-pueblo-maya-de-homun\/","url_meta":{"origin":26745,"position":0},"title":"CNI Yucat\u00e1n saluda la lucha de autodeterminaci\u00f3n del pueblo maya de Hom\u00fan","author":"grieta","date":"16 octubre, 2017","format":false,"excerpt":"El Congreso Nacional Ind\u00edgena de Yucat\u00e1n saluda la lucha de autodeterminaci\u00f3n del pueblo maya de Hom\u00fan Al Colectivo Kana\u2019an Ts\u2019onot Al pueblo Maya de Hom\u00fan A la Red de Apoyo al Concejo Ind\u00edgena de Gobierno del CNI en Yucat\u00e1n Al Concejo Ind\u00edgena de Gobierno Al pueblo maya del estado de\u2026","rel":"","context":"En &quot;CNI&quot;","block_context":{"text":"CNI","link":"http:\/\/www.grieta.org.mx\/index.php\/category\/cni\/"},"img":{"alt_text":"","src":"https:\/\/i0.wp.com\/www.grieta.org.mx\/wp-content\/uploads\/2018\/03\/14524434_1106112876131411_958039263622046936_o.jpg?resize=350%2C200","width":350,"height":200,"srcset":"https:\/\/i0.wp.com\/www.grieta.org.mx\/wp-content\/uploads\/2018\/03\/14524434_1106112876131411_958039263622046936_o.jpg?resize=350%2C200 1x, https:\/\/i0.wp.com\/www.grieta.org.mx\/wp-content\/uploads\/2018\/03\/14524434_1106112876131411_958039263622046936_o.jpg?resize=525%2C300 1.5x, https:\/\/i0.wp.com\/www.grieta.org.mx\/wp-content\/uploads\/2018\/03\/14524434_1106112876131411_958039263622046936_o.jpg?resize=700%2C400 2x"},"classes":[]},{"id":22000,"url":"http:\/\/www.grieta.org.mx\/index.php\/2018\/02\/28\/comunicado-del-cni-y-del-cig-yucatan-en-solidaridad-con-el-pueblo-maya-de-homun\/","url_meta":{"origin":26745,"position":1},"title":"Comunicado del CNI y del CIG Yucat\u00e1n en solidaridad con el pueblo maya de Hom\u00fan","author":"grieta","date":"28 febrero, 2018","format":false,"excerpt":"Al Colectivo Kana\u2019an Ts\u2019onot Al pueblo Maya de Hom\u00fan A la Red de Apoyo al Concejo Ind\u00edgena de Gobierno del CNI en Yucat\u00e1n Al Concejo Ind\u00edgena de Gobierno Al pueblo maya del estado de Yucat\u00e1n A todo el pueblo yucateco Hace m\u00e1s de 500 a\u00f1os nuestros territorios comenzaron a ser\u2026","rel":"","context":"En &quot;CIG&quot;","block_context":{"text":"CIG","link":"http:\/\/www.grieta.org.mx\/index.php\/category\/cig\/"},"img":{"alt_text":"","src":"https:\/\/i0.wp.com\/www.grieta.org.mx\/wp-content\/uploads\/2018\/03\/14524434_1106112876131411_958039263622046936_o.jpg?resize=350%2C200","width":350,"height":200,"srcset":"https:\/\/i0.wp.com\/www.grieta.org.mx\/wp-content\/uploads\/2018\/03\/14524434_1106112876131411_958039263622046936_o.jpg?resize=350%2C200 1x, https:\/\/i0.wp.com\/www.grieta.org.mx\/wp-content\/uploads\/2018\/03\/14524434_1106112876131411_958039263622046936_o.jpg?resize=525%2C300 1.5x, https:\/\/i0.wp.com\/www.grieta.org.mx\/wp-content\/uploads\/2018\/03\/14524434_1106112876131411_958039263622046936_o.jpg?resize=700%2C400 2x"},"classes":[]},{"id":63923,"url":"http:\/\/www.grieta.org.mx\/index.php\/2022\/04\/07\/amenazan-a-infancia-que-defiende-los-cenotes-en-homun-yucatan\/","url_meta":{"origin":26745,"position":2},"title":"Amenazan a infancia que defiende los cenotes en Hom\u00fan (Yucat\u00e1n)","author":"grieta","date":"7 abril, 2022","format":false,"excerpt":"Sare Frabes \/ Avispa Midia Este mi\u00e9rcoles (6) fue amenazada una de las representantes de las ni\u00f1as y ni\u00f1os de Hom\u00fan, quienes presentaron un amparo contra la mega granja porc\u00edcola de la empresa Producci\u00f3n Alimentaria y Porc\u00edcola (PAPO), aparcera de Kek\u00e9n. As\u00ed lo denuncio el Equipo Indignaci\u00f3n, quien destac\u00f3 que\u2026","rel":"","context":"En &quot;16. Pueblo Maya&quot;","block_context":{"text":"16. Pueblo Maya","link":"http:\/\/www.grieta.org.mx\/index.php\/category\/espejos-de-la-resistencia\/16-pueblo-maya\/"},"img":{"alt_text":"","src":"https:\/\/i0.wp.com\/www.grieta.org.mx\/wp-content\/uploads\/2022\/04\/AmenazanInfanciaHomun-e1649351378993.png?resize=350%2C200","width":350,"height":200,"srcset":"https:\/\/i0.wp.com\/www.grieta.org.mx\/wp-content\/uploads\/2022\/04\/AmenazanInfanciaHomun-e1649351378993.png?resize=350%2C200 1x, https:\/\/i0.wp.com\/www.grieta.org.mx\/wp-content\/uploads\/2022\/04\/AmenazanInfanciaHomun-e1649351378993.png?resize=525%2C300 1.5x, https:\/\/i0.wp.com\/www.grieta.org.mx\/wp-content\/uploads\/2022\/04\/AmenazanInfanciaHomun-e1649351378993.png?resize=700%2C400 2x"},"classes":[]},{"id":27529,"url":"http:\/\/www.grieta.org.mx\/index.php\/2018\/11\/07\/mega-porcicola-desacata-ley-y-es-apoyada-por-congreso-de-yucatan\/","url_meta":{"origin":26745,"position":3},"title":"Mega porc\u00edcola desacata ley y es apoyada por congreso de Yucat\u00e1n","author":"grieta","date":"7 noviembre, 2018","format":false,"excerpt":"Gabriel Ram\u00edrez Cuevas\/Regeneraci\u00f3n Mega porc\u00edcola sobre el anillo de cenotes en Yucat\u00e1n en desacato a orden de Juez de paralizar totalmente sus actividades y salida de animales Diputados realizan visita a la mega porc\u00edcola y la alaban. Nada dicen sobre el cumplimiento de la orden del juez Regeneraci\u00f3n, 7 de\u2026","rel":"","context":"En &quot;16. Pueblo Maya&quot;","block_context":{"text":"16. Pueblo Maya","link":"http:\/\/www.grieta.org.mx\/index.php\/category\/espejos-de-la-resistencia\/16-pueblo-maya\/"},"img":{"alt_text":"","src":"https:\/\/i0.wp.com\/www.grieta.org.mx\/wp-content\/uploads\/2018\/11\/desacato.jpg?resize=350%2C200","width":350,"height":200,"srcset":"https:\/\/i0.wp.com\/www.grieta.org.mx\/wp-content\/uploads\/2018\/11\/desacato.jpg?resize=350%2C200 1x, https:\/\/i0.wp.com\/www.grieta.org.mx\/wp-content\/uploads\/2018\/11\/desacato.jpg?resize=525%2C300 1.5x, https:\/\/i0.wp.com\/www.grieta.org.mx\/wp-content\/uploads\/2018\/11\/desacato.jpg?resize=700%2C400 2x"},"classes":[]},{"id":64007,"url":"http:\/\/www.grieta.org.mx\/index.php\/2022\/04\/15\/homun-llama-a-juez-a-no-abrir-megagranja-de-cerdos-yucatan\/","url_meta":{"origin":26745,"position":4},"title":"Hom\u00fan llama a Juez a no abrir megagranja de cerdos (Yucat\u00e1n)","author":"grieta","date":"15 abril, 2022","format":false,"excerpt":"Haz Ruido Los Guardianes de los Cenotes y representantes de la ni\u00f1ez, reiteraron que al reanudar las operaciones de la f\u00e1brica se pondr\u00eda en riesgo el derecho a la salud y la libre determinaci\u00f3n del pueblo maya. M\u00e9rida, Yucat\u00e1n, 15 de abril de 2022.- Este lunes 18 de abril se\u2026","rel":"","context":"En &quot;16. Pueblo Maya&quot;","block_context":{"text":"16. Pueblo Maya","link":"http:\/\/www.grieta.org.mx\/index.php\/category\/espejos-de-la-resistencia\/16-pueblo-maya\/"},"img":{"alt_text":"","src":"https:\/\/i0.wp.com\/www.grieta.org.mx\/wp-content\/uploads\/2022\/04\/HomunLlama-e1650292962815.png?resize=350%2C200","width":350,"height":200,"srcset":"https:\/\/i0.wp.com\/www.grieta.org.mx\/wp-content\/uploads\/2022\/04\/HomunLlama-e1650292962815.png?resize=350%2C200 1x, https:\/\/i0.wp.com\/www.grieta.org.mx\/wp-content\/uploads\/2022\/04\/HomunLlama-e1650292962815.png?resize=525%2C300 1.5x, https:\/\/i0.wp.com\/www.grieta.org.mx\/wp-content\/uploads\/2022\/04\/HomunLlama-e1650292962815.png?resize=700%2C400 2x"},"classes":[]},{"id":67967,"url":"http:\/\/www.grieta.org.mx\/index.php\/2023\/10\/21\/contaminacion-de-megagranjas-mucho-peor-de-lo-que-pensabamos-yucatan\/","url_meta":{"origin":26745,"position":5},"title":"\u00abContaminaci\u00f3n de megagranjas, mucho peor de lo que pens\u00e1bamos\u00bb (Yucat\u00e1n)","author":"grieta","date":"21 octubre, 2023","format":false,"excerpt":"Haz Ruido El pueblo maya de Hom\u00fan celebr\u00f3 seis a\u00f1os de lucha contra f\u00e1brica de cerdos y exigi\u00f3 al Gobierno federal que informe a las comunidades sobre la situaci\u00f3n de contaminaci\u00f3n que provocan estos megaproyectos en Yucat\u00e1n Hom\u00fan, Yucat\u00e1n, 21 de octubre de 2023.- La contaminaci\u00f3n \u201ces mucho peor de\u2026","rel":"","context":"En &quot;16. Pueblo Maya&quot;","block_context":{"text":"16. Pueblo Maya","link":"http:\/\/www.grieta.org.mx\/index.php\/category\/espejos-de-la-resistencia\/16-pueblo-maya\/"},"img":{"alt_text":"","src":"https:\/\/i0.wp.com\/www.grieta.org.mx\/wp-content\/uploads\/2023\/10\/Homun-1-e1698240521601.jpg?resize=350%2C200","width":350,"height":200,"srcset":"https:\/\/i0.wp.com\/www.grieta.org.mx\/wp-content\/uploads\/2023\/10\/Homun-1-e1698240521601.jpg?resize=350%2C200 1x, https:\/\/i0.wp.com\/www.grieta.org.mx\/wp-content\/uploads\/2023\/10\/Homun-1-e1698240521601.jpg?resize=525%2C300 1.5x, https:\/\/i0.wp.com\/www.grieta.org.mx\/wp-content\/uploads\/2023\/10\/Homun-1-e1698240521601.jpg?resize=700%2C400 2x"},"classes":[]}],"_links":{"self":[{"href":"http:\/\/www.grieta.org.mx\/index.php\/wp-json\/wp\/v2\/posts\/26745","targetHints":{"allow":["GET"]}}],"collection":[{"href":"http:\/\/www.grieta.org.mx\/index.php\/wp-json\/wp\/v2\/posts"}],"about":[{"href":"http:\/\/www.grieta.org.mx\/index.php\/wp-json\/wp\/v2\/types\/post"}],"author":[{"embeddable":true,"href":"http:\/\/www.grieta.org.mx\/index.php\/wp-json\/wp\/v2\/users\/2"}],"replies":[{"embeddable":true,"href":"http:\/\/www.grieta.org.mx\/index.php\/wp-json\/wp\/v2\/comments?post=26745"}],"version-history":[{"count":1,"href":"http:\/\/www.grieta.org.mx\/index.php\/wp-json\/wp\/v2\/posts\/26745\/revisions"}],"predecessor-version":[{"id":26750,"href":"http:\/\/www.grieta.org.mx\/index.php\/wp-json\/wp\/v2\/posts\/26745\/revisions\/26750"}],"wp:featuredmedia":[{"embeddable":true,"href":"http:\/\/www.grieta.org.mx\/index.php\/wp-json\/wp\/v2\/media\/26749"}],"wp:attachment":[{"href":"http:\/\/www.grieta.org.mx\/index.php\/wp-json\/wp\/v2\/media?parent=26745"}],"wp:term":[{"taxonomy":"category","embeddable":true,"href":"http:\/\/www.grieta.org.mx\/index.php\/wp-json\/wp\/v2\/categories?post=26745"},{"taxonomy":"post_tag","embeddable":true,"href":"http:\/\/www.grieta.org.mx\/index.php\/wp-json\/wp\/v2\/tags?post=26745"}],"curies":[{"name":"wp","href":"https:\/\/api.w.org\/{rel}","templated":true}]}}