{"id":26715,"date":"2012-10-03T10:07:25","date_gmt":"2012-10-03T15:07:25","guid":{"rendered":"http:\/\/www.grieta.org.mx\/?p=26715"},"modified":"2018-09-23T12:05:25","modified_gmt":"2018-09-23T17:05:25","slug":"coahuila-opera-privatizacion-silenciosa-del-agua-gobierno-de-moreira-la-cede-a-extranjeros-acusan-2","status":"publish","type":"post","link":"http:\/\/www.grieta.org.mx\/index.php\/2012\/10\/03\/coahuila-opera-privatizacion-silenciosa-del-agua-gobierno-de-moreira-la-cede-a-extranjeros-acusan-2\/","title":{"rendered":"Privatizan agua en Coahuila"},"content":{"rendered":"<p>Deborah Castillo\/ CONTRAL\u00cdNEA<\/p>\n<blockquote><p>En Coahuila el vital l\u00edquido tiene precio. Aguas de Barcelona ocupa el sistema de aguas de Ramos Arizpe, de la mano de la empresa francesa Suez. Comienza la silenciosa privatizaci\u00f3n de un bien com\u00fan. El \u201cmodelo\u201d de administraci\u00f3n podr\u00eda trasladarse no s\u00f3lo a otras zonas del estado, sino de la Rep\u00fablica<\/p><\/blockquote>\n<p><img loading=\"lazy\" decoding=\"async\" data-attachment-id=\"26725\" data-permalink=\"http:\/\/www.grieta.org.mx\/index.php\/2012\/10\/03\/coahuila-opera-privatizacion-silenciosa-del-agua-gobierno-de-moreira-la-cede-a-extranjeros-acusan-2\/principal\/\" data-orig-file=\"http:\/\/www.grieta.org.mx\/wp-content\/uploads\/2012\/10\/principal.jpg\" data-orig-size=\"300,388\" data-comments-opened=\"0\" data-image-meta=\"{&quot;aperture&quot;:&quot;0&quot;,&quot;credit&quot;:&quot;&quot;,&quot;camera&quot;:&quot;&quot;,&quot;caption&quot;:&quot;&quot;,&quot;created_timestamp&quot;:&quot;0&quot;,&quot;copyright&quot;:&quot;&quot;,&quot;focal_length&quot;:&quot;0&quot;,&quot;iso&quot;:&quot;0&quot;,&quot;shutter_speed&quot;:&quot;0&quot;,&quot;title&quot;:&quot;&quot;,&quot;orientation&quot;:&quot;0&quot;}\" data-image-title=\"principal\" data-image-description=\"\" data-image-caption=\"\" data-medium-file=\"http:\/\/www.grieta.org.mx\/wp-content\/uploads\/2012\/10\/principal-232x300.jpg\" data-large-file=\"http:\/\/www.grieta.org.mx\/wp-content\/uploads\/2012\/10\/principal.jpg\" class=\"aligncenter size-medium wp-image-26725\" src=\"http:\/\/www.grieta.org.mx\/wp-content\/uploads\/2012\/10\/principal-232x300.jpg\" alt=\"\" width=\"232\" height=\"300\" srcset=\"http:\/\/www.grieta.org.mx\/wp-content\/uploads\/2012\/10\/principal-232x300.jpg 232w, http:\/\/www.grieta.org.mx\/wp-content\/uploads\/2012\/10\/principal.jpg 300w\" sizes=\"auto, (max-width: 232px) 100vw, 232px\" \/><br \/>\nSaltillo, Coahuila. El agua en esta entidad est\u00e1 a la venta y hasta en oferta. Acciones de servidores p\u00fablicos dejan entrever que el bien com\u00fan tiene precio al plantearse la privatizaci\u00f3n del Sistema de Agua Potable y Alcantarillado de Ramos Arizpe (SAPARA) en Coahuila.<\/p>\n<p>En julio, tras una serie de noticias que afirmaban la escasez del vital l\u00edquido en dicho municipio, se anunci\u00f3 la posibilidad de pasar el sistema de agua potable a la empresa paraestatal Aguas de Saltillo (Agsal). Esto, afirma el alcalde Ram\u00f3n Oceguera, para garantizar el servicio a todos los ciudadanos. La verdad es que toda la transacci\u00f3n se est\u00e1 dando en la oscuridad y con declaraciones a medias.<\/p>\n<p>Para los miembros de la asociaci\u00f3n civil AUAS (Asociaci\u00f3n de Usuarios de Aguas de Saltillo) lo que pretende esta maniobra es abrir paso a la privatizaci\u00f3n de todos los sistemas de la entidad, lo que comenz\u00f3 cuando \u00d3scar Pimentel era alcalde de la capital del estado en el periodo 2001-2003.<\/p>\n<p>Ahora, Pimentel ostenta el cargo de secretario de Gesti\u00f3n Urbana, Agua y Ordenamiento Territorial en la administraci\u00f3n de Rub\u00e9n Moreira, lo que presupone un plan de privatizaci\u00f3n del agua en donde los afectados ser\u00e1n los derechos y bolsillos de todos los coahuilenses.<\/p>\n<p>Gloria Tob\u00f3n, integrante de AUAS, indica que la pretensi\u00f3n del municipio de Saltillo y de Aguas de Saltillo de adquirir el sistema de Ramos Arizpe viola la Ley de Aguas de Coahuila. Agrega que la gente de esa ciudad debe estar consciente de lo que le representa esto.<\/p>\n<p>\u201cEn realidad se est\u00e1 dando un bien p\u00fablico a una empresa que va a hacer negocio, y eso puede tener efectos graves en la ciudadan\u00eda, como lo hemos visto los saltillenses. Aumento de tarifas, que deb\u00edan de ser de acuerdo al \u00edndice de precios al consumidor, lo cual no se ha respetado. Para junio de 2003 ya hab\u00eda seis aumentos de tarifas por encima del \u00edndice de precios al consumidor. Luego el cabildo orden\u00f3 revertir, pero lo hicieron en forma parcial. Algunos de esos aumentos los venimos arrastrando. El 30 de enero de este a\u00f1o se dieron aumentos del 22 y 44 por ciento, totalmente injustificados, violando un art\u00edculo de la Ley de Aguas del estado que indica que todo aumento debe ser justificado sobre la base de los costos que est\u00e1 teniendo el sistema; tiene que presentar un estudio de costos y ver cu\u00e1l es exactamente el aumento que se necesita, pero la empresa ya estaba ganando dinero. No present\u00f3 ese estudio, la empresa ofreci\u00f3 cinco beneficios que no eran tales sino que era cumplir con la ley, lo cual no estaban haciendo\u201d, afirma en entrevista Tob\u00f3n.<\/p>\n<p>Al parecer, esta privatizaci\u00f3n se dar\u00e1 con la anuencia de algunos de los integrantes del cabildo de Ramos Arizpe: hasta ahora s\u00f3lo se han opuesto los del Partido Acci\u00f3n Nacional (PAN).<\/p>\n<p>Durante la administraci\u00f3n de Ram\u00f3n Oceguera se comenzaron a escuchar y ver noticias que hablaban del desabasto del agua en ese municipio, lo que, supuestamente, orill\u00f3 al alcalde a tomar esa decisi\u00f3n, aunque con el escepticismo de algunos grupos sociales.<\/p>\n<p>\u201cHay grupos de personas, gente de partidos de oposici\u00f3n, incluso del Partido Revolucionario Institucional, pero desde antes de la votaci\u00f3n del cabildo nos hablaron; quer\u00edan informaci\u00f3n porque se escuchaban rumores de la privatizaci\u00f3n. Nos reunimos con ellos en la plaza Venustiano Carranza y al d\u00eda siguiente fueron a la presidencia municipal a reclamarle al alcalde el problema de la falta de agua. La dirigencia del PAN quer\u00eda escuchar nuestra experiencia, pero les recalcamos que a la gente de Ramos [Arizpe] es la que debe actuar, tienen que hacer acciones. Nuestra labor en Ramos es compartir nuestra experiencia e informaci\u00f3n a la gente y a los medios. Desde que estaba Ricardo Aguirre, alcalde anterior al actual, se contrat\u00f3 a Aguas de Saltillo para la cobranza, y aparentemente no funcion\u00f3. Ahora ya quieren entregar el sistema completo\u201d, indica.<\/p>\n<p>Gloria Tob\u00f3n da el privilegio de la duda al caso Ramos Arizpe, y de ser cierta, el problema de la falta de agua puede tener otros medios de soluci\u00f3n adem\u00e1s de la privatizaci\u00f3n.Sin embargo, expresa su preocupaci\u00f3n debido a que ahora no s\u00f3lo la empresa espa\u00f1ola Aguas de Barcelona tiene metidas las manos en el agua de Saltillo.<\/p>\n<p>\u201cAhora en el Consejo de Aguas de Barcelona hay representantes franceses. Desde 2010, la empresa Suez, con un historial muy negro, compr\u00f3 el 75 por ciento de las acciones de Agsal; es, pr\u00e1cticamente, la due\u00f1a, y son mucho m\u00e1s agresivos. Si Aguas de Barcelona ha tenido problemas en muchas ciudades, Suez ha tenido muchos m\u00e1s, y ahorita es pr\u00e1cticamente la due\u00f1a de Agsal\u201d, asegura la activista.<\/p>\n<p><img loading=\"lazy\" decoding=\"async\" data-attachment-id=\"26722\" data-permalink=\"http:\/\/www.grieta.org.mx\/index.php\/2012\/10\/03\/coahuila-opera-privatizacion-silenciosa-del-agua-gobierno-de-moreira-la-cede-a-extranjeros-acusan-2\/plan-privatizacion-agua\/\" data-orig-file=\"http:\/\/www.grieta.org.mx\/wp-content\/uploads\/2012\/10\/plan-privatizacion-agua.jpg\" data-orig-size=\"600,477\" data-comments-opened=\"0\" data-image-meta=\"{&quot;aperture&quot;:&quot;0&quot;,&quot;credit&quot;:&quot;&quot;,&quot;camera&quot;:&quot;&quot;,&quot;caption&quot;:&quot;&quot;,&quot;created_timestamp&quot;:&quot;0&quot;,&quot;copyright&quot;:&quot;&quot;,&quot;focal_length&quot;:&quot;0&quot;,&quot;iso&quot;:&quot;0&quot;,&quot;shutter_speed&quot;:&quot;0&quot;,&quot;title&quot;:&quot;&quot;,&quot;orientation&quot;:&quot;0&quot;}\" data-image-title=\"plan-privatizacion-agua\" data-image-description=\"\" data-image-caption=\"\" data-medium-file=\"http:\/\/www.grieta.org.mx\/wp-content\/uploads\/2012\/10\/plan-privatizacion-agua-300x239.jpg\" data-large-file=\"http:\/\/www.grieta.org.mx\/wp-content\/uploads\/2012\/10\/plan-privatizacion-agua.jpg\" class=\"aligncenter size-medium wp-image-26722\" src=\"http:\/\/www.grieta.org.mx\/wp-content\/uploads\/2012\/10\/plan-privatizacion-agua-300x239.jpg\" alt=\"\" width=\"600\" height=\"478\" srcset=\"http:\/\/www.grieta.org.mx\/wp-content\/uploads\/2012\/10\/plan-privatizacion-agua-300x239.jpg 300w, http:\/\/www.grieta.org.mx\/wp-content\/uploads\/2012\/10\/plan-privatizacion-agua.jpg 600w\" sizes=\"auto, (max-width: 600px) 100vw, 600px\" \/><\/p>\n<p>Pimentel, el ejecutante<\/p>\n<p>Rodolfo Garza, tambi\u00e9n integrante de AUAS, comenta que la situaci\u00f3n que se da en M\u00e9xico, en particular en Coahuila, es ins\u00f3lita.<\/p>\n<p>\u201cCuando Rub\u00e9n Moreira integra su gabinete y aparece \u00d3scar Pimentel, nosotros, que hemos dado seguimiento al caso del agua, supusimos que lo que se pretend\u00eda era fortalecer a Aguas de Saltillo y tratar de privatizar el mayor n\u00famero de sistemas posibles en el estado. Ya lo estamos viendo, ya lo anunciaron, est\u00e1n dando declaraciones de que los sistemas operadores no funcionan; pero esto que est\u00e1 sucediendo aqu\u00ed, como tantas otras cosas en M\u00e9xico, son verdaderamente kafkianas. En muchos pa\u00edses de Am\u00e9rica Latina donde hab\u00eda sistemas semiprivatizados ya sacaron a las empresas trasnacionales porque se demostr\u00f3 que estaban utilizando el agua como una mercanc\u00eda, y no como un bien com\u00fan. Resulta que en M\u00e9xico se les abre las puertas, y en espec\u00edfico en Saltillo\u201d, expresa.<\/p>\n<p>Los integrantes de AUAS han solicitado en varias ocasiones audiencias con el alcalde de Saltillo, Jeric\u00f3 Abramo, pero nunca han recibido una respuesta afirmativa.<\/p>\n<p>\u201cLos alcaldes anteriores s\u00ed nos recibieron pero no hac\u00edan nada. Cuando era alcalde Humberto Moreira nos dijo mentiras, incumpli\u00f3. Jorge Torres, igual. Incluso intent\u00f3 sobornarnos. Al principio pensamos que la idea de \u00d3scar Pimentel era buena, pero cuando vimos que las cosas se hac\u00edan a escondidas de la ciudadan\u00eda y que el asesor de \u00e9l para establecer las bases de licitaci\u00f3n era miembro de una empresa que trabajaba con Aguas de Barcelona nos dimos cuenta que era parte del escenario de M\u00e9xico, donde se pretenden burlar de la ciudadan\u00eda\u201d, agrega.<\/p>\n<p>Rodolfo Garza se\u00f1ala que, de manera arbitraria, Jeric\u00f3 Abramo comprometi\u00f3 al municipio de Saltillo para comprar o asociarse al municipio de Ramos Arizpe sin tomar en cuenta al cabildo: \u201cest\u00e1 mal, porque el que manda no es \u00e9l, sino el cabildo. Oceguera, con el mismo corte pol\u00edtico de subestimar a la ciudadan\u00eda y manipular al cabildo, toma decisiones\u201d.<\/p>\n<p>Adem\u00e1s, agrega, est\u00e1 el asunto de la falta de transparencia en la paraestatal. \u201cTenemos elementos para suponer que Aguas de Saltillo recibe much\u00edsimo dinero y no lo reporta todo, y ese dinero lo utiliza para pagar favores a las autoridades, porque son tan sumisas que lo \u00fanico que se nos ocurre pensar es que reciben beneficios. En Saltillo, el municipio tiene mayor\u00eda de acciones, pero quien manda es la empresa. Aguas de Saltillo ha afectado a la econom\u00eda familiar de manera muy fuerte y Jeric\u00f3 Abramo no lo sabe o no lo quiere saber. Lo que puedo asegurar es que la historia los va a juzgar, a Abramo, a Oceguera y a \u00d3scar Pimentel como traidores de la patria, porque al abrir las puertas a los espa\u00f1oles est\u00e1n cediendo nuestra soberan\u00eda\u201d, asegura.<\/p>\n<p><img loading=\"lazy\" decoding=\"async\" data-attachment-id=\"26723\" data-permalink=\"http:\/\/www.grieta.org.mx\/index.php\/2012\/10\/03\/coahuila-opera-privatizacion-silenciosa-del-agua-gobierno-de-moreira-la-cede-a-extranjeros-acusan-2\/municipio-ramos-arizpe\/\" data-orig-file=\"http:\/\/www.grieta.org.mx\/wp-content\/uploads\/2012\/10\/municipio-ramos-arizpe.jpg\" data-orig-size=\"600,317\" data-comments-opened=\"0\" data-image-meta=\"{&quot;aperture&quot;:&quot;0&quot;,&quot;credit&quot;:&quot;&quot;,&quot;camera&quot;:&quot;&quot;,&quot;caption&quot;:&quot;&quot;,&quot;created_timestamp&quot;:&quot;0&quot;,&quot;copyright&quot;:&quot;&quot;,&quot;focal_length&quot;:&quot;0&quot;,&quot;iso&quot;:&quot;0&quot;,&quot;shutter_speed&quot;:&quot;0&quot;,&quot;title&quot;:&quot;&quot;,&quot;orientation&quot;:&quot;0&quot;}\" data-image-title=\"municipio-ramos-arizpe\" data-image-description=\"\" data-image-caption=\"\" data-medium-file=\"http:\/\/www.grieta.org.mx\/wp-content\/uploads\/2012\/10\/municipio-ramos-arizpe-300x159.jpg\" data-large-file=\"http:\/\/www.grieta.org.mx\/wp-content\/uploads\/2012\/10\/municipio-ramos-arizpe.jpg\" class=\"aligncenter size-medium wp-image-26723\" src=\"http:\/\/www.grieta.org.mx\/wp-content\/uploads\/2012\/10\/municipio-ramos-arizpe-300x159.jpg\" alt=\"\" width=\"600\" height=\"318\" srcset=\"http:\/\/www.grieta.org.mx\/wp-content\/uploads\/2012\/10\/municipio-ramos-arizpe-300x159.jpg 300w, http:\/\/www.grieta.org.mx\/wp-content\/uploads\/2012\/10\/municipio-ramos-arizpe.jpg 600w\" sizes=\"auto, (max-width: 600px) 100vw, 600px\" \/><\/p>\n<p>El sistema neoliberal, en avanzada<\/p>\n<p>Rodolfo Garza afirma que se plante\u00f3 desde meses atr\u00e1s, quiz\u00e1s a\u00f1os, una estrategia para dejar caer el SAPARA y entregarlo a los extranjeros. \u201cPoca gente lo sabe, pero nosotros lo hemos dicho; tambi\u00e9n en Saltillo dejaron caer el sistema un a\u00f1o antes de la llegada de los espa\u00f1oles. Gente de Aguas de Barcelona lleg\u00f3 aqu\u00ed un a\u00f1o antes, y estuvieron cabildeando y negociando con Pimentel. Estaba tan mal el sistema que pidi\u00f3 ayuda a la Comisi\u00f3n Nacional del Agua, y le dieron 80 millones. Dejaron caer el sistema, consiguieron dinero, se lo inyecta al sistema, y luego se lo entregaron a los espa\u00f1oles, con la inversi\u00f3n reci\u00e9n hecha. En Ramos [Arizpe] ya dejaron caer el sistema, perforaron varios pozos e inyectaron dinero, ahora s\u00ed se lo van a entregar a Agsal. Alguna autoridad se beneficia al hacer estas transacciones de traici\u00f3n a los ciudadanos\u201d.<\/p>\n<p>Rodolfo Garza tambi\u00e9n da el privilegio de la duda al municipio de Ramos Arizpe, y se\u00f1ala que de ser cierta la falta de agua, hay otras estrategias a seguir. \u201cSi tienen problemas pueden traer a un administrador, se puede conformar un organismo p\u00fablico descentralizado, como es Agua y Drenaje en Monterrey [Nuevo Le\u00f3n], independiente de los alcaldes. Porque si la comunidad lo permite, pasar\u00e1 como en Saltillo, donde el consejo de administraci\u00f3n es un cero a la izquierda en Agsal, los representantes saltillenses no hacen nada; nosotros perdimos la esperanza de hablar con ellos, nunca nos han querido recibir\u201d.<\/p>\n<p>El integrante de AUAS afirma que este plan de privatizaci\u00f3n en Coahuila obedece a un programa internacional, que busca la privatizaci\u00f3n de los servicios en el mundo.<\/p>\n<p>\u201cEl origen de todo esto de las privatizaciones viene del Fondo Monetario Internacional y del Banco Mundial. Hay documentos del Banco Mundial que dicen que su proyecto de privatizaci\u00f3n de los sistemas de agua en el mundo no ha tenido el \u00e9xito que esperaban. Sin embargo lo siguen promoviendo. Es una mercanc\u00eda de cambio porque el Banco Mundial condiciona a los pa\u00edses a que hagan ciertas cosas, entre \u00e9sas las privatizaciones, y entre ellas la del agua. Todo viene desde el Consenso de Washington. Son cimientos fundamentales de la pol\u00edtica neoliberal: abrir el mercado a las empresas trasnacionales. S\u00ed se puede aceptar la participaci\u00f3n de la iniciativa privada, el problema es que los mexicanos no estamos preparados para aceptar trasnacionales porque no se aplican las leyes, hay muchas violaciones, mucha impunidad y corrupci\u00f3n. No hay transparencia ni rendici\u00f3n de cuentas. Mientras no haya \u00e9tica y moral en las autoridades mexicanas, no podemos confiarles nada\u201d.<\/p>\n<p>Lucro, el objetivo<\/p>\n<p><img loading=\"lazy\" decoding=\"async\" data-attachment-id=\"26724\" data-permalink=\"http:\/\/www.grieta.org.mx\/index.php\/2012\/10\/03\/coahuila-opera-privatizacion-silenciosa-del-agua-gobierno-de-moreira-la-cede-a-extranjeros-acusan-2\/maniobra-privatizar\/\" data-orig-file=\"http:\/\/www.grieta.org.mx\/wp-content\/uploads\/2012\/10\/maniobra-privatizar.jpg\" data-orig-size=\"300,296\" data-comments-opened=\"0\" data-image-meta=\"{&quot;aperture&quot;:&quot;0&quot;,&quot;credit&quot;:&quot;&quot;,&quot;camera&quot;:&quot;&quot;,&quot;caption&quot;:&quot;&quot;,&quot;created_timestamp&quot;:&quot;0&quot;,&quot;copyright&quot;:&quot;&quot;,&quot;focal_length&quot;:&quot;0&quot;,&quot;iso&quot;:&quot;0&quot;,&quot;shutter_speed&quot;:&quot;0&quot;,&quot;title&quot;:&quot;&quot;,&quot;orientation&quot;:&quot;0&quot;}\" data-image-title=\"maniobra-privatizar\" data-image-description=\"\" data-image-caption=\"\" data-medium-file=\"http:\/\/www.grieta.org.mx\/wp-content\/uploads\/2012\/10\/maniobra-privatizar-300x296.jpg\" data-large-file=\"http:\/\/www.grieta.org.mx\/wp-content\/uploads\/2012\/10\/maniobra-privatizar.jpg\" class=\"aligncenter size-medium wp-image-26724\" src=\"http:\/\/www.grieta.org.mx\/wp-content\/uploads\/2012\/10\/maniobra-privatizar-300x296.jpg\" alt=\"\" width=\"600\" height=\"594\" srcset=\"http:\/\/www.grieta.org.mx\/wp-content\/uploads\/2012\/10\/maniobra-privatizar.jpg 300w, http:\/\/www.grieta.org.mx\/wp-content\/uploads\/2012\/10\/maniobra-privatizar-150x150.jpg 150w, http:\/\/www.grieta.org.mx\/wp-content\/uploads\/2012\/10\/maniobra-privatizar-130x130.jpg 130w\" sizes=\"auto, (max-width: 600px) 100vw, 600px\" \/><\/p>\n<p>La prensa internacional se\u00f1ala que la empresa francesa Suez ha puesto el lucro por encima del derecho humano de acceso al agua al aumentar las tarifas, cortar el suministro a la gente que no puede pagar, rehusarse a expandir el servicio a los barrios pobres y amenazar con demandas legales cuando los contratos quieren ser terminados.<\/p>\n<p>Representantes de los movimientos sociales de todo el mundo han viajado a Par\u00eds, Francia, para participar en las protestas. Muchos accionistas, en solidaridad con las poblaciones afectadas de todo el mundo, han presentado comunicados y demandas, marchas pac\u00edficas y protestas en frente de las oficinas de Suez en varias ciudades de todo el mundo, incluyendo Par\u00eds, Buenos Aires (Argentina), Quito (Ecuador), El Alto (Bolivia), Londres (Inglaterra), Montevideo (Uruguay), Manila (Filipinas) y Roma (Italia).<\/p>\n<p>En la capital argentina y en 13 ciudades de la provincial de Santa Fe, los contratos con compa\u00f1\u00edas mixtas causaron situaciones tensas. En Buenos Aires, grupos ciudadanos demandaron la terminaci\u00f3n del contrato porque Aguas Argentinas (cuya accionista mayoritaria era Suez) se negaba a hacer inversiones para expandir el servicio, y continuaba cargando a la poblaci\u00f3n con tarifas altas y cortando el servicio a aquellos que no pod\u00edan pagarlo. La falta de inversiones caus\u00f3 serios problemas de contaminaci\u00f3n del agua. En ciudades como Santa Fe, Aguas Provinciales de Santa Fe (con Suez como accionista mayoritaria) se negaron a cumplir los contratos dejando de esta manera a muchos residentes sin agua ni saneamiento b\u00e1sico. En 2006, la empresa fue reestatizada.<\/p>\n<p>Sin transparencia<\/p>\n<p>En Ramos Arizpe, a pesar de las manifestaciones de los ciudadanos, donde incluso han realizado una clausura simb\u00f3lica de las oficinas de SAPARA, las negociaciones con Agsal siguen en camino. \u00d3scar Pimentel, secretario de Gesti\u00f3n Urbana, Agua y Ordenamiento Territorial, insiste en que no es privatizaci\u00f3n, sino asociaci\u00f3n.<\/p>\n<p>\u201cEs una asociaci\u00f3n p\u00fablica, por lo pronto es para atender la contingencia y no estamos hablando de cambiar el sistema operador\u201d, asegura.<\/p>\n<p>Sin embargo, los manifestantes y la Asociaci\u00f3n de Usuarios de Aguas de Saltillo se\u00f1alan que no es necesaria la inversi\u00f3n privada, al sostener que los ductos de agua han sido cerrados de manera intencional.<\/p>\n<p>Los opositores a la inversi\u00f3n privada en los sistemas de agua dicen que el alcalde de Ramos Arizpe, Ram\u00f3n Oceguera, no los ha recibido y que el gobierno no los ha tomado en cuenta para determinar qu\u00e9 empresa prestar\u00e1 el servicio.<\/p>\n<p>TEXTOS RELACIONADOS<br \/>\nLa privatizaci\u00f3n del agua<\/p>\n<p>Proyecto 2030: venta total de las reservas de la bi\u00f3sfera<\/p>\n<p>Asociaciones p\u00fablico-privadas: nueva oleada de privatizaciones<\/p>\n<p>Agua, \u00bfbien com\u00fan o negocio privado?<\/p>\n<p>Fuente: Contral\u00ednea 304 \/ Septiembre de 2012<\/p>\n<p><a href=\"https:\/\/www.contralinea.com.mx\/archivo-revista\/2012\/10\/03\/privatizan-agua-en-coahuila\/\" target=\"_blank\" rel=\"noopener\">https:\/\/www.contralinea.com.mx\/archivo-revista\/2012\/10\/03\/privatizan-agua-en-coahuila\/<\/a><\/p>\n","protected":false},"excerpt":{"rendered":"<p>Deborah Castillo\/ CONTRAL\u00cdNEA En Coahuila el vital l\u00edquido tiene precio. Aguas de Barcelona ocupa el sistema de aguas de Ramos Arizpe, de la mano de la empresa francesa Suez. Comienza &hellip; <a href=\"http:\/\/www.grieta.org.mx\/index.php\/2012\/10\/03\/coahuila-opera-privatizacion-silenciosa-del-agua-gobierno-de-moreira-la-cede-a-extranjeros-acusan-2\/\" class=\"more-link\">Leer m\u00e1s<\/a><\/p>\n","protected":false},"author":2,"featured_media":26725,"comment_status":"closed","ping_status":"closed","sticky":false,"template":"","format":"standard","meta":{"ngg_post_thumbnail":0,"_jetpack_newsletter_access":"","_jetpack_dont_email_post_to_subs":false,"_jetpack_newsletter_tier_id":0,"_jetpack_memberships_contains_paywalled_content":false,"_jetpack_memberships_contains_paid_content":false,"footnotes":""},"categories":[80,419,2,1751],"tags":[463,1243,764],"class_list":["post-26715","post","type-post","status-publish","format-standard","has-post-thumbnail","hentry","category-cintillo","category-coahuila","category-noticias-nacionales","category-privatizacion-del-agua-en-coahuila","tag-defensa-del-agua","tag-despojo-de-agua","tag-privatizacion-del-agua","entry"],"jetpack_featured_media_url":"http:\/\/www.grieta.org.mx\/wp-content\/uploads\/2012\/10\/principal.jpg","jetpack_sharing_enabled":true,"jetpack_shortlink":"https:\/\/wp.me\/p7ZJR4-6WT","jetpack_likes_enabled":false,"jetpack-related-posts":[{"id":26727,"url":"http:\/\/www.grieta.org.mx\/index.php\/2012\/10\/16\/coahuila-opera-privatizacion-silenciosa-del-agua-gobierno-de-moreira-la-cede-a-extranjeros-acusan-3\/","url_meta":{"origin":26715,"position":0},"title":"Coahuila opera privatizaci\u00f3n silenciosa del agua; gobierno de Moreira la cede a extranjeros, acusan","author":"grieta","date":"16 octubre, 2012","format":false,"excerpt":"Ciudad de M\u00e9xico, 16 de oct (sinembargo.mx) \u2013 Las empresas Aguas de Saltillo (Agsal) y la operadora extranjera Aguas de Barcelona (Agbar) son las due\u00f1as y se\u00f1oras del vital l\u00edquido en algunos municipios de Coahuila. Luego de la escasez de agua este a\u00f1o, el gobierno estatal, encabezado por Rub\u00e9n Moreira\u2026","rel":"","context":"En &quot;CINTILLO&quot;","block_context":{"text":"CINTILLO","link":"http:\/\/www.grieta.org.mx\/index.php\/category\/cintillo\/"},"img":{"alt_text":"","src":"https:\/\/i0.wp.com\/www.grieta.org.mx\/wp-content\/uploads\/2018\/03\/14524434_1106112876131411_958039263622046936_o.jpg?resize=350%2C200","width":350,"height":200,"srcset":"https:\/\/i0.wp.com\/www.grieta.org.mx\/wp-content\/uploads\/2018\/03\/14524434_1106112876131411_958039263622046936_o.jpg?resize=350%2C200 1x, https:\/\/i0.wp.com\/www.grieta.org.mx\/wp-content\/uploads\/2018\/03\/14524434_1106112876131411_958039263622046936_o.jpg?resize=525%2C300 1.5x, https:\/\/i0.wp.com\/www.grieta.org.mx\/wp-content\/uploads\/2018\/03\/14524434_1106112876131411_958039263622046936_o.jpg?resize=700%2C400 2x"},"classes":[]},{"id":4053,"url":"http:\/\/www.grieta.org.mx\/index.php\/2012\/10\/16\/coahuila-opera-privatizacion-silenciosa-del-agua-gobierno-de-moreira-la-cede-a-extranjeros-acusan\/","url_meta":{"origin":26715,"position":1},"title":"Coahuila opera privatizaci\u00f3n silenciosa del agua; gobierno de Moreira la cede a extranjeros, acusan","author":"grieta","date":"16 octubre, 2012","format":false,"excerpt":"Ciudad de M\u00e9xico, 16 de oct (sinembargo.mx) \u2013 Las empresas Aguas de Saltillo (Agsal) y la operadora extranjera Aguas de Barcelona (Agbar) son las due\u00f1as y se\u00f1oras del vital l\u00edquido en algunos municipios de Coahuila. Luego de la escasez de agua este a\u00f1o, el gobierno estatal, encabezado por Rub\u00e9n Moreira\u2026","rel":"","context":"En &quot;CINTILLO&quot;","block_context":{"text":"CINTILLO","link":"http:\/\/www.grieta.org.mx\/index.php\/category\/cintillo\/"},"img":{"alt_text":"","src":"https:\/\/i0.wp.com\/www.grieta.org.mx\/wp-content\/uploads\/2018\/03\/14524434_1106112876131411_958039263622046936_o.jpg?resize=350%2C200","width":350,"height":200,"srcset":"https:\/\/i0.wp.com\/www.grieta.org.mx\/wp-content\/uploads\/2018\/03\/14524434_1106112876131411_958039263622046936_o.jpg?resize=350%2C200 1x, https:\/\/i0.wp.com\/www.grieta.org.mx\/wp-content\/uploads\/2018\/03\/14524434_1106112876131411_958039263622046936_o.jpg?resize=525%2C300 1.5x, https:\/\/i0.wp.com\/www.grieta.org.mx\/wp-content\/uploads\/2018\/03\/14524434_1106112876131411_958039263622046936_o.jpg?resize=700%2C400 2x"},"classes":[]},{"id":6582,"url":"http:\/\/www.grieta.org.mx\/index.php\/2016\/07\/23\/privatizacion-del-agua-en-coahuila\/","url_meta":{"origin":26715,"position":2},"title":"Privatizaci\u00f3n del agua en Coahuila","author":"grieta","date":"23 julio, 2016","format":false,"excerpt":"21\/07\/16. Pozo de agua en Mieleras beneficiar\u00e1 a 4 parques industriales El Siglo 12\/03\/16. Proyectan privatizar el servicio del agua El Siglo de Torre\u00f3n 16\/10\/12. Coahuila opera privatizaci\u00f3n silenciosa del agua; gobierno de Moreira la cede a extranjeros, acusan Sin Embargo","rel":"","context":"En &quot;Coahuila&quot;","block_context":{"text":"Coahuila","link":"http:\/\/www.grieta.org.mx\/index.php\/category\/noticias-nacionales\/coahuila\/"},"img":{"alt_text":"","src":"https:\/\/i0.wp.com\/www.grieta.org.mx\/wp-content\/uploads\/2018\/03\/14524434_1106112876131411_958039263622046936_o.jpg?resize=350%2C200","width":350,"height":200,"srcset":"https:\/\/i0.wp.com\/www.grieta.org.mx\/wp-content\/uploads\/2018\/03\/14524434_1106112876131411_958039263622046936_o.jpg?resize=350%2C200 1x, https:\/\/i0.wp.com\/www.grieta.org.mx\/wp-content\/uploads\/2018\/03\/14524434_1106112876131411_958039263622046936_o.jpg?resize=525%2C300 1.5x, https:\/\/i0.wp.com\/www.grieta.org.mx\/wp-content\/uploads\/2018\/03\/14524434_1106112876131411_958039263622046936_o.jpg?resize=700%2C400 2x"},"classes":[]},{"id":31456,"url":"http:\/\/www.grieta.org.mx\/index.php\/2019\/03\/23\/acuifero-saltillo-sur-sin-disponibilidad-del-agua-coahuila\/","url_meta":{"origin":26715,"position":3},"title":"Acu\u00edfero Saltillo Sur, sin disponibilidad del agua (Coahuila)","author":"grieta","date":"23 marzo, 2019","format":false,"excerpt":"En los \u00faltimos 5 a\u00f1os los niveles de los mantos han permanecido estables Armando R\u00edos\/VANGUARDIA MX Durante el marco del D\u00eda Mundial del Agua, el experto en temas hidrol\u00f3gicos y representante de la Conagua en la cuenca de R\u00edo Bravo en el evento, inform\u00f3 que el acu\u00edfero Saltillo Sur no\u2026","rel":"","context":"En &quot;CINTILLO&quot;","block_context":{"text":"CINTILLO","link":"http:\/\/www.grieta.org.mx\/index.php\/category\/cintillo\/"},"img":{"alt_text":"","src":"https:\/\/i0.wp.com\/www.grieta.org.mx\/wp-content\/uploads\/2019\/03\/agua-del-grifo.jpg?resize=350%2C200","width":350,"height":200,"srcset":"https:\/\/i0.wp.com\/www.grieta.org.mx\/wp-content\/uploads\/2019\/03\/agua-del-grifo.jpg?resize=350%2C200 1x, https:\/\/i0.wp.com\/www.grieta.org.mx\/wp-content\/uploads\/2019\/03\/agua-del-grifo.jpg?resize=525%2C300 1.5x, https:\/\/i0.wp.com\/www.grieta.org.mx\/wp-content\/uploads\/2019\/03\/agua-del-grifo.jpg?resize=700%2C400 2x"},"classes":[]},{"id":30316,"url":"http:\/\/www.grieta.org.mx\/index.php\/2019\/03\/09\/solapa-simas-la-contaminacion-coahuila\/","url_meta":{"origin":26715,"position":4},"title":"Solapa Simas la contaminaci\u00f3n (Coahuila)","author":"grieta","date":"9 marzo, 2019","format":false,"excerpt":"Redacci\u00f3n\/Z\u00d3CALO Monclova, Coah.- Vecinos que residen en \u00e1reas aleda\u00f1as al R\u00edo Monclova afirmaron que durante la instalaci\u00f3n de tuber\u00eda para desviar la ampliaci\u00f3n de descarga de aguas negras a los cauces de esa corriente, observaron camionetas del Simas cuyas cuadrillas trabajaban d\u00eda y noche para favorecer a particulares que ordenaron\u2026","rel":"","context":"En &quot;Coahuila&quot;","block_context":{"text":"Coahuila","link":"http:\/\/www.grieta.org.mx\/index.php\/category\/noticias-nacionales\/coahuila\/"},"img":{"alt_text":"","src":"https:\/\/i0.wp.com\/www.grieta.org.mx\/wp-content\/uploads\/2019\/03\/simas.jpg?resize=350%2C200","width":350,"height":200,"srcset":"https:\/\/i0.wp.com\/www.grieta.org.mx\/wp-content\/uploads\/2019\/03\/simas.jpg?resize=350%2C200 1x, https:\/\/i0.wp.com\/www.grieta.org.mx\/wp-content\/uploads\/2019\/03\/simas.jpg?resize=525%2C300 1.5x"},"classes":[]},{"id":26742,"url":"http:\/\/www.grieta.org.mx\/index.php\/2012\/11\/10\/opg-mision-privatizar-el-agua-de-coahuila-426\/","url_meta":{"origin":26715,"position":5},"title":"OPG; misi\u00f3n: privatizar el agua de Coahuila \/ 426","author":"grieta","date":"10 noviembre, 2012","format":false,"excerpt":"SIN CENSURA Torre\u00f3n, Coahuila.-\u00a0El Art\u00edculo 27 de la Constituci\u00f3n Pol\u00edtica Mexicana establece que \u201cLa propiedad de las tierras y aguas comprendidas dentro de los l\u00edmites del territorio nacional corresponde originariamente a la naci\u00f3n\u2026\u201d, y agrega que \u201c\u2026el dominio de la naci\u00f3n es inalienable e imprescriptible y la explotaci\u00f3n, el uso\u2026","rel":"","context":"En &quot;CINTILLO&quot;","block_context":{"text":"CINTILLO","link":"http:\/\/www.grieta.org.mx\/index.php\/category\/cintillo\/"},"img":{"alt_text":"","src":"https:\/\/i0.wp.com\/www.grieta.org.mx\/wp-content\/uploads\/2018\/03\/14524434_1106112876131411_958039263622046936_o.jpg?resize=350%2C200","width":350,"height":200,"srcset":"https:\/\/i0.wp.com\/www.grieta.org.mx\/wp-content\/uploads\/2018\/03\/14524434_1106112876131411_958039263622046936_o.jpg?resize=350%2C200 1x, https:\/\/i0.wp.com\/www.grieta.org.mx\/wp-content\/uploads\/2018\/03\/14524434_1106112876131411_958039263622046936_o.jpg?resize=525%2C300 1.5x, https:\/\/i0.wp.com\/www.grieta.org.mx\/wp-content\/uploads\/2018\/03\/14524434_1106112876131411_958039263622046936_o.jpg?resize=700%2C400 2x"},"classes":[]}],"_links":{"self":[{"href":"http:\/\/www.grieta.org.mx\/index.php\/wp-json\/wp\/v2\/posts\/26715","targetHints":{"allow":["GET"]}}],"collection":[{"href":"http:\/\/www.grieta.org.mx\/index.php\/wp-json\/wp\/v2\/posts"}],"about":[{"href":"http:\/\/www.grieta.org.mx\/index.php\/wp-json\/wp\/v2\/types\/post"}],"author":[{"embeddable":true,"href":"http:\/\/www.grieta.org.mx\/index.php\/wp-json\/wp\/v2\/users\/2"}],"replies":[{"embeddable":true,"href":"http:\/\/www.grieta.org.mx\/index.php\/wp-json\/wp\/v2\/comments?post=26715"}],"version-history":[{"count":1,"href":"http:\/\/www.grieta.org.mx\/index.php\/wp-json\/wp\/v2\/posts\/26715\/revisions"}],"predecessor-version":[{"id":26726,"href":"http:\/\/www.grieta.org.mx\/index.php\/wp-json\/wp\/v2\/posts\/26715\/revisions\/26726"}],"wp:featuredmedia":[{"embeddable":true,"href":"http:\/\/www.grieta.org.mx\/index.php\/wp-json\/wp\/v2\/media\/26725"}],"wp:attachment":[{"href":"http:\/\/www.grieta.org.mx\/index.php\/wp-json\/wp\/v2\/media?parent=26715"}],"wp:term":[{"taxonomy":"category","embeddable":true,"href":"http:\/\/www.grieta.org.mx\/index.php\/wp-json\/wp\/v2\/categories?post=26715"},{"taxonomy":"post_tag","embeddable":true,"href":"http:\/\/www.grieta.org.mx\/index.php\/wp-json\/wp\/v2\/tags?post=26715"}],"curies":[{"name":"wp","href":"https:\/\/api.w.org\/{rel}","templated":true}]}}