{"id":2670,"date":"2014-12-02T10:35:23","date_gmt":"2014-12-02T10:35:23","guid":{"rendered":"http:\/\/50.22.11.12\/~grietaor\/?p=2670"},"modified":"2016-03-13T10:37:33","modified_gmt":"2016-03-13T10:37:33","slug":"gran-triunfo-en-eleccion-comunal-en-zacualpan-a-pesar-del-asedio-policiaco","status":"publish","type":"post","link":"http:\/\/www.grieta.org.mx\/index.php\/2014\/12\/02\/gran-triunfo-en-eleccion-comunal-en-zacualpan-a-pesar-del-asedio-policiaco\/","title":{"rendered":"Gran Triunfo en Elecci\u00f3n Comunal en Zacualpan a pesar del asedio policiaco"},"content":{"rendered":"<p>Hijos de la Tierra<br \/>\nEsperanza Salazar Zenil*<br \/>\nGuadalupe Espinoza Sauceda**<\/p>\n<p>A ra\u00edz de la sentencia pronunciada por el Tribunal Colegiado de Circuito del Centro Auxiliar de Xalapa, Veracruz, el 30 de Octubre del presente, en el que se niega el Amparo Directo 438\/2014 al Comisariado de Bienes Comunales de la Comunidad Ind\u00edgena de Zacualpan, integrado por Guadalupe Carpio, Epitacia Zamora y Olivia Teodoro para continuar por tres a\u00f1os su mandato, la Delegaci\u00f3n de la Procuradur\u00eda Agraria convoc\u00f3 a elecciones para el d\u00eda 30 de Noviembre.<\/p>\n<p>Este amparo fue interpuesto por la Comunidad Ind\u00edgena, que en el mes de Febrero del presente destituy\u00f3 a Carlos Guzm\u00e1n y los dem\u00e1s miembros del Comisariado y Consejo de Vigilancia que estaban a favor de explotar una mina de oro en la Comunidad.<\/p>\n<p>El Tribunal Unitario Agrario reconoce la Asamblea del 23 de Febrero, en la que adem\u00e1s se rechaza la mina de oro y se declara el Territorio Libre de Miner\u00eda, sin embargo, no les otorga el periodo que le corresponder\u00eda al Comisariado nuevo, de 3 a\u00f1os, sino solamente por el periodo que le faltaba a Carlos Guzm\u00e1n, esto es hasta el 19 de Agosto.<br \/>\nLa Delegada de la Procuradur\u00eda Agraria, al recibir la sentencia (el 19 de noviembre), con toda la mala fe y sin esperar a que los comuneros recibieran notificaci\u00f3n, inmediatamente convoca a elecciones, el d\u00eda 21 de noviembre. Al Comisariado le informan de la Sentencia hasta el d\u00eda 25 de noviembre. A pesar de estas irregularidades el Comisariado y el Consejo Ind\u00edgena por la Defensa del Territorio de Zacualpan decidieron no dar marcha atr\u00e1s y atender la convocatoria. Se reunieron y limpiamente dieron a conocer su planilla a la comunidad entera.<\/p>\n<p>A partir de que se dio a conocer la planilla, integrantes de la misma recibieron llamadas de amenazas exigiendo, a nombre del gobernador, Mario Anguiano, que se desistieran. El que quedar\u00eda como Presidente, Taurino Rinc\u00f3n Lorenzo, denunci\u00f3 que lo citaron en una oficina del PRI, le pidieron que se desistiera, ofreci\u00e9ndole puestos en el gobierno, casa y camioneta y con la amenaza de que sus hijas, que son maestras, puedan su empleo. As\u00ed mismo, un d\u00eda antes de la elecci\u00f3n fue agredido fuertemente Jes\u00fas Santos Quirino, por un polic\u00eda estatal, que lleg\u00f3 a su camioneta que estaba estacionada, a pedirle que se fuera de ah\u00ed, al preguntar \u00e9l porqu\u00e9, la respuesta fue bajarlo y casi estrangularlo, con la intenci\u00f3n de detenerlo, tratando de evitar que estuviera el d\u00eda de la elecci\u00f3n, logr\u00f3 zafarse y alejarse. En ese lugar tambi\u00e9n se encontraba Francisco Santos Quirino quien aparec\u00eda en la planilla como Secretario de Consejo de Vigilancia, quien fue detenido y acusado de amenazas a unas mujeres que ni se encontraban ah\u00ed, adem\u00e1s de cobrarle una multa de $6,000 pesos para dejarlo en libertad. Cabe se\u00f1alar que El Consejo Ind\u00edgena y Bios Iguana han interpuesto m\u00e1s de 10 denuncias por violencia f\u00edsica y amenazas de muerte y ninguna ha sido atendida por el Ministerio P\u00fablico.<\/p>\n<p>El d\u00eda de 30 con un fuerte dispositivo de seguridad con decenas de elementos de la Polic\u00eda Estatal Preventiva, Procuradur\u00eda General de Justicia del Estado y varios de la Policia Federal, siendo el encargado operador por la Procuradur\u00eda Agraria el Subdelegado Roberto Trejo, mismo que pas\u00f3 lista de asistencia a los comuneros acordon\u00e1ndolos dentro de las vallas antes de entrar al sal\u00f3n de sesiones; se llevaron a cabo las elecciones del nuevo Comisariado de Bienes Comunales, registrando la asistencia de 238 de 305 comuneros que conforman el padr\u00f3n.<br \/>\nComuneros del Consejo Ind\u00edgena solicitaron observadores externos, entre los que se encontraba Guadalupe Espinosa Sauceda, del Colectivo de Abogados de Guadalajara y Efra\u00edn Naranjo, del Comit\u00e9 de Derechos Humanos No Gubernamentales, as\u00ed como la prensa de Colima. Sin embargo la Procuradur\u00eda Agraria hizo caso omiso a la petici\u00f3n de los comuneros, y no se les permiti\u00f3 entrar. As\u00ed mismo los polic\u00edas taparon el paso a los periodistas alej\u00e1ndolos del lugar e impidi\u00e9ndoles libremente realizar su trabajo.<br \/>\nNo obstante la presencia policiaca, los comuneros miembros del Consejo Ind\u00edgena, se mantuvieron en su posici\u00f3n y al momento de votar lo hicieron a favor de su planilla: la verde. Resultando ganadora con 123 a favor, contra 109 de la contraria, por lo que el nuevo comisariado se integrar\u00e1 por: Presidente, Taurino Rinc\u00f3n Lorenzo, Secretario, Lucio Santos Olivares y Tesorero, Gregorio Fuentes Guzm\u00e1n. Consejo de Vigilancia, Pte. Conrado Carpio Hern\u00e1ndez, Primer Secretario, Lucio Sandoval Iglesias, Segundo Secretario, Luciano Teodoro Pe\u00f1a.<\/p>\n<p>Una vez electas las nuevas autoridades comunales el Presidente del Comisariado de Bienes Comunales se dirigi\u00f3 a sus correligionarios y les dijo que iba a velar por los intereses de todos los comuneros de Zacualpan; posteriormente se fueron las autoridades electas y correligionarios al templo de Santiago Ap\u00f3stol de la comunidad a darle gracias y a pedir por la unidad de todos los zacualpenses.<\/p>\n<p>Fotos : Hijos de la Tierra<br \/>\nTaurino Rinc\u00f3n adelant\u00f3 adem\u00e1s, que como nuevo representante de los Bienes Comunales de Zacualpan, durante los pr\u00f3ximos d\u00edas recuperar\u00e1 el control de la administraci\u00f3n del manantial \u201cOjo de Agua\u201d, actualmente manejado en desacato por un grupo cercano a Carlos Guzm\u00e1n. Todo finaliz\u00f3 festivamente con una comida que la comunidad previamente hab\u00eda preparado: una birria de chivo.<br \/>\nEste gran triunfo se debe a la organizaci\u00f3n, valent\u00eda y arduo trabajo de la Comunidad Ind\u00edgena de Zacualpan, que gan\u00f3 a pesar de haber sufrido amenazas, represi\u00f3n, encarcelamiento de un miembro de su planilla, de intento de soborno y amenazas al titular de la planilla por integrantes del PRI enviados por el gobernador del estado, llamadas de intimidaci\u00f3n, agresiones de polic\u00edas a otro importante miembro del Consejo Ind\u00edgena, de que el ej\u00e9rcito patrull\u00f3 las calles de Zaculpan un d\u00eda antes, as\u00ed como del gran cerco policiaco el d\u00eda de la elecci\u00f3n, que impidi\u00f3 la entrada de observadores y periodistas. !La Comunidad Ind\u00edgena de Zacualpan nos ha dado una gran lecci\u00f3n de lucha por defender el territorio, cuando se quiere se puede!<br \/>\nFoto : Hijos de la Tierra<br \/>\nForo nacional de afectados por la Miner\u00eda feb 2014<br \/>\nFotograf\u00edas :Guadalupe Sauceda<br \/>\n*Coordinadora General de Bios Iguana A.C.\/ REMA Colima<br \/>\n** Miembro del Colectivo de Abogados de Jalisco \/<\/p>\n<p><a href=\"http:\/\/hijosmadretierra.blogspot.com.es\/2014\/12\/gran-triunfo-en-eleccion-comunal-en.html\" target=\"_blank\">http:\/\/hijosmadretierra.blogspot.com.es\/2014\/12\/gran-triunfo-en-eleccion-comunal-en.html<\/a><\/p>\n","protected":false},"excerpt":{"rendered":"<p>Hijos de la Tierra Esperanza Salazar Zenil* Guadalupe Espinoza Sauceda** A ra\u00edz de la sentencia pronunciada por el Tribunal Colegiado de Circuito del Centro Auxiliar de Xalapa, Veracruz, el 30 &hellip; <a href=\"http:\/\/www.grieta.org.mx\/index.php\/2014\/12\/02\/gran-triunfo-en-eleccion-comunal-en-zacualpan-a-pesar-del-asedio-policiaco\/\" class=\"more-link\">Leer m\u00e1s<\/a><\/p>\n","protected":false},"author":2,"featured_media":21928,"comment_status":"closed","ping_status":"open","sticky":false,"template":"","format":"standard","meta":{"ngg_post_thumbnail":0,"_jetpack_newsletter_access":"","_jetpack_dont_email_post_to_subs":false,"_jetpack_newsletter_tier_id":0,"_jetpack_memberships_contains_paywalled_content":false,"_jetpack_memberships_contains_paid_content":false,"footnotes":""},"categories":[80,108],"tags":[227,226],"class_list":["post-2670","post","type-post","status-publish","format-standard","has-post-thumbnail","hentry","category-cintillo","category-colima","tag-14-zacualpan","tag-mineria-en-zacualpan","entry"],"jetpack_featured_media_url":"http:\/\/www.grieta.org.mx\/wp-content\/uploads\/2018\/03\/14524434_1106112876131411_958039263622046936_o.jpg","jetpack_sharing_enabled":true,"jetpack_shortlink":"https:\/\/wp.me\/p7ZJR4-H4","jetpack_likes_enabled":false,"jetpack-related-posts":[{"id":2638,"url":"http:\/\/www.grieta.org.mx\/index.php\/2015\/09\/04\/juzgado-suspende-eleccion-de-zacualpan\/","url_meta":{"origin":2670,"position":0},"title":"Juzgado suspende elecci\u00f3n de Zacualpan","author":"grieta","date":"4 septiembre, 2015","format":false,"excerpt":"Oscar Adri\u00e1n Luna El domingo 6 de septiembre no habr\u00e1 elecciones en Zacualpan, las cuales hab\u00edan sido convocadas por la delegada de la Procuradur\u00eda Agraria (PA), Mar\u00eda Elena D\u00edaz Rivera. En rueda de prensa, Taurino Rinc\u00f3n Lorenzo, actual presidente del Comisariado de Bienes Comunales de Zacualpan, inform\u00f3 que el Juzgado\u2026","rel":"","context":"En &quot;CINTILLO&quot;","block_context":{"text":"CINTILLO","link":"http:\/\/www.grieta.org.mx\/index.php\/category\/cintillo\/"},"img":{"alt_text":"","src":"https:\/\/i0.wp.com\/www.grieta.org.mx\/wp-content\/uploads\/2018\/03\/14524434_1106112876131411_958039263622046936_o.jpg?resize=350%2C200","width":350,"height":200,"srcset":"https:\/\/i0.wp.com\/www.grieta.org.mx\/wp-content\/uploads\/2018\/03\/14524434_1106112876131411_958039263622046936_o.jpg?resize=350%2C200 1x, https:\/\/i0.wp.com\/www.grieta.org.mx\/wp-content\/uploads\/2018\/03\/14524434_1106112876131411_958039263622046936_o.jpg?resize=525%2C300 1.5x, https:\/\/i0.wp.com\/www.grieta.org.mx\/wp-content\/uploads\/2018\/03\/14524434_1106112876131411_958039263622046936_o.jpg?resize=700%2C400 2x"},"classes":[]},{"id":9591,"url":"http:\/\/www.grieta.org.mx\/index.php\/2016\/03\/25\/quiere-nacho-remover-a-presidente-de-zacualpan\/","url_meta":{"origin":2670,"position":1},"title":"Quiere Nacho remover a presidente de Zacualpan","author":"grieta","date":"25 marzo, 2016","format":false,"excerpt":"Redacci\u00f3n Perriodismo El gobierno de Ignacio Peralta S\u00e1nchez busca la renuncia de Taurino Rinc\u00f3n Lorenzo como presidente del Comisariado de Bienes Comunales de Zacualpan. A trav\u00e9s de un comunicado, el Consejo Ind\u00edgena por la Defensa del Territorio de Zacualpan (CIDTZ) denunci\u00f3 que Agust\u00edn Morales Anguiano, secretario de Desarrollo Rural, les\u2026","rel":"","context":"En &quot;CINTILLO&quot;","block_context":{"text":"CINTILLO","link":"http:\/\/www.grieta.org.mx\/index.php\/category\/cintillo\/"},"img":{"alt_text":"","src":"https:\/\/i0.wp.com\/www.grieta.org.mx\/wp-content\/uploads\/2018\/03\/14524434_1106112876131411_958039263622046936_o.jpg?resize=350%2C200","width":350,"height":200,"srcset":"https:\/\/i0.wp.com\/www.grieta.org.mx\/wp-content\/uploads\/2018\/03\/14524434_1106112876131411_958039263622046936_o.jpg?resize=350%2C200 1x, https:\/\/i0.wp.com\/www.grieta.org.mx\/wp-content\/uploads\/2018\/03\/14524434_1106112876131411_958039263622046936_o.jpg?resize=525%2C300 1.5x, https:\/\/i0.wp.com\/www.grieta.org.mx\/wp-content\/uploads\/2018\/03\/14524434_1106112876131411_958039263622046936_o.jpg?resize=700%2C400 2x"},"classes":[]},{"id":2668,"url":"http:\/\/www.grieta.org.mx\/index.php\/2014\/12\/16\/gobierno-del-estado-financia-grupo-de-choque-en-zacualpan-acusan\/","url_meta":{"origin":2670,"position":2},"title":"Gobierno del Estado financia grupo de choque en Zacualpan, acusan","author":"grieta","date":"16 diciembre, 2014","format":false,"excerpt":"Diario Avanzada V\u00edctor Manuel G\u00f3mez Corona Publicado: 16 Diciembre 2014 Colima, M\u00e9xico. Avanzada (16 de diciembre de 2014).- \u201cEs el gobierno del estado el que los est\u00e1 encubriendo, financiando con dinero para que ellos se puedan mover de una manera agresiva hacia la comunidad ind\u00edgena\u201d, denunci\u00f3 el presidente del Comisariado\u2026","rel":"","context":"En &quot;CINTILLO&quot;","block_context":{"text":"CINTILLO","link":"http:\/\/www.grieta.org.mx\/index.php\/category\/cintillo\/"},"img":{"alt_text":"","src":"https:\/\/i0.wp.com\/www.grieta.org.mx\/wp-content\/uploads\/2018\/03\/14524434_1106112876131411_958039263622046936_o.jpg?resize=350%2C200","width":350,"height":200,"srcset":"https:\/\/i0.wp.com\/www.grieta.org.mx\/wp-content\/uploads\/2018\/03\/14524434_1106112876131411_958039263622046936_o.jpg?resize=350%2C200 1x, https:\/\/i0.wp.com\/www.grieta.org.mx\/wp-content\/uploads\/2018\/03\/14524434_1106112876131411_958039263622046936_o.jpg?resize=525%2C300 1.5x, https:\/\/i0.wp.com\/www.grieta.org.mx\/wp-content\/uploads\/2018\/03\/14524434_1106112876131411_958039263622046936_o.jpg?resize=700%2C400 2x"},"classes":[]},{"id":2632,"url":"http:\/\/www.grieta.org.mx\/index.php\/2015\/10\/20\/iniciomineria-zacualpan-zacualpan-denuncia-entregada-el-dia-de-hoy-a-sedatu-y-la-pa\/","url_meta":{"origin":2670,"position":3},"title":"Zacualpan-Denuncia entregada el d\u00eda de hoy a SEDATU y la PA","author":"grieta","date":"20 octubre, 2015","format":false,"excerpt":"Zapateando 20 de octubre del 2015 C. Rosario Robles Berlanga Secretaria de Desarrollo Agrario, Territorial y Urbano C. Cruz L\u00f3pez Aguilar Titular de la Procuradur\u00eda Agraria PRESENTE Las suscritas organizaciones nacionales e internacionales, por medio de la presente y de la manera m\u00e1s atenta, comparecemos para exponer: Que estamos profundamente\u2026","rel":"","context":"En &quot;CINTILLO&quot;","block_context":{"text":"CINTILLO","link":"http:\/\/www.grieta.org.mx\/index.php\/category\/cintillo\/"},"img":{"alt_text":"","src":"https:\/\/i0.wp.com\/www.grieta.org.mx\/wp-content\/uploads\/2018\/03\/14524434_1106112876131411_958039263622046936_o.jpg?resize=350%2C200","width":350,"height":200,"srcset":"https:\/\/i0.wp.com\/www.grieta.org.mx\/wp-content\/uploads\/2018\/03\/14524434_1106112876131411_958039263622046936_o.jpg?resize=350%2C200 1x, https:\/\/i0.wp.com\/www.grieta.org.mx\/wp-content\/uploads\/2018\/03\/14524434_1106112876131411_958039263622046936_o.jpg?resize=525%2C300 1.5x, https:\/\/i0.wp.com\/www.grieta.org.mx\/wp-content\/uploads\/2018\/03\/14524434_1106112876131411_958039263622046936_o.jpg?resize=700%2C400 2x"},"classes":[]},{"id":2642,"url":"http:\/\/www.grieta.org.mx\/index.php\/2015\/07\/07\/gobierno-de-colima-promete-cancelar-concesiones-mineras-en-zacualpan-debido-a-la-presion-de-la-comunidad\/","url_meta":{"origin":2670,"position":4},"title":"Gobierno de Colima promete cancelar concesiones mineras en Zacualpan debido a la presi\u00f3n de la comunidad","author":"grieta","date":"7 julio, 2015","format":false,"excerpt":"Redaccci\u00f3n Desinform\u00e9monos 7 de julio. M\u00e1s de dos a\u00f1os de intensos hostigamientos y amenazas tanto de personal de la empresa minera Gabfer, como de grupos de choque contra habitantes de Zacualpan opositores a la Miner\u00eda, el secretario de gobierno de Colima, Rafael Guti\u00e9rrez Villalobos, lleg\u00f3 a la comunidad donde se\u2026","rel":"","context":"En &quot;CINTILLO&quot;","block_context":{"text":"CINTILLO","link":"http:\/\/www.grieta.org.mx\/index.php\/category\/cintillo\/"},"img":{"alt_text":"","src":"https:\/\/i0.wp.com\/www.grieta.org.mx\/wp-content\/uploads\/2018\/03\/14524434_1106112876131411_958039263622046936_o.jpg?resize=350%2C200","width":350,"height":200,"srcset":"https:\/\/i0.wp.com\/www.grieta.org.mx\/wp-content\/uploads\/2018\/03\/14524434_1106112876131411_958039263622046936_o.jpg?resize=350%2C200 1x, https:\/\/i0.wp.com\/www.grieta.org.mx\/wp-content\/uploads\/2018\/03\/14524434_1106112876131411_958039263622046936_o.jpg?resize=525%2C300 1.5x, https:\/\/i0.wp.com\/www.grieta.org.mx\/wp-content\/uploads\/2018\/03\/14524434_1106112876131411_958039263622046936_o.jpg?resize=700%2C400 2x"},"classes":[]},{"id":39659,"url":"http:\/\/www.grieta.org.mx\/index.php\/2019\/08\/15\/se-reaviva-la-lucha-de-zacualpan-por-la-cancelacion-de-dos-concesiones-mineras-colima\/","url_meta":{"origin":2670,"position":5},"title":"Se reaviva la lucha de Zacualpan por la cancelaci\u00f3n de dos concesiones mineras (Colima)","author":"grieta","date":"15 agosto, 2019","format":false,"excerpt":"Foto: Ilustrativa Pedro Zamora Brise\u00f1o Colima, M\u00e9xico, Avanzada (15\/08\/2019).- El Tribunal Colegiado del Trig\u00e9simo Segundo Circuito reactiv\u00f3 el juicio de amparo promovido por la Comunidad Agraria Ind\u00edgena de Zacualpan, municipio de Comala, contra las secretar\u00edas de Econom\u00eda (SE) y de Medio Ambiente y Recursos Naturales (Semarnat), en busca de la\u2026","rel":"","context":"En &quot;CINTILLO&quot;","block_context":{"text":"CINTILLO","link":"http:\/\/www.grieta.org.mx\/index.php\/category\/cintillo\/"},"img":{"alt_text":"","src":"https:\/\/i0.wp.com\/www.grieta.org.mx\/wp-content\/uploads\/2019\/09\/arton2017.jpg?resize=350%2C200","width":350,"height":200,"srcset":"https:\/\/i0.wp.com\/www.grieta.org.mx\/wp-content\/uploads\/2019\/09\/arton2017.jpg?resize=350%2C200 1x, https:\/\/i0.wp.com\/www.grieta.org.mx\/wp-content\/uploads\/2019\/09\/arton2017.jpg?resize=525%2C300 1.5x, https:\/\/i0.wp.com\/www.grieta.org.mx\/wp-content\/uploads\/2019\/09\/arton2017.jpg?resize=700%2C400 2x"},"classes":[]}],"_links":{"self":[{"href":"http:\/\/www.grieta.org.mx\/index.php\/wp-json\/wp\/v2\/posts\/2670","targetHints":{"allow":["GET"]}}],"collection":[{"href":"http:\/\/www.grieta.org.mx\/index.php\/wp-json\/wp\/v2\/posts"}],"about":[{"href":"http:\/\/www.grieta.org.mx\/index.php\/wp-json\/wp\/v2\/types\/post"}],"author":[{"embeddable":true,"href":"http:\/\/www.grieta.org.mx\/index.php\/wp-json\/wp\/v2\/users\/2"}],"replies":[{"embeddable":true,"href":"http:\/\/www.grieta.org.mx\/index.php\/wp-json\/wp\/v2\/comments?post=2670"}],"version-history":[{"count":1,"href":"http:\/\/www.grieta.org.mx\/index.php\/wp-json\/wp\/v2\/posts\/2670\/revisions"}],"predecessor-version":[{"id":2671,"href":"http:\/\/www.grieta.org.mx\/index.php\/wp-json\/wp\/v2\/posts\/2670\/revisions\/2671"}],"wp:featuredmedia":[{"embeddable":true,"href":"http:\/\/www.grieta.org.mx\/index.php\/wp-json\/wp\/v2\/media\/21928"}],"wp:attachment":[{"href":"http:\/\/www.grieta.org.mx\/index.php\/wp-json\/wp\/v2\/media?parent=2670"}],"wp:term":[{"taxonomy":"category","embeddable":true,"href":"http:\/\/www.grieta.org.mx\/index.php\/wp-json\/wp\/v2\/categories?post=2670"},{"taxonomy":"post_tag","embeddable":true,"href":"http:\/\/www.grieta.org.mx\/index.php\/wp-json\/wp\/v2\/tags?post=2670"}],"curies":[{"name":"wp","href":"https:\/\/api.w.org\/{rel}","templated":true}]}}