{"id":2668,"date":"2014-12-16T10:31:08","date_gmt":"2014-12-16T10:31:08","guid":{"rendered":"http:\/\/50.22.11.12\/~grietaor\/?p=2668"},"modified":"2016-03-13T10:34:02","modified_gmt":"2016-03-13T10:34:02","slug":"gobierno-del-estado-financia-grupo-de-choque-en-zacualpan-acusan","status":"publish","type":"post","link":"http:\/\/www.grieta.org.mx\/index.php\/2014\/12\/16\/gobierno-del-estado-financia-grupo-de-choque-en-zacualpan-acusan\/","title":{"rendered":"Gobierno del Estado financia grupo de choque en Zacualpan, acusan"},"content":{"rendered":"<p>Diario Avanzada<br \/>\nV\u00edctor Manuel G\u00f3mez Corona<br \/>\nPublicado: 16 Diciembre 2014<\/p>\n<p>Colima, M\u00e9xico. Avanzada (16 de diciembre de 2014).- \u201cEs el gobierno del estado el que los est\u00e1 encubriendo, financiando con dinero para que ellos se puedan mover de una manera agresiva hacia la comunidad ind\u00edgena\u201d, denunci\u00f3 el presidente del Comisariado de Bienes Comunales en Zacualpan, Taurino Rinc\u00f3n Lorenzo, al referirse a un grupo de personas ligadas al PRI que han estado de manera violenta apoder\u00e1ndose del Ojo de Agua.<\/p>\n<p>Este domingo pasado los habitantes de la comunidad comalteca intentaron realizar la primer Asamblea convocada por el nuevo Comisariado de Bienes Comunales en donde -entre otros puntos-, se har\u00eda la entrega de documentaci\u00f3n, llaves y recursos de la comunidad que se encuentran en manos de las directivas anteriores y se rendir\u00eda un informe de actividades; sin embargo no pudo llevarse a cabo debido al hostigamiento del grupo de priistas.<\/p>\n<p>Horas antes de celebrarse la asamblea, \u201cVicente Evangelista Teodoro, Francisco Rodr\u00edguez Tomas, Sabino Zamora M\u00e1ximo, Francisco Teodoro Aranda, Esmeralda Guzm\u00e1n Pe\u00f1a, Gregoria Lorenzo Guzm\u00e1n, Aurelia Torres Carpio y Celsa Guzm\u00e1n Santos, gente ligada al PRI y perteneciente al grupo de Carlos Guzm\u00e1n, se presentaron a las afueras de la sala que ocupa la Casa de usos m\u00faltiples para agredir verbalmente a Taurino Rinc\u00f3n Lorenzo\u201d, denunci\u00f3 Jos\u00e9 Mart\u00edn Pe\u00f1a Guzm\u00e1n, integrante del Consejo Ind\u00edgena por la Defensa del Territorio de Zacualpan (CIDTZ).<\/p>\n<p>En rueda de prensa este martes, expuso que el grupo de personas lanz\u00f3 amenazas y trat\u00f3 de impedir que se realizara la asamblea general de comuneros convocada para las 10 de la ma\u00f1ana, colocando una cadena a la puerta de la Casa de Usos M\u00faltiples, \u201ctodo esto ante la presencia de m\u00e1s de 15 elementos de la polic\u00eda estatal, sin que estos intervinieran para solucionar los percances\u201d.<\/p>\n<p>Reunidos en la Comisi\u00f3n de Derechos Humanos del Estado de Colima (CDHEC), los integrantes de la comunidad ind\u00edgena aseguraron que los acontecimientos que est\u00e1n sucediendo en Zacualpan no son aislados, \u201cni problemas intercomunitarios, como los quieren hacer ver distintas instituciones de gobierno\u201d.<\/p>\n<p>Y acusaron de complicidad a la delegada de la Procuradur\u00eda Agraria en Colima, Mar\u00eda Elena D\u00edaz Rivera; al secretario general de Gobierno, Rogelio Rueda S\u00e1nchez; y al gobernador Mario Anguiano Moreno con el grupo ligado al PRI y a Carlos Guzm\u00e1n Teodoro, \u201cestos son los que impulsan, protegen y promueven los hechos de violencia, amenazas, hostigamiento y persecuci\u00f3n hacia los integrantes del Comisariado de Bienes Comunales, del Consejo de Vigilancia, del Consejo ind\u00edgena por la Defensa del Territorio de Zacualpan y de los habitantes de la comunidad ind\u00edgena de Zacualpan\u201d, afirmaron.<\/p>\n<p>Por lo anterior Epitacia Zamora, Taurino Rinc\u00f3n y Mart\u00edn Pe\u00f1a, acompa\u00f1ados de m\u00e1s habitantes; responsabilizaron al gobierno federal y estatal, as\u00ed como a la Procuradur\u00eda Agraria, \u201cde cualquier acto violento que afecte la integridad f\u00edsica de los integrantes del Comisariado de Bienes Comunales y del Consejo de Vigilancia, esto tras las amenazas recibidas en v\u00edsperas de las elecciones del 30 de noviembre de 2014\u201d.<\/p>\n<p>Finalmente anunciaron que una segunda asamblea se realizar\u00e1 el pr\u00f3ximo 28 de diciembre.<\/p>\n<p><a href=\"http:\/\/www.diarioavanzada.com.mx\/index.php\/municipios-movil\/10268-gobierno-del-estado-financia-grupo-de-choque-en-zacualpan-acusan\" target=\"_blank\">http:\/\/www.diarioavanzada.com.mx\/index.php\/municipios-movil\/10268-gobierno-del-estado-financia-grupo-de-choque-en-zacualpan-acusan<\/a><\/p>\n","protected":false},"excerpt":{"rendered":"<p>Diario Avanzada V\u00edctor Manuel G\u00f3mez Corona Publicado: 16 Diciembre 2014 Colima, M\u00e9xico. Avanzada (16 de diciembre de 2014).- \u201cEs el gobierno del estado el que los est\u00e1 encubriendo, financiando con &hellip; <a href=\"http:\/\/www.grieta.org.mx\/index.php\/2014\/12\/16\/gobierno-del-estado-financia-grupo-de-choque-en-zacualpan-acusan\/\" class=\"more-link\">Leer m\u00e1s<\/a><\/p>\n","protected":false},"author":2,"featured_media":21928,"comment_status":"closed","ping_status":"open","sticky":false,"template":"","format":"standard","meta":{"ngg_post_thumbnail":0,"_jetpack_newsletter_access":"","_jetpack_dont_email_post_to_subs":false,"_jetpack_newsletter_tier_id":0,"_jetpack_memberships_contains_paywalled_content":false,"_jetpack_memberships_contains_paid_content":false,"footnotes":""},"categories":[80,108],"tags":[227,226],"class_list":["post-2668","post","type-post","status-publish","format-standard","has-post-thumbnail","hentry","category-cintillo","category-colima","tag-14-zacualpan","tag-mineria-en-zacualpan","entry"],"jetpack_featured_media_url":"http:\/\/www.grieta.org.mx\/wp-content\/uploads\/2018\/03\/14524434_1106112876131411_958039263622046936_o.jpg","jetpack_sharing_enabled":true,"jetpack_shortlink":"https:\/\/wp.me\/p7ZJR4-H2","jetpack_likes_enabled":false,"jetpack-related-posts":[{"id":2664,"url":"http:\/\/www.grieta.org.mx\/index.php\/2014\/12\/30\/grupo-ligado-al-pri-mantiene-encerrados-a-comuneros-de-zacualpan-en-manantial-ojo-de-agua\/","url_meta":{"origin":2668,"position":0},"title":"Grupo ligado al PRI mantiene \u2018encerrados\u2019 a comuneros de Zacualpan en manantial Ojo de Agua","author":"grieta","date":"30 diciembre, 2014","format":false,"excerpt":"Por: Redacci\u00f3n Colima 3.0 \/ 30 diciembre, 2014 Entre forcejeos y gritos, el comisariado de Bienes Comunales de la comunidad ind\u00edgena de Zacualpan, encabezado por Taurino Rinc\u00f3n Lorenzo, junto con habitantes miembros del Consejo Ind\u00edgena por la Defensa del Territorio de Zacualpan (CIDTZ), recuperaron las instalaciones del parque ecotur\u00edstico Ojo\u2026","rel":"","context":"En &quot;CINTILLO&quot;","block_context":{"text":"CINTILLO","link":"http:\/\/www.grieta.org.mx\/index.php\/category\/cintillo\/"},"img":{"alt_text":"","src":"https:\/\/i0.wp.com\/www.grieta.org.mx\/wp-content\/uploads\/2018\/03\/14524434_1106112876131411_958039263622046936_o.jpg?resize=350%2C200","width":350,"height":200,"srcset":"https:\/\/i0.wp.com\/www.grieta.org.mx\/wp-content\/uploads\/2018\/03\/14524434_1106112876131411_958039263622046936_o.jpg?resize=350%2C200 1x, https:\/\/i0.wp.com\/www.grieta.org.mx\/wp-content\/uploads\/2018\/03\/14524434_1106112876131411_958039263622046936_o.jpg?resize=525%2C300 1.5x, https:\/\/i0.wp.com\/www.grieta.org.mx\/wp-content\/uploads\/2018\/03\/14524434_1106112876131411_958039263622046936_o.jpg?resize=700%2C400 2x"},"classes":[]},{"id":9591,"url":"http:\/\/www.grieta.org.mx\/index.php\/2016\/03\/25\/quiere-nacho-remover-a-presidente-de-zacualpan\/","url_meta":{"origin":2668,"position":1},"title":"Quiere Nacho remover a presidente de Zacualpan","author":"grieta","date":"25 marzo, 2016","format":false,"excerpt":"Redacci\u00f3n Perriodismo El gobierno de Ignacio Peralta S\u00e1nchez busca la renuncia de Taurino Rinc\u00f3n Lorenzo como presidente del Comisariado de Bienes Comunales de Zacualpan. A trav\u00e9s de un comunicado, el Consejo Ind\u00edgena por la Defensa del Territorio de Zacualpan (CIDTZ) denunci\u00f3 que Agust\u00edn Morales Anguiano, secretario de Desarrollo Rural, les\u2026","rel":"","context":"En &quot;CINTILLO&quot;","block_context":{"text":"CINTILLO","link":"http:\/\/www.grieta.org.mx\/index.php\/category\/cintillo\/"},"img":{"alt_text":"","src":"https:\/\/i0.wp.com\/www.grieta.org.mx\/wp-content\/uploads\/2018\/03\/14524434_1106112876131411_958039263622046936_o.jpg?resize=350%2C200","width":350,"height":200,"srcset":"https:\/\/i0.wp.com\/www.grieta.org.mx\/wp-content\/uploads\/2018\/03\/14524434_1106112876131411_958039263622046936_o.jpg?resize=350%2C200 1x, https:\/\/i0.wp.com\/www.grieta.org.mx\/wp-content\/uploads\/2018\/03\/14524434_1106112876131411_958039263622046936_o.jpg?resize=525%2C300 1.5x, https:\/\/i0.wp.com\/www.grieta.org.mx\/wp-content\/uploads\/2018\/03\/14524434_1106112876131411_958039263622046936_o.jpg?resize=700%2C400 2x"},"classes":[]},{"id":9497,"url":"http:\/\/www.grieta.org.mx\/index.php\/2016\/03\/29\/autoridad-comunal-de-zacualpan-rompe-el-dialogo-con-el-gobierno-pide-intervencion-del-congreso\/","url_meta":{"origin":2668,"position":2},"title":"Autoridad comunal de Zacualpan rompe el di\u00e1logo con el gobierno; pide intervenci\u00f3n del Congreso","author":"grieta","date":"29 marzo, 2016","format":false,"excerpt":"Diario Avanzada Colima, M\u00e9xico, Avanzada (29\/03\/2016).- La mesa directiva del Comisariado de Bienes Comunales de Zacualpan rompi\u00f3 el dialogo con el gobierno estatal, tras considerar que las autoridades \u201cest\u00e1n jugando con nosotros\u201d y se han inclinado a favor del grupo priista que bloque\u00f3 el paso al balneario Ojo de Agua\u2026","rel":"","context":"En &quot;CINTILLO&quot;","block_context":{"text":"CINTILLO","link":"http:\/\/www.grieta.org.mx\/index.php\/category\/cintillo\/"},"img":{"alt_text":"","src":"https:\/\/i0.wp.com\/www.grieta.org.mx\/wp-content\/uploads\/2018\/03\/14524434_1106112876131411_958039263622046936_o.jpg?resize=350%2C200","width":350,"height":200,"srcset":"https:\/\/i0.wp.com\/www.grieta.org.mx\/wp-content\/uploads\/2018\/03\/14524434_1106112876131411_958039263622046936_o.jpg?resize=350%2C200 1x, https:\/\/i0.wp.com\/www.grieta.org.mx\/wp-content\/uploads\/2018\/03\/14524434_1106112876131411_958039263622046936_o.jpg?resize=525%2C300 1.5x, https:\/\/i0.wp.com\/www.grieta.org.mx\/wp-content\/uploads\/2018\/03\/14524434_1106112876131411_958039263622046936_o.jpg?resize=700%2C400 2x"},"classes":[]},{"id":1931,"url":"http:\/\/www.grieta.org.mx\/index.php\/2016\/08\/08\/lucha-y-resistencia-de-la-comunidad-nahua-de-zacualpan\/","url_meta":{"origin":2668,"position":3},"title":"Resistencia de la comunidad nahua de Zacualpan contra la miner\u00eda.","author":"grieta","date":"8 agosto, 2016","format":false,"excerpt":"08\/08\/16. Tomar\u00e1 posesi\u00f3n Taurino Rinc\u00f3n del manantial Ojo de Agua en ZacualpanColima Noticias 03\/04\/16. Que Nacho no se meta con ZacualpanPerriodismo 01\/04\/16. Protestan en Zacualpan contra nuevo presidente de Junta MunicipalPerriodismo 29\/03\/16. Autoridad comunal de Zacualpan rompe el di\u00e1logo con el gobierno; pide intervenci\u00f3n del CongresoDiario Avanzada 27\/03\/16. Y ahora,\u2026","rel":"","context":"En &quot;14. Zacualpan&quot;","block_context":{"text":"14. Zacualpan","link":"http:\/\/www.grieta.org.mx\/index.php\/category\/espejos-de-la-resistencia\/14-zacualpan\/"},"img":{"alt_text":"","src":"https:\/\/i0.wp.com\/www.grieta.org.mx\/wp-content\/uploads\/2018\/03\/14524434_1106112876131411_958039263622046936_o.jpg?resize=350%2C200","width":350,"height":200,"srcset":"https:\/\/i0.wp.com\/www.grieta.org.mx\/wp-content\/uploads\/2018\/03\/14524434_1106112876131411_958039263622046936_o.jpg?resize=350%2C200 1x, https:\/\/i0.wp.com\/www.grieta.org.mx\/wp-content\/uploads\/2018\/03\/14524434_1106112876131411_958039263622046936_o.jpg?resize=525%2C300 1.5x, https:\/\/i0.wp.com\/www.grieta.org.mx\/wp-content\/uploads\/2018\/03\/14524434_1106112876131411_958039263622046936_o.jpg?resize=700%2C400 2x"},"classes":[]},{"id":9737,"url":"http:\/\/www.grieta.org.mx\/index.php\/2016\/04\/03\/que-nacho-no-se-meta-con-zacualpan\/","url_meta":{"origin":2668,"position":4},"title":"Que Nacho no se meta con Zacualpan","author":"grieta","date":"3 abril, 2016","format":false,"excerpt":"Monserrat Ram\u00edrez \u201cLe digo a Nacho que no se meta con nuestra comunidad porque se las va a ver con nosotros, sea como sea nos vamos a enfrentar\u201d, advirti\u00f3 Micaela Vicente Romero, integrante del Consejo Ind\u00edgena por la Defensa del Territorio de Zacualpan (CIDTZ). Durante un mitin realizado ayer frente\u2026","rel":"","context":"En &quot;CINTILLO&quot;","block_context":{"text":"CINTILLO","link":"http:\/\/www.grieta.org.mx\/index.php\/category\/cintillo\/"},"img":{"alt_text":"","src":"https:\/\/i0.wp.com\/www.grieta.org.mx\/wp-content\/uploads\/2018\/03\/14524434_1106112876131411_958039263622046936_o.jpg?resize=350%2C200","width":350,"height":200,"srcset":"https:\/\/i0.wp.com\/www.grieta.org.mx\/wp-content\/uploads\/2018\/03\/14524434_1106112876131411_958039263622046936_o.jpg?resize=350%2C200 1x, https:\/\/i0.wp.com\/www.grieta.org.mx\/wp-content\/uploads\/2018\/03\/14524434_1106112876131411_958039263622046936_o.jpg?resize=525%2C300 1.5x, https:\/\/i0.wp.com\/www.grieta.org.mx\/wp-content\/uploads\/2018\/03\/14524434_1106112876131411_958039263622046936_o.jpg?resize=700%2C400 2x"},"classes":[]},{"id":2640,"url":"http:\/\/www.grieta.org.mx\/index.php\/2015\/08\/21\/vuelve-tension-a-zacualpan-convocan-a-elecciones\/","url_meta":{"origin":2668,"position":5},"title":"Vuelve tensi\u00f3n a Zacualpan: convocan a elecciones","author":"grieta","date":"21 agosto, 2015","format":false,"excerpt":"Oscar Adri\u00e1n Luna Contrario al acuerdo alcanzado hace dos meses entre los grupos antag\u00f3nicos de Zacualpan, esta tarde la Procuradur\u00eda Agraria (PA) revivi\u00f3 el conflicto interno al convocar a la elecci\u00f3n de un nuevo Comisariado de Bienes Comunales y su Consejo de Vigilancia. En entrevista con Jos\u00e9 Mart\u00edn Pe\u00f1a Guzm\u00e1n,\u2026","rel":"","context":"En &quot;CINTILLO&quot;","block_context":{"text":"CINTILLO","link":"http:\/\/www.grieta.org.mx\/index.php\/category\/cintillo\/"},"img":{"alt_text":"","src":"https:\/\/i0.wp.com\/www.grieta.org.mx\/wp-content\/uploads\/2018\/03\/14524434_1106112876131411_958039263622046936_o.jpg?resize=350%2C200","width":350,"height":200,"srcset":"https:\/\/i0.wp.com\/www.grieta.org.mx\/wp-content\/uploads\/2018\/03\/14524434_1106112876131411_958039263622046936_o.jpg?resize=350%2C200 1x, https:\/\/i0.wp.com\/www.grieta.org.mx\/wp-content\/uploads\/2018\/03\/14524434_1106112876131411_958039263622046936_o.jpg?resize=525%2C300 1.5x, https:\/\/i0.wp.com\/www.grieta.org.mx\/wp-content\/uploads\/2018\/03\/14524434_1106112876131411_958039263622046936_o.jpg?resize=700%2C400 2x"},"classes":[]}],"_links":{"self":[{"href":"http:\/\/www.grieta.org.mx\/index.php\/wp-json\/wp\/v2\/posts\/2668","targetHints":{"allow":["GET"]}}],"collection":[{"href":"http:\/\/www.grieta.org.mx\/index.php\/wp-json\/wp\/v2\/posts"}],"about":[{"href":"http:\/\/www.grieta.org.mx\/index.php\/wp-json\/wp\/v2\/types\/post"}],"author":[{"embeddable":true,"href":"http:\/\/www.grieta.org.mx\/index.php\/wp-json\/wp\/v2\/users\/2"}],"replies":[{"embeddable":true,"href":"http:\/\/www.grieta.org.mx\/index.php\/wp-json\/wp\/v2\/comments?post=2668"}],"version-history":[{"count":1,"href":"http:\/\/www.grieta.org.mx\/index.php\/wp-json\/wp\/v2\/posts\/2668\/revisions"}],"predecessor-version":[{"id":2669,"href":"http:\/\/www.grieta.org.mx\/index.php\/wp-json\/wp\/v2\/posts\/2668\/revisions\/2669"}],"wp:featuredmedia":[{"embeddable":true,"href":"http:\/\/www.grieta.org.mx\/index.php\/wp-json\/wp\/v2\/media\/21928"}],"wp:attachment":[{"href":"http:\/\/www.grieta.org.mx\/index.php\/wp-json\/wp\/v2\/media?parent=2668"}],"wp:term":[{"taxonomy":"category","embeddable":true,"href":"http:\/\/www.grieta.org.mx\/index.php\/wp-json\/wp\/v2\/categories?post=2668"},{"taxonomy":"post_tag","embeddable":true,"href":"http:\/\/www.grieta.org.mx\/index.php\/wp-json\/wp\/v2\/tags?post=2668"}],"curies":[{"name":"wp","href":"https:\/\/api.w.org\/{rel}","templated":true}]}}