{"id":2664,"date":"2014-12-30T10:27:15","date_gmt":"2014-12-30T10:27:15","guid":{"rendered":"http:\/\/50.22.11.12\/~grietaor\/?p=2664"},"modified":"2016-03-13T10:29:14","modified_gmt":"2016-03-13T10:29:14","slug":"grupo-ligado-al-pri-mantiene-encerrados-a-comuneros-de-zacualpan-en-manantial-ojo-de-agua","status":"publish","type":"post","link":"http:\/\/www.grieta.org.mx\/index.php\/2014\/12\/30\/grupo-ligado-al-pri-mantiene-encerrados-a-comuneros-de-zacualpan-en-manantial-ojo-de-agua\/","title":{"rendered":"Grupo ligado al PRI mantiene \u2018encerrados\u2019 a comuneros de Zacualpan en manantial Ojo de Agua"},"content":{"rendered":"<p>Por: Redacci\u00f3n Colima 3.0 \/ 30 diciembre, 2014<br \/>\nEntre forcejeos y gritos, el comisariado de Bienes Comunales de la comunidad ind\u00edgena de Zacualpan, encabezado por Taurino Rinc\u00f3n Lorenzo, junto con habitantes miembros del Consejo Ind\u00edgena por la Defensa del Territorio de Zacualpan (CIDTZ), recuperaron las instalaciones del parque ecotur\u00edstico Ojo de Agua, que se encontraba tomado por simpatizantes del comisario depuesto Carlos Guzm\u00e1n, adem\u00e1s ligados al Partido Revolucionario Institucional (PRI).<\/p>\n<p>Al momento en que se llev\u00f3 a cabo la toma de las instalaciones, se registraron jaloneos y discusiones fuertes entre ambos bandos, sin embargo, hasta el momento no se han registrado heridos, de acuerdo a las declaraciones que la integrante del CIDTZ Dilva Pe\u00f1a dio para Colima 3.0 v\u00eda telef\u00f3nica.<\/p>\n<p>A pesar de que la nueva dirigencia ya tom\u00f3 el control del balneario, el grupo que manten\u00eda la administraci\u00f3n mediante la fuerza y de manera ilegal, se han plantado a la entrada del manantial portando machetes, palos y piedras, impidiendo la entrada o salida de cualquier persona, por lo que mantienen en el interior a los integrantes del comisariado de Bienes Comunales y del CIDTZ.<\/p>\n<p>Alrededor de 30 patrullas de la polic\u00eda estatal, municipal, federal y de la Procuradur\u00eda General de Justicia del Estado se mantienen en el lugar como espectadores, por lo que algunos habitantes protestan por su nula participaci\u00f3n para restablecer el orden, aun cuando est\u00e1n presenciando los actos realizados por los agresores, quienes alcanzan las 20 personas aproximadamente.<\/p>\n<p>Hasta el momento, los simpatizantes de Carlos Guzm\u00e1n se rehusan a abandonar las instalaciones del balneario, a\u00fan cuando en asamblea se eligi\u00f3 una nueva presidencia de Bienes Comunales, as\u00ed como un nuevo ayudante de la administraci\u00f3n del parque, cargo obtenido por mayor\u00eda de votos en la asamblea del 28 de diciembre por Regino Pe\u00f1a Quirino. Los momentos de tensi\u00f3n persisten a pesar de una numerosa presencia policiaca.<\/p>\n<p>La toma de las instalaciones por parte de las nuevas autoridades comunales se hab\u00eda programado para el d\u00eda de ayer, pero el intento se vio frustrado por la resistencia de los que en ese momento ocupaban de forma ilegal el balneario y por la nula participaci\u00f3n de la polic\u00eda municipal, que como en esta ocasi\u00f3n, se limit\u00f3 a observar lo acontecido sin actuar para hacer valer la decisi\u00f3n de la asamblea.<\/p>\n<p><a href=\"http:\/\/colimatrespuntocero.com\/grupo-ligado-al-pri-mantiene-encerrados-a-comuneros-de-zacualpan-en-manantial-ojo-de-agua\/\" target=\"_blank\">http:\/\/colimatrespuntocero.com\/grupo-ligado-al-pri-mantiene-encerrados-a-comuneros-de-zacualpan-en-manantial-ojo-de-agua\/<\/a><\/p>\n","protected":false},"excerpt":{"rendered":"<p>Por: Redacci\u00f3n Colima 3.0 \/ 30 diciembre, 2014 Entre forcejeos y gritos, el comisariado de Bienes Comunales de la comunidad ind\u00edgena de Zacualpan, encabezado por Taurino Rinc\u00f3n Lorenzo, junto con &hellip; <a href=\"http:\/\/www.grieta.org.mx\/index.php\/2014\/12\/30\/grupo-ligado-al-pri-mantiene-encerrados-a-comuneros-de-zacualpan-en-manantial-ojo-de-agua\/\" class=\"more-link\">Leer m\u00e1s<\/a><\/p>\n","protected":false},"author":2,"featured_media":21928,"comment_status":"closed","ping_status":"open","sticky":false,"template":"","format":"standard","meta":{"ngg_post_thumbnail":0,"_jetpack_newsletter_access":"","_jetpack_dont_email_post_to_subs":false,"_jetpack_newsletter_tier_id":0,"_jetpack_memberships_contains_paywalled_content":false,"_jetpack_memberships_contains_paid_content":false,"footnotes":""},"categories":[80,108],"tags":[227,226],"class_list":["post-2664","post","type-post","status-publish","format-standard","has-post-thumbnail","hentry","category-cintillo","category-colima","tag-14-zacualpan","tag-mineria-en-zacualpan","entry"],"jetpack_featured_media_url":"http:\/\/www.grieta.org.mx\/wp-content\/uploads\/2018\/03\/14524434_1106112876131411_958039263622046936_o.jpg","jetpack_sharing_enabled":true,"jetpack_shortlink":"https:\/\/wp.me\/p7ZJR4-GY","jetpack_likes_enabled":false,"jetpack-related-posts":[{"id":9591,"url":"http:\/\/www.grieta.org.mx\/index.php\/2016\/03\/25\/quiere-nacho-remover-a-presidente-de-zacualpan\/","url_meta":{"origin":2664,"position":0},"title":"Quiere Nacho remover a presidente de Zacualpan","author":"grieta","date":"25 marzo, 2016","format":false,"excerpt":"Redacci\u00f3n Perriodismo El gobierno de Ignacio Peralta S\u00e1nchez busca la renuncia de Taurino Rinc\u00f3n Lorenzo como presidente del Comisariado de Bienes Comunales de Zacualpan. A trav\u00e9s de un comunicado, el Consejo Ind\u00edgena por la Defensa del Territorio de Zacualpan (CIDTZ) denunci\u00f3 que Agust\u00edn Morales Anguiano, secretario de Desarrollo Rural, les\u2026","rel":"","context":"En &quot;CINTILLO&quot;","block_context":{"text":"CINTILLO","link":"http:\/\/www.grieta.org.mx\/index.php\/category\/cintillo\/"},"img":{"alt_text":"","src":"https:\/\/i0.wp.com\/www.grieta.org.mx\/wp-content\/uploads\/2018\/03\/14524434_1106112876131411_958039263622046936_o.jpg?resize=350%2C200","width":350,"height":200,"srcset":"https:\/\/i0.wp.com\/www.grieta.org.mx\/wp-content\/uploads\/2018\/03\/14524434_1106112876131411_958039263622046936_o.jpg?resize=350%2C200 1x, https:\/\/i0.wp.com\/www.grieta.org.mx\/wp-content\/uploads\/2018\/03\/14524434_1106112876131411_958039263622046936_o.jpg?resize=525%2C300 1.5x, https:\/\/i0.wp.com\/www.grieta.org.mx\/wp-content\/uploads\/2018\/03\/14524434_1106112876131411_958039263622046936_o.jpg?resize=700%2C400 2x"},"classes":[]},{"id":9594,"url":"http:\/\/www.grieta.org.mx\/index.php\/2016\/03\/27\/y-ahora-los-policias-bloquean-manantial-de-zacualpan\/","url_meta":{"origin":2664,"position":1},"title":"Y ahora, los polic\u00edas bloquean manantial de Zacualpan","author":"grieta","date":"27 marzo, 2016","format":false,"excerpt":"Redacci\u00f3n Perriodismo Aunque el viernes se dijeron \u201cneutrales\u201d en el conflicto de Zacualpan, elementos de la Polic\u00eda Estatal impidieron hoy el acceso de turistas al balneario Ojo de Agua. A trav\u00e9s de un comunicado de prensa, el Consejo Ind\u00edgena por la Defensa del Territorio de Zacualpan (CIDTZ) inform\u00f3 que esta\u2026","rel":"","context":"En &quot;CINTILLO&quot;","block_context":{"text":"CINTILLO","link":"http:\/\/www.grieta.org.mx\/index.php\/category\/cintillo\/"},"img":{"alt_text":"","src":"https:\/\/i0.wp.com\/www.grieta.org.mx\/wp-content\/uploads\/2018\/03\/14524434_1106112876131411_958039263622046936_o.jpg?resize=350%2C200","width":350,"height":200,"srcset":"https:\/\/i0.wp.com\/www.grieta.org.mx\/wp-content\/uploads\/2018\/03\/14524434_1106112876131411_958039263622046936_o.jpg?resize=350%2C200 1x, https:\/\/i0.wp.com\/www.grieta.org.mx\/wp-content\/uploads\/2018\/03\/14524434_1106112876131411_958039263622046936_o.jpg?resize=525%2C300 1.5x, https:\/\/i0.wp.com\/www.grieta.org.mx\/wp-content\/uploads\/2018\/03\/14524434_1106112876131411_958039263622046936_o.jpg?resize=700%2C400 2x"},"classes":[]},{"id":2659,"url":"http:\/\/www.grieta.org.mx\/index.php\/2015\/02\/18\/gobernador-y-procurador-se-deslindaron-del-bloqueo-en-el-balneario-de-zacualpan-cidtz\/","url_meta":{"origin":2664,"position":2},"title":"Gobernador y procurador se deslindaron del bloqueo en el balneario de Zacualpan: CIDTZ","author":"grieta","date":"18 febrero, 2015","format":false,"excerpt":"Por: Dilva Ch\u00e1vez \/ 18 febrero, 2015 Colima 3.0 El gobernador del estado, Mario Anguiano Moreno, y el procurador de Justicia, Marcos Santana Montes, negaron tener relaci\u00f3n alguna con el bloqueo del ecoparque \u201cOjo de Agua\u201d, declar\u00f3 Rosal\u00edo Mart\u00ednez, integrante del Consejo Ind\u00edgena en Defensa del Territorio de Zacualpan (CIDTZ).\u2026","rel":"","context":"En &quot;CINTILLO&quot;","block_context":{"text":"CINTILLO","link":"http:\/\/www.grieta.org.mx\/index.php\/category\/cintillo\/"},"img":{"alt_text":"","src":"https:\/\/i0.wp.com\/www.grieta.org.mx\/wp-content\/uploads\/2018\/03\/14524434_1106112876131411_958039263622046936_o.jpg?resize=350%2C200","width":350,"height":200,"srcset":"https:\/\/i0.wp.com\/www.grieta.org.mx\/wp-content\/uploads\/2018\/03\/14524434_1106112876131411_958039263622046936_o.jpg?resize=350%2C200 1x, https:\/\/i0.wp.com\/www.grieta.org.mx\/wp-content\/uploads\/2018\/03\/14524434_1106112876131411_958039263622046936_o.jpg?resize=525%2C300 1.5x, https:\/\/i0.wp.com\/www.grieta.org.mx\/wp-content\/uploads\/2018\/03\/14524434_1106112876131411_958039263622046936_o.jpg?resize=700%2C400 2x"},"classes":[]},{"id":1931,"url":"http:\/\/www.grieta.org.mx\/index.php\/2016\/08\/08\/lucha-y-resistencia-de-la-comunidad-nahua-de-zacualpan\/","url_meta":{"origin":2664,"position":3},"title":"Resistencia de la comunidad nahua de Zacualpan contra la miner\u00eda.","author":"grieta","date":"8 agosto, 2016","format":false,"excerpt":"08\/08\/16. Tomar\u00e1 posesi\u00f3n Taurino Rinc\u00f3n del manantial Ojo de Agua en ZacualpanColima Noticias 03\/04\/16. Que Nacho no se meta con ZacualpanPerriodismo 01\/04\/16. Protestan en Zacualpan contra nuevo presidente de Junta MunicipalPerriodismo 29\/03\/16. Autoridad comunal de Zacualpan rompe el di\u00e1logo con el gobierno; pide intervenci\u00f3n del CongresoDiario Avanzada 27\/03\/16. Y ahora,\u2026","rel":"","context":"En &quot;14. Zacualpan&quot;","block_context":{"text":"14. Zacualpan","link":"http:\/\/www.grieta.org.mx\/index.php\/category\/espejos-de-la-resistencia\/14-zacualpan\/"},"img":{"alt_text":"","src":"https:\/\/i0.wp.com\/www.grieta.org.mx\/wp-content\/uploads\/2018\/03\/14524434_1106112876131411_958039263622046936_o.jpg?resize=350%2C200","width":350,"height":200,"srcset":"https:\/\/i0.wp.com\/www.grieta.org.mx\/wp-content\/uploads\/2018\/03\/14524434_1106112876131411_958039263622046936_o.jpg?resize=350%2C200 1x, https:\/\/i0.wp.com\/www.grieta.org.mx\/wp-content\/uploads\/2018\/03\/14524434_1106112876131411_958039263622046936_o.jpg?resize=525%2C300 1.5x, https:\/\/i0.wp.com\/www.grieta.org.mx\/wp-content\/uploads\/2018\/03\/14524434_1106112876131411_958039263622046936_o.jpg?resize=700%2C400 2x"},"classes":[]},{"id":2661,"url":"http:\/\/www.grieta.org.mx\/index.php\/2015\/01\/14\/priistas-de-zacualpan-agreden-a-activistas-durante-jornadas-informativas-en-contra-de-la-mineria\/","url_meta":{"origin":2664,"position":4},"title":"Priistas de Zacualpan agreden a activistas durante jornadas informativas en contra de la miner\u00eda","author":"grieta","date":"14 enero, 2015","format":false,"excerpt":"Colima 3.0 Por: Jonathan N\u00fa\u00f1ez \/ 14 enero, 2015 Mientras se celebraba un evento informativo en contra de la Miner\u00eda en el jard\u00edn principal de Villa de \u00c1lvarez, organizado por el Frente Colimense en Defensa de la Tierra, el Agua y la Vida (FCDTAV) adem\u00e1s de la recolecta de v\u00edveres\u2026","rel":"","context":"En &quot;CINTILLO&quot;","block_context":{"text":"CINTILLO","link":"http:\/\/www.grieta.org.mx\/index.php\/category\/cintillo\/"},"img":{"alt_text":"","src":"https:\/\/i0.wp.com\/www.grieta.org.mx\/wp-content\/uploads\/2018\/03\/14524434_1106112876131411_958039263622046936_o.jpg?resize=350%2C200","width":350,"height":200,"srcset":"https:\/\/i0.wp.com\/www.grieta.org.mx\/wp-content\/uploads\/2018\/03\/14524434_1106112876131411_958039263622046936_o.jpg?resize=350%2C200 1x, https:\/\/i0.wp.com\/www.grieta.org.mx\/wp-content\/uploads\/2018\/03\/14524434_1106112876131411_958039263622046936_o.jpg?resize=525%2C300 1.5x, https:\/\/i0.wp.com\/www.grieta.org.mx\/wp-content\/uploads\/2018\/03\/14524434_1106112876131411_958039263622046936_o.jpg?resize=700%2C400 2x"},"classes":[]},{"id":6095,"url":"http:\/\/www.grieta.org.mx\/index.php\/2016\/03\/26\/vuelve-la-violencia-a-zacualpan-rema-pide-intervencion-de-organismos-de-derechos-humanos\/","url_meta":{"origin":2664,"position":5},"title":"Vuelve la violencia a Zacualpan; Rema pide intervenci\u00f3n de organismos de derechos humanos","author":"grieta","date":"26 marzo, 2016","format":false,"excerpt":"Colima, M\u00e9xico, Avanzada (26\/03\/2016).- Siete integrantes del Consejo Ind\u00edgena por la Defensa del Territorio de Zacualpan (CIDTZ) resultaron heridos tras un ataque con piedras perpetrado por seguidores del priista Carlos Guzm\u00e1n Teodoro, expresidente de Bienes Comunales de esa poblaci\u00f3n, denunci\u00f3 la Red Mexicana de Afectados por la Miner\u00eda (Rema). De\u2026","rel":"","context":"En &quot;CINTILLO&quot;","block_context":{"text":"CINTILLO","link":"http:\/\/www.grieta.org.mx\/index.php\/category\/cintillo\/"},"img":{"alt_text":"","src":"https:\/\/i0.wp.com\/www.grieta.org.mx\/wp-content\/uploads\/2018\/03\/14524434_1106112876131411_958039263622046936_o.jpg?resize=350%2C200","width":350,"height":200,"srcset":"https:\/\/i0.wp.com\/www.grieta.org.mx\/wp-content\/uploads\/2018\/03\/14524434_1106112876131411_958039263622046936_o.jpg?resize=350%2C200 1x, https:\/\/i0.wp.com\/www.grieta.org.mx\/wp-content\/uploads\/2018\/03\/14524434_1106112876131411_958039263622046936_o.jpg?resize=525%2C300 1.5x, https:\/\/i0.wp.com\/www.grieta.org.mx\/wp-content\/uploads\/2018\/03\/14524434_1106112876131411_958039263622046936_o.jpg?resize=700%2C400 2x"},"classes":[]}],"_links":{"self":[{"href":"http:\/\/www.grieta.org.mx\/index.php\/wp-json\/wp\/v2\/posts\/2664","targetHints":{"allow":["GET"]}}],"collection":[{"href":"http:\/\/www.grieta.org.mx\/index.php\/wp-json\/wp\/v2\/posts"}],"about":[{"href":"http:\/\/www.grieta.org.mx\/index.php\/wp-json\/wp\/v2\/types\/post"}],"author":[{"embeddable":true,"href":"http:\/\/www.grieta.org.mx\/index.php\/wp-json\/wp\/v2\/users\/2"}],"replies":[{"embeddable":true,"href":"http:\/\/www.grieta.org.mx\/index.php\/wp-json\/wp\/v2\/comments?post=2664"}],"version-history":[{"count":1,"href":"http:\/\/www.grieta.org.mx\/index.php\/wp-json\/wp\/v2\/posts\/2664\/revisions"}],"predecessor-version":[{"id":2666,"href":"http:\/\/www.grieta.org.mx\/index.php\/wp-json\/wp\/v2\/posts\/2664\/revisions\/2666"}],"wp:featuredmedia":[{"embeddable":true,"href":"http:\/\/www.grieta.org.mx\/index.php\/wp-json\/wp\/v2\/media\/21928"}],"wp:attachment":[{"href":"http:\/\/www.grieta.org.mx\/index.php\/wp-json\/wp\/v2\/media?parent=2664"}],"wp:term":[{"taxonomy":"category","embeddable":true,"href":"http:\/\/www.grieta.org.mx\/index.php\/wp-json\/wp\/v2\/categories?post=2664"},{"taxonomy":"post_tag","embeddable":true,"href":"http:\/\/www.grieta.org.mx\/index.php\/wp-json\/wp\/v2\/tags?post=2664"}],"curies":[{"name":"wp","href":"https:\/\/api.w.org\/{rel}","templated":true}]}}