{"id":26637,"date":"2018-09-15T12:14:15","date_gmt":"2018-09-15T17:14:15","guid":{"rendered":"http:\/\/www.grieta.org.mx\/?p=26637"},"modified":"2018-09-22T12:30:15","modified_gmt":"2018-09-22T17:30:15","slug":"policias-de-la-cdmx-detienen-a-dos-defensores-del-agua-cuando-documentaban-en-el-planton-azteca","status":"publish","type":"post","link":"http:\/\/www.grieta.org.mx\/index.php\/2018\/09\/15\/policias-de-la-cdmx-detienen-a-dos-defensores-del-agua-cuando-documentaban-en-el-planton-azteca\/","title":{"rendered":"Polic\u00edas de la CDMX detienen a dos defensores del agua cuando documentaban en el plant\u00f3n Azteca"},"content":{"rendered":"<p>Redacci\u00f3n\/somos el medio<\/p>\n<p><strong>CDMX, 15 de septiembre 2018.-<\/strong>\u00a0Polic\u00edas de la Secretaria de Seguridad P\u00fablica de la Ciudad de M\u00e9xico, detuvieron a dos activistas que realizaban una transmisi\u00f3n en vivo donde denunciaban la afectaci\u00f3n a la v\u00eda p\u00fablica que la inmobiliaria Quiero Casa realizaba sobre la banqueta.<\/p>\n<p>Al rededor de las\u00a010:30 horas Gustavo L\u00f3pez Rosas y Vicente Ram\u00f3n Soria, fueron detenidos con lujo de violencia por polic\u00edas de la SSP-CDMX.<\/p>\n<div class=\"SandboxRoot env-bp-350\" data-twitter-event-id=\"0\">\n<div id=\"twitter-widget-0\" class=\"EmbeddedTweet EmbeddedTweet--edge EmbeddedTweet--mediaForward media-forward js-clickToOpenTarget js-tweetIdInfo tweet-InformationCircle-widgetParent\" lang=\"es\" data-click-to-open-target=\"https:\/\/twitter.com\/Somoselmedio\/status\/1041037005595934720\" data-iframe-title=\"Tweet de Twitter\" data-scribe=\"page:tweet\" data-tweet-id=\"1041037005595934720\" data-twitter-event-id=\"1\">\n<article class=\"MediaCard\n           MediaCard--mediaForward\n\n           cards-multimedia\n           customisable-border\" dir=\"ltr\" data-scribe=\"component:card\"><\/p>\n<div class=\"MediaCard-media\">\n<div class=\"MediaCard-widthConstraint js-cspForcedStyle\" data-style=\"max-width: 2000px\">\n<div class=\"MediaCard-mediaContainer js-cspForcedStyle\" data-style=\"padding-bottom: 56.2500%\">\n<p>La detenci\u00f3n sucedi\u00f3 en el plant\u00f3n de Aztecas 215 cuando denunciaban una construcci\u00f3n ilegal por parte de la inmobiliaria Quiero Casa que bloqueaba el paso peatonal. Testigos declararon en entrevista para Somoselmedio que los activistas fueron golpeados, dos mujeres que se encontraban en lugar e intentaron documentar los hechos tambi\u00e9n fueron golpeadas, incluso una de ellas recibi\u00f3 un disparo de bala de goma.<\/p>\n<p>La Asamblea General de los Pueblos, Barrios, Colonias y Pedregales de Coyoac\u00e1n convocaron a una concentraci\u00f3n frente al Ministerio P\u00fablico 22A para exigir al gobierno de la Ciudad de M\u00e9xico la inmediata libertad de los activistas y una investigaci\u00f3n a los polic\u00edas.<\/p>\n<p>A las 15:30 horas, el\u00a0Ministerio P\u00fablico 22A liber\u00f3\u00a0 los dos activistas detenidos fueron puestos en libertad sin ning\u00fan cargo. Denunciaron que los polic\u00edas no entregaron dos celulares con los que realizaban la transmisi\u00f3n.<\/p>\n<p>Desde el 2016, la asamblea de los Pedregales de Coyoac\u00e1n, al sur de la Ciudad de M\u00e9xico, han protestado contra las obras del proyecto de la Inmobiliaria Quiero Casa ubicado en Aztecas 215, para denunciar las afectaciones causadas al manto fre\u00e1tico y exigir la cancelaci\u00f3n del negocio inmobiliario el cual contempla 377 departamentos y 683 cajones de estacionamiento.<\/p>\n<p><a href=\"https:\/\/www.somoselmedio.com\/2018\/09\/15\/policias-de-la-cdmx-detienen-a-dos-defensores-del-agua-cuando-documentaban-en-el-planton-azteca\/\">https:\/\/www.somoselmedio.com\/2018\/09\/15\/policias-de-la-cdmx-detienen-a-dos-defensores-del-agua-cuando-documentaban-en-el-planton-azteca\/<\/a><\/p>\n<\/div>\n<\/div>\n<\/div>\n<\/article>\n<\/div>\n<\/div>\n","protected":false},"excerpt":{"rendered":"<p>Redacci\u00f3n\/somos el medio CDMX, 15 de septiembre 2018.-\u00a0Polic\u00edas de la Secretaria de Seguridad P\u00fablica de la Ciudad de M\u00e9xico, detuvieron a dos activistas que realizaban una transmisi\u00f3n en vivo donde &hellip; <a href=\"http:\/\/www.grieta.org.mx\/index.php\/2018\/09\/15\/policias-de-la-cdmx-detienen-a-dos-defensores-del-agua-cuando-documentaban-en-el-planton-azteca\/\" class=\"more-link\">Leer m\u00e1s<\/a><\/p>\n","protected":false},"author":2,"featured_media":21928,"comment_status":"closed","ping_status":"closed","sticky":false,"template":"","format":"standard","meta":{"ngg_post_thumbnail":0,"_jetpack_newsletter_access":"","_jetpack_dont_email_post_to_subs":false,"_jetpack_newsletter_tier_id":0,"_jetpack_memberships_contains_paywalled_content":false,"_jetpack_memberships_contains_paid_content":false,"footnotes":""},"categories":[80,14,1044,2],"tags":[1210,1037,1740,1741],"class_list":["post-26637","post","type-post","status-publish","format-standard","has-post-thumbnail","hentry","category-cintillo","category-ciudad-de-mexico","category-desarrollos-inmobiliarios-en-la-ciudad-de-mexico","category-noticias-nacionales","tag-conflictos-por-desarrollos-inmobiliarios","tag-detenciones-arbitrarias","tag-planton-aztecas","tag-quiero-casa","entry"],"jetpack_featured_media_url":"http:\/\/www.grieta.org.mx\/wp-content\/uploads\/2018\/03\/14524434_1106112876131411_958039263622046936_o.jpg","jetpack_sharing_enabled":true,"jetpack_shortlink":"https:\/\/wp.me\/p7ZJR4-6VD","jetpack_likes_enabled":false,"jetpack-related-posts":[{"id":26442,"url":"http:\/\/www.grieta.org.mx\/index.php\/2018\/09\/15\/detiene-la-policia-de-la-ciudad-de-mexico-a-integrantes-de-la-asamblea-general-de-los-pueblos-barrios-y-colonias-de-coyoacan\/","url_meta":{"origin":26637,"position":0},"title":"Detiene la polic\u00eda de la Ciudad de M\u00e9xico a integrantes de la Asamblea General de los Pueblos, Barrios y Colonias de Coyoac\u00e1n","author":"grieta","date":"15 septiembre, 2018","format":false,"excerpt":"COLECTIVO GRIETA El d\u00eda de hoy, s\u00e1bado 15 de septiembre hacia las 10:30 hrs., polic\u00edas capitalinos detuvieron con lujo de violencia a Gustavo Rosas y Vicente Soria, defensores del manantial ubicado en el predio de Aztecas 215, donde la inmobiliaria \"Quiero Casa\" de los hermanos Shabot Cherem lleva dos a\u00f1os\u2026","rel":"","context":"En &quot;CINTILLO&quot;","block_context":{"text":"CINTILLO","link":"http:\/\/www.grieta.org.mx\/index.php\/category\/cintillo\/"},"img":{"alt_text":"","src":"https:\/\/i0.wp.com\/www.grieta.org.mx\/wp-content\/uploads\/2018\/03\/14524434_1106112876131411_958039263622046936_o.jpg?resize=350%2C200","width":350,"height":200,"srcset":"https:\/\/i0.wp.com\/www.grieta.org.mx\/wp-content\/uploads\/2018\/03\/14524434_1106112876131411_958039263622046936_o.jpg?resize=350%2C200 1x, https:\/\/i0.wp.com\/www.grieta.org.mx\/wp-content\/uploads\/2018\/03\/14524434_1106112876131411_958039263622046936_o.jpg?resize=525%2C300 1.5x, https:\/\/i0.wp.com\/www.grieta.org.mx\/wp-content\/uploads\/2018\/03\/14524434_1106112876131411_958039263622046936_o.jpg?resize=700%2C400 2x"},"classes":[]},{"id":36056,"url":"http:\/\/www.grieta.org.mx\/index.php\/2019\/07\/05\/onu-dh-condena-el-asesinato-de-la-activista-cristina-vazquez-en-la-cdmx\/","url_meta":{"origin":26637,"position":1},"title":"ONU-DH condena el asesinato de la activista Cristina V\u00e1zquez en la CDMX","author":"Admin","date":"5 julio, 2019","format":false,"excerpt":"Itzel Garc\u00eda \/ RADIO F\u00d3RMULA El asesinato de la defensora de derechos humanos Mar\u00eda Cristina V\u00e1zquez Chavarr\u00eda fue condenado por la Oficina en M\u00e9xico del Alto Comisionado de las Naciones Unidas para los Derechos Humanos (ONU-DH). V\u00e1zquez Chavarr\u00eda, quien fue asesinada en la Ciudad de M\u00e9xico, colaboraba en un movimiento\u2026","rel":"","context":"En &quot;CINTILLO&quot;","block_context":{"text":"CINTILLO","link":"http:\/\/www.grieta.org.mx\/index.php\/category\/cintillo\/"},"img":{"alt_text":"","src":"https:\/\/i0.wp.com\/www.grieta.org.mx\/wp-content\/uploads\/2019\/07\/onu-dh.jpg?resize=350%2C200","width":350,"height":200,"srcset":"https:\/\/i0.wp.com\/www.grieta.org.mx\/wp-content\/uploads\/2019\/07\/onu-dh.jpg?resize=350%2C200 1x, https:\/\/i0.wp.com\/www.grieta.org.mx\/wp-content\/uploads\/2019\/07\/onu-dh.jpg?resize=525%2C300 1.5x"},"classes":[]},{"id":58903,"url":"http:\/\/www.grieta.org.mx\/index.php\/2021\/04\/19\/vecinos-de-azcapotzalco-protestan-contra-construccion-de-mega-obras-ciudad-de-mexico\/","url_meta":{"origin":26637,"position":2},"title":"Vecinos de Azcapotzalco protestan contra construcci\u00f3n de mega obras (Ciudad de M\u00e9xico)","author":"grieta","date":"19 abril, 2021","format":false,"excerpt":"Ram\u00f3n Ram\u00edrez \/ Milenio Foto tomada de: Milenio Acusan que la alcald\u00eda ha realizado cambios de uso de suelo con el objetivo de permitir la construcci\u00f3n de obras que salen del n\u00famero de pisos.\u00a0 Vecinos de varias colonias en la alcald\u00eda Azcapotzalco bloquean la vialidad del Eje 3 norte Cuitl\u00e1huac\u2026","rel":"","context":"En &quot;CINTILLO&quot;","block_context":{"text":"CINTILLO","link":"http:\/\/www.grieta.org.mx\/index.php\/category\/cintillo\/"},"img":{"alt_text":"","src":"https:\/\/i0.wp.com\/www.grieta.org.mx\/wp-content\/uploads\/2021\/04\/Vecinos-de-Azcapotzalco-protestan-contra-construccion-de-mega-obras-cdmx-abr.jpg?resize=350%2C200","width":350,"height":200,"srcset":"https:\/\/i0.wp.com\/www.grieta.org.mx\/wp-content\/uploads\/2021\/04\/Vecinos-de-Azcapotzalco-protestan-contra-construccion-de-mega-obras-cdmx-abr.jpg?resize=350%2C200 1x, https:\/\/i0.wp.com\/www.grieta.org.mx\/wp-content\/uploads\/2021\/04\/Vecinos-de-Azcapotzalco-protestan-contra-construccion-de-mega-obras-cdmx-abr.jpg?resize=525%2C300 1.5x, https:\/\/i0.wp.com\/www.grieta.org.mx\/wp-content\/uploads\/2021\/04\/Vecinos-de-Azcapotzalco-protestan-contra-construccion-de-mega-obras-cdmx-abr.jpg?resize=700%2C400 2x"},"classes":[]},{"id":11577,"url":"http:\/\/www.grieta.org.mx\/index.php\/2016\/09\/02\/movilizaciones-contra-proyectos-inmobiliarios-en-la-ciudad-de-mexico\/","url_meta":{"origin":26637,"position":3},"title":"Protestas y organizaci\u00f3n contra proyectos inmobiliarios en la Ciudad de M\u00e9xico","author":"grieta","date":"2 septiembre, 2016","format":false,"excerpt":"01\/09\/16. Agua de predio de Aztecas 215 s\u00ed es potable: UNAM (CDMX)El Big data 01\/08\/16. Pobladores denuncian invasi\u00f3n descontrolada de construcciones en Xochimilco Desinform\u00e9monos 28\/07\/16. Vecinos de Xochimilco padecen \u201cefectos colaterales\u201d del boom inmobiliario El big data 24\/07\/16. Constructora rompi\u00f3 manantial en la CdMx y mil 500 millones de litros\u2026","rel":"","context":"En &quot;Ciudad de M\u00e9xico&quot;","block_context":{"text":"Ciudad de M\u00e9xico","link":"http:\/\/www.grieta.org.mx\/index.php\/category\/noticias-nacionales\/ciudad-de-mexico\/"},"img":{"alt_text":"","src":"https:\/\/i0.wp.com\/www.grieta.org.mx\/wp-content\/uploads\/2018\/03\/14524434_1106112876131411_958039263622046936_o.jpg?resize=350%2C200","width":350,"height":200,"srcset":"https:\/\/i0.wp.com\/www.grieta.org.mx\/wp-content\/uploads\/2018\/03\/14524434_1106112876131411_958039263622046936_o.jpg?resize=350%2C200 1x, https:\/\/i0.wp.com\/www.grieta.org.mx\/wp-content\/uploads\/2018\/03\/14524434_1106112876131411_958039263622046936_o.jpg?resize=525%2C300 1.5x, https:\/\/i0.wp.com\/www.grieta.org.mx\/wp-content\/uploads\/2018\/03\/14524434_1106112876131411_958039263622046936_o.jpg?resize=700%2C400 2x"},"classes":[]},{"id":51140,"url":"http:\/\/www.grieta.org.mx\/index.php\/2020\/06\/20\/vecinos-buscan-detener-mega-desarrollo-en-santa-fe-ciudad-de-mexico\/","url_meta":{"origin":26637,"position":4},"title":"Vecinos buscan detener mega-desarrollo en Santa Fe (Ciudad de M\u00e9xico)","author":"grieta","date":"20 junio, 2020","format":false,"excerpt":"El m\u00f3dulo estar\u00e1 en Puerta del Parque La Mexicana, frente a DownTown Santa Fe Foto: Especial Hanzel Forteza \/ Heraldo de M\u00e9xico Se tiene conocimiento que se pretende realizar la construcci\u00f3n de un proyecto \u2013 Habitacional Mixto \u2013 en el terreno que antes ocupaba el Colegio Grimm Los vecinos de\u2026","rel":"","context":"En &quot;CINTILLO&quot;","block_context":{"text":"CINTILLO","link":"http:\/\/www.grieta.org.mx\/index.php\/category\/cintillo\/"},"img":{"alt_text":"","src":"https:\/\/i0.wp.com\/www.grieta.org.mx\/wp-content\/uploads\/2020\/06\/Vecinos-buscan-detener-mega-desarrollo-en-Santa-Fe-cdmx-jun.jpg?resize=350%2C200","width":350,"height":200,"srcset":"https:\/\/i0.wp.com\/www.grieta.org.mx\/wp-content\/uploads\/2020\/06\/Vecinos-buscan-detener-mega-desarrollo-en-Santa-Fe-cdmx-jun.jpg?resize=350%2C200 1x, https:\/\/i0.wp.com\/www.grieta.org.mx\/wp-content\/uploads\/2020\/06\/Vecinos-buscan-detener-mega-desarrollo-en-Santa-Fe-cdmx-jun.jpg?resize=525%2C300 1.5x, https:\/\/i0.wp.com\/www.grieta.org.mx\/wp-content\/uploads\/2020\/06\/Vecinos-buscan-detener-mega-desarrollo-en-Santa-Fe-cdmx-jun.jpg?resize=700%2C400 2x, https:\/\/i0.wp.com\/www.grieta.org.mx\/wp-content\/uploads\/2020\/06\/Vecinos-buscan-detener-mega-desarrollo-en-Santa-Fe-cdmx-jun.jpg?resize=1050%2C600 3x"},"classes":[]},{"id":64983,"url":"http:\/\/www.grieta.org.mx\/index.php\/2022\/08\/30\/inmobiliarios-se-apropian-del-agua-en-la-cdmx-con-trampas-juridicas-denuncian\/","url_meta":{"origin":26637,"position":5},"title":"Inmobiliarios se apropian del agua en la CDMX con trampas jur\u00eddicas, denuncian","author":"grieta","date":"30 agosto, 2022","format":false,"excerpt":"24\/08\/22 Alberto Cuenca \/ CapitalCDMX En la CDMX se ha instaurado desde hace lustros una pol\u00edtica gubernamental que favorece al sector inmobiliario de lujo y a las grandes construcciones comerciales para que se apropien del agua. Las concesiones vigentes entregadas por autoridades dan cuenta de 4 millones 911 mil 776\u2026","rel":"","context":"En &quot;Ciudad de M\u00e9xico&quot;","block_context":{"text":"Ciudad de M\u00e9xico","link":"http:\/\/www.grieta.org.mx\/index.php\/category\/noticias-nacionales\/ciudad-de-mexico\/"},"img":{"alt_text":"","src":"https:\/\/i0.wp.com\/www.grieta.org.mx\/wp-content\/uploads\/2018\/03\/14524434_1106112876131411_958039263622046936_o.jpg?resize=350%2C200","width":350,"height":200,"srcset":"https:\/\/i0.wp.com\/www.grieta.org.mx\/wp-content\/uploads\/2018\/03\/14524434_1106112876131411_958039263622046936_o.jpg?resize=350%2C200 1x, https:\/\/i0.wp.com\/www.grieta.org.mx\/wp-content\/uploads\/2018\/03\/14524434_1106112876131411_958039263622046936_o.jpg?resize=525%2C300 1.5x, https:\/\/i0.wp.com\/www.grieta.org.mx\/wp-content\/uploads\/2018\/03\/14524434_1106112876131411_958039263622046936_o.jpg?resize=700%2C400 2x"},"classes":[]}],"_links":{"self":[{"href":"http:\/\/www.grieta.org.mx\/index.php\/wp-json\/wp\/v2\/posts\/26637","targetHints":{"allow":["GET"]}}],"collection":[{"href":"http:\/\/www.grieta.org.mx\/index.php\/wp-json\/wp\/v2\/posts"}],"about":[{"href":"http:\/\/www.grieta.org.mx\/index.php\/wp-json\/wp\/v2\/types\/post"}],"author":[{"embeddable":true,"href":"http:\/\/www.grieta.org.mx\/index.php\/wp-json\/wp\/v2\/users\/2"}],"replies":[{"embeddable":true,"href":"http:\/\/www.grieta.org.mx\/index.php\/wp-json\/wp\/v2\/comments?post=26637"}],"version-history":[{"count":1,"href":"http:\/\/www.grieta.org.mx\/index.php\/wp-json\/wp\/v2\/posts\/26637\/revisions"}],"predecessor-version":[{"id":26640,"href":"http:\/\/www.grieta.org.mx\/index.php\/wp-json\/wp\/v2\/posts\/26637\/revisions\/26640"}],"wp:featuredmedia":[{"embeddable":true,"href":"http:\/\/www.grieta.org.mx\/index.php\/wp-json\/wp\/v2\/media\/21928"}],"wp:attachment":[{"href":"http:\/\/www.grieta.org.mx\/index.php\/wp-json\/wp\/v2\/media?parent=26637"}],"wp:term":[{"taxonomy":"category","embeddable":true,"href":"http:\/\/www.grieta.org.mx\/index.php\/wp-json\/wp\/v2\/categories?post=26637"},{"taxonomy":"post_tag","embeddable":true,"href":"http:\/\/www.grieta.org.mx\/index.php\/wp-json\/wp\/v2\/tags?post=26637"}],"curies":[{"name":"wp","href":"https:\/\/api.w.org\/{rel}","templated":true}]}}