{"id":26626,"date":"2018-09-14T00:54:30","date_gmt":"2018-09-14T05:54:30","guid":{"rendered":"http:\/\/www.grieta.org.mx\/?p=26626"},"modified":"2018-09-20T01:03:28","modified_gmt":"2018-09-20T06:03:28","slug":"mexico-militarizado-un-pais-de-cotidianos-crimenes-de-lesa-humanidad","status":"publish","type":"post","link":"http:\/\/www.grieta.org.mx\/index.php\/2018\/09\/14\/mexico-militarizado-un-pais-de-cotidianos-crimenes-de-lesa-humanidad\/","title":{"rendered":"M\u00e9xico militarizado, un pa\u00eds de cotidianos cr\u00edmenes de lesa humanidad"},"content":{"rendered":"<p><img decoding=\"async\" data-attachment-id=\"26627\" data-permalink=\"http:\/\/www.grieta.org.mx\/index.php\/2018\/09\/14\/mexico-militarizado-un-pais-de-cotidianos-crimenes-de-lesa-humanidad\/zonaja-cerro-a\/\" data-orig-file=\"http:\/\/www.grieta.org.mx\/wp-content\/uploads\/2018\/09\/zonaja-cerro-a.jpg\" data-orig-size=\"800,533\" data-comments-opened=\"0\" data-image-meta=\"{&quot;aperture&quot;:&quot;0&quot;,&quot;credit&quot;:&quot;&quot;,&quot;camera&quot;:&quot;&quot;,&quot;caption&quot;:&quot;&quot;,&quot;created_timestamp&quot;:&quot;0&quot;,&quot;copyright&quot;:&quot;RASHIDE FRIAS&quot;,&quot;focal_length&quot;:&quot;0&quot;,&quot;iso&quot;:&quot;0&quot;,&quot;shutter_speed&quot;:&quot;0&quot;,&quot;title&quot;:&quot;&quot;,&quot;orientation&quot;:&quot;0&quot;}\" data-image-title=\"zonaja-cerro-a\" data-image-description=\"\" data-image-caption=\"\" data-medium-file=\"http:\/\/www.grieta.org.mx\/wp-content\/uploads\/2018\/09\/zonaja-cerro-a-300x200.jpg\" data-large-file=\"http:\/\/www.grieta.org.mx\/wp-content\/uploads\/2018\/09\/zonaja-cerro-a.jpg\" src=\"http:\/\/www.grieta.org.mx\/wp-content\/uploads\/2018\/09\/zonaja-cerro-a-300x200.jpg\" alt=\"\" width=\"100%\" class=\"aligncenter size-medium wp-image-26627\" srcset=\"http:\/\/www.grieta.org.mx\/wp-content\/uploads\/2018\/09\/zonaja-cerro-a-300x200.jpg 300w, http:\/\/www.grieta.org.mx\/wp-content\/uploads\/2018\/09\/zonaja-cerro-a-768x512.jpg 768w, http:\/\/www.grieta.org.mx\/wp-content\/uploads\/2018\/09\/zonaja-cerro-a-750x500.jpg 750w, http:\/\/www.grieta.org.mx\/wp-content\/uploads\/2018\/09\/zonaja-cerro-a.jpg 800w\" sizes=\"(max-width: 300px) 100vw, 300px\" \/><\/p>\n<p>AUTOR: Z\u00d3SIMO CAMACHO<\/p>\n<p>Los problemas ven\u00edan de mucho antes. Pero al incendio que ya era M\u00e9xico, se le ech\u00f3 gasolina: se orden\u00f3 la militarizaci\u00f3n del pa\u00eds. Hoy se trata de una maltrecha naci\u00f3n bajo \u201cataque sistem\u00e1tico y generalizado contra la poblaci\u00f3n civil\u201d. Es una de las conclusiones de un informe conjunto elaborado por la Organizaci\u00f3n Mundial contra la Tortura, la International Federation for Human Rights, la Comisi\u00f3n Mexicana de Defensa y Promoci\u00f3n de los Derechos Humanos (CMDPDH) e I(dh)eas: Litigio Estrat\u00e9gico en Derechos Humanos.<\/p>\n<p>Este embate generalizado inici\u00f3 el 11 de diciembre de 2006, cuando el entonces (impugnado) presidente Felipe Calder\u00f3n Hinojosa impuso una estrategia de guerra para supuestamente combatir a las drogas. Tal estrategia \u2013continuada por el presidente de Enrique Pe\u00f1a Nieto\u2013 desde un principio provoc\u00f3 una escalada de violencia sin precedentes con cr\u00edmenes de lesa humanidad, de los cuales \u201cen algunas regiones del pa\u00eds hay elementos suficientes para afirmar que se cometen de manera generalizada y en ocasiones sistem\u00e1tica contra la poblaci\u00f3n civil\u201d.<\/p>\n<p>Esta estrategia de combate a las drogas se ha centrado en desplegar miles de militares de las tres Fuerzas Armadas para emplear la fuerza letal en contra de integrantes de las organizaciones criminales. En espec\u00edfico, se\u00f1ala el informe titulado Cr\u00edmenes de lesa humanidad en el marco de la lucha contra las drogas, desde diciembre de 2006 a la fecha se han desplegado 640 mil 695 efectivos, en un promedio de 53 mil 391 por a\u00f1o. Tal violencia va acompa\u00f1ada de impunidad para la mayor\u00eda de los actores beligerantes (de todos los bandos): el 93 por ciento de los cr\u00edmenes no se investiga.<\/p>\n<p>El an\u00e1lisis de las organizaciones civiles mexicanas e internacionales establece que \u201cla intensidad y los patrones de violencia cometidos desde diciembre de 2006 en el marco de la implementaci\u00f3n de una pol\u00edtica de corte militar dirigida al combate al narcotr\u00e1fico, constituyen pruebas fehacientes de que los asesinatos, desapariciones forzadas y torturas perpetradas tanto por actores gubernamentales federales, como por miembros de la delincuencia organizada, al no ser posible considerarlos como actos aislados, s\u00f3lo pueden entenderse como cr\u00edmenes de lesa humanidad\u201d.<\/p>\n<p>Las cifras oficiales de asesinatos cometidos durante los dos \u00faltimos sexenios, que rondan los 200 mil, ya resultan impactantes \u2013como asever\u00f3 el Alto Comisionado de la Organizaci\u00f3n de las Naciones Unidas para los Derechos Humanos\u2013 para un pa\u00eds que no se encuentra en medio de un conflicto armado reconocido.<\/p>\n<p>\u201cDurante los a\u00f1os 2011 y 2017 se han registrado las tasas de homicidio m\u00e1s altas, con un total de 22 mil 852 y 25 mil 339 personas asesinadas respectivamente.\u201d<\/p>\n<p>El documento dispone de informaci\u00f3n de la Secretar\u00eda de la Defensa Nacional (Sedena), que se\u00f1ala que en los enfrentamientos armados en los que participaron efectivos de esta dependencia \u2013entre el 13 de enero de 2007 y el 5 de abril de 2014\u2013 murieron 209 militares, 3 mil 907 \u201cagresores\u201d y 60 v\u00edctimas ajenas a los hechos. Mientras, los heridos han sido 1  mil 184 militares, 1 mil 61 agresores y 213 v\u00edctimas.<\/p>\n<p>Y agrega: \u201cEs importante mencionar que existe un ocultamiento de las cifras en relaci\u00f3n a las personas heridas y fallecidas en enfrentamientos en donde participan las Fuerzas Armadas, ya que a partir del 6 de abril de 2014, la Sedena ya no da continuidad a registros de presuntos agresores muertos y heridos en enfrentamientos\u201d.<\/p>\n<p>Por otra parte, el documento se\u00f1ala que los militares en las calles han detenido a 80 mil 235 civiles.<\/p>\n<p>Adem\u00e1s, hasta junio de 2017, la Comisi\u00f3n Nacional de los Derechos Humanos (CNDH) hab\u00eda emitido 75 recomendaciones en las que se documentan asesinatos cometidos por elementos militares y policiacos. Cuarenta y ocho de ellas se\u00f1alan a las Fuerzas Armadas Mexicanas; 16 a la Polic\u00eda Federal, y ocho a polic\u00edas estatales y municipales.<\/p>\n<p>Y s\u00f3lo entre diciembre de 2012 y julio de 2014, la CNDH recibi\u00f3 1 mil 148 quejas por tortura atribuibles a las Fuerzas Armadas.<\/p>\n<p>En materia de desaparici\u00f3n forzada, el estudio cita al propio Registro Nacional de Personas Extraviadas o Desaparecidas, que al 1 de enero de este a\u00f1o consigna la cifra de 34 mil 656 personas reportadas como desaparecidas. Y se\u00f1ala:<\/p>\n<p>\u201cLa impunidad en temas de desaparici\u00f3n forzada es de tal nivel de gravedad que, en 10 a\u00f1os, del 1 de diciembre de 2006 al 31 de diciembre de 2016, s\u00f3lo se han emitido 11 sentencias por ese delito a nivel federal, y s\u00f3lo nueve de ellas son condenatorias.\u201d<\/p>\n<p>Los datos no se acaban. Con respecto de las fosas clandestinas, el estudio recoge que entre diciembre de 2006 y junio de 2017 se contabilizaron en 23 entidades de la Rep\u00fablica al menos 1 mil 610 fosas con 3 mil 36 cuerpos y 876 fragmentos de personas.<\/p>\n<p>Se trata apenas de un esbozo de los datos contenidos en el informe. Resulta un estudio revelador, toda vez que logra relacionar la comisi\u00f3n de cr\u00edmenes de lesa humanidad con una pol\u00edtica de Estado que los hace posible: la actual manera de \u201cenfrentar\u201d el narcotr\u00e1fico.<\/p>\n<p>La militarizaci\u00f3n del conflicto no s\u00f3lo es un fracaso \u2013si en verdad busca acabar con el trasiego de drogas\u2013. Es tambi\u00e9n un lastre para un pa\u00eds con millones de v\u00edctimas directas e indirectas.<\/p>\n<p>El pa\u00eds tendr\u00eda que empezar de inmediato un proceso de desmilitarizaci\u00f3n de la seguridad p\u00fablica y la seguridad ciudadana. \u00bfPor qu\u00e9 se mantiene una estrategia asesina? \u00bfPor qu\u00e9 el gobierno que entrar\u00e1 en funciones ha ido mudando su discurso y ha tenido que aceptar las condiciones de la jerarqu\u00eda militar? \u00bfPor qu\u00e9 ha tenido que recular en aquello de regresar a los militares a sus cuarteles? \u00bfNo se quiere someter el poder militar al civil?<\/p>\n<p><a href=\"https:\/\/www.contralinea.com.mx\/archivo-revista\/2018\/09\/14\/mexico-militarizado-un-pais-de-cotidianos-crimenes-de-lesa-humanidad\/\" rel=\"noopener\" target=\"_blank\">https:\/\/www.contralinea.com.mx\/archivo-revista\/2018\/09\/14\/mexico-militarizado-un-pais-de-cotidianos-crimenes-de-lesa-humanidad\/<\/a><\/p>\n","protected":false},"excerpt":{"rendered":"<p>AUTOR: Z\u00d3SIMO CAMACHO Los problemas ven\u00edan de mucho antes. Pero al incendio que ya era M\u00e9xico, se le ech\u00f3 gasolina: se orden\u00f3 la militarizaci\u00f3n del pa\u00eds. Hoy se trata de &hellip; <a href=\"http:\/\/www.grieta.org.mx\/index.php\/2018\/09\/14\/mexico-militarizado-un-pais-de-cotidianos-crimenes-de-lesa-humanidad\/\" class=\"more-link\">Leer m\u00e1s<\/a><\/p>\n","protected":false},"author":2,"featured_media":26627,"comment_status":"closed","ping_status":"closed","sticky":false,"template":"","format":"standard","meta":{"ngg_post_thumbnail":0,"_jetpack_newsletter_access":"","_jetpack_dont_email_post_to_subs":false,"_jetpack_newsletter_tier_id":0,"_jetpack_memberships_contains_paywalled_content":false,"_jetpack_memberships_contains_paid_content":false,"footnotes":""},"categories":[80,912,913,83],"tags":[1738,614],"class_list":["post-26626","post","type-post","status-publish","format-standard","has-post-thumbnail","hentry","category-cintillo","category-militarizacion","category-militarizacion-analisis","category-temas-nacionales","tag-crimenes-de-lesa-humanidad","tag-militarizacion","entry"],"jetpack_featured_media_url":"http:\/\/www.grieta.org.mx\/wp-content\/uploads\/2018\/09\/zonaja-cerro-a.jpg","jetpack_sharing_enabled":true,"jetpack_shortlink":"https:\/\/wp.me\/p7ZJR4-6Vs","jetpack_likes_enabled":false,"jetpack-related-posts":[{"id":14185,"url":"http:\/\/www.grieta.org.mx\/index.php\/2016\/06\/08\/jalisco-crimenes-de-lesa-humanidad\/","url_meta":{"origin":26626,"position":0},"title":"Jalisco: cr\u00edmenes de lesa humanidad","author":"grieta","date":"8 junio, 2016","format":false,"excerpt":"Sonia Serrano \u00cd\u00f1iguez En octubre de 2010, elementos militares ingresaron a una vivienda en Jalisco donde un grupo de hombres se preparaba para irse a trabajar al campo. La irrupci\u00f3n fue violenta y no hab\u00eda orden de arresto. Despu\u00e9s de una hora en la finca, se llevaron a seis hombres\u2026","rel":"","context":"En &quot;CINTILLO&quot;","block_context":{"text":"CINTILLO","link":"http:\/\/www.grieta.org.mx\/index.php\/category\/cintillo\/"},"img":{"alt_text":"","src":"https:\/\/i0.wp.com\/www.grieta.org.mx\/wp-content\/uploads\/2018\/03\/14524434_1106112876131411_958039263622046936_o.jpg?resize=350%2C200","width":350,"height":200,"srcset":"https:\/\/i0.wp.com\/www.grieta.org.mx\/wp-content\/uploads\/2018\/03\/14524434_1106112876131411_958039263622046936_o.jpg?resize=350%2C200 1x, https:\/\/i0.wp.com\/www.grieta.org.mx\/wp-content\/uploads\/2018\/03\/14524434_1106112876131411_958039263622046936_o.jpg?resize=525%2C300 1.5x, https:\/\/i0.wp.com\/www.grieta.org.mx\/wp-content\/uploads\/2018\/03\/14524434_1106112876131411_958039263622046936_o.jpg?resize=700%2C400 2x"},"classes":[]},{"id":52267,"url":"http:\/\/www.grieta.org.mx\/index.php\/2020\/07\/22\/organizaciones-presentan-amparos-contra-acuerdo-de-militarizacion\/","url_meta":{"origin":26626,"position":1},"title":"Organizaciones presentan amparos contra acuerdo de militarizaci\u00f3n","author":"grieta","date":"22 julio, 2020","format":false,"excerpt":"Alexis Ortiz\/El Universal 22 julio 2020 Organizaciones de la sociedad civil presentaron m\u00faltiples amparos contra un acuerdo publicado el 11 de mayo en el Diario Oficial de la Federaci\u00f3n (DOF), el cual permite que las Fuerzas Armadas participen en labores de seguridad hasta el 2024. El acuerdo fue publicado por\u2026","rel":"","context":"En &quot;CINTILLO&quot;","block_context":{"text":"CINTILLO","link":"http:\/\/www.grieta.org.mx\/index.php\/category\/cintillo\/"},"img":{"alt_text":"","src":"https:\/\/i0.wp.com\/www.grieta.org.mx\/wp-content\/uploads\/2020\/08\/mil-un.png?resize=350%2C200","width":350,"height":200,"srcset":"https:\/\/i0.wp.com\/www.grieta.org.mx\/wp-content\/uploads\/2020\/08\/mil-un.png?resize=350%2C200 1x, https:\/\/i0.wp.com\/www.grieta.org.mx\/wp-content\/uploads\/2020\/08\/mil-un.png?resize=525%2C300 1.5x"},"classes":[]},{"id":65258,"url":"http:\/\/www.grieta.org.mx\/index.php\/2022\/09\/13\/cndh-no-llevara-a-la-corte-pase-de-gn-al-ejercito-ya-no-hay-militarizacion-dice\/","url_meta":{"origin":26626,"position":2},"title":"CNDH no llevar\u00e1 a la Corte pase de GN al Ej\u00e9rcito; ya no hay militarizaci\u00f3n, dice","author":"grieta","date":"13 septiembre, 2022","format":false,"excerpt":"Redacci\u00f3n\/Aristegui Noticias 13 septiembre 2022 Derechos Humanos respalda los cambios aprobados en el Congreso de la Uni\u00f3n y publicados por el Presidente. La Comisi\u00f3n Nacional de los Derechos Humanos (CNDH) afirm\u00f3 que no presentar\u00e1 acci\u00f3n de inconstitucionalidad por las reformas que traspasan el control de la Guardia Nacional al Ej\u00e9rcito.\u2026","rel":"","context":"En &quot;CINTILLO&quot;","block_context":{"text":"CINTILLO","link":"http:\/\/www.grieta.org.mx\/index.php\/category\/cintillo\/"},"img":{"alt_text":"","src":"https:\/\/i0.wp.com\/www.grieta.org.mx\/wp-content\/uploads\/2022\/09\/ejercito-cndh-militarizacion-13092022.webp?resize=350%2C200","width":350,"height":200,"srcset":"https:\/\/i0.wp.com\/www.grieta.org.mx\/wp-content\/uploads\/2022\/09\/ejercito-cndh-militarizacion-13092022.webp?resize=350%2C200 1x, https:\/\/i0.wp.com\/www.grieta.org.mx\/wp-content\/uploads\/2022\/09\/ejercito-cndh-militarizacion-13092022.webp?resize=525%2C300 1.5x, https:\/\/i0.wp.com\/www.grieta.org.mx\/wp-content\/uploads\/2022\/09\/ejercito-cndh-militarizacion-13092022.webp?resize=700%2C400 2x, https:\/\/i0.wp.com\/www.grieta.org.mx\/wp-content\/uploads\/2022\/09\/ejercito-cndh-militarizacion-13092022.webp?resize=1050%2C600 3x"},"classes":[]},{"id":65316,"url":"http:\/\/www.grieta.org.mx\/index.php\/2022\/09\/19\/militarizacion-afecta-directa-e-indirectamente-a-las-mujeres-en-mexico\/","url_meta":{"origin":26626,"position":3},"title":"Militarizaci\u00f3n afecta directa e indirectamente a las mujeres en M\u00e9xico","author":"grieta","date":"19 septiembre, 2022","format":false,"excerpt":"Redacci\u00f3n\/ContraR\u00e9plica 19 septiembre 2022 La posible integraci\u00f3n de la Guardia Nacional (GN) a la Secretar\u00eda de la Defensa Nacional (Sedena) ha causado diversos cuestionamientos de organizaciones civiles y oposici\u00f3n al actual gobierno de M\u00e9xico. El 15 de septiembre de 2022, mujeres de la colectiva Hasta Encontrarte se pronunciaron en contra\u2026","rel":"","context":"En &quot;CINTILLO&quot;","block_context":{"text":"CINTILLO","link":"http:\/\/www.grieta.org.mx\/index.php\/category\/cintillo\/"},"img":{"alt_text":"","src":"https:\/\/i0.wp.com\/www.grieta.org.mx\/wp-content\/uploads\/2022\/09\/11d042e513be5f5b0d5d0c87e5c3e8df.jpg?resize=350%2C200","width":350,"height":200,"srcset":"https:\/\/i0.wp.com\/www.grieta.org.mx\/wp-content\/uploads\/2022\/09\/11d042e513be5f5b0d5d0c87e5c3e8df.jpg?resize=350%2C200 1x, https:\/\/i0.wp.com\/www.grieta.org.mx\/wp-content\/uploads\/2022\/09\/11d042e513be5f5b0d5d0c87e5c3e8df.jpg?resize=525%2C300 1.5x, https:\/\/i0.wp.com\/www.grieta.org.mx\/wp-content\/uploads\/2022\/09\/11d042e513be5f5b0d5d0c87e5c3e8df.jpg?resize=700%2C400 2x"},"classes":[]},{"id":63828,"url":"http:\/\/www.grieta.org.mx\/index.php\/2022\/03\/18\/un-paso-mas-hacia-la-militarizacion-del-pais-se-crea-guardia-civil-en-san-luis-potosi\/","url_meta":{"origin":26626,"position":4},"title":"Un paso m\u00e1s hacia la militarizaci\u00f3n del pa\u00eds; se crea Guardia Civil en San Luis Potos\u00ed","author":"grieta","date":"18 marzo, 2022","format":false,"excerpt":"Andrea Rivera Garc\u00eda\/Publ\u00edmetro 18 marzo 2022 El Congreso del estado aprob\u00f3 las iniciativas de ley que crean la Guardia Civil en San Luis Potos\u00ed, la cual tendr\u00e1 mando militar A dos meses de haberse presentado la iniciativa, el congreso de San Luis Potos\u00ed aprob\u00f3 por unanimidad la creaci\u00f3n de la\u2026","rel":"","context":"En &quot;CINTILLO&quot;","block_context":{"text":"CINTILLO","link":"http:\/\/www.grieta.org.mx\/index.php\/category\/cintillo\/"},"img":{"alt_text":"","src":"https:\/\/i0.wp.com\/www.grieta.org.mx\/wp-content\/uploads\/2022\/03\/RBIHRISZ3NBURCKAE63I2KRO2I.jpg?resize=350%2C200","width":350,"height":200,"srcset":"https:\/\/i0.wp.com\/www.grieta.org.mx\/wp-content\/uploads\/2022\/03\/RBIHRISZ3NBURCKAE63I2KRO2I.jpg?resize=350%2C200 1x, https:\/\/i0.wp.com\/www.grieta.org.mx\/wp-content\/uploads\/2022\/03\/RBIHRISZ3NBURCKAE63I2KRO2I.jpg?resize=525%2C300 1.5x, https:\/\/i0.wp.com\/www.grieta.org.mx\/wp-content\/uploads\/2022\/03\/RBIHRISZ3NBURCKAE63I2KRO2I.jpg?resize=700%2C400 2x"},"classes":[]},{"id":58237,"url":"http:\/\/www.grieta.org.mx\/index.php\/2021\/04\/07\/creciente-militarizacion-en-mexico-podria-provocar-violaciones-a-los-derechos-humanos-advierte-la-onu\/","url_meta":{"origin":26626,"position":5},"title":"Creciente militarizaci\u00f3n en M\u00e9xico podr\u00eda provocar violaciones a los derechos humanos, advierte la ONU","author":"grieta","date":"7 abril, 2021","format":false,"excerpt":"El Ej\u00e9rcito mexicano en un operativo. Foto: EFE. Latinus\/Latinus 7 abril 2021 AP.- La creciente participaci\u00f3n de las fuerzas armadas en las tareas de seguridad p\u00fablica y en varios proyectos del gobierno generan preocupaci\u00f3n en materia de respeto a los derechos humanos y de transparencia en M\u00e9xico, dijo este mi\u00e9rcoles\u2026","rel":"","context":"En &quot;CINTILLO&quot;","block_context":{"text":"CINTILLO","link":"http:\/\/www.grieta.org.mx\/index.php\/category\/cintillo\/"},"img":{"alt_text":"","src":"https:\/\/i0.wp.com\/www.grieta.org.mx\/wp-content\/uploads\/2021\/04\/colectivo-investigar-red-corrupcion-ejercito-cienfuegos-1024x529-1.jpg?resize=350%2C200","width":350,"height":200,"srcset":"https:\/\/i0.wp.com\/www.grieta.org.mx\/wp-content\/uploads\/2021\/04\/colectivo-investigar-red-corrupcion-ejercito-cienfuegos-1024x529-1.jpg?resize=350%2C200 1x, https:\/\/i0.wp.com\/www.grieta.org.mx\/wp-content\/uploads\/2021\/04\/colectivo-investigar-red-corrupcion-ejercito-cienfuegos-1024x529-1.jpg?resize=525%2C300 1.5x, https:\/\/i0.wp.com\/www.grieta.org.mx\/wp-content\/uploads\/2021\/04\/colectivo-investigar-red-corrupcion-ejercito-cienfuegos-1024x529-1.jpg?resize=700%2C400 2x"},"classes":[]}],"_links":{"self":[{"href":"http:\/\/www.grieta.org.mx\/index.php\/wp-json\/wp\/v2\/posts\/26626","targetHints":{"allow":["GET"]}}],"collection":[{"href":"http:\/\/www.grieta.org.mx\/index.php\/wp-json\/wp\/v2\/posts"}],"about":[{"href":"http:\/\/www.grieta.org.mx\/index.php\/wp-json\/wp\/v2\/types\/post"}],"author":[{"embeddable":true,"href":"http:\/\/www.grieta.org.mx\/index.php\/wp-json\/wp\/v2\/users\/2"}],"replies":[{"embeddable":true,"href":"http:\/\/www.grieta.org.mx\/index.php\/wp-json\/wp\/v2\/comments?post=26626"}],"version-history":[{"count":1,"href":"http:\/\/www.grieta.org.mx\/index.php\/wp-json\/wp\/v2\/posts\/26626\/revisions"}],"predecessor-version":[{"id":26628,"href":"http:\/\/www.grieta.org.mx\/index.php\/wp-json\/wp\/v2\/posts\/26626\/revisions\/26628"}],"wp:featuredmedia":[{"embeddable":true,"href":"http:\/\/www.grieta.org.mx\/index.php\/wp-json\/wp\/v2\/media\/26627"}],"wp:attachment":[{"href":"http:\/\/www.grieta.org.mx\/index.php\/wp-json\/wp\/v2\/media?parent=26626"}],"wp:term":[{"taxonomy":"category","embeddable":true,"href":"http:\/\/www.grieta.org.mx\/index.php\/wp-json\/wp\/v2\/categories?post=26626"},{"taxonomy":"post_tag","embeddable":true,"href":"http:\/\/www.grieta.org.mx\/index.php\/wp-json\/wp\/v2\/tags?post=26626"}],"curies":[{"name":"wp","href":"https:\/\/api.w.org\/{rel}","templated":true}]}}