{"id":266,"date":"2015-02-06T05:14:45","date_gmt":"2015-02-06T05:14:45","guid":{"rendered":"http:\/\/50.22.11.12\/~grietaor\/?p=266"},"modified":"2016-03-01T02:01:54","modified_gmt":"2016-03-01T02:01:54","slug":"iniciosin-categoria-papalotla-castigo-por-solidaridad-con-ayotzinapa-alumnos-a-la-intemperie-y-salones-para-politicos","status":"publish","type":"post","link":"http:\/\/www.grieta.org.mx\/index.php\/2015\/02\/06\/iniciosin-categoria-papalotla-castigo-por-solidaridad-con-ayotzinapa-alumnos-a-la-intemperie-y-salones-para-politicos\/","title":{"rendered":"Papalotla, castigo por solidaridad con Ayotzinapa: Alumnos a la intemperie y salones para pol\u00edticos"},"content":{"rendered":"<p>Por Salvador D\u00edaz S\u00e1nchez<\/p>\n<p>Papalotla con Ayotzinapa*<br \/>\nLos alumnos toman clase en el rayo del sol o en el fr\u00edo y las aulas convertidas en bodegas para actividades partidarias<\/p>\n<p>* POR APOYAR LA CAUSA DE LOS 43 NORMALISTAS DE AYOTZINAPA, EL PRESIDENTE DE PAPALOTLA PRETENDE DESAPARECER ESCUELA DE BELLAS ARTES<\/p>\n<p>Papalotla, Estado de M\u00e9xico, 2 de febrero de 2015.- Por participar en un acto cultural en apoyo a los 43 normalistas desaparecidos de Ayotzinapa, el 1\u00ba de diciembre pasado, el presidente priista de Papalotla, M\u00e9xico, Isaac Mendarozqueta Buenfil, pretende clausurar la Escuela de Bellas Artes de ese municipio, neg\u00e1ndole los m\u00e1s elementales apoyos, regateando mezquinamente las instalaciones municipales, e intentando destituir a la directora de la instituci\u00f3n, lo que constituye un artero ataque al arte y la cultura.<\/p>\n<p>A pesar de trabajar en condiciones miserables, en poco m\u00e1s de cuatro a\u00f1os de haber sido creado el centro educativo, \u201cEscuela de Bellas Artes de Papalotla\u201d, ha consolidado exitosamente grupos representativos de danza y teatro que despliegan su arte en diversos espacios culturales como el Centro Cultural Mexiquense Bicentenario, el Faro de Oriente, el Molino de Flores, la Feria del Caballo, casas de cultura y en distintas festivales, pero \u201cel presidente municipal intenta desaparecernos al dar la orden de no renovar el comodato para que ocupemos las instalaciones del DIF municipal, de retirar la vigilancia al edificio y de intentar manipular a madres y padres de familia para destituirme\u201d, denunci\u00f3 la directora de la instituci\u00f3n, \u00darsula Jim\u00e9nez D\u00edaz.<\/p>\n<p>Agreg\u00f3 que la escuela, que atiende por ahora una poblaci\u00f3n de 82 estudiantes \u2013desde 4 a\u00f1os hasta alumnos de tercera edad\u2013, ha tenido un largo proceso de lucha para lograr la Clave Escolar, en la que ella y los padres de familia se han movilizado mediante marchas, m\u00edtines y plantones en la capital del estado y realizando diversas gestiones en Toluca y en la SEP, \u201cincluso permanec\u00ed dos d\u00edas y dos noches en plant\u00f3n en Toluca mientras estaba embarazada y a punto de dar a luz, todo por conseguir un centro educacional de arte y cultura, pero las autoridades de Papalotla est\u00e1n peleados con el conocimiento y con el desarrollo espiritual de sus pobladores\u201d, agrega Jim\u00e9nez D\u00edaz, actriz egresada de Teatro de la Universidad Veracruzana.<\/p>\n<p>\u201cLa escuela comenz\u00f3 sus actividades en agosto de 2010 y obtuvo la Clave de la SEP (15EAR0060k) en mayo de 2011, sin embargo \u2013a\u00f1ade la directora\u2013 hemos enfrentado problemas con el Ayuntamiento de Papalotla desde el mismo 2011, en julio, cuando el anterior presidente Luis Enrique Islas Rinc\u00f3n arbitrariamente decidi\u00f3 quitar la clave de la instituci\u00f3n por un simple capricho de poder mediante sus palancas en el gobierno del Estado. Esto no nos desanim\u00f3 y despu\u00e9s de otro per\u00edodo de lucha junto con los padres de familia, la recuperamos en 2014, no obstante el alcalde se empe\u00f1a en querer manipular a la gente de la comunidad para destituirme de mi cargo.<\/p>\n<p>\u201cAs\u00ed \u2013explica \u00darsula Jim\u00e9nez\u2013 en vez de apoyarnos plenamente para que Papalotla destaque en estas actividades tan olvidadas como lo son las expresiones art\u00edsticas, solamente, en dos a\u00f1os de su gesti\u00f3n nos ha aportado 5 mil pesos para un campamento de escuelas de bellas artes y el pr\u00e9stamo de una camioneta para ese acto cultural a favor de Ayotzinapa en San Vicente, Chicoloapan, justamente la raz\u00f3n de su enojo por la cual no ha querido firmar el comodato para que ocupemos las instalaciones y me quiera destituir<\/p>\n<p>\u201cNo es posible que mientras los alumnos toman clase en el rayo del sol o en el fr\u00edo, y cuando llueve tengan que hacinarse en un solo sal\u00f3n porque no se puede hacer mucho, haya aulas repletas de despensas y juguetes para hacer proselitismo partidario. El presidente \u2013expres\u00f3 la directora\u2013 tiene la gran oportunidad de destacar por su apoyo al desarrollo del arte, el conocimiento y la cultura en su municipio, pero, parad\u00f3jicamente nuestra escuela es mas conocida en otros lados, porque nos buscan para presentarnos, y donde \u00e9l \u2018gobierna\u2019 la mayoria de la poblaci\u00f3n ni siquiera sabe que existe o el gobierno se encarga de desprestigiarla. Pareciera que los gobernantes tienen como enemigos a los propios ciudadanos, el ejemplo somos nosotros: cero apoyo en material did\u00e1ctico, cero en mobiliario, ni un l\u00e1piz, menos un libro y mucho menos las plazas de profesores ha gestionado la presidencia,todo lo hemos hecho nosotros\u201d, dijo.<\/p>\n<p>La escuela de Bellas Artes trabaja con cinco profesores, ella incluida, que imparten los talleres de Teatro, Danza, Artes Pl\u00e1sticas y M\u00fasica en sus diferentes ramas, todos con valor curricular, \u201ceste semestre por ejemplo incluiremos Taller de Teatro de Repertorio y Teatro Infantil, Guitarra Cl\u00e1sica, T\u00e9cnica de Esgrafiado, y Danza Folcl\u00f3rica, y Contempor\u00e1nea, adem\u00e1s de natacion, ingl\u00e9s y flauta, trabajamos por semestre\u201d, cabe se\u00f1alar que la escuela no cuenta con ning\u00fan personal asistencial, pues \u201clos maestros y los padres de familia realizamos el aseo. Lo que solicitamos para realmente tener una escuela m\u00e1s digna en infraestructura es tres aulas m\u00e1s, que el gobierno municipal ceda a la SEP el edificio para la escuela y en vez de desde\u00f1arnos y atacarnos nos apoye en los m\u00ednimos requerimientos como el sueldo de personal de intendencia\u201d.<\/p>\n<p>Las razones por las cuales han sido acosados ella las sintetiza en que es una escuela popular desprendida del movimiento educativo PLENUM XXI, y por el el alto grado de conciencia social que manejamos, por ello \u201cnos han quitado salones, cambiado chapas, sacarnos de actividades municipales o no permitiendo que se presenten los ni\u00f1os en ellos, el presidente no menciona nunca a la escuela, aunque claro nosotros tenemos muchos mas alumnos que la casa de cultura y no cobramos ni un solo peso, no obstante, esperamos que el Ayuntamiento reconsidere su postura contra la escuela pues sea como fuere, esta escuela que ha costado tanto a la sociedad civil, no desaparecer\u00e1\u201d, concluy\u00f3 la directora.<\/p>\n<p><a href=\"http:\/\/www.centrodemedioslibres.org\/2015\/02\/06\/papalotla-castigo-por-solidaridad-con-ayotzinapa-alumnos-a-la-intemperie-y-salones-para-politicos\/\" target=\"_blank\">www.centrodemedioslibres.org\/2015\/02\/06\/papalotla-castigo-por-solidaridad-con-ayotzinapa-alumnos-a-la-intemperie-y-salones-para-politicos\/<\/a><\/p>\n","protected":false},"excerpt":{"rendered":"<p>Por Salvador D\u00edaz S\u00e1nchez Papalotla con Ayotzinapa* Los alumnos toman clase en el rayo del sol o en el fr\u00edo y las aulas convertidas en bodegas para actividades partidarias * &hellip; <a href=\"http:\/\/www.grieta.org.mx\/index.php\/2015\/02\/06\/iniciosin-categoria-papalotla-castigo-por-solidaridad-con-ayotzinapa-alumnos-a-la-intemperie-y-salones-para-politicos\/\" class=\"more-link\">Leer m\u00e1s<\/a><\/p>\n","protected":false},"author":2,"featured_media":21928,"comment_status":"closed","ping_status":"open","sticky":false,"template":"","format":"standard","meta":{"ngg_post_thumbnail":0,"_jetpack_newsletter_access":"","_jetpack_dont_email_post_to_subs":false,"_jetpack_newsletter_tier_id":0,"_jetpack_memberships_contains_paywalled_content":false,"_jetpack_memberships_contains_paid_content":false,"footnotes":""},"categories":[80],"tags":[119,92,130],"class_list":["post-266","post","type-post","status-publish","format-standard","has-post-thumbnail","hentry","category-cintillo","tag-ayotzinapa","tag-estado-de-mexico","tag-represion","entry"],"jetpack_featured_media_url":"http:\/\/www.grieta.org.mx\/wp-content\/uploads\/2018\/03\/14524434_1106112876131411_958039263622046936_o.jpg","jetpack_sharing_enabled":true,"jetpack_shortlink":"https:\/\/wp.me\/p7ZJR4-4i","jetpack_likes_enabled":false,"jetpack-related-posts":[{"id":268,"url":"http:\/\/www.grieta.org.mx\/index.php\/2015\/02\/22\/amenazan-con-cerrar-escuela-de-bellas-artes-por-solidarizarse-con-ayotzinapa\/","url_meta":{"origin":266,"position":0},"title":"Amenazan con cerrar escuela de bellas artes por solidarizarse con Ayotzinapa","author":"grieta","date":"22 febrero, 2015","format":false,"excerpt":"22\/02\/15. Hostigan a directora de escuela de bellas artes en PapalotlaReporteros en Movimiento 05\/02\/15. Amenazan con sacar a profesora y alumnos de la escuela de bellas artes de Papalotla.Reporteros en Movimiento 02\/02\/15. Papalotla, castigo por solidaridad con Ayotzinapa: Alumnos a la intemperie y salones para pol\u00edticosCentro de Medios Libres M\u00e9xico","rel":"","context":"En &quot;Estado de M\u00e9xico&quot;","block_context":{"text":"Estado de M\u00e9xico","link":"http:\/\/www.grieta.org.mx\/index.php\/category\/noticias-nacionales\/estado-de-mexico\/"},"img":{"alt_text":"","src":"https:\/\/i0.wp.com\/www.grieta.org.mx\/wp-content\/uploads\/2018\/03\/14524434_1106112876131411_958039263622046936_o.jpg?resize=350%2C200","width":350,"height":200,"srcset":"https:\/\/i0.wp.com\/www.grieta.org.mx\/wp-content\/uploads\/2018\/03\/14524434_1106112876131411_958039263622046936_o.jpg?resize=350%2C200 1x, https:\/\/i0.wp.com\/www.grieta.org.mx\/wp-content\/uploads\/2018\/03\/14524434_1106112876131411_958039263622046936_o.jpg?resize=525%2C300 1.5x, https:\/\/i0.wp.com\/www.grieta.org.mx\/wp-content\/uploads\/2018\/03\/14524434_1106112876131411_958039263622046936_o.jpg?resize=700%2C400 2x"},"classes":[]},{"id":260,"url":"http:\/\/www.grieta.org.mx\/index.php\/2015\/02\/22\/hostigan-a-directora-de-escuela-de-bellas-artes-en-papalotla\/","url_meta":{"origin":266,"position":1},"title":"Hostigan a directora de escuela de bellas artes en Papalotla","author":"grieta","date":"22 febrero, 2015","format":false,"excerpt":"Por apoyar la causa de Ayotzinapa, Isaac Mendarozqueta Buenfil, alcalde de Papalotla, orden\u00f3 cerrar la Escuela de Bellas Artes de la localidad, y condiciona su apertura a la renuncia inmediata de su directora \u00darsula Jim\u00e9nez D\u00edaz, porque la escuela particip\u00f3 en diciembre pasado con un grupo de teatro en un\u2026","rel":"","context":"En &quot;CINTILLO&quot;","block_context":{"text":"CINTILLO","link":"http:\/\/www.grieta.org.mx\/index.php\/category\/cintillo\/"},"img":{"alt_text":"","src":"https:\/\/i0.wp.com\/www.grieta.org.mx\/wp-content\/uploads\/2018\/03\/14524434_1106112876131411_958039263622046936_o.jpg?resize=350%2C200","width":350,"height":200,"srcset":"https:\/\/i0.wp.com\/www.grieta.org.mx\/wp-content\/uploads\/2018\/03\/14524434_1106112876131411_958039263622046936_o.jpg?resize=350%2C200 1x, https:\/\/i0.wp.com\/www.grieta.org.mx\/wp-content\/uploads\/2018\/03\/14524434_1106112876131411_958039263622046936_o.jpg?resize=525%2C300 1.5x, https:\/\/i0.wp.com\/www.grieta.org.mx\/wp-content\/uploads\/2018\/03\/14524434_1106112876131411_958039263622046936_o.jpg?resize=700%2C400 2x"},"classes":[]},{"id":263,"url":"http:\/\/www.grieta.org.mx\/index.php\/2015\/02\/05\/amenazan-con-sacar-a-profesora-y-alumnos-de-la-escuela-de-bellas-artes-de-papalotla\/","url_meta":{"origin":266,"position":2},"title":"Amenazan con sacar a profesora y alumnos de la escuela de bellas artes de Papalotla","author":"grieta","date":"5 febrero, 2015","format":false,"excerpt":"El 18 de enero debieron renovarle el contrato de comodato pero no lo han hecho. * Alcalde de Papalotal manda a regidores y funcionarios para sacar a profesora y alumnos del DIF municipal. PAPALOTLA, M\u00e9x.- Regidores y funcionarios publicos del ayuntamiento de Papalotla, realizaron una reuni\u00f3n en la escuela de\u2026","rel":"","context":"En &quot;CINTILLO&quot;","block_context":{"text":"CINTILLO","link":"http:\/\/www.grieta.org.mx\/index.php\/category\/cintillo\/"},"img":{"alt_text":"","src":"https:\/\/i0.wp.com\/www.grieta.org.mx\/wp-content\/uploads\/2018\/03\/14524434_1106112876131411_958039263622046936_o.jpg?resize=350%2C200","width":350,"height":200,"srcset":"https:\/\/i0.wp.com\/www.grieta.org.mx\/wp-content\/uploads\/2018\/03\/14524434_1106112876131411_958039263622046936_o.jpg?resize=350%2C200 1x, https:\/\/i0.wp.com\/www.grieta.org.mx\/wp-content\/uploads\/2018\/03\/14524434_1106112876131411_958039263622046936_o.jpg?resize=525%2C300 1.5x, https:\/\/i0.wp.com\/www.grieta.org.mx\/wp-content\/uploads\/2018\/03\/14524434_1106112876131411_958039263622046936_o.jpg?resize=700%2C400 2x"},"classes":[]},{"id":72250,"url":"http:\/\/www.grieta.org.mx\/index.php\/2025\/08\/27\/madres-y-padres-de-los-43-normalistas-exigen-a-claudia-sheinbaum-verdad-y-justicia-a-11-anos-de-ayotzinapa\/","url_meta":{"origin":266,"position":3},"title":"Madres y padres de los 43 normalistas exigen a Claudia Sheinbaum verdad y justicia a 11 a\u00f1os de Ayotzinapa","author":"grieta","date":"27 agosto, 2025","format":false,"excerpt":"Por\u00a0Redacci\u00f3n\u00a0\/\u00a0@Somoselmedio Madres, padres y estudiantes exigen justicia y castigo a los responsables de la desaparici\u00f3n forzada de los 43 de Ayotzinapa, a 11 a\u00f1os de la tragedia. Denuncian la falta de avances en las investigaciones y la protecci\u00f3n del Ej\u00e9rcito por tres gobiernos. Ciudad de M\u00e9xico, 26 de agosto de\u2026","rel":"","context":"En &quot;CINTILLO&quot;","block_context":{"text":"CINTILLO","link":"http:\/\/www.grieta.org.mx\/index.php\/category\/cintillo\/"},"img":{"alt_text":"","src":"https:\/\/i0.wp.com\/www.grieta.org.mx\/wp-content\/uploads\/2025\/08\/Captura-de-pantalla-2025-08-28-215352.png?resize=350%2C200","width":350,"height":200},"classes":[]},{"id":39316,"url":"http:\/\/www.grieta.org.mx\/index.php\/2019\/07\/21\/advierten-estudiantes-de-ayotzinapa-que-lucharan-contra-intentos-de-cerrar-esa-escuela-guerrero\/","url_meta":{"origin":266,"position":4},"title":"Advierten estudiantes de Ayotzinapa que luchar\u00e1n contra intentos de cerrar esa escuela (Guerrero)","author":"Admin","date":"21 julio, 2019","format":false,"excerpt":"Redacci\u00f3n \/ Digital Guerrero Los integrantes del Comit\u00e9 \u201cRicardo Flores Mag\u00f3n\u201d destacaron que la consigna que tienen los alumnos es impedir el cierre de Ayotzinapa, \u201ca pesar de la intenci\u00f3n de algunos\u201d. A trav\u00e9s de un comunicado p\u00fablico, los estudiantes recordaron que lo que se ha logrado en la Normal\u2026","rel":"","context":"En &quot;Caso Ayotzinapa&quot;","block_context":{"text":"Caso Ayotzinapa","link":"http:\/\/www.grieta.org.mx\/index.php\/category\/noticias-nacionales\/guerrero\/caso-ayotzinapa\/"},"img":{"alt_text":"","src":"https:\/\/i0.wp.com\/www.grieta.org.mx\/wp-content\/uploads\/2019\/09\/https-_www.digitalguerrero.com_.mx_wp-content_uploads_2019_07_ayotzi.jpg?resize=350%2C200","width":350,"height":200,"srcset":"https:\/\/i0.wp.com\/www.grieta.org.mx\/wp-content\/uploads\/2019\/09\/https-_www.digitalguerrero.com_.mx_wp-content_uploads_2019_07_ayotzi.jpg?resize=350%2C200 1x, https:\/\/i0.wp.com\/www.grieta.org.mx\/wp-content\/uploads\/2019\/09\/https-_www.digitalguerrero.com_.mx_wp-content_uploads_2019_07_ayotzi.jpg?resize=525%2C300 1.5x, https:\/\/i0.wp.com\/www.grieta.org.mx\/wp-content\/uploads\/2019\/09\/https-_www.digitalguerrero.com_.mx_wp-content_uploads_2019_07_ayotzi.jpg?resize=700%2C400 2x"},"classes":[]},{"id":9710,"url":"http:\/\/www.grieta.org.mx\/index.php\/2015\/03\/08\/madres-de-los-43-normalistas-protestan-por-los-feminicidios-y-convocan-a-la-unidad\/","url_meta":{"origin":266,"position":5},"title":"Madres de los 43 normalistas protestan por los feminicidios y convocan a la unidad","author":"grieta","date":"8 marzo, 2015","format":false,"excerpt":"Somos el medio \u201cLa lucha de la mujer, es la lucha de las madres de Ayotzinapa\u201d por Perseo Greco M\u00e9xico, DF, 7 de marzo 2015.- Madres de los 43 normalistas desaparecidos de Ayotzinapa se reunieron en la Secci\u00f3n 9 de la Coordinadora Nacional de Trabajadores de la Educaci\u00f3n (CNTE), para\u2026","rel":"","context":"En &quot;CINTILLO&quot;","block_context":{"text":"CINTILLO","link":"http:\/\/www.grieta.org.mx\/index.php\/category\/cintillo\/"},"img":{"alt_text":"","src":"https:\/\/i0.wp.com\/www.grieta.org.mx\/wp-content\/uploads\/2018\/03\/14524434_1106112876131411_958039263622046936_o.jpg?resize=350%2C200","width":350,"height":200,"srcset":"https:\/\/i0.wp.com\/www.grieta.org.mx\/wp-content\/uploads\/2018\/03\/14524434_1106112876131411_958039263622046936_o.jpg?resize=350%2C200 1x, https:\/\/i0.wp.com\/www.grieta.org.mx\/wp-content\/uploads\/2018\/03\/14524434_1106112876131411_958039263622046936_o.jpg?resize=525%2C300 1.5x, https:\/\/i0.wp.com\/www.grieta.org.mx\/wp-content\/uploads\/2018\/03\/14524434_1106112876131411_958039263622046936_o.jpg?resize=700%2C400 2x"},"classes":[]}],"_links":{"self":[{"href":"http:\/\/www.grieta.org.mx\/index.php\/wp-json\/wp\/v2\/posts\/266","targetHints":{"allow":["GET"]}}],"collection":[{"href":"http:\/\/www.grieta.org.mx\/index.php\/wp-json\/wp\/v2\/posts"}],"about":[{"href":"http:\/\/www.grieta.org.mx\/index.php\/wp-json\/wp\/v2\/types\/post"}],"author":[{"embeddable":true,"href":"http:\/\/www.grieta.org.mx\/index.php\/wp-json\/wp\/v2\/users\/2"}],"replies":[{"embeddable":true,"href":"http:\/\/www.grieta.org.mx\/index.php\/wp-json\/wp\/v2\/comments?post=266"}],"version-history":[{"count":1,"href":"http:\/\/www.grieta.org.mx\/index.php\/wp-json\/wp\/v2\/posts\/266\/revisions"}],"predecessor-version":[{"id":269,"href":"http:\/\/www.grieta.org.mx\/index.php\/wp-json\/wp\/v2\/posts\/266\/revisions\/269"}],"wp:featuredmedia":[{"embeddable":true,"href":"http:\/\/www.grieta.org.mx\/index.php\/wp-json\/wp\/v2\/media\/21928"}],"wp:attachment":[{"href":"http:\/\/www.grieta.org.mx\/index.php\/wp-json\/wp\/v2\/media?parent=266"}],"wp:term":[{"taxonomy":"category","embeddable":true,"href":"http:\/\/www.grieta.org.mx\/index.php\/wp-json\/wp\/v2\/categories?post=266"},{"taxonomy":"post_tag","embeddable":true,"href":"http:\/\/www.grieta.org.mx\/index.php\/wp-json\/wp\/v2\/tags?post=266"}],"curies":[{"name":"wp","href":"https:\/\/api.w.org\/{rel}","templated":true}]}}