{"id":26496,"date":"2018-04-28T23:09:05","date_gmt":"2018-04-29T04:09:05","guid":{"rendered":"http:\/\/www.grieta.org.mx\/?p=26496"},"modified":"2018-09-17T23:15:08","modified_gmt":"2018-09-18T04:15:08","slug":"transnacionales-acechan-al-mezcal-de-oaxaca","status":"publish","type":"post","link":"http:\/\/www.grieta.org.mx\/index.php\/2018\/04\/28\/transnacionales-acechan-al-mezcal-de-oaxaca\/","title":{"rendered":"Transnacionales acechan al mezcal de Oaxaca"},"content":{"rendered":"<p>Noticias.<\/p>\n<p>Citlalli Luciana,<\/p>\n<p>Productores temen &#8220;agandalle&#8221;<br \/>\n<img loading=\"lazy\" decoding=\"async\" data-attachment-id=\"26497\" data-permalink=\"http:\/\/www.grieta.org.mx\/index.php\/2018\/04\/28\/transnacionales-acechan-al-mezcal-de-oaxaca\/image_26-2\/\" data-orig-file=\"http:\/\/www.grieta.org.mx\/wp-content\/uploads\/2018\/09\/image_26.jpg\" data-orig-size=\"1144,645\" data-comments-opened=\"0\" data-image-meta=\"{&quot;aperture&quot;:&quot;0&quot;,&quot;credit&quot;:&quot;&quot;,&quot;camera&quot;:&quot;&quot;,&quot;caption&quot;:&quot;&quot;,&quot;created_timestamp&quot;:&quot;0&quot;,&quot;copyright&quot;:&quot;&quot;,&quot;focal_length&quot;:&quot;0&quot;,&quot;iso&quot;:&quot;0&quot;,&quot;shutter_speed&quot;:&quot;0&quot;,&quot;title&quot;:&quot;&quot;,&quot;orientation&quot;:&quot;0&quot;}\" data-image-title=\"image_26\" data-image-description=\"\" data-image-caption=\"\" data-medium-file=\"http:\/\/www.grieta.org.mx\/wp-content\/uploads\/2018\/09\/image_26-300x169.jpg\" data-large-file=\"http:\/\/www.grieta.org.mx\/wp-content\/uploads\/2018\/09\/image_26-1024x577.jpg\" src=\"http:\/\/www.grieta.org.mx\/wp-content\/uploads\/2018\/09\/image_26-300x169.jpg\" alt=\"\" width=\"300\" height=\"169\" class=\"aligncenter size-medium wp-image-26497\" srcset=\"http:\/\/www.grieta.org.mx\/wp-content\/uploads\/2018\/09\/image_26-300x169.jpg 300w, http:\/\/www.grieta.org.mx\/wp-content\/uploads\/2018\/09\/image_26-768x433.jpg 768w, http:\/\/www.grieta.org.mx\/wp-content\/uploads\/2018\/09\/image_26-1024x577.jpg 1024w, http:\/\/www.grieta.org.mx\/wp-content\/uploads\/2018\/09\/image_26-887x500.jpg 887w, http:\/\/www.grieta.org.mx\/wp-content\/uploads\/2018\/09\/image_26.jpg 1144w\" sizes=\"auto, (max-width: 300px) 100vw, 300px\" \/><br \/>\nTemen que la bebida oaxaque\u00f1a sea acaparada por empresas extranjeras como ocurre con el tequila.<\/p>\n<p>Bacard\u00ed, Pernod Ricard y Casamigos, empresas trasnacionales acechan el mezcal. El mercado, del que dependen cientos de familias oaxaque\u00f1as podr\u00eda \u201cser agandallado\u201d y replicar la historia del tequila, alert\u00f3 Ulises Torrentera, mezcalero oaxaque\u00f1o afiliado al Consejo Regulador del Mezcal (Comercam)<\/p>\n<p>\u201cEl futuro del mezcal est\u00e1 en juego; m\u00e1s que personas, debemos pensar hac\u00eda d\u00f3nde vamos. Las empresas trasnacionales han llegado. Es momento de definiciones: o tomamos el rumbo de la industrializaci\u00f3n o continuamos por el camino de la preservaci\u00f3n de mezcales tradicionales\u201d, se\u00f1al\u00f3 el propietario de la marca &#8220;Farolito&#8221;.<\/p>\n<p>As\u00ed por ejemplo, la compa\u00f1\u00eda Pernod Ricard en 2017 acord\u00f3 la adquisici\u00f3n del mezcal Del Maguey, convirti\u00e9ndose en el tercer destilador m\u00e1s importante que compra a un productor de la bebida alcoh\u00f3lica mexicana.<\/p>\n<p>Pernod Ricard, con sede en Par\u00eds, adquiri\u00f3 una participaci\u00f3n mayoritaria de la marca, con producci\u00f3n artesanal de Oaxaca.<\/p>\n<p>Actualmente, la empresa Bacard\u00ed es socio de Casa Guillermo Prieto para la comercializaci\u00f3n de la bebida desde el 2013.<\/p>\n<p>En marzo de este a\u00f1o, el actor y productor estadounidense se subi\u00f3 a la ola del mezcal con la comercializaci\u00f3n de la marca Casamigos.<\/p>\n<p>Bajo ese contexto, Ulises Torrentera se\u00f1al\u00f3 que \u201cnunca en la historia, el mezcal estuvo tan amenazado. Sucumbi\u00f3 el tequila y ahora, hasta ahora, hay empresarios que regresan al origen del vino mezcal. Votar por una u otra planilla es votar hac\u00eda una u otra visi\u00f3n\u201d, expuso.<\/p>\n<p>En el caso del tequila, cada vez son menos las marcas que quedan en manos de empresas mexicanas. Por ejemplo, Don Julio es ahora propiedad de la brit\u00e1nica Diageo, Casa Cuervo; la adquisici\u00f3n de Casa Herradura y el Jimador por la estadounidense Brown-Forman.<\/p>\n<p>Adem\u00e1s de los tequilas Sauza \u2014uno de los m\u00e1s antiguos en M\u00e9xico\u2014, Hornitos y Tres Generaciones a la estadounidense Beam Suntory Global; y las compras del tequila Espol\u00f3n, por Campari, y del tequila Casa Noble, por Constellation Brands.<\/p>\n<p><a href=\"https:\/\/www.nvinoticias.com\/nota\/91132\/trasnacionales-acechan-al-mezcal-de-oaxaca\" rel=\"noopener\" target=\"_blank\">https:\/\/www.nvinoticias.com\/nota\/91132\/trasnacionales-acechan-al-mezcal-de-oaxaca<\/a><\/p>\n","protected":false},"excerpt":{"rendered":"<p>Noticias. Citlalli Luciana, Productores temen &#8220;agandalle&#8221; Temen que la bebida oaxaque\u00f1a sea acaparada por empresas extranjeras como ocurre con el tequila. Bacard\u00ed, Pernod Ricard y Casamigos, empresas trasnacionales acechan el &hellip; <a href=\"http:\/\/www.grieta.org.mx\/index.php\/2018\/04\/28\/transnacionales-acechan-al-mezcal-de-oaxaca\/\" class=\"more-link\">Leer m\u00e1s<\/a><\/p>\n","protected":false},"author":2,"featured_media":26497,"comment_status":"closed","ping_status":"closed","sticky":false,"template":"","format":"standard","meta":{"ngg_post_thumbnail":0,"_jetpack_newsletter_access":"","_jetpack_dont_email_post_to_subs":false,"_jetpack_newsletter_tier_id":0,"_jetpack_memberships_contains_paywalled_content":false,"_jetpack_memberships_contains_paid_content":false,"footnotes":""},"categories":[80,1605,2,25],"tags":[],"class_list":["post-26496","post","type-post","status-publish","format-standard","has-post-thumbnail","hentry","category-cintillo","category-despojo-de-tierras-en-oaxaca","category-noticias-nacionales","category-oaxaca","entry"],"jetpack_featured_media_url":"http:\/\/www.grieta.org.mx\/wp-content\/uploads\/2018\/09\/image_26.jpg","jetpack_sharing_enabled":true,"jetpack_shortlink":"https:\/\/wp.me\/p7ZJR4-6Tm","jetpack_likes_enabled":false,"jetpack-related-posts":[{"id":57723,"url":"http:\/\/www.grieta.org.mx\/index.php\/2021\/03\/09\/las-nuevas-fronteras-para-la-acumulacion-de-la-industria-del-agave-en-la-region-mixteca-oaxaca\/","url_meta":{"origin":26496,"position":0},"title":"Las nuevas fronteras para la acumulaci\u00f3n de la industria del agave en la regi\u00f3n mixteca (Oaxaca)","author":"grieta","date":"9 marzo, 2021","format":false,"excerpt":"Avispa Midia \/ David Cervantes. Foto de Portada: Santiago Navarro F. Con un aumento del 20% en la producci\u00f3n anual, a pesar de una crisis mundial generalizada, el mezcal se ha convertido en una bebida que est\u00e1 conquistando los mercados de todo el planeta, siendo el segundo destilado con mayor\u2026","rel":"","context":"En &quot;CINTILLO&quot;","block_context":{"text":"CINTILLO","link":"http:\/\/www.grieta.org.mx\/index.php\/category\/cintillo\/"},"img":{"alt_text":"","src":"https:\/\/i0.wp.com\/www.grieta.org.mx\/wp-content\/uploads\/2021\/03\/1-5.jpeg?resize=350%2C200","width":350,"height":200,"srcset":"https:\/\/i0.wp.com\/www.grieta.org.mx\/wp-content\/uploads\/2021\/03\/1-5.jpeg?resize=350%2C200 1x, https:\/\/i0.wp.com\/www.grieta.org.mx\/wp-content\/uploads\/2021\/03\/1-5.jpeg?resize=525%2C300 1.5x, https:\/\/i0.wp.com\/www.grieta.org.mx\/wp-content\/uploads\/2021\/03\/1-5.jpeg?resize=700%2C400 2x, https:\/\/i0.wp.com\/www.grieta.org.mx\/wp-content\/uploads\/2021\/03\/1-5.jpeg?resize=1050%2C600 3x, https:\/\/i0.wp.com\/www.grieta.org.mx\/wp-content\/uploads\/2021\/03\/1-5.jpeg?resize=1400%2C800 4x"},"classes":[]},{"id":30201,"url":"http:\/\/www.grieta.org.mx\/index.php\/2019\/03\/05\/acechan-mineras-a-tierras-del-sol-oaxaca\/","url_meta":{"origin":26496,"position":1},"title":"Acechan mineras a tierras del sol (Oaxaca)","author":"grieta","date":"5 marzo, 2019","format":false,"excerpt":"Noticias. Lesli Aguilar, Las comunidades de Amatitl\u00e1n son las que m\u00e1s peligran de ser explotadas por empresas canadienses. Huajuapan de Le\u00f3n, Oaxaca.- Ante las manifestaciones que se han desatado por la muerte de Samir Flores Soberanes, l\u00edder natural del estado de Morelos, los integrantes del Movimiento Agrario Ind\u00edgena Zapatista (MAIZ),\u2026","rel":"","context":"En &quot;CINTILLO&quot;","block_context":{"text":"CINTILLO","link":"http:\/\/www.grieta.org.mx\/index.php\/category\/cintillo\/"},"img":{"alt_text":"","src":"https:\/\/i0.wp.com\/www.grieta.org.mx\/wp-content\/uploads\/2019\/03\/image_27.jpg?resize=350%2C200","width":350,"height":200,"srcset":"https:\/\/i0.wp.com\/www.grieta.org.mx\/wp-content\/uploads\/2019\/03\/image_27.jpg?resize=350%2C200 1x, https:\/\/i0.wp.com\/www.grieta.org.mx\/wp-content\/uploads\/2019\/03\/image_27.jpg?resize=525%2C300 1.5x, https:\/\/i0.wp.com\/www.grieta.org.mx\/wp-content\/uploads\/2019\/03\/image_27.jpg?resize=700%2C400 2x, https:\/\/i0.wp.com\/www.grieta.org.mx\/wp-content\/uploads\/2019\/03\/image_27.jpg?resize=1050%2C600 3x"},"classes":[]},{"id":25117,"url":"http:\/\/www.grieta.org.mx\/index.php\/2018\/07\/24\/presume-seguridad-publica-saldo-blanco-con-dos-muertos-y-un-asalto-violento-en-fiestas-de-la-guelaguetza-oaxaca\/","url_meta":{"origin":26496,"position":2},"title":"Presume Seguridad P\u00fablica \u201csaldo blanco\u201d con dos muertos y un asalto violento en fiestas de la Guelaguetza (Oaxaca)","author":"grieta","date":"24 julio, 2018","format":false,"excerpt":"P\u00e1gina 3. Pedro Mat\u00edas, Oaxaca.- Mientras que el secretario de Seguridad P\u00fablica de Oaxaca (SSPO), Jos\u00e9 Raymundo Tu\u00f1\u00f3n J\u00e1uregui, afirmaba anticipadamente que el primer Lunes del Cerro culmin\u00f3 con \u201csaldo blanco\u201d, en inmediaciones de la feria del mezcal asaltaron e hirieron a un expositor y posteriormente ejecutaron a un taxista.\u2026","rel":"","context":"En &quot;CINTILLO&quot;","block_context":{"text":"CINTILLO","link":"http:\/\/www.grieta.org.mx\/index.php\/category\/cintillo\/"},"img":{"alt_text":"","src":"https:\/\/i0.wp.com\/www.grieta.org.mx\/wp-content\/uploads\/2018\/07\/ALvaroObregon_Asesinato-Crispin-p3.jpg?resize=350%2C200","width":350,"height":200,"srcset":"https:\/\/i0.wp.com\/www.grieta.org.mx\/wp-content\/uploads\/2018\/07\/ALvaroObregon_Asesinato-Crispin-p3.jpg?resize=350%2C200 1x, https:\/\/i0.wp.com\/www.grieta.org.mx\/wp-content\/uploads\/2018\/07\/ALvaroObregon_Asesinato-Crispin-p3.jpg?resize=525%2C300 1.5x, https:\/\/i0.wp.com\/www.grieta.org.mx\/wp-content\/uploads\/2018\/07\/ALvaroObregon_Asesinato-Crispin-p3.jpg?resize=700%2C400 2x"},"classes":[]},{"id":1893,"url":"http:\/\/www.grieta.org.mx\/index.php\/2015\/02\/02\/el-pueblo-huave-conmemora-tres-anos-defendiendo-su-territorio-de-las-empresas-eolicas\/","url_meta":{"origin":26496,"position":3},"title":"El pueblo huave conmemora tres a\u00f1os defendiendo su territorio de las empresas e\u00f3licas","author":"grieta","date":"2 febrero, 2015","format":false,"excerpt":"Oaxaca 3.0, Redacci\u00f3n, Oaxaca.- Habitantes de San Mateo, Juchit\u00e1n, \u00c1lvaro Obreg\u00f3n, Uni\u00f3n Hidalgo, y San Francisco del Mar, pobladores ind\u00edgenas que han encabezado desde hace tiempo una lucha contra las empresas e\u00f3licas en el Istmo de Tehuantepec, acudieron a San Dionisio del Mar para acompa\u00f1ar al pueblo huave en la\u2026","rel":"","context":"En &quot;CINTILLO&quot;","block_context":{"text":"CINTILLO","link":"http:\/\/www.grieta.org.mx\/index.php\/category\/cintillo\/"},"img":{"alt_text":"","src":"https:\/\/i0.wp.com\/www.grieta.org.mx\/wp-content\/uploads\/2018\/03\/14524434_1106112876131411_958039263622046936_o.jpg?resize=350%2C200","width":350,"height":200,"srcset":"https:\/\/i0.wp.com\/www.grieta.org.mx\/wp-content\/uploads\/2018\/03\/14524434_1106112876131411_958039263622046936_o.jpg?resize=350%2C200 1x, https:\/\/i0.wp.com\/www.grieta.org.mx\/wp-content\/uploads\/2018\/03\/14524434_1106112876131411_958039263622046936_o.jpg?resize=525%2C300 1.5x, https:\/\/i0.wp.com\/www.grieta.org.mx\/wp-content\/uploads\/2018\/03\/14524434_1106112876131411_958039263622046936_o.jpg?resize=700%2C400 2x"},"classes":[]},{"id":149,"url":"http:\/\/www.grieta.org.mx\/index.php\/2015\/11\/30\/comuneros-de-oaxaca-firman-declaratoria-para-impedir-operacion-de-18-minas-de-oro-y-plata\/","url_meta":{"origin":26496,"position":4},"title":"Comuneros de Oaxaca firman declaratoria para impedir operaci\u00f3n de 18 minas de oro y plata","author":"grieta","date":"30 noviembre, 2015","format":false,"excerpt":"Redacci\u00f3n Revoluci\u00f3n 3.0, Oaxaca (30 de noviembre, 2015).- Comuneros de 9 poblaciones de Oaxaca firmaron una declaratoria para impedir la operaci\u00f3n de 18 minas de oro y plata y advirtieron que sus territorios est\u00e1n prohibidos para la Miner\u00eda. Con el documento y la uni\u00f3n de las comunidades como Tlacolula, Ejutla\u2026","rel":"","context":"En &quot;CINTILLO&quot;","block_context":{"text":"CINTILLO","link":"http:\/\/www.grieta.org.mx\/index.php\/category\/cintillo\/"},"img":{"alt_text":"","src":"https:\/\/i0.wp.com\/www.grieta.org.mx\/wp-content\/uploads\/2018\/03\/14524434_1106112876131411_958039263622046936_o.jpg?resize=350%2C200","width":350,"height":200,"srcset":"https:\/\/i0.wp.com\/www.grieta.org.mx\/wp-content\/uploads\/2018\/03\/14524434_1106112876131411_958039263622046936_o.jpg?resize=350%2C200 1x, https:\/\/i0.wp.com\/www.grieta.org.mx\/wp-content\/uploads\/2018\/03\/14524434_1106112876131411_958039263622046936_o.jpg?resize=525%2C300 1.5x, https:\/\/i0.wp.com\/www.grieta.org.mx\/wp-content\/uploads\/2018\/03\/14524434_1106112876131411_958039263622046936_o.jpg?resize=700%2C400 2x"},"classes":[]},{"id":42944,"url":"http:\/\/www.grieta.org.mx\/index.php\/2019\/11\/04\/acechan-10-mineras-a-veracruz\/","url_meta":{"origin":26496,"position":5},"title":"Acechan 10 mineras a Veracruz","author":"grieta","date":"4 noviembre, 2019","format":false,"excerpt":"Redacci\u00f3n \/ La silla rota La Secretar\u00eda de Medio Ambiente y Recursos Naturales (Semarnat) otorg\u00f3 permisos a 10 empresas mineras para que buscan explorar suelo veracruzano; sin embargo, a\u00fan no cuentan con los permisos ni estatales ni municipales. Esto fue confirmado por el subprocurador de Medio Ambiente en el estado,\u2026","rel":"","context":"En &quot;NOTICIAS NACIONALES&quot;","block_context":{"text":"NOTICIAS NACIONALES","link":"http:\/\/www.grieta.org.mx\/index.php\/category\/noticias-nacionales\/"},"img":{"alt_text":"","src":"https:\/\/i0.wp.com\/www.grieta.org.mx\/wp-content\/uploads\/2020\/01\/minasver-focus-0-0-290-208.jpg?resize=350%2C200","width":350,"height":200,"srcset":"https:\/\/i0.wp.com\/www.grieta.org.mx\/wp-content\/uploads\/2020\/01\/minasver-focus-0-0-290-208.jpg?resize=350%2C200 1x, https:\/\/i0.wp.com\/www.grieta.org.mx\/wp-content\/uploads\/2020\/01\/minasver-focus-0-0-290-208.jpg?resize=525%2C300 1.5x"},"classes":[]}],"_links":{"self":[{"href":"http:\/\/www.grieta.org.mx\/index.php\/wp-json\/wp\/v2\/posts\/26496","targetHints":{"allow":["GET"]}}],"collection":[{"href":"http:\/\/www.grieta.org.mx\/index.php\/wp-json\/wp\/v2\/posts"}],"about":[{"href":"http:\/\/www.grieta.org.mx\/index.php\/wp-json\/wp\/v2\/types\/post"}],"author":[{"embeddable":true,"href":"http:\/\/www.grieta.org.mx\/index.php\/wp-json\/wp\/v2\/users\/2"}],"replies":[{"embeddable":true,"href":"http:\/\/www.grieta.org.mx\/index.php\/wp-json\/wp\/v2\/comments?post=26496"}],"version-history":[{"count":1,"href":"http:\/\/www.grieta.org.mx\/index.php\/wp-json\/wp\/v2\/posts\/26496\/revisions"}],"predecessor-version":[{"id":26498,"href":"http:\/\/www.grieta.org.mx\/index.php\/wp-json\/wp\/v2\/posts\/26496\/revisions\/26498"}],"wp:featuredmedia":[{"embeddable":true,"href":"http:\/\/www.grieta.org.mx\/index.php\/wp-json\/wp\/v2\/media\/26497"}],"wp:attachment":[{"href":"http:\/\/www.grieta.org.mx\/index.php\/wp-json\/wp\/v2\/media?parent=26496"}],"wp:term":[{"taxonomy":"category","embeddable":true,"href":"http:\/\/www.grieta.org.mx\/index.php\/wp-json\/wp\/v2\/categories?post=26496"},{"taxonomy":"post_tag","embeddable":true,"href":"http:\/\/www.grieta.org.mx\/index.php\/wp-json\/wp\/v2\/tags?post=26496"}],"curies":[{"name":"wp","href":"https:\/\/api.w.org\/{rel}","templated":true}]}}