{"id":26488,"date":"2018-05-23T21:16:19","date_gmt":"2018-05-24T02:16:19","guid":{"rendered":"http:\/\/www.grieta.org.mx\/?p=26488"},"modified":"2018-09-17T21:20:44","modified_gmt":"2018-09-18T02:20:44","slug":"antena-irradia-nocivo-electroesmog-en-la-colonia-del-maestro-oaxaca","status":"publish","type":"post","link":"http:\/\/www.grieta.org.mx\/index.php\/2018\/05\/23\/antena-irradia-nocivo-electroesmog-en-la-colonia-del-maestro-oaxaca\/","title":{"rendered":"Antena irradia nocivo &#8220;electroesmog&#8221; en la colonia del Maestro, Oaxaca"},"content":{"rendered":"<p>Noticias.<\/p>\n<p>Citlalli Luciana,<\/p>\n<p>Los m\u00e9dicos le dijeron que tomar\u00e1 dos a\u00f1os la descontaminaci\u00f3n su cuerpo, las secuelas son irreversibles. Durante 13 a\u00f1os vivi\u00f3 en su casa \u201ccomo un rat\u00f3n en una caja de zapatos dentro de un microondas\u201d, describe fulminante Alma, afectada por contaminaci\u00f3n electromagn\u00e9tica o electrosmog.<\/p>\n<p>Vibraci\u00f3n en paredes y vidrios. Un zumbido aturdidor clavado como rayo para resquebrajar pisos, muros, techos, o\u00eddos y cabeza. En el aire una nata flotando que imped\u00eda la vida de las aves. \u00c1rboles avejentados y ramas vac\u00edas de flores. En la etapa m\u00e1s cr\u00edticas, dolores que llegaban al v\u00f3mito. As\u00ed lo recuerda.<\/p>\n<p><img loading=\"lazy\" decoding=\"async\" data-attachment-id=\"26489\" data-permalink=\"http:\/\/www.grieta.org.mx\/index.php\/2018\/05\/23\/antena-irradia-nocivo-electroesmog-en-la-colonia-del-maestro-oaxaca\/image_29_153\/\" data-orig-file=\"http:\/\/www.grieta.org.mx\/wp-content\/uploads\/2018\/09\/image_29_153.jpg\" data-orig-size=\"1144,645\" data-comments-opened=\"0\" data-image-meta=\"{&quot;aperture&quot;:&quot;0&quot;,&quot;credit&quot;:&quot;&quot;,&quot;camera&quot;:&quot;&quot;,&quot;caption&quot;:&quot;&quot;,&quot;created_timestamp&quot;:&quot;0&quot;,&quot;copyright&quot;:&quot;&quot;,&quot;focal_length&quot;:&quot;0&quot;,&quot;iso&quot;:&quot;0&quot;,&quot;shutter_speed&quot;:&quot;0&quot;,&quot;title&quot;:&quot;&quot;,&quot;orientation&quot;:&quot;0&quot;}\" data-image-title=\"image_29_153\" data-image-description=\"\" data-image-caption=\"\" data-medium-file=\"http:\/\/www.grieta.org.mx\/wp-content\/uploads\/2018\/09\/image_29_153-300x169.jpg\" data-large-file=\"http:\/\/www.grieta.org.mx\/wp-content\/uploads\/2018\/09\/image_29_153-1024x577.jpg\" src=\"http:\/\/www.grieta.org.mx\/wp-content\/uploads\/2018\/09\/image_29_153-300x169.jpg\" alt=\"\" width=\"300\" height=\"169\" class=\"aligncenter size-medium wp-image-26489\" srcset=\"http:\/\/www.grieta.org.mx\/wp-content\/uploads\/2018\/09\/image_29_153-300x169.jpg 300w, http:\/\/www.grieta.org.mx\/wp-content\/uploads\/2018\/09\/image_29_153-768x433.jpg 768w, http:\/\/www.grieta.org.mx\/wp-content\/uploads\/2018\/09\/image_29_153-1024x577.jpg 1024w, http:\/\/www.grieta.org.mx\/wp-content\/uploads\/2018\/09\/image_29_153-887x500.jpg 887w, http:\/\/www.grieta.org.mx\/wp-content\/uploads\/2018\/09\/image_29_153.jpg 1144w\" sizes=\"auto, (max-width: 300px) 100vw, 300px\" \/><br \/>\nLa antena pr\u00e1cticamente montada sobre la zona habitacional<\/p>\n<p>El desastre inici\u00f3 en 2004 con la instalaci\u00f3n de una antena de telefon\u00eda celular de la empresa American Tower, la segunda con mayor cantidad de torres en operaci\u00f3n en todo el pa\u00eds, seg\u00fan lo firma TowerXchange.<\/p>\n<p>El aparato fue empotrado en plena zona habitacional y no a 200 metros de distancia, como m\u00ednimo, marcado por la reglamentaci\u00f3n.<\/p>\n<p>Alma fue la m\u00e1s afectada con el artefacto colocado a menos de cinco metros de su vivienda. Las ondas emitidas d\u00eda y noche ulceraron su cuerpo, destruyeron una ensima del h\u00edgado, da\u00f1aron su o\u00eddo y desataron un sinf\u00edn de alergias.<\/p>\n<p>Recuperan el sue\u00f1o perdido<\/p>\n<p>Para quienes habitan sobre la calle 10 de mayo de la colonia El Maestro, el caso est\u00e1 cerrado. Tienen certeza de que no recuperar\u00e1n su salud y que tampoco habr\u00e1 una reparaci\u00f3n del da\u00f1o. Su \u00fanico alivio es que, a trav\u00e9s de una batalla de 13 a\u00f1os, incluso teniendo en contra a las autoridades municipales, la antena fue retirada y con ello recuperaron el sue\u00f1o que literalmente hab\u00edan perdido.<\/p>\n<p>El valor y la tenacidad de Alma contrasta enormemente con su complexi\u00f3n peque\u00f1a, los anteojos que pocas veces retira del arco de la nariz, la voz compasiva y el caminar desahogado de sus 57 a\u00f1os. La mujer, quien es comerciante, dirigi\u00f3 el movimiento emergido por la violaci\u00f3n a su derecho a la salud y al medioambiente.<\/p>\n<p>Se sienta con tranquilidad en la sala de su casa. La luz del d\u00eda entra a raudales por el ventanal que, por m\u00e1s de una d\u00e9cada, estuvo sellado con madera, cartones y unicel para amortiguar el zumbido de la antena.<\/p>\n<p>Despliega en la mesa una serie de documentos. Un certificado m\u00e9dico corrobora como diagn\u00f3stico estr\u00e9s electromagn\u00e9tico. En sus brazos se desvanecen las \u00falceras en manchones negros y piel quebradiza.<\/p>\n<p>Otro documento oficial legitima el da\u00f1o auditivo y trastorno de sue\u00f1o. Un sello al calce avala la prescripci\u00f3n de Valium, medicamento utilizado en un caso extremo de en situaci\u00f3n de tensi\u00f3n.<\/p>\n<p>El da\u00f1o no reconocido<\/p>\n<p>La m\u00e9dica Catalina Ezpina, habitante de la zona, es otra persona afectada por la contaminaci\u00f3n electromagn\u00e9tica.<\/p>\n<p>-Es como escuchar permanentemente un piiiiiiiiiiiiiii. Algo que molesta, todo el tiempo se oye. A mi me descartaron que fuera la presi\u00f3n, triglic\u00e9ridos, colesterol. Sal\u00ed bien del estudio, entonces creemos que es como secuela de la antena. Aqu\u00ed en casa, los ventanales vibraban.<\/p>\n<p>-\u00bfY despu\u00e9s de la antena?<\/p>\n<p>-Recuperamos nuestra tranquilidad, pero no la salud.<\/p>\n<p>Sobre esa calle a\u00fan habitan 15 familias, otras dos la abandonaron; en un caso, aconsejados por un m\u00e9dico y otra m\u00e1s por las afectaciones estructurales a su vivienda generadas por la vibraci\u00f3n. Haciendo un recuento, fueron cuatro las personas que, en el lapso de 13 a\u00f1os, murieron por alg\u00fan tipo de c\u00e1ncer; la mayor\u00eda viv\u00eda con dolores de cabeza y problemas de audici\u00f3n.<\/p>\n<p>Los da\u00f1os<\/p>\n<p>Rolando Hern\u00e1ndez es padre de una joven con p\u00e9rdida auditiva.<\/p>\n<p>-El doctor nos coment\u00f3 que la antena podr\u00eda ser una posible causa por las ondas que emit\u00eda el artefacto, y lo decimos as\u00ed porque fueron muchos, no fue un solo caso.<\/p>\n<p>-\u00bfPor qu\u00e9 no demandaron la reparaci\u00f3n del da\u00f1o?<\/p>\n<p>-El problema siempre fueron las trabas que se pusieron. El sistema de impartici\u00f3n de justicia est\u00e1 p\u00e9simo y para todo piden que tu lo compruebes. Ellos como impartidores de justicia parecen que encubren.<\/p>\n<p>A ocho meses de retirada la antena ninguna autoridad municipal o estatal de salud o ecolog\u00eda, acudi\u00f3 a la zona a verificar los da\u00f1os y secuelas.<\/p>\n<p>Para las autoridades no hay da\u00f1os a la salud que sean comprobables.<\/p>\n<p>Encubrimiento o complicidad oficial<\/p>\n<p>En mayo de este a\u00f1o, la Secretar\u00eda de Salud, a trav\u00e9s de la Comisi\u00f3n Federal para la Protecci\u00f3n contra Riesgos Sanitarios (Cofepris), inform\u00f3 a la C\u00e1mara de Diputados que \u201cno hay pruebas cient\u00edficas convincentes de que las se\u00f1ales de radiofrecuencias de las antenas de telefon\u00eda m\u00f3vil, radio y televisi\u00f3n, tengan efectos adversos a la salud\u201d.<\/p>\n<p>Sin embargo, la misma legislatura federal mencion\u00f3 que cerca de mil 500 familias de un total de seis mil 500 con residencia en el fraccionamiento Residencial Revoluci\u00f3n, en San Pedro Tlaquepaque, Jalisco, han denunciado deterioros en su salud, con s\u00edntomas como dolores de cabeza, mareos, insomnio, fatiga, n\u00e1useas, irritaci\u00f3n de los ojos y casos de c\u00e1ncer, entre los vecinos que habitan en las cercan\u00edas de instalaciones de base de redes.<\/p>\n<p>Desde 1996, la Organizaci\u00f3n Mundial de la Salud (OMS) cre\u00f3 el Proyecto Internacional CEM (Campos Electromagn\u00e9ticos) para evaluar las pruebas cient\u00edficas de los posibles efectos sobre la salud y medioambiente.<\/p>\n<p><a href=\"https:\/\/www.nvinoticias.com\/nota\/93061\/antena-irradia-nocivo-electroesmog-en-la-colonia-del-maestro-oaxaca\" rel=\"noopener\" target=\"_blank\">https:\/\/www.nvinoticias.com\/nota\/93061\/antena-irradia-nocivo-electroesmog-en-la-colonia-del-maestro-oaxaca<\/a><\/p>\n","protected":false},"excerpt":{"rendered":"<p>Noticias. Citlalli Luciana, Los m\u00e9dicos le dijeron que tomar\u00e1 dos a\u00f1os la descontaminaci\u00f3n su cuerpo, las secuelas son irreversibles. Durante 13 a\u00f1os vivi\u00f3 en su casa \u201ccomo un rat\u00f3n en &hellip; <a href=\"http:\/\/www.grieta.org.mx\/index.php\/2018\/05\/23\/antena-irradia-nocivo-electroesmog-en-la-colonia-del-maestro-oaxaca\/\" class=\"more-link\">Leer m\u00e1s<\/a><\/p>\n","protected":false},"author":2,"featured_media":26489,"comment_status":"closed","ping_status":"closed","sticky":false,"template":"","format":"standard","meta":{"ngg_post_thumbnail":0,"_jetpack_newsletter_access":"","_jetpack_dont_email_post_to_subs":false,"_jetpack_newsletter_tier_id":0,"_jetpack_memberships_contains_paywalled_content":false,"_jetpack_memberships_contains_paid_content":false,"footnotes":""},"categories":[80,1727,2,25],"tags":[],"class_list":["post-26488","post","type-post","status-publish","format-standard","has-post-thumbnail","hentry","category-cintillo","category-destruccion-ambiental-en-oaxaca","category-noticias-nacionales","category-oaxaca","entry"],"jetpack_featured_media_url":"http:\/\/www.grieta.org.mx\/wp-content\/uploads\/2018\/09\/image_29_153.jpg","jetpack_sharing_enabled":true,"jetpack_shortlink":"https:\/\/wp.me\/p7ZJR4-6Te","jetpack_likes_enabled":false,"jetpack-related-posts":[{"id":55359,"url":"http:\/\/www.grieta.org.mx\/index.php\/2020\/11\/16\/desaparece-joven-de-17-anos-habia-salido-de-oaxaca-de-juarez-con-direccion-a-tlaxiaco\/","url_meta":{"origin":26488,"position":0},"title":"Desaparece joven de 17 a\u00f1os; hab\u00eda salido de Oaxaca de Ju\u00e1rez con direcci\u00f3n a Tlaxiaco","author":"grieta","date":"16 noviembre, 2020","format":false,"excerpt":"Noticias \/ IGAVEC \/ Fernando Reyes. La jovencita no regres\u00f3 a casa. HUAJUAPAN DE LE\u00d3N, Oaxaca.- Yenifer Judith Ram\u00edrez S\u00e1nchez, de 17 a\u00f1os de edad, sali\u00f3 de la ciudad de Oaxaca con direcci\u00f3n al municipio de Tlaxiaco, desconoci\u00e9ndose hasta el momento de su paradero ya que no lleg\u00f3 a su\u2026","rel":"","context":"En &quot;CINTILLO&quot;","block_context":{"text":"CINTILLO","link":"http:\/\/www.grieta.org.mx\/index.php\/category\/cintillo\/"},"img":{"alt_text":"","src":"https:\/\/i0.wp.com\/www.grieta.org.mx\/wp-content\/uploads\/2020\/11\/A-1.jpg?resize=350%2C200","width":350,"height":200,"srcset":"https:\/\/i0.wp.com\/www.grieta.org.mx\/wp-content\/uploads\/2020\/11\/A-1.jpg?resize=350%2C200 1x, https:\/\/i0.wp.com\/www.grieta.org.mx\/wp-content\/uploads\/2020\/11\/A-1.jpg?resize=525%2C300 1.5x, https:\/\/i0.wp.com\/www.grieta.org.mx\/wp-content\/uploads\/2020\/11\/A-1.jpg?resize=700%2C400 2x, https:\/\/i0.wp.com\/www.grieta.org.mx\/wp-content\/uploads\/2020\/11\/A-1.jpg?resize=1050%2C600 3x"},"classes":[]},{"id":2506,"url":"http:\/\/www.grieta.org.mx\/index.php\/2015\/07\/30\/ecologia-clausuraria-antena-de-telefonia-celular\/","url_meta":{"origin":26488,"position":1},"title":"Ecolog\u00eda clausurar\u00eda antena de telefon\u00eda celular","author":"grieta","date":"30 julio, 2015","format":false,"excerpt":"Miguel \u00c1ngel Mart\u00ednez El director de Ecolog\u00eda municipal, Horacio Olgu\u00edn Luna, expuso en entrevista que en caso de que se demuestre que la antena de telefon\u00eda que una empresa de celulares coloc\u00f3 en San Marcos, resulte da\u00f1ina para el medio ambiente y la salud p\u00fablica, el gobierno local, por medio\u2026","rel":"","context":"En &quot;CINTILLO&quot;","block_context":{"text":"CINTILLO","link":"http:\/\/www.grieta.org.mx\/index.php\/category\/cintillo\/"},"img":{"alt_text":"","src":"https:\/\/i0.wp.com\/www.grieta.org.mx\/wp-content\/uploads\/2018\/03\/14524434_1106112876131411_958039263622046936_o.jpg?resize=350%2C200","width":350,"height":200,"srcset":"https:\/\/i0.wp.com\/www.grieta.org.mx\/wp-content\/uploads\/2018\/03\/14524434_1106112876131411_958039263622046936_o.jpg?resize=350%2C200 1x, https:\/\/i0.wp.com\/www.grieta.org.mx\/wp-content\/uploads\/2018\/03\/14524434_1106112876131411_958039263622046936_o.jpg?resize=525%2C300 1.5x, https:\/\/i0.wp.com\/www.grieta.org.mx\/wp-content\/uploads\/2018\/03\/14524434_1106112876131411_958039263622046936_o.jpg?resize=700%2C400 2x"},"classes":[]},{"id":45626,"url":"http:\/\/www.grieta.org.mx\/index.php\/2020\/03\/02\/dos-mujeres-asesinadas-asi-inicia-la-semana-en-oaxaca\/","url_meta":{"origin":26488,"position":2},"title":"Dos mujeres asesinadas, as\u00ed inicia la semana en Oaxaca","author":"grieta","date":"2 marzo, 2020","format":false,"excerpt":"Noticias \/ Por Milenio. La Fiscal\u00eda General del Estado (FGE) de Oaxaca report\u00f3 que dos mujeres fueron asesinadas en diferentes puntos de la entidad. Explic\u00f3 que alrededor de las 9:00 horas un grupo de hombres armados, que viajaba a bordo de una camioneta, dispar\u00f3 a una mujer que sal\u00eda de\u2026","rel":"","context":"En &quot;CINTILLO&quot;","block_context":{"text":"CINTILLO","link":"http:\/\/www.grieta.org.mx\/index.php\/category\/cintillo\/"},"img":{"alt_text":"","src":"https:\/\/i0.wp.com\/www.grieta.org.mx\/wp-content\/uploads\/2020\/03\/2.jpg?resize=350%2C200","width":350,"height":200,"srcset":"https:\/\/i0.wp.com\/www.grieta.org.mx\/wp-content\/uploads\/2020\/03\/2.jpg?resize=350%2C200 1x, https:\/\/i0.wp.com\/www.grieta.org.mx\/wp-content\/uploads\/2020\/03\/2.jpg?resize=525%2C300 1.5x, https:\/\/i0.wp.com\/www.grieta.org.mx\/wp-content\/uploads\/2020\/03\/2.jpg?resize=700%2C400 2x, https:\/\/i0.wp.com\/www.grieta.org.mx\/wp-content\/uploads\/2020\/03\/2.jpg?resize=1050%2C600 3x"},"classes":[]},{"id":2508,"url":"http:\/\/www.grieta.org.mx\/index.php\/2015\/07\/30\/protestas-en-san-marcos-por-instalacion-de-antena-de-telefonia-celular\/","url_meta":{"origin":26488,"position":3},"title":"Protestas en San Marcos por instalaci\u00f3n de antena de telefon\u00eda celular","author":"grieta","date":"30 julio, 2015","format":false,"excerpt":"30\/07\/15. Ecolog\u00eda clausurar\u00eda antena de telefon\u00eda celularQuadrat\u00edn Hidalgo 22\/07\/15. Preocupa instalaci\u00f3n de antena en San Marcos Criterio Hidalgo","rel":"","context":"En &quot;Hidalgo&quot;","block_context":{"text":"Hidalgo","link":"http:\/\/www.grieta.org.mx\/index.php\/category\/noticias-nacionales\/hidalgo\/"},"img":{"alt_text":"","src":"https:\/\/i0.wp.com\/www.grieta.org.mx\/wp-content\/uploads\/2018\/03\/14524434_1106112876131411_958039263622046936_o.jpg?resize=350%2C200","width":350,"height":200,"srcset":"https:\/\/i0.wp.com\/www.grieta.org.mx\/wp-content\/uploads\/2018\/03\/14524434_1106112876131411_958039263622046936_o.jpg?resize=350%2C200 1x, https:\/\/i0.wp.com\/www.grieta.org.mx\/wp-content\/uploads\/2018\/03\/14524434_1106112876131411_958039263622046936_o.jpg?resize=525%2C300 1.5x, https:\/\/i0.wp.com\/www.grieta.org.mx\/wp-content\/uploads\/2018\/03\/14524434_1106112876131411_958039263622046936_o.jpg?resize=700%2C400 2x"},"classes":[]},{"id":2507,"url":"http:\/\/www.grieta.org.mx\/index.php\/2015\/07\/22\/preocupa-instalacion-de-antena-en-san-marcos\/","url_meta":{"origin":26488,"position":4},"title":"Preocupa instalaci\u00f3n de antena en San Marcos","author":"grieta","date":"22 julio, 2015","format":false,"excerpt":"Jes\u00fas Gonz\u00e1lez I Tula de Allende Habitantes de la comunidad San Marcos expresaron su preocupaci\u00f3n a ra\u00edz de las posibles afectaciones a la salud que pudiera causar la reciente instalaci\u00f3n de una antena de telefon\u00eda celular. Ante ese escenario, los colonos asistieron a la alcald\u00eda para conocer qui\u00e9n otorg\u00f3 los\u2026","rel":"","context":"En &quot;CINTILLO&quot;","block_context":{"text":"CINTILLO","link":"http:\/\/www.grieta.org.mx\/index.php\/category\/cintillo\/"},"img":{"alt_text":"","src":"https:\/\/i0.wp.com\/www.grieta.org.mx\/wp-content\/uploads\/2018\/03\/14524434_1106112876131411_958039263622046936_o.jpg?resize=350%2C200","width":350,"height":200,"srcset":"https:\/\/i0.wp.com\/www.grieta.org.mx\/wp-content\/uploads\/2018\/03\/14524434_1106112876131411_958039263622046936_o.jpg?resize=350%2C200 1x, https:\/\/i0.wp.com\/www.grieta.org.mx\/wp-content\/uploads\/2018\/03\/14524434_1106112876131411_958039263622046936_o.jpg?resize=525%2C300 1.5x, https:\/\/i0.wp.com\/www.grieta.org.mx\/wp-content\/uploads\/2018\/03\/14524434_1106112876131411_958039263622046936_o.jpg?resize=700%2C400 2x"},"classes":[]},{"id":56743,"url":"http:\/\/www.grieta.org.mx\/index.php\/2021\/01\/17\/caso-concepcion-cinco-anos-en-el-limbo-de-la-justicia-oaxaca\/","url_meta":{"origin":26488,"position":5},"title":"Caso Concepci\u00f3n: cinco a\u00f1os en el limbo de la justicia (Oaxaca)","author":"grieta","date":"17 enero, 2021","format":false,"excerpt":"Proceso \/ Gloria Leticia D\u00edaz. Concepci\u00f3n Sibaja Ram\u00edrez lleva m\u00e1s de cinco a\u00f1os encarcelada en Oaxaca\u2026 La entonces Procuradur\u00eda General de la Rep\u00fablica la captur\u00f3; la acus\u00f3 de pertenecer a una red internacional de tr\u00e1fico de personas. Durante su detenci\u00f3n fue torturada y agredida sexualmente. Las pruebas de la autoridad\u2026","rel":"","context":"En &quot;CINTILLO&quot;","block_context":{"text":"CINTILLO","link":"http:\/\/www.grieta.org.mx\/index.php\/category\/cintillo\/"},"img":{"alt_text":"","src":"https:\/\/i0.wp.com\/www.grieta.org.mx\/wp-content\/uploads\/2018\/03\/14524434_1106112876131411_958039263622046936_o.jpg?resize=350%2C200","width":350,"height":200,"srcset":"https:\/\/i0.wp.com\/www.grieta.org.mx\/wp-content\/uploads\/2018\/03\/14524434_1106112876131411_958039263622046936_o.jpg?resize=350%2C200 1x, https:\/\/i0.wp.com\/www.grieta.org.mx\/wp-content\/uploads\/2018\/03\/14524434_1106112876131411_958039263622046936_o.jpg?resize=525%2C300 1.5x, https:\/\/i0.wp.com\/www.grieta.org.mx\/wp-content\/uploads\/2018\/03\/14524434_1106112876131411_958039263622046936_o.jpg?resize=700%2C400 2x"},"classes":[]}],"_links":{"self":[{"href":"http:\/\/www.grieta.org.mx\/index.php\/wp-json\/wp\/v2\/posts\/26488","targetHints":{"allow":["GET"]}}],"collection":[{"href":"http:\/\/www.grieta.org.mx\/index.php\/wp-json\/wp\/v2\/posts"}],"about":[{"href":"http:\/\/www.grieta.org.mx\/index.php\/wp-json\/wp\/v2\/types\/post"}],"author":[{"embeddable":true,"href":"http:\/\/www.grieta.org.mx\/index.php\/wp-json\/wp\/v2\/users\/2"}],"replies":[{"embeddable":true,"href":"http:\/\/www.grieta.org.mx\/index.php\/wp-json\/wp\/v2\/comments?post=26488"}],"version-history":[{"count":1,"href":"http:\/\/www.grieta.org.mx\/index.php\/wp-json\/wp\/v2\/posts\/26488\/revisions"}],"predecessor-version":[{"id":26490,"href":"http:\/\/www.grieta.org.mx\/index.php\/wp-json\/wp\/v2\/posts\/26488\/revisions\/26490"}],"wp:featuredmedia":[{"embeddable":true,"href":"http:\/\/www.grieta.org.mx\/index.php\/wp-json\/wp\/v2\/media\/26489"}],"wp:attachment":[{"href":"http:\/\/www.grieta.org.mx\/index.php\/wp-json\/wp\/v2\/media?parent=26488"}],"wp:term":[{"taxonomy":"category","embeddable":true,"href":"http:\/\/www.grieta.org.mx\/index.php\/wp-json\/wp\/v2\/categories?post=26488"},{"taxonomy":"post_tag","embeddable":true,"href":"http:\/\/www.grieta.org.mx\/index.php\/wp-json\/wp\/v2\/tags?post=26488"}],"curies":[{"name":"wp","href":"https:\/\/api.w.org\/{rel}","templated":true}]}}