{"id":26334,"date":"2018-08-31T18:42:24","date_gmt":"2018-08-31T23:42:24","guid":{"rendered":"http:\/\/www.grieta.org.mx\/?p=26334"},"modified":"2018-09-09T18:46:00","modified_gmt":"2018-09-09T23:46:00","slug":"mexico-alerta-de-genero-no-sera-suficiente-en-oaxaca","status":"publish","type":"post","link":"http:\/\/www.grieta.org.mx\/index.php\/2018\/08\/31\/mexico-alerta-de-genero-no-sera-suficiente-en-oaxaca\/","title":{"rendered":"M\u00e9xico: Alerta de G\u00e9nero no ser\u00e1 suficiente en Oaxaca"},"content":{"rendered":"<p>Avispa Midia.<\/p>\n<p>Jorge Gonz\u00e1lez,<\/p>\n<p>La alerta de g\u00e9nero no garantiza que la violencia sistem\u00e1tica que viven las mujeres en Oaxaca disminuya, ya que se carece de pol\u00edticas p\u00fablicas que contemplen los matices que existen en el estado, coincidieron las participantes del segundo conversatorio Alerta de Violencia de G\u00e9nero contra las Mujeres en Oaxaca realizado el pasado mi\u00e9rcoles en el  Centro Integral para la Prevenci\u00f3n, Protecci\u00f3n y Promoci\u00f3n de los Derechos Humanos.<\/p>\n<p>Luego de que fueran emitidas las 11 recomendaciones por parte del Sistema Nacional para Prevenir, Atender, Sancionar y Erradicar la Violencia contra las Mujeres (SNPASEVM) en noviembre del a\u00f1o pasado (2017), la instancia dio al gobierno del estado un plazo de 6 meses para responder y en caso de no dar suficientes resultados, se proceder\u00eda a la emisi\u00f3n de la alerta, \u201calgo inminente, pero que no ser\u00e1 suficiente\u201d, afirmo una de las participantes.<\/p>\n<p>Las asistentes consideraron que la activaci\u00f3n de la alerta de g\u00e9nero, contemplada dentro de la Ley General de Acceso de las Mujeres a una Vida Libre de Violencia, no tendr\u00e1 una eficacia real hasta que no se subsanen las carencias de infraestructura en las instituciones encargadas del tema y no se contemplen las caracter\u00edsticas del estado, por lo cual instaron a que el gobierno de Oaxaca contemplen las 11 recomendaciones emitidas desde noviembre del a\u00f1o pasado por el SNPASEVM.<\/p>\n<p>\u201cExiste una carencia a la hora de dise\u00f1ar pol\u00edticas p\u00fablicas ya que quienes las dise\u00f1an muchas veces carecen de una visi\u00f3n que contemple los matices de la vida comunitaria. Ni los derechos individuales se tienen que anteponer a los derechos colectivos, ni los colectivos a los individuales\u201d, sostuvo Ita Bico Cruz L\u00f3pez, Defensora Especializada en Equidad de G\u00e9nero y Atenci\u00f3n a Mujeres V\u00edctimas de Violencia de la Defensor\u00eda de los Derechos Humanos del Pueblo de Oaxaca (DDHPO).<\/p>\n<p>La psic\u00f3loga Cruz L\u00f3pez tambi\u00e9n se refiri\u00f3 al hecho de que muchas veces bajo el pretexto de los usos y costumbres que tienen pueblos, se justifica la violencia sistem\u00e1tica que sufren las mujeres, como la venta y los matrimonios forzados de las cuales son v\u00edctimas, sin embargo, tambi\u00e9n argument\u00f3 que no se puede imponer el derecho de uno sobre los dem\u00e1s, pues debe de existir igualdad.<\/p>\n<p>Actualmente se ha activado la alerta de g\u00e9nero en 13 estados, en otros 7 se han desestimado las solicitudes y siguen en tramite otros 9, dentro de los cuales esta el estado de Oaxaca.<\/p>\n<p><a href=\"https:\/\/avispa.org\/mexico-alerta-de-genero-no-sera-suficiente-en-oaxaca\/\" rel=\"noopener\" target=\"_blank\">https:\/\/avispa.org\/mexico-alerta-de-genero-no-sera-suficiente-en-oaxaca\/<\/a><\/p>\n","protected":false},"excerpt":{"rendered":"<p>Avispa Midia. Jorge Gonz\u00e1lez, La alerta de g\u00e9nero no garantiza que la violencia sistem\u00e1tica que viven las mujeres en Oaxaca disminuya, ya que se carece de pol\u00edticas p\u00fablicas que contemplen &hellip; <a href=\"http:\/\/www.grieta.org.mx\/index.php\/2018\/08\/31\/mexico-alerta-de-genero-no-sera-suficiente-en-oaxaca\/\" class=\"more-link\">Leer m\u00e1s<\/a><\/p>\n","protected":false},"author":2,"featured_media":21928,"comment_status":"closed","ping_status":"closed","sticky":false,"template":"","format":"standard","meta":{"ngg_post_thumbnail":0,"_jetpack_newsletter_access":"","_jetpack_dont_email_post_to_subs":false,"_jetpack_newsletter_tier_id":0,"_jetpack_memberships_contains_paywalled_content":false,"_jetpack_memberships_contains_paid_content":false,"footnotes":""},"categories":[80,1325,2,25],"tags":[],"class_list":["post-26334","post","type-post","status-publish","format-standard","has-post-thumbnail","hentry","category-cintillo","category-feminicidios-en-oaxaca-oaxaca","category-noticias-nacionales","category-oaxaca","entry"],"jetpack_featured_media_url":"http:\/\/www.grieta.org.mx\/wp-content\/uploads\/2018\/03\/14524434_1106112876131411_958039263622046936_o.jpg","jetpack_sharing_enabled":true,"jetpack_shortlink":"https:\/\/wp.me\/p7ZJR4-6QK","jetpack_likes_enabled":false,"jetpack-related-posts":[{"id":51988,"url":"http:\/\/www.grieta.org.mx\/index.php\/2020\/07\/21\/234-mujeres-asesinadas-en-oaxaca-a-dos-anos-de-la-alerta-de-violencia-de-genero\/","url_meta":{"origin":26334,"position":0},"title":"234 mujeres asesinadas en Oaxaca, a dos a\u00f1os de la Alerta de Violencia de G\u00e9nero","author":"grieta","date":"21 julio, 2020","format":false,"excerpt":"Noticias \/ Citlalli Luciana. *AVGM fue emitida en 40 municipios de Oaxaca A casi dos a\u00f1os de que se emitiera la Alerta de Violencia de G\u00e9nero contra las Mujeres en 40 municipios de Oaxaca, los \u00edndices de violencia feminicida evidencian la falta de impacto para salvaguardar su vida. En ese\u2026","rel":"","context":"En &quot;CINTILLO&quot;","block_context":{"text":"CINTILLO","link":"http:\/\/www.grieta.org.mx\/index.php\/category\/cintillo\/"},"img":{"alt_text":"","src":"https:\/\/i0.wp.com\/www.grieta.org.mx\/wp-content\/uploads\/2018\/03\/14524434_1106112876131411_958039263622046936_o.jpg?resize=350%2C200","width":350,"height":200,"srcset":"https:\/\/i0.wp.com\/www.grieta.org.mx\/wp-content\/uploads\/2018\/03\/14524434_1106112876131411_958039263622046936_o.jpg?resize=350%2C200 1x, https:\/\/i0.wp.com\/www.grieta.org.mx\/wp-content\/uploads\/2018\/03\/14524434_1106112876131411_958039263622046936_o.jpg?resize=525%2C300 1.5x, https:\/\/i0.wp.com\/www.grieta.org.mx\/wp-content\/uploads\/2018\/03\/14524434_1106112876131411_958039263622046936_o.jpg?resize=700%2C400 2x"},"classes":[]},{"id":24773,"url":"http:\/\/www.grieta.org.mx\/index.php\/2018\/07\/16\/mas-de-198-feminicidios-en-oaxaca-urge-declarar-alerta-de-genero\/","url_meta":{"origin":26334,"position":1},"title":"M\u00e1s de 198 feminicidios en Oaxaca, urge declarar alerta de g\u00e9nero","author":"grieta","date":"16 julio, 2018","format":false,"excerpt":"P\u00e1gina 3. Diana Manzo \/ Corresponsal, Juchit\u00e1n, Oaxaca.- Paulina Tolentino L\u00f3pez de 16 a\u00f1os de edad desapareci\u00f3 hace una semana en Juchit\u00e1n y todav\u00eda no aparece, seg\u00fan la organizaci\u00f3n social Consorcio para la Equidad y G\u00e9nero suman 278 mujeres las desaparecidas en Oaxaca desde la administraci\u00f3n del actual gobernador Alejandro\u2026","rel":"","context":"En &quot;CINTILLO&quot;","block_context":{"text":"CINTILLO","link":"http:\/\/www.grieta.org.mx\/index.php\/category\/cintillo\/"},"img":{"alt_text":"","src":"https:\/\/i0.wp.com\/www.grieta.org.mx\/wp-content\/uploads\/2018\/07\/feminicidio-en-Oaxaca.jpg?resize=350%2C200","width":350,"height":200,"srcset":"https:\/\/i0.wp.com\/www.grieta.org.mx\/wp-content\/uploads\/2018\/07\/feminicidio-en-Oaxaca.jpg?resize=350%2C200 1x, https:\/\/i0.wp.com\/www.grieta.org.mx\/wp-content\/uploads\/2018\/07\/feminicidio-en-Oaxaca.jpg?resize=525%2C300 1.5x, https:\/\/i0.wp.com\/www.grieta.org.mx\/wp-content\/uploads\/2018\/07\/feminicidio-en-Oaxaca.jpg?resize=700%2C400 2x"},"classes":[]},{"id":52887,"url":"http:\/\/www.grieta.org.mx\/index.php\/2020\/08\/28\/mujeres-desaparecidas-y-feminicidios-a-dos-anos-de-la-alerta-de-violencia-de-genero-en-oaxaca\/","url_meta":{"origin":26334,"position":2},"title":"Mujeres desaparecidas y feminicidios a dos a\u00f1os de la Alerta de Violencia de G\u00e9nero en Oaxaca","author":"grieta","date":"28 agosto, 2020","format":false,"excerpt":"P\u00e1gina 3 \/ Comunicados * La desaparici\u00f3n de mujeres se ha incrementado 74.5% (349 casos) respecto a los 200 casos registrados antes de la activaci\u00f3n del decreto. * Los feminicidios incrementaron 12% (142 casos) en comparaci\u00f3n con los 127 registrados durante los dos primeros a\u00f1os del gobierno estatal actual. En\u2026","rel":"","context":"En &quot;CINTILLO&quot;","block_context":{"text":"CINTILLO","link":"http:\/\/www.grieta.org.mx\/index.php\/category\/cintillo\/"},"img":{"alt_text":"","src":"https:\/\/i0.wp.com\/www.grieta.org.mx\/wp-content\/uploads\/2020\/08\/7.jpg?resize=350%2C200","width":350,"height":200,"srcset":"https:\/\/i0.wp.com\/www.grieta.org.mx\/wp-content\/uploads\/2020\/08\/7.jpg?resize=350%2C200 1x, https:\/\/i0.wp.com\/www.grieta.org.mx\/wp-content\/uploads\/2020\/08\/7.jpg?resize=525%2C300 1.5x, https:\/\/i0.wp.com\/www.grieta.org.mx\/wp-content\/uploads\/2020\/08\/7.jpg?resize=700%2C400 2x"},"classes":[]},{"id":30113,"url":"http:\/\/www.grieta.org.mx\/index.php\/2019\/02\/27\/desdenan-municipios-de-oaxaca-la-alerta-de-genero\/","url_meta":{"origin":26334,"position":3},"title":"Desde\u00f1an municipios de Oaxaca la alerta de g\u00e9nero","author":"grieta","date":"27 febrero, 2019","format":false,"excerpt":"Noticias. Citlalli Luciana, A medio a\u00f1o de haberse establecido en Oaxaca la Alerta de Violencia de G\u00e9nero contra las Mujeres (AVGM), 12 municipios contin\u00faan en el desacato. A la par de la desatenci\u00f3n, durante el primer mes del a\u00f1o, las cifras de incidencia delictiva ubicaron a la entidad entre los\u2026","rel":"","context":"En &quot;CINTILLO&quot;","block_context":{"text":"CINTILLO","link":"http:\/\/www.grieta.org.mx\/index.php\/category\/cintillo\/"},"img":{"alt_text":"","src":"https:\/\/i0.wp.com\/www.grieta.org.mx\/wp-content\/uploads\/2019\/03\/image_17.jpg?resize=350%2C200","width":350,"height":200,"srcset":"https:\/\/i0.wp.com\/www.grieta.org.mx\/wp-content\/uploads\/2019\/03\/image_17.jpg?resize=350%2C200 1x, https:\/\/i0.wp.com\/www.grieta.org.mx\/wp-content\/uploads\/2019\/03\/image_17.jpg?resize=525%2C300 1.5x, https:\/\/i0.wp.com\/www.grieta.org.mx\/wp-content\/uploads\/2019\/03\/image_17.jpg?resize=700%2C400 2x, https:\/\/i0.wp.com\/www.grieta.org.mx\/wp-content\/uploads\/2019\/03\/image_17.jpg?resize=1050%2C600 3x"},"classes":[]},{"id":52884,"url":"http:\/\/www.grieta.org.mx\/index.php\/2020\/08\/14\/van-127-feminicidios-pese-a-alerta-de-violencia-de-genero-en-oaxaca\/","url_meta":{"origin":26334,"position":4},"title":"Van 127 feminicidios pese a Alerta de Violencia de G\u00e9nero en Oaxaca","author":"grieta","date":"14 agosto, 2020","format":false,"excerpt":"Proceso \/ Pedro Mat\u00edas. Mujeres ind\u00edgenas durante una protesta. Foto: Isa\u00edn Mandujano. OAXACA, Oax. (apro).- A casi dos a\u00f1os de la declaratoria de la Alerta de Violencia de G\u00e9nero contra las Mujeres (AVGM), los ataques presentan niveles preocupantes en 40 municipios de Oaxaca, al registrarse 127 feminicidios, 241 desapariciones y\u2026","rel":"","context":"En &quot;CINTILLO&quot;","block_context":{"text":"CINTILLO","link":"http:\/\/www.grieta.org.mx\/index.php\/category\/cintillo\/"},"img":{"alt_text":"","src":"https:\/\/i0.wp.com\/www.grieta.org.mx\/wp-content\/uploads\/2018\/03\/14524434_1106112876131411_958039263622046936_o.jpg?resize=350%2C200","width":350,"height":200,"srcset":"https:\/\/i0.wp.com\/www.grieta.org.mx\/wp-content\/uploads\/2018\/03\/14524434_1106112876131411_958039263622046936_o.jpg?resize=350%2C200 1x, https:\/\/i0.wp.com\/www.grieta.org.mx\/wp-content\/uploads\/2018\/03\/14524434_1106112876131411_958039263622046936_o.jpg?resize=525%2C300 1.5x, https:\/\/i0.wp.com\/www.grieta.org.mx\/wp-content\/uploads\/2018\/03\/14524434_1106112876131411_958039263622046936_o.jpg?resize=700%2C400 2x"},"classes":[]},{"id":38860,"url":"http:\/\/www.grieta.org.mx\/index.php\/2019\/09\/03\/alerta-de-genero-simulacion-complicidad-y-omision-el-estado-fallido-mata-mujeres-oaxaca\/","url_meta":{"origin":26334,"position":5},"title":"Alerta de G\u00e9nero: simulaci\u00f3n, complicidad y omisi\u00f3n; el Estado fallido mata mujeres (Oaxaca)","author":"grieta","date":"3 septiembre, 2019","format":false,"excerpt":"Pedro Mat\u00edas \/ P\u00e1gina 3. *Alejandro Murat ni siquiera cuenta con una pol\u00edtica p\u00fablica para atender este problema. *Van 127 mujeres y ni\u00f1as asesinadas desde que se decret\u00f3 la alerta de g\u00e9nero. OAXACA, Oax. (pagina3.mx).- A un a\u00f1o de que la Secretar\u00eda de Gobernaci\u00f3n decret\u00f3 la Alerta por Violencia de\u2026","rel":"","context":"En &quot;CINTILLO&quot;","block_context":{"text":"CINTILLO","link":"http:\/\/www.grieta.org.mx\/index.php\/category\/cintillo\/"},"img":{"alt_text":"","src":"https:\/\/i0.wp.com\/www.grieta.org.mx\/wp-content\/uploads\/2018\/03\/14524434_1106112876131411_958039263622046936_o.jpg?resize=350%2C200","width":350,"height":200,"srcset":"https:\/\/i0.wp.com\/www.grieta.org.mx\/wp-content\/uploads\/2018\/03\/14524434_1106112876131411_958039263622046936_o.jpg?resize=350%2C200 1x, https:\/\/i0.wp.com\/www.grieta.org.mx\/wp-content\/uploads\/2018\/03\/14524434_1106112876131411_958039263622046936_o.jpg?resize=525%2C300 1.5x, https:\/\/i0.wp.com\/www.grieta.org.mx\/wp-content\/uploads\/2018\/03\/14524434_1106112876131411_958039263622046936_o.jpg?resize=700%2C400 2x"},"classes":[]}],"_links":{"self":[{"href":"http:\/\/www.grieta.org.mx\/index.php\/wp-json\/wp\/v2\/posts\/26334","targetHints":{"allow":["GET"]}}],"collection":[{"href":"http:\/\/www.grieta.org.mx\/index.php\/wp-json\/wp\/v2\/posts"}],"about":[{"href":"http:\/\/www.grieta.org.mx\/index.php\/wp-json\/wp\/v2\/types\/post"}],"author":[{"embeddable":true,"href":"http:\/\/www.grieta.org.mx\/index.php\/wp-json\/wp\/v2\/users\/2"}],"replies":[{"embeddable":true,"href":"http:\/\/www.grieta.org.mx\/index.php\/wp-json\/wp\/v2\/comments?post=26334"}],"version-history":[{"count":1,"href":"http:\/\/www.grieta.org.mx\/index.php\/wp-json\/wp\/v2\/posts\/26334\/revisions"}],"predecessor-version":[{"id":26335,"href":"http:\/\/www.grieta.org.mx\/index.php\/wp-json\/wp\/v2\/posts\/26334\/revisions\/26335"}],"wp:featuredmedia":[{"embeddable":true,"href":"http:\/\/www.grieta.org.mx\/index.php\/wp-json\/wp\/v2\/media\/21928"}],"wp:attachment":[{"href":"http:\/\/www.grieta.org.mx\/index.php\/wp-json\/wp\/v2\/media?parent=26334"}],"wp:term":[{"taxonomy":"category","embeddable":true,"href":"http:\/\/www.grieta.org.mx\/index.php\/wp-json\/wp\/v2\/categories?post=26334"},{"taxonomy":"post_tag","embeddable":true,"href":"http:\/\/www.grieta.org.mx\/index.php\/wp-json\/wp\/v2\/tags?post=26334"}],"curies":[{"name":"wp","href":"https:\/\/api.w.org\/{rel}","templated":true}]}}