{"id":2630,"date":"2015-02-22T05:42:33","date_gmt":"2015-02-22T05:42:33","guid":{"rendered":"http:\/\/50.22.11.12\/~grietaor\/?p=2630"},"modified":"2016-03-13T05:44:38","modified_gmt":"2016-03-13T05:44:38","slug":"tragedia-une-a-pasta-de-conchos-y-ayotzinapa","status":"publish","type":"post","link":"http:\/\/www.grieta.org.mx\/index.php\/2015\/02\/22\/tragedia-une-a-pasta-de-conchos-y-ayotzinapa\/","title":{"rendered":"Tragedia une a Pasta de Conchos y Ayotzinapa"},"content":{"rendered":"<p>Milenio<\/p>\n<p>Luis Carlos Vald\u00e9s de Le\u00f3n22\/02\/2015 09:56 PM<\/p>\n<p>San Juan de Sabinas<\/p>\n<p>La tragedia y el dolor unen a San Juan de Sabinas y a Ayotzinapa. La lucha que desde hace nueve a\u00f1os familiares enfrentan porque se les entregue un cuerpo del interior de la mina 8 de Pasta de Conchos as\u00ed como aquella que se desarrolla en Ayotzinapa, Guerrero, junto con la que viven familiares de los normalistas desaparecidos han quedados unidas por el dolor, la impunidad y le negligencia del Estado<\/p>\n<p>\u201cYa no queremos una lucha aislada sino que queremos una lucha que dignifique\u201d, coment\u00f3 el estudiante de la Normal Rural.<\/p>\n<p>As\u00ed lo asegur\u00f3 Francisco S\u00e1nchez Nava, estudiante de la Normal Rural de Ayotzinapa, quien permaneci\u00f3 junto con otros compa\u00f1eros en vela en el aniversario de la explosi\u00f3n de la mina de carb\u00f3n en Coahuila, por lo que se desea hermanar ambos movimientos en pro de presionar para que no se d\u00e9 carpetazo definitivo a ninguno de estos casos.<\/p>\n<p>\u201cVenimos a solidarizarnos con las viudas de los mineros y todos aquellos que piden que se saquen los cuerpos de los trabajadores de la mina de Pasta de Conchos, en el municipio de San Juan de Sabinas, Coahuila, nosotros estamos pasando por una situaci\u00f3n similar con nuestros compa\u00f1eros desaparecidos por parte del Estado y aqu\u00ed es lo mismo\u201d<\/p>\n<p>Coment\u00f3 que el Estado no quiere dar ese seguimiento en b\u00fasqueda de los compa\u00f1eros mineros que quedaron atrapados en el derrumbe de esta mina y expres\u00f3 que por eso vienen hasta ac\u00e1, para unificar su lucha.<\/p>\n<p>\u201cYa no queremos una lucha aislada sino que queremos una lucha que dignifique, luchando en conjunto venciendo a aquellos que nos explotan\u201d, expres\u00f3.<\/p>\n<p>Originario de la Costa Chica de Guerrero, S\u00e1nchez Nava expuso que se desea formalizar la hermandad y la lucha entre ambos grupos, indic\u00f3 que esto se har\u00e1 mediante la celebraci\u00f3n de asambleas y el desarrollo de planes para tomar los acuerdos para unificarse y darle mayor peso a ambos movimientos.<\/p>\n<p>\u201cEs lo que nos motiva y dar fuerza para seguir adelante, los padres de familia en nuestro caso est\u00e1n firmes desde hace cuatro meses\u201d.<\/p>\n<p>\u201cVenimos en solidaridad de los compa\u00f1eros y de igual manera de que est\u00e9n con nosotros hasta las \u00faltimas consecuencias como nosotros estamos con los coahuilenses. No daremos un paso atr\u00e1s hasta encontrar a nuestros compa\u00f1eros, estamos cansados de corrupci\u00f3n en un pa\u00eds donde se habla de democracia y se hace lo contrario, por lo que presionaremos tambi\u00e9n para que se saquen los cuerpos de los mineros\u201d, enfatiz\u00f3.<\/p>\n<p>Dijo que como grupos tienen el apoyo de otros a quienes se est\u00e1n sumando porque han sufrido ataques por parte del estado, agreg\u00e1ndose adem\u00e1s otras organizaciones internacionales.<\/p>\n<p>\u201cEs lo que nos motiva y dar fuerza para seguir adelante, los padres de familia en nuestro caso est\u00e1n firmes desde hace cuatro meses, nosotros somos gente humilde, campesina, pero tambi\u00e9n se nos agota la paciencia\u201d, finaliz\u00f3.<\/p>\n<p><a href=\"http:\/\/www.milenio.com\/region\/Ayotzinapa-explocion_en_mina_Pasta_de_Conchos-Normal_Rural_de_Ayotzinapa_0_469153292.html\" target=\"_blank\">www.milenio.com\/region\/Ayotzinapa-explocion_en_mina_Pasta_de_Conchos-Normal_Rural_de_Ayotzinapa_0_469153292.html<\/a><\/p>\n","protected":false},"excerpt":{"rendered":"<p>Milenio Luis Carlos Vald\u00e9s de Le\u00f3n22\/02\/2015 09:56 PM San Juan de Sabinas La tragedia y el dolor unen a San Juan de Sabinas y a Ayotzinapa. La lucha que desde &hellip; <a href=\"http:\/\/www.grieta.org.mx\/index.php\/2015\/02\/22\/tragedia-une-a-pasta-de-conchos-y-ayotzinapa\/\" class=\"more-link\">Leer m\u00e1s<\/a><\/p>\n","protected":false},"author":2,"featured_media":21928,"comment_status":"closed","ping_status":"open","sticky":false,"template":"","format":"standard","meta":{"ngg_post_thumbnail":0,"_jetpack_newsletter_access":"","_jetpack_dont_email_post_to_subs":false,"_jetpack_newsletter_tier_id":0,"_jetpack_memberships_contains_paywalled_content":false,"_jetpack_memberships_contains_paid_content":false,"footnotes":""},"categories":[80],"tags":[119,109,277],"class_list":["post-2630","post","type-post","status-publish","format-standard","has-post-thumbnail","hentry","category-cintillo","tag-ayotzinapa","tag-mineria","tag-pasta-de-conchos","entry"],"jetpack_featured_media_url":"http:\/\/www.grieta.org.mx\/wp-content\/uploads\/2018\/03\/14524434_1106112876131411_958039263622046936_o.jpg","jetpack_sharing_enabled":true,"jetpack_shortlink":"https:\/\/wp.me\/p7ZJR4-Gq","jetpack_likes_enabled":false,"jetpack-related-posts":[{"id":6620,"url":"http:\/\/www.grieta.org.mx\/index.php\/2016\/01\/18\/movilizaciones-por-ayotzinapa-en-coahuila\/","url_meta":{"origin":2630,"position":0},"title":"Movilizaciones por Ayotzinapa en Coahuila","author":"grieta","date":"18 enero, 2016","format":false,"excerpt":"18\/01\/16. Caravana de padres de los 43 lleg\u00f3 a Torre\u00f3n Milenio 27\/09\/15. Marchan por los 43 en la Laguna Terra 26\/09\/15. \u00a1Ayotzi aguanta, la Narro se levanta! Z\u00f3calo de Saltillo 22\/02\/15. Tragedia une a Pasta de Conchos y Ayotzinapa Milenio 06\/02\/15. Normalistas de Ayotzinapa llegan a Torre\u00f3n Vanguardia","rel":"","context":"En &quot;Coahuila&quot;","block_context":{"text":"Coahuila","link":"http:\/\/www.grieta.org.mx\/index.php\/category\/noticias-nacionales\/coahuila\/"},"img":{"alt_text":"","src":"https:\/\/i0.wp.com\/www.grieta.org.mx\/wp-content\/uploads\/2018\/03\/14524434_1106112876131411_958039263622046936_o.jpg?resize=350%2C200","width":350,"height":200,"srcset":"https:\/\/i0.wp.com\/www.grieta.org.mx\/wp-content\/uploads\/2018\/03\/14524434_1106112876131411_958039263622046936_o.jpg?resize=350%2C200 1x, https:\/\/i0.wp.com\/www.grieta.org.mx\/wp-content\/uploads\/2018\/03\/14524434_1106112876131411_958039263622046936_o.jpg?resize=525%2C300 1.5x, https:\/\/i0.wp.com\/www.grieta.org.mx\/wp-content\/uploads\/2018\/03\/14524434_1106112876131411_958039263622046936_o.jpg?resize=700%2C400 2x"},"classes":[]},{"id":2961,"url":"http:\/\/www.grieta.org.mx\/index.php\/2016\/02\/18\/romper-con-la-logica-de-muerte-logro-de-familias-a-10-anos-de-pasta-de-conchos\/","url_meta":{"origin":2630,"position":1},"title":"Romper con la L\u00f3gica de muerte: logro de familias a 10 a\u00f1os de Pasta de Conchos","author":"grieta","date":"18 febrero, 2016","format":false,"excerpt":"Aldabi Olvera\/M\u00e1sde131 DESOLACI\u00d3N \/ RECONSTRUCCI\u00d3N Con una consigna clara: \u201cLa vida vale m\u00e1s que el carb\u00f3n\u201d, la organizaci\u00f3n Familia Pasta de Conchos extendi\u00f3 su trabajo de exigencia de la b\u00fasqueda de sus deudos abandonados por el Estado en 2006 en una mina propiedad de Grupo M\u00e9xico, a la defensa de\u2026","rel":"","context":"En &quot;CINTILLO&quot;","block_context":{"text":"CINTILLO","link":"http:\/\/www.grieta.org.mx\/index.php\/category\/cintillo\/"},"img":{"alt_text":"","src":"https:\/\/i0.wp.com\/www.grieta.org.mx\/wp-content\/uploads\/2018\/03\/14524434_1106112876131411_958039263622046936_o.jpg?resize=350%2C200","width":350,"height":200,"srcset":"https:\/\/i0.wp.com\/www.grieta.org.mx\/wp-content\/uploads\/2018\/03\/14524434_1106112876131411_958039263622046936_o.jpg?resize=350%2C200 1x, https:\/\/i0.wp.com\/www.grieta.org.mx\/wp-content\/uploads\/2018\/03\/14524434_1106112876131411_958039263622046936_o.jpg?resize=525%2C300 1.5x, https:\/\/i0.wp.com\/www.grieta.org.mx\/wp-content\/uploads\/2018\/03\/14524434_1106112876131411_958039263622046936_o.jpg?resize=700%2C400 2x"},"classes":[]},{"id":52981,"url":"http:\/\/www.grieta.org.mx\/index.php\/2020\/09\/02\/familiares-de-mineros-de-pasta-de-conchos-coahuila-rechazan-monumento-quieren-sus-restos\/","url_meta":{"origin":2630,"position":2},"title":"Familiares de mineros de Pasta de Conchos, Coahuila rechazan monumento; quieren sus restos","author":"grieta","date":"2 septiembre, 2020","format":false,"excerpt":"EL UNIVERSAL Las viudas de los mineros de Pasta de Conchos califican la propuesta de AMLO como ofensiva y le piden ser honesto TORRE\u00d3N, COAH.- Familiares de mineros fallecidos en la explosi\u00f3n de Pasta de Conchos, Coahuila, rechazaron la propuesta del presidente Andr\u00e9s Manuel L\u00f3pez Obrador de construir un monumento\u2026","rel":"","context":"En &quot;CINTILLO&quot;","block_context":{"text":"CINTILLO","link":"http:\/\/www.grieta.org.mx\/index.php\/category\/cintillo\/"},"img":{"alt_text":"","src":"https:\/\/i0.wp.com\/www.grieta.org.mx\/wp-content\/uploads\/2020\/09\/a02_n6.jpg?resize=350%2C200","width":350,"height":200,"srcset":"https:\/\/i0.wp.com\/www.grieta.org.mx\/wp-content\/uploads\/2020\/09\/a02_n6.jpg?resize=350%2C200 1x, https:\/\/i0.wp.com\/www.grieta.org.mx\/wp-content\/uploads\/2020\/09\/a02_n6.jpg?resize=525%2C300 1.5x, https:\/\/i0.wp.com\/www.grieta.org.mx\/wp-content\/uploads\/2020\/09\/a02_n6.jpg?resize=700%2C400 2x"},"classes":[]},{"id":18340,"url":"http:\/\/www.grieta.org.mx\/index.php\/2016\/07\/27\/22-meses-de-exigir-justicia-para-ayotzinapa-cdmx\/","url_meta":{"origin":2630,"position":3},"title":"22 meses de exigir justicia para Ayotzinapa (CDMX)","author":"grieta","date":"27 julio, 2016","format":false,"excerpt":"Este 26 de julio, se cumplieron 22 meses de los hechos violentos en Iguala, Guerrero, en donde 43 estudiantes fueron desaparecidos y asesinados. La Acci\u00f3n Global por Ayotzinapa n\u00famero 22 se realiz\u00f3 en Ciudad Monstruo con una marcha que parti\u00f3 del Plant\u00f3n de la PGR al antimonumento por los 43,\u2026","rel":"","context":"En &quot;cdmx&quot;","block_context":{"text":"cdmx","link":"http:\/\/www.grieta.org.mx\/index.php\/category\/cdmx\/"},"img":{"alt_text":"","src":"https:\/\/i0.wp.com\/www.grieta.org.mx\/wp-content\/uploads\/2018\/03\/14524434_1106112876131411_958039263622046936_o.jpg?resize=350%2C200","width":350,"height":200,"srcset":"https:\/\/i0.wp.com\/www.grieta.org.mx\/wp-content\/uploads\/2018\/03\/14524434_1106112876131411_958039263622046936_o.jpg?resize=350%2C200 1x, https:\/\/i0.wp.com\/www.grieta.org.mx\/wp-content\/uploads\/2018\/03\/14524434_1106112876131411_958039263622046936_o.jpg?resize=525%2C300 1.5x, https:\/\/i0.wp.com\/www.grieta.org.mx\/wp-content\/uploads\/2018\/03\/14524434_1106112876131411_958039263622046936_o.jpg?resize=700%2C400 2x"},"classes":[]},{"id":7980,"url":"http:\/\/www.grieta.org.mx\/index.php\/2015\/10\/21\/se-reunen-padres-de-los-43-con-organizaciones-en-sonora-buscan-formar-un-movimiento-nacional\/","url_meta":{"origin":2630,"position":4},"title":"Se re\u00fanen padres de los 43 con organizaciones en Sonora; buscan formar un movimiento nacional","author":"grieta","date":"21 octubre, 2015","format":false,"excerpt":"El Sur Acapulco Zacar\u00edas Cervantes Chilpancingo Una comisi\u00f3n de padres de los 43 estudiantes de la Normal de Ayotzinapa detenidos-desaparecidos se reuni\u00f3 ayer en Sonora con representantes de grupos y movimientos de la zona norte del pa\u00eds, para engarzar sus luchas en una sola en los pr\u00f3ximos meses. La reuni\u00f3n\u2026","rel":"","context":"En &quot;CINTILLO&quot;","block_context":{"text":"CINTILLO","link":"http:\/\/www.grieta.org.mx\/index.php\/category\/cintillo\/"},"img":{"alt_text":"","src":"https:\/\/i0.wp.com\/www.grieta.org.mx\/wp-content\/uploads\/2018\/03\/14524434_1106112876131411_958039263622046936_o.jpg?resize=350%2C200","width":350,"height":200,"srcset":"https:\/\/i0.wp.com\/www.grieta.org.mx\/wp-content\/uploads\/2018\/03\/14524434_1106112876131411_958039263622046936_o.jpg?resize=350%2C200 1x, https:\/\/i0.wp.com\/www.grieta.org.mx\/wp-content\/uploads\/2018\/03\/14524434_1106112876131411_958039263622046936_o.jpg?resize=525%2C300 1.5x, https:\/\/i0.wp.com\/www.grieta.org.mx\/wp-content\/uploads\/2018\/03\/14524434_1106112876131411_958039263622046936_o.jpg?resize=700%2C400 2x"},"classes":[]},{"id":54401,"url":"http:\/\/www.grieta.org.mx\/index.php\/2020\/10\/23\/familiares-de-pasta-de-conchos-denuncian-que-presidencia-los-excluyo-de-evento-con-amlo-coahuila\/","url_meta":{"origin":2630,"position":5},"title":"Familiares de Pasta de Conchos denuncian que Presidencia los excluy\u00f3 de evento con AMLO (Coahuila)","author":"grieta","date":"23 octubre, 2020","format":false,"excerpt":"El presidente visita Nueva Rosita, Coahuila, para revisar los avances de los compromisos que hizo el pasado 14 de septiembre sobre el rescate de los restos atrapados en la mina. Manu Ureste\/ ANIMAL POL\u00edTICO Familiares de 65 mineros de Pasta de Conchos denunciaron que fueron excluidos de la visita que\u2026","rel":"","context":"En &quot;CINTILLO&quot;","block_context":{"text":"CINTILLO","link":"http:\/\/www.grieta.org.mx\/index.php\/category\/cintillo\/"},"img":{"alt_text":"","src":"https:\/\/i0.wp.com\/www.grieta.org.mx\/wp-content\/uploads\/2018\/03\/14524434_1106112876131411_958039263622046936_o.jpg?resize=350%2C200","width":350,"height":200,"srcset":"https:\/\/i0.wp.com\/www.grieta.org.mx\/wp-content\/uploads\/2018\/03\/14524434_1106112876131411_958039263622046936_o.jpg?resize=350%2C200 1x, https:\/\/i0.wp.com\/www.grieta.org.mx\/wp-content\/uploads\/2018\/03\/14524434_1106112876131411_958039263622046936_o.jpg?resize=525%2C300 1.5x, https:\/\/i0.wp.com\/www.grieta.org.mx\/wp-content\/uploads\/2018\/03\/14524434_1106112876131411_958039263622046936_o.jpg?resize=700%2C400 2x"},"classes":[]}],"_links":{"self":[{"href":"http:\/\/www.grieta.org.mx\/index.php\/wp-json\/wp\/v2\/posts\/2630","targetHints":{"allow":["GET"]}}],"collection":[{"href":"http:\/\/www.grieta.org.mx\/index.php\/wp-json\/wp\/v2\/posts"}],"about":[{"href":"http:\/\/www.grieta.org.mx\/index.php\/wp-json\/wp\/v2\/types\/post"}],"author":[{"embeddable":true,"href":"http:\/\/www.grieta.org.mx\/index.php\/wp-json\/wp\/v2\/users\/2"}],"replies":[{"embeddable":true,"href":"http:\/\/www.grieta.org.mx\/index.php\/wp-json\/wp\/v2\/comments?post=2630"}],"version-history":[{"count":1,"href":"http:\/\/www.grieta.org.mx\/index.php\/wp-json\/wp\/v2\/posts\/2630\/revisions"}],"predecessor-version":[{"id":2631,"href":"http:\/\/www.grieta.org.mx\/index.php\/wp-json\/wp\/v2\/posts\/2630\/revisions\/2631"}],"wp:featuredmedia":[{"embeddable":true,"href":"http:\/\/www.grieta.org.mx\/index.php\/wp-json\/wp\/v2\/media\/21928"}],"wp:attachment":[{"href":"http:\/\/www.grieta.org.mx\/index.php\/wp-json\/wp\/v2\/media?parent=2630"}],"wp:term":[{"taxonomy":"category","embeddable":true,"href":"http:\/\/www.grieta.org.mx\/index.php\/wp-json\/wp\/v2\/categories?post=2630"},{"taxonomy":"post_tag","embeddable":true,"href":"http:\/\/www.grieta.org.mx\/index.php\/wp-json\/wp\/v2\/tags?post=2630"}],"curies":[{"name":"wp","href":"https:\/\/api.w.org\/{rel}","templated":true}]}}