{"id":26284,"date":"2018-08-31T17:17:00","date_gmt":"2018-08-31T22:17:00","guid":{"rendered":"http:\/\/www.grieta.org.mx\/?p=26284"},"modified":"2018-09-08T17:24:43","modified_gmt":"2018-09-08T22:24:43","slug":"denuncia-del-cig-y-cni-por-nuevo-ataque-armado-contra-comuneros-de-azqueltan","status":"publish","type":"post","link":"http:\/\/www.grieta.org.mx\/index.php\/2018\/08\/31\/denuncia-del-cig-y-cni-por-nuevo-ataque-armado-contra-comuneros-de-azqueltan\/","title":{"rendered":"DENUNCIA DEL CIG Y CNI POR NUEVO ATAQUE ARMADO CONTRA COMUNEROS DE AZQUELTAN"},"content":{"rendered":"<p><img loading=\"lazy\" decoding=\"async\" data-attachment-id=\"22575\" data-permalink=\"http:\/\/www.grieta.org.mx\/index.php\/2018\/04\/19\/exigimos-presentacion-con-vida-del-concejal-de-azqueltan-catarino-marquez-y-nuestro-companero-noe-aguilar-comunero-de-azqueltan\/logo-cni-to\/\" data-orig-file=\"http:\/\/www.grieta.org.mx\/wp-content\/uploads\/2018\/04\/logo-CNI-To.png\" data-orig-size=\"558,303\" data-comments-opened=\"0\" data-image-meta=\"{&quot;aperture&quot;:&quot;0&quot;,&quot;credit&quot;:&quot;&quot;,&quot;camera&quot;:&quot;&quot;,&quot;caption&quot;:&quot;&quot;,&quot;created_timestamp&quot;:&quot;0&quot;,&quot;copyright&quot;:&quot;&quot;,&quot;focal_length&quot;:&quot;0&quot;,&quot;iso&quot;:&quot;0&quot;,&quot;shutter_speed&quot;:&quot;0&quot;,&quot;title&quot;:&quot;&quot;,&quot;orientation&quot;:&quot;0&quot;}\" data-image-title=\"logo-CNI-To\" data-image-description=\"\" data-image-caption=\"\" data-medium-file=\"http:\/\/www.grieta.org.mx\/wp-content\/uploads\/2018\/04\/logo-CNI-To-300x163.png\" data-large-file=\"http:\/\/www.grieta.org.mx\/wp-content\/uploads\/2018\/04\/logo-CNI-To.png\" src=\"http:\/\/www.grieta.org.mx\/wp-content\/uploads\/2018\/04\/logo-CNI-To.png\" alt=\"\" width=\"558\" height=\"303\" class=\"aligncenter size-full wp-image-22575\" srcset=\"http:\/\/www.grieta.org.mx\/wp-content\/uploads\/2018\/04\/logo-CNI-To.png 558w, http:\/\/www.grieta.org.mx\/wp-content\/uploads\/2018\/04\/logo-CNI-To-300x163.png 300w\" sizes=\"auto, (max-width: 558px) 100vw, 558px\" \/><\/p>\n<p>DENUNCIAMOS NUEVO ATAQUE ARMADO A COMUNEROS DE AZQUELT\u00c1N<\/p>\n<p>Denunciamos que el invasor ganadero Heriberto Garc\u00eda, originario del municipio de Villa Guerrero, Jalisco, luego de que  intentara recuperar por la fuerza el ganado asegurado por la comunidad wix\u00e1rika y tepehuana de San Lorenzo Azquelt\u00e1n, mediante amenazas con un arma de fuego, el d\u00eda de ayer 30 de agosto esta persona realiz\u00f3 de manera cobarde 18 disparos directos dirigidos a tres familias wixaritari en la localidad de los Valles, dentro de terrenos comunales. En el lugar hab\u00eda 8 ni\u00f1os que debieron protegerse pues los disparos pasaron a unos cent\u00edmetros de donde estaban.<\/p>\n<p>El d\u00eda de hoy el compa\u00f1ero comunero Bartolo de la Cruz, a quien Heriberto Garc\u00eda intent\u00f3 asesinar junto con sus hijos, debi\u00f3 ser trasladado de emergencia en una ambulancia, al haberse complicado su estado de salud luego de que atentaran contra su vida y la de su familia, pues el compa\u00f1ero se encuentra reci\u00e9n operado por problemas intestinales.<\/p>\n<p>Responsabilizamos a los caciques Heriberto Garc\u00eda, Fabio Flores y al presidente municipal de Villa Guerrero, del estado de salud de nuestro compa\u00f1ero, as\u00ed como de la campa\u00f1a de despojo y odio en contra de la comunidad ind\u00edgena de Azquelt\u00e1n.<\/p>\n<p>Atentamente<\/p>\n<p> Agosto de 2018<\/p>\n<p>Nunca M\u00e1s Un M\u00e9xico Sin Nosotros<\/p>\n<p>Congreso Nacional Ind\u00edgena<\/p>\n<p>Concejo Ind\u00edgena de Gobierno<\/p>\n<p><a href=\"http:\/\/www.congresonacionalindigena.org\/2018\/08\/31\/denuncia-del-cig-y-cni-por-nuevo-ataque-armado-contra-comuneros-de-azqueltan\/\">http:\/\/www.congresonacionalindigena.org\/2018\/08\/31\/denuncia-del-cig-y-cni-por-nuevo-ataque-armado-contra-comuneros-de-azqueltan\/<\/a><\/p>\n","protected":false},"excerpt":{"rendered":"<p>DENUNCIAMOS NUEVO ATAQUE ARMADO A COMUNEROS DE AZQUELT\u00c1N Denunciamos que el invasor ganadero Heriberto Garc\u00eda, originario del municipio de Villa Guerrero, Jalisco, luego de que intentara recuperar por la fuerza &hellip; <a href=\"http:\/\/www.grieta.org.mx\/index.php\/2018\/08\/31\/denuncia-del-cig-y-cni-por-nuevo-ataque-armado-contra-comuneros-de-azqueltan\/\" class=\"more-link\">Leer m\u00e1s<\/a><\/p>\n","protected":false},"author":2,"featured_media":25046,"comment_status":"closed","ping_status":"closed","sticky":false,"template":"","format":"standard","meta":{"ngg_post_thumbnail":0,"_jetpack_newsletter_access":"","_jetpack_dont_email_post_to_subs":false,"_jetpack_newsletter_tier_id":0,"_jetpack_memberships_contains_paywalled_content":false,"_jetpack_memberships_contains_paid_content":false,"footnotes":""},"categories":[47,48,909,80,79,1160,1707,968,1,954,20],"tags":[95,136],"class_list":["post-26284","post","type-post","status-publish","format-standard","has-post-thumbnail","hentry","category-3-wixarikas","category-4-wixarikas","category-cig","category-cintillo","category-cni","category-cni-jalisco","category-denuncias","category-esp-jalisco","category-espejos-de-la-resistencia","category-espejos-estados","category-jalisco","tag-cni","tag-comuneros","entry"],"jetpack_featured_media_url":"http:\/\/www.grieta.org.mx\/wp-content\/uploads\/2018\/07\/logo-CNI-T.png","jetpack_sharing_enabled":true,"jetpack_shortlink":"https:\/\/wp.me\/p7ZJR4-6PW","jetpack_likes_enabled":false,"jetpack-related-posts":[{"id":22578,"url":"http:\/\/www.grieta.org.mx\/index.php\/2018\/04\/19\/hombres-armados-levantan-a-dos-comuneros-de-jalisco-el-cni-exige-su-presentacion-con-vida\/","url_meta":{"origin":26284,"position":0},"title":"Hombres armados levantan a dos comuneros de Jalisco; el CNI exige su presentaci\u00f3n con vida","author":"grieta","date":"19 abril, 2018","format":false,"excerpt":"CIUDAD DE M\u00c9XICO (apro).- El Congreso Nacional Ind\u00edgena (CNI) denunci\u00f3 que un grupo de hombres armados levant\u00f3 a dos de sus compa\u00f1eros en el municipio de Temasti\u00e1n, Jalisco. Se trata de Catarino Aguilar M\u00e1rquez, concejal de San Lorenzo de Azqueltan, municipio de Villa Guerrero, y No\u00e9 Aguilar Rojas, comunero de\u2026","rel":"","context":"En &quot;CIG&quot;","block_context":{"text":"CIG","link":"http:\/\/www.grieta.org.mx\/index.php\/category\/cig\/"},"img":{"alt_text":"","src":"https:\/\/i0.wp.com\/www.grieta.org.mx\/wp-content\/uploads\/2018\/04\/DbLtqZEUwAAVYJc-c.jpg?resize=350%2C200","width":350,"height":200,"srcset":"https:\/\/i0.wp.com\/www.grieta.org.mx\/wp-content\/uploads\/2018\/04\/DbLtqZEUwAAVYJc-c.jpg?resize=350%2C200 1x, https:\/\/i0.wp.com\/www.grieta.org.mx\/wp-content\/uploads\/2018\/04\/DbLtqZEUwAAVYJc-c.jpg?resize=525%2C300 1.5x, https:\/\/i0.wp.com\/www.grieta.org.mx\/wp-content\/uploads\/2018\/04\/DbLtqZEUwAAVYJc-c.jpg?resize=700%2C400 2x"},"classes":[]},{"id":22574,"url":"http:\/\/www.grieta.org.mx\/index.php\/2018\/04\/19\/exigimos-presentacion-con-vida-del-concejal-de-azqueltan-catarino-marquez-y-nuestro-companero-noe-aguilar-comunero-de-azqueltan\/","url_meta":{"origin":26284,"position":1},"title":"Exigimos presentaci\u00f3n con vida del Concejal de Azqueltan Catarino M\u00e1rquez y nuestro compa\u00f1ero No\u00e9 Aguilar, comunero de Azqueltan","author":"grieta","date":"19 abril, 2018","format":false,"excerpt":"El d\u00eda de hoy a las 13:00 hrs aproximadamente, en el municipio de Temasti\u00e1n, Jalisco, personas desconocidas y armadas subieron a una camioneta Toyota Hilux color gris doble cabina y se llevaron, al parecer, con rumbo a San Mart\u00edn de Bola\u00f1os, Jalisco, al Concejal de San Lorenzo de Azqueltan, municipio\u2026","rel":"","context":"En &quot;CIG&quot;","block_context":{"text":"CIG","link":"http:\/\/www.grieta.org.mx\/index.php\/category\/cig\/"},"img":{"alt_text":"","src":"https:\/\/i0.wp.com\/www.grieta.org.mx\/wp-content\/uploads\/2018\/04\/logo-CNI-To.png?resize=350%2C200","width":350,"height":200,"srcset":"https:\/\/i0.wp.com\/www.grieta.org.mx\/wp-content\/uploads\/2018\/04\/logo-CNI-To.png?resize=350%2C200 1x, https:\/\/i0.wp.com\/www.grieta.org.mx\/wp-content\/uploads\/2018\/04\/logo-CNI-To.png?resize=525%2C300 1.5x"},"classes":[]},{"id":22818,"url":"http:\/\/www.grieta.org.mx\/index.php\/2018\/04\/30\/pronunciamiento-de-la-comunidad-de-san-lorenzo-azqueltan-jalisco\/","url_meta":{"origin":26284,"position":2},"title":"Pronunciamiento de la comunidad de San Lorenzo Azqueltan, Jalisco","author":"grieta","date":"30 abril, 2018","format":false,"excerpt":"Pronunciamiento de la comunidad de San Lorenzo Azqueltan municipio de Villa Guerrero Jalisco La comunidad ind\u00edgena aut\u00f3noma de San Lorenzo Azqueltan municipio de Villa Guerrero Jalisco les da un cordial y caluroso abrazo; le da a cada uno de ustedes la bienvenida, sientanse c\u00f3mo en su casa. Como todos sabemos\u2026","rel":"","context":"En &quot;3. Wix\u00e1rikas&quot;","block_context":{"text":"3. Wix\u00e1rikas","link":"http:\/\/www.grieta.org.mx\/index.php\/category\/espejos-de-la-resistencia\/3-wixarikas\/"},"img":{"alt_text":"","src":"https:\/\/i0.wp.com\/www.grieta.org.mx\/wp-content\/uploads\/2018\/03\/14524434_1106112876131411_958039263622046936_o.jpg?resize=350%2C200","width":350,"height":200,"srcset":"https:\/\/i0.wp.com\/www.grieta.org.mx\/wp-content\/uploads\/2018\/03\/14524434_1106112876131411_958039263622046936_o.jpg?resize=350%2C200 1x, https:\/\/i0.wp.com\/www.grieta.org.mx\/wp-content\/uploads\/2018\/03\/14524434_1106112876131411_958039263622046936_o.jpg?resize=525%2C300 1.5x, https:\/\/i0.wp.com\/www.grieta.org.mx\/wp-content\/uploads\/2018\/03\/14524434_1106112876131411_958039263622046936_o.jpg?resize=700%2C400 2x"},"classes":[]},{"id":43181,"url":"http:\/\/www.grieta.org.mx\/index.php\/2020\/01\/12\/denuncian-atentado-contra-ex-comisariado-de-san-lorenzo-de-azqueltan-jalisco\/","url_meta":{"origin":26284,"position":3},"title":"Denuncian atentado contra ex comisariado de San Lorenzo de Azquelt\u00e1n (Jalisco)","author":"grieta","date":"12 enero, 2020","format":false,"excerpt":"Fotografia: Especial Redacci\u00f3n \/ El Diario NTR La comunidad aut\u00f3noma wix\u00e1rika y tepehuana de San Lorenzo de Azquelt\u00e1n denunci\u00f3 una agresi\u00f3n a tiros contra el ex comisariado Jes\u00fas Manuel Aguilar Hern\u00e1ndez por parte de \u201cpersonas al servicio del cacique\u201d Favio Ernesto Flores S\u00e1nchez, alias\u00a0La Polla. En el ataque, sucedido el\u2026","rel":"","context":"En &quot;CINTILLO&quot;","block_context":{"text":"CINTILLO","link":"http:\/\/www.grieta.org.mx\/index.php\/category\/cintillo\/"},"img":{"alt_text":"","src":"https:\/\/i0.wp.com\/www.grieta.org.mx\/wp-content\/uploads\/2020\/01\/2020-01-12_06-01-26___6257.jpg?resize=350%2C200","width":350,"height":200,"srcset":"https:\/\/i0.wp.com\/www.grieta.org.mx\/wp-content\/uploads\/2020\/01\/2020-01-12_06-01-26___6257.jpg?resize=350%2C200 1x, https:\/\/i0.wp.com\/www.grieta.org.mx\/wp-content\/uploads\/2020\/01\/2020-01-12_06-01-26___6257.jpg?resize=525%2C300 1.5x, https:\/\/i0.wp.com\/www.grieta.org.mx\/wp-content\/uploads\/2020\/01\/2020-01-12_06-01-26___6257.jpg?resize=700%2C400 2x"},"classes":[]},{"id":22577,"url":"http:\/\/www.grieta.org.mx\/index.php\/2018\/04\/19\/hombres-armados-levantan-a-dos-comuneros-de-jalisco-el-cni-exige-su-presentacion-con-vida-2\/","url_meta":{"origin":26284,"position":4},"title":"Hombres armados levantan a dos comuneros de Jalisco; el CNI exige su presentaci\u00f3n con vida","author":"grieta","date":"19 abril, 2018","format":false,"excerpt":"CIUDAD DE M\u00c9XICO (apro).- El Congreso Nacional Ind\u00edgena (CNI) denunci\u00f3 que un grupo de hombres armados levant\u00f3 a dos de sus compa\u00f1eros en el municipio de Temasti\u00e1n, Jalisco. Se trata de Catarino Aguilar M\u00e1rquez, concejal de San Lorenzo de Azqueltan, municipio de Villa Guerrero, y No\u00e9 Aguilar Rojas, comunero de\u2026","rel":"","context":"En &quot;CINTILLO&quot;","block_context":{"text":"CINTILLO","link":"http:\/\/www.grieta.org.mx\/index.php\/category\/cintillo\/"},"img":{"alt_text":"","src":"https:\/\/i0.wp.com\/www.grieta.org.mx\/wp-content\/uploads\/2019\/02\/DbLtqZEUwAAVYJc-c.jpg?resize=350%2C200","width":350,"height":200,"srcset":"https:\/\/i0.wp.com\/www.grieta.org.mx\/wp-content\/uploads\/2019\/02\/DbLtqZEUwAAVYJc-c.jpg?resize=350%2C200 1x, https:\/\/i0.wp.com\/www.grieta.org.mx\/wp-content\/uploads\/2019\/02\/DbLtqZEUwAAVYJc-c.jpg?resize=525%2C300 1.5x, https:\/\/i0.wp.com\/www.grieta.org.mx\/wp-content\/uploads\/2019\/02\/DbLtqZEUwAAVYJc-c.jpg?resize=700%2C400 2x"},"classes":[]},{"id":22597,"url":"http:\/\/www.grieta.org.mx\/index.php\/2018\/04\/20\/comunicado-de-la-comunidad-de-san-lorenzo-azqueltan-por-el-regreso-de-catarino-aguilar-marquez-y-noe-aguilar-rojas\/","url_meta":{"origin":26284,"position":5},"title":"Comunicado de la comunidad de San Lorenzo Azquelt\u00e1n por el regreso de Catarino Aguilar M\u00e1rquez y No\u00e9 Aguilar Rojas","author":"grieta","date":"20 abril, 2018","format":false,"excerpt":"Al Pueblo de M\u00e9xico Al Congreso Nacional Ind\u00edgena Al Ej\u00e9rcito Zapatista de Liberaci\u00f3n Nacional Al Concejo Ind\u00edgena de Gobierno A los medios de comunicaci\u00f3n Con gusto damos a conocer que gracias a la movilizaci\u00f3n de nuestra comunidad ind\u00edgena Wix\u00e1rika y Tepehuana de San Lorenzo de Azquelt\u00e1n, municipio de Villa Guerrero,\u2026","rel":"","context":"En &quot;CIG&quot;","block_context":{"text":"CIG","link":"http:\/\/www.grieta.org.mx\/index.php\/category\/cig\/"},"img":{"alt_text":"","src":"https:\/\/i0.wp.com\/www.grieta.org.mx\/wp-content\/uploads\/2018\/03\/14524434_1106112876131411_958039263622046936_o.jpg?resize=350%2C200","width":350,"height":200,"srcset":"https:\/\/i0.wp.com\/www.grieta.org.mx\/wp-content\/uploads\/2018\/03\/14524434_1106112876131411_958039263622046936_o.jpg?resize=350%2C200 1x, https:\/\/i0.wp.com\/www.grieta.org.mx\/wp-content\/uploads\/2018\/03\/14524434_1106112876131411_958039263622046936_o.jpg?resize=525%2C300 1.5x, https:\/\/i0.wp.com\/www.grieta.org.mx\/wp-content\/uploads\/2018\/03\/14524434_1106112876131411_958039263622046936_o.jpg?resize=700%2C400 2x"},"classes":[]}],"_links":{"self":[{"href":"http:\/\/www.grieta.org.mx\/index.php\/wp-json\/wp\/v2\/posts\/26284","targetHints":{"allow":["GET"]}}],"collection":[{"href":"http:\/\/www.grieta.org.mx\/index.php\/wp-json\/wp\/v2\/posts"}],"about":[{"href":"http:\/\/www.grieta.org.mx\/index.php\/wp-json\/wp\/v2\/types\/post"}],"author":[{"embeddable":true,"href":"http:\/\/www.grieta.org.mx\/index.php\/wp-json\/wp\/v2\/users\/2"}],"replies":[{"embeddable":true,"href":"http:\/\/www.grieta.org.mx\/index.php\/wp-json\/wp\/v2\/comments?post=26284"}],"version-history":[{"count":1,"href":"http:\/\/www.grieta.org.mx\/index.php\/wp-json\/wp\/v2\/posts\/26284\/revisions"}],"predecessor-version":[{"id":26285,"href":"http:\/\/www.grieta.org.mx\/index.php\/wp-json\/wp\/v2\/posts\/26284\/revisions\/26285"}],"wp:featuredmedia":[{"embeddable":true,"href":"http:\/\/www.grieta.org.mx\/index.php\/wp-json\/wp\/v2\/media\/25046"}],"wp:attachment":[{"href":"http:\/\/www.grieta.org.mx\/index.php\/wp-json\/wp\/v2\/media?parent=26284"}],"wp:term":[{"taxonomy":"category","embeddable":true,"href":"http:\/\/www.grieta.org.mx\/index.php\/wp-json\/wp\/v2\/categories?post=26284"},{"taxonomy":"post_tag","embeddable":true,"href":"http:\/\/www.grieta.org.mx\/index.php\/wp-json\/wp\/v2\/tags?post=26284"}],"curies":[{"name":"wp","href":"https:\/\/api.w.org\/{rel}","templated":true}]}}